{"id":57291,"date":"2012-02-11T21:13:45","date_gmt":"2012-02-11T20:13:45","guid":{"rendered":"http:\/\/www.visit-ulcinj.com\/blog\/?p=57291"},"modified":"2012-02-11T21:14:20","modified_gmt":"2012-02-11T20:14:20","slug":"in-memoriam-bim-bushati","status":"publish","type":"post","link":"https:\/\/www.visit-ulcinj.com\/blog\/2012\/02\/11\/in-memoriam-bim-bushati\/","title":{"rendered":"IN MEMORIAM: Bim Bushati"},"content":{"rendered":"<p><a href=\"http:\/\/www.visit-ulcinj.com\/blog\/wp-content\/uploads\/2012\/02\/Bim-Bushati-Ulqin-Ulqini-Ulcinj.jpg\"><img loading=\"lazy\" class=\"alignleft  wp-image-57292\" title=\"Bim Bushati -Ulqin-Ulqini-Ulcinj\" src=\"http:\/\/www.visit-ulcinj.com\/blog\/wp-content\/uploads\/2012\/02\/Bim-Bushati-Ulqin-Ulqini-Ulcinj.jpg\" alt=\"\" width=\"508\" height=\"372\" srcset=\"https:\/\/www.visit-ulcinj.com\/blog\/wp-content\/uploads\/2012\/02\/Bim-Bushati-Ulqin-Ulqini-Ulcinj.jpg 508w, https:\/\/www.visit-ulcinj.com\/blog\/wp-content\/uploads\/2012\/02\/Bim-Bushati-Ulqin-Ulqini-Ulcinj-300x219.jpg 300w\" sizes=\"(max-width: 508px) 100vw, 508px\" \/><\/a>Njoftojme te gjithe lexuesit qe ne Ulqin vdiq n\u00eb moshen 61 vje\u00e7are Bim Bushati ,nj\u00ebri nga figurat me te shquara te gastronomis Ulqinake.<br \/>\nBim Bushati p\u00ebr ata q\u00eb e kan frekantuar ishte pronari i restaurantit &#8220;<a href=\"http:\/\/antigonaulcinj.webs.com\/restaurant.htm\" target=\"_blank\"><strong>ANTIGONA<\/strong><\/a>&#8221; ne Kala t\u00eb Ulqinit.<\/p>\n<p>Stafi i Lajmeve nga Ulqini dergon ngushllimet e sinqerta familjes \u00a0Bushati.<\/p>\n","protected":false},"excerpt":{"rendered":"<p>Njoftojme te gjithe lexuesit qe ne Ulqin vdiq n\u00eb moshen 61 vje\u00e7are Bim Bushati ,nj\u00ebri nga figurat me te shquara te gastronomis Ulqinake. Bim Bushati p\u00ebr ata q\u00eb e kan frekantuar ishte pronari i restaurantit &#8220;ANTIGONA&#8221; ne Kala t\u00eb Ulqinit. Stafi i Lajmeve nga Ulqini dergon ngushllimet e sinqerta familjes \u00a0Bushati.<\/p>\n","protected":false},"author":1,"featured_media":0,"comment_status":"open","ping_status":"closed","sticky":false,"template":"","format":"standard","meta":{"spay_email":"","jetpack_publicize_message":"","jetpack_is_tweetstorm":false,"jetpack_publicize_feature_enabled":true},"categories":[6950],"tags":[20033,20032,20034,200,18],"jetpack_publicize_connections":[],"yoast_head":"<!-- This site is optimized with the Yoast SEO plugin v19.1 - https:\/\/yoast.com\/wordpress\/plugins\/seo\/ -->\n<title>IN MEMORIAM: Bim Bushati - Lajme nga Ulqini<\/title>\n<meta name=\"description\" content=\"Njoftojme te gjithe lexuesit qe ne Ulqin vdiq n\u00eb moshen 61 vje\u00e7are Bim Bushati ,nj\u00ebri nga figurat me te shquara te gastronomis Ulqinake. Bim Bushati p\u00ebr\" \/>\n<meta name=\"robots\" content=\"index, follow, max-snippet:-1, max-image-preview:large, max-video-preview:-1\" \/>\n<link rel=\"canonical\" href=\"https:\/\/www.visit-ulcinj.com\/blog\/2012\/02\/11\/in-memoriam-bim-bushati\/\" \/>\n<meta property=\"og:locale\" content=\"en_US\" \/>\n<meta property=\"og:type\" content=\"article\" \/>\n<meta property=\"og:title\" content=\"IN MEMORIAM: Bim Bushati - Lajme nga Ulqini\" \/>\n<meta property=\"og:description\" content=\"Njoftojme te gjithe lexuesit qe ne Ulqin vdiq n\u00eb moshen 61 vje\u00e7are Bim Bushati ,nj\u00ebri nga figurat me te shquara te gastronomis Ulqinake. Bim Bushati p\u00ebr\" \/>\n<meta property=\"og:url\" content=\"https:\/\/www.visit-ulcinj.com\/blog\/2012\/02\/11\/in-memoriam-bim-bushati\/\" \/>\n<meta property=\"og:site_name\" content=\"Lajme nga Ulqini\" \/>\n<meta property=\"article:published_time\" content=\"2012-02-11T20:13:45+00:00\" \/>\n<meta property=\"article:modified_time\" content=\"2012-02-11T20:14:20+00:00\" \/>\n<meta property=\"og:image\" content=\"http:\/\/www.visit-ulcinj.com\/blog\/wp-content\/uploads\/2012\/02\/Bim-Bushati-Ulqin-Ulqini-Ulcinj.jpg\" \/>\n<meta name=\"twitter:label1\" content=\"Written by\" \/>\n\t<meta name=\"twitter:data1\" content=\"ulqini\" \/>\n<script type=\"application\/ld+json\" class=\"yoast-schema-graph\">{\"@context\":\"https:\/\/schema.org\",\"@graph\":[{\"@type\":\"WebSite\",\"@id\":\"https:\/\/www.visit-ulcinj.com\/blog\/#website\",\"url\":\"https:\/\/www.visit-ulcinj.com\/blog\/\",\"name\":\"Lajme nga Ulqini\",\"description\":\"Lajme,Vijesti,Ulqini,Ulqin,Crna Gora,Mali i Zi\",\"potentialAction\":[{\"@type\":\"SearchAction\",\"target\":{\"@type\":\"EntryPoint\",\"urlTemplate\":\"https:\/\/www.visit-ulcinj.com\/blog\/?s={search_term_string}\"},\"query-input\":\"required name=search_term_string\"}],\"inLanguage\":\"en-US\"},{\"@type\":\"ImageObject\",\"inLanguage\":\"en-US\",\"@id\":\"https:\/\/www.visit-ulcinj.com\/blog\/2012\/02\/11\/in-memoriam-bim-bushati\/#primaryimage\",\"url\":\"https:\/\/www.visit-ulcinj.com\/blog\/wp-content\/uploads\/2012\/02\/Bim-Bushati-Ulqin-Ulqini-Ulcinj.jpg\",\"contentUrl\":\"https:\/\/www.visit-ulcinj.com\/blog\/wp-content\/uploads\/2012\/02\/Bim-Bushati-Ulqin-Ulqini-Ulcinj.jpg\",\"width\":\"508\",\"height\":\"372\"},{\"@type\":\"WebPage\",\"@id\":\"https:\/\/www.visit-ulcinj.com\/blog\/2012\/02\/11\/in-memoriam-bim-bushati\/#webpage\",\"url\":\"https:\/\/www.visit-ulcinj.com\/blog\/2012\/02\/11\/in-memoriam-bim-bushati\/\",\"name\":\"IN MEMORIAM: Bim Bushati - Lajme nga Ulqini\",\"isPartOf\":{\"@id\":\"https:\/\/www.visit-ulcinj.com\/blog\/#website\"},\"primaryImageOfPage\":{\"@id\":\"https:\/\/www.visit-ulcinj.com\/blog\/2012\/02\/11\/in-memoriam-bim-bushati\/#primaryimage\"},\"datePublished\":\"2012-02-11T20:13:45+00:00\",\"dateModified\":\"2012-02-11T20:14:20+00:00\",\"author\":{\"@id\":\"https:\/\/www.visit-ulcinj.com\/blog\/#\/schema\/person\/dcab619c614d3038751c63bc2aadc06d\"},\"description\":\"Njoftojme te gjithe lexuesit qe ne Ulqin vdiq n\u00eb moshen 61 vje\u00e7are Bim Bushati ,nj\u00ebri nga figurat me te shquara te gastronomis Ulqinake. Bim Bushati p\u00ebr\",\"breadcrumb\":{\"@id\":\"https:\/\/www.visit-ulcinj.com\/blog\/2012\/02\/11\/in-memoriam-bim-bushati\/#breadcrumb\"},\"inLanguage\":\"en-US\",\"potentialAction\":[{\"@type\":\"ReadAction\",\"target\":[\"https:\/\/www.visit-ulcinj.com\/blog\/2012\/02\/11\/in-memoriam-bim-bushati\/\"]}]},{\"@type\":\"BreadcrumbList\",\"@id\":\"https:\/\/www.visit-ulcinj.com\/blog\/2012\/02\/11\/in-memoriam-bim-bushati\/#breadcrumb\",\"itemListElement\":[{\"@type\":\"ListItem\",\"position\":1,\"name\":\"IN MEMORIAM: Bim Bushati\"}]},{\"@type\":\"Person\",\"@id\":\"https:\/\/www.visit-ulcinj.com\/blog\/#\/schema\/person\/dcab619c614d3038751c63bc2aadc06d\",\"name\":\"ulqini\",\"sameAs\":[\"http:\/\/www.visit-ulcinj.com\"],\"url\":\"https:\/\/www.visit-ulcinj.com\/blog\/author\/admin\/\"}]}<\/script>\n<!-- \/ Yoast SEO plugin. -->","yoast_head_json":{"title":"IN MEMORIAM: Bim Bushati - Lajme nga Ulqini","description":"Njoftojme te gjithe lexuesit qe ne Ulqin vdiq n\u00eb moshen 61 vje\u00e7are Bim Bushati ,nj\u00ebri nga figurat me te shquara te gastronomis Ulqinake. Bim Bushati p\u00ebr","robots":{"index":"index","follow":"follow","max-snippet":"max-snippet:-1","max-image-preview":"max-image-preview:large","max-video-preview":"max-video-preview:-1"},"canonical":"https:\/\/www.visit-ulcinj.com\/blog\/2012\/02\/11\/in-memoriam-bim-bushati\/","og_locale":"en_US","og_type":"article","og_title":"IN MEMORIAM: Bim Bushati - Lajme nga Ulqini","og_description":"Njoftojme te gjithe lexuesit qe ne Ulqin vdiq n\u00eb moshen 61 vje\u00e7are Bim Bushati ,nj\u00ebri nga figurat me te shquara te gastronomis Ulqinake. Bim Bushati p\u00ebr","og_url":"https:\/\/www.visit-ulcinj.com\/blog\/2012\/02\/11\/in-memoriam-bim-bushati\/","og_site_name":"Lajme nga Ulqini","article_published_time":"2012-02-11T20:13:45+00:00","article_modified_time":"2012-02-11T20:14:20+00:00","og_image":[{"url":"http:\/\/www.visit-ulcinj.com\/blog\/wp-content\/uploads\/2012\/02\/Bim-Bushati-Ulqin-Ulqini-Ulcinj.jpg"}],"twitter_misc":{"Written by":"ulqini"},"schema":{"@context":"https:\/\/schema.org","@graph":[{"@type":"WebSite","@id":"https:\/\/www.visit-ulcinj.com\/blog\/#website","url":"https:\/\/www.visit-ulcinj.com\/blog\/","name":"Lajme nga Ulqini","description":"Lajme,Vijesti,Ulqini,Ulqin,Crna Gora,Mali i Zi","potentialAction":[{"@type":"SearchAction","target":{"@type":"EntryPoint","urlTemplate":"https:\/\/www.visit-ulcinj.com\/blog\/?s={search_term_string}"},"query-input":"required name=search_term_string"}],"inLanguage":"en-US"},{"@type":"ImageObject","inLanguage":"en-US","@id":"https:\/\/www.visit-ulcinj.com\/blog\/2012\/02\/11\/in-memoriam-bim-bushati\/#primaryimage","url":"https:\/\/www.visit-ulcinj.com\/blog\/wp-content\/uploads\/2012\/02\/Bim-Bushati-Ulqin-Ulqini-Ulcinj.jpg","contentUrl":"https:\/\/www.visit-ulcinj.com\/blog\/wp-content\/uploads\/2012\/02\/Bim-Bushati-Ulqin-Ulqini-Ulcinj.jpg","width":"508","height":"372"},{"@type":"WebPage","@id":"https:\/\/www.visit-ulcinj.com\/blog\/2012\/02\/11\/in-memoriam-bim-bushati\/#webpage","url":"https:\/\/www.visit-ulcinj.com\/blog\/2012\/02\/11\/in-memoriam-bim-bushati\/","name":"IN MEMORIAM: Bim Bushati - Lajme nga Ulqini","isPartOf":{"@id":"https:\/\/www.visit-ulcinj.com\/blog\/#website"},"primaryImageOfPage":{"@id":"https:\/\/www.visit-ulcinj.com\/blog\/2012\/02\/11\/in-memoriam-bim-bushati\/#primaryimage"},"datePublished":"2012-02-11T20:13:45+00:00","dateModified":"2012-02-11T20:14:20+00:00","author":{"@id":"https:\/\/www.visit-ulcinj.com\/blog\/#\/schema\/person\/dcab619c614d3038751c63bc2aadc06d"},"description":"Njoftojme te gjithe lexuesit qe ne Ulqin vdiq n\u00eb moshen 61 vje\u00e7are Bim Bushati ,nj\u00ebri nga figurat me te shquara te gastronomis Ulqinake. Bim Bushati p\u00ebr","breadcrumb":{"@id":"https:\/\/www.visit-ulcinj.com\/blog\/2012\/02\/11\/in-memoriam-bim-bushati\/#breadcrumb"},"inLanguage":"en-US","potentialAction":[{"@type":"ReadAction","target":["https:\/\/www.visit-ulcinj.com\/blog\/2012\/02\/11\/in-memoriam-bim-bushati\/"]}]},{"@type":"BreadcrumbList","@id":"https:\/\/www.visit-ulcinj.com\/blog\/2012\/02\/11\/in-memoriam-bim-bushati\/#breadcrumb","itemListElement":[{"@type":"ListItem","position":1,"name":"IN MEMORIAM: Bim Bushati"}]},{"@type":"Person","@id":"https:\/\/www.visit-ulcinj.com\/blog\/#\/schema\/person\/dcab619c614d3038751c63bc2aadc06d","name":"ulqini","sameAs":["http:\/\/www.visit-ulcinj.com"],"url":"https:\/\/www.visit-ulcinj.com\/blog\/author\/admin\/"}]}},"jetpack_featured_media_url":"","jetpack_sharing_enabled":true,"jetpack_shortlink":"https:\/\/wp.me\/pe6lTn-eU3","_links":{"self":[{"href":"https:\/\/www.visit-ulcinj.com\/blog\/wp-json\/wp\/v2\/posts\/57291"}],"collection":[{"href":"https:\/\/www.visit-ulcinj.com\/blog\/wp-json\/wp\/v2\/posts"}],"about":[{"href":"https:\/\/www.visit-ulcinj.com\/blog\/wp-json\/wp\/v2\/types\/post"}],"author":[{"embeddable":true,"href":"https:\/\/www.visit-ulcinj.com\/blog\/wp-json\/wp\/v2\/users\/1"}],"replies":[{"embeddable":true,"href":"https:\/\/www.visit-ulcinj.com\/blog\/wp-json\/wp\/v2\/comments?post=57291"}],"version-history":[{"count":2,"href":"https:\/\/www.visit-ulcinj.com\/blog\/wp-json\/wp\/v2\/posts\/57291\/revisions"}],"predecessor-version":[{"id":57294,"href":"https:\/\/www.visit-ulcinj.com\/blog\/wp-json\/wp\/v2\/posts\/57291\/revisions\/57294"}],"wp:attachment":[{"href":"https:\/\/www.visit-ulcinj.com\/blog\/wp-json\/wp\/v2\/media?parent=57291"}],"wp:term":[{"taxonomy":"category","embeddable":true,"href":"https:\/\/www.visit-ulcinj.com\/blog\/wp-json\/wp\/v2\/categories?post=57291"},{"taxonomy":"post_tag","embeddable":true,"href":"https:\/\/www.visit-ulcinj.com\/blog\/wp-json\/wp\/v2\/tags?post=57291"}],"curies":[{"name":"wp","href":"https:\/\/api.w.org\/{rel}","templated":true}]}}