{"id":57348,"date":"2012-02-12T17:44:56","date_gmt":"2012-02-12T16:44:56","guid":{"rendered":"http:\/\/www.visit-ulcinj.com\/blog\/?p=57348"},"modified":"2012-02-12T18:02:31","modified_gmt":"2012-02-12T17:02:31","slug":"telegram-ngushellimit-me-rastin-e-tragjedise-ne-fshatin-rastelice-te-kosoves","status":"publish","type":"post","link":"https:\/\/www.visit-ulcinj.com\/blog\/2012\/02\/12\/telegram-ngushellimit-me-rastin-e-tragjedise-ne-fshatin-rastelice-te-kosoves\/","title":{"rendered":"Telegram ngushellimit me rastin e tragjedise n\u00eb fshatin Rastelic\u00eb t\u00eb Kosov\u00ebs"},"content":{"rendered":"<p><a href=\"http:\/\/www.visit-ulcinj.com\/blog\/wp-content\/uploads\/2012\/02\/Nazif-Cungu_Telegram-ngushllimi_presidentes-Jahjaga.jpg\"><img loading=\"lazy\" class=\"alignleft  wp-image-57349\" title=\"Nazif Cungu_Telegram ngushllimi_presidentes Jahjaga\" src=\"http:\/\/www.visit-ulcinj.com\/blog\/wp-content\/uploads\/2012\/02\/Nazif-Cungu_Telegram-ngushllimi_presidentes-Jahjaga.jpg\" alt=\"\" width=\"340\" height=\"300\" \/><\/a>Me rastin e tragjedise ne fshatin Rastelic\u00eb kryetari i Komun\u00ebs s\u00eb Ulqinit d\u00ebrgoi telegram ngush\u00ebllimi Presidentes s\u00eb Kosov\u00ebs Atifete Jahjaga, Kryeministrit Hashim Tha\u00e7i dhe Kryetarit t\u00eb komun\u00ebs s\u00eb Sharrit,Selim Jenuzit.<\/p>\n<p>Me rastin e tragjedise ne fshatin Rastelic\u00eb, ne emer te qytetar\u00ebve t\u00eb komun\u00ebs s\u00eb Ulqinit dhe n\u00eb emrin tim personal ju d\u00ebrojm\u00eb ngush\u00ebllimet tona m\u00eb t\u00eb thella dhe nep\u00ebrmes jush familjeve q\u00eb kan\u00eb humbur m\u00eb t\u00eb dashurit e tyre p\u00ebrcillni ngush\u00ebllimet tona.<\/p>\n<p>&nbsp;<\/p>\n<p><strong>Kryetari i komun\u00ebs se Ulqinit<\/strong><\/p>\n<p><strong>Nazif Cungu<\/strong><\/p>\n<!--YouTube Error: bad URL entered-->\n<p><strong>5-vje\u00e7arja Amsera Reka \u00ebsht\u00eb e mbijetuara e vetme e tragjedis\u00eb q\u00eb ndodhi n\u00eb fshatin Restelic\u00eb t\u00eb komun\u00ebs s\u00eb Dragashit si pasoj\u00eb e rr\u00ebshqitjes s\u00eb bor\u00ebs. <\/strong><\/p>\n<p>7 an\u00ebtar\u00eb t\u00eb familjes Reka, p\u00ebrfshi prind\u00ebrit dhe v\u00ebllain e vog\u00eblushes konfirmohen t\u00eb vdekur. Vog\u00eblushja q\u00ebndroi p\u00ebr m\u00eb shum\u00eb se 12 or\u00eb e strukur n\u00ebn rr\u00ebnojat e sht\u00ebpis\u00eb s\u00eb saj derisa nj\u00eb ekip i nj\u00ebsitit p\u00ebr k\u00ebrkim-shp\u00ebtim t\u00eb FSK-s\u00eb arriti ta lokalizoj\u00eb vendin ku ndodhet ajo dhe ta shp\u00ebtoj\u00eb vajz\u00ebn.<\/p>\n<p>Burimet spitalore thon\u00eb se gjendja sh\u00ebndet\u00ebsore e saj \u00ebsht\u00eb e mir\u00eb, pavar\u00ebsisht se kur \u00ebsht\u00eb pyetur nga mjek\u00ebt, Amsera Rek\u00ebs nuk i \u00ebsht\u00eb kujtuar asgj\u00eb nga ajo q\u00eb ka ndodhur.<\/p>\n<p>Sipas informacioneve te fundit nga trupat e gazetareve te &#8220;Top-Channel&#8221; ne terren, jane konfirmuar edhe dy trupa te tjere te pajete, \u00e7ka e rrit bilancin tragjik ne nente viktima.<\/p>\n<p>Nga ana tjet\u00ebr situata n\u00eb fshatin Restelic\u00eb \u00ebsht\u00eb mjaft e r\u00ebnd\u00eb pasi mund\u00ebsit\u00eb p\u00ebr t\u2019i shp\u00ebtuar njer\u00ebzit vazhdojn\u00eb t\u00eb jen\u00eb shum\u00eb t\u00eb vogla. Rruga p\u00ebr n\u00eb vendin e ngjarjes \u00ebsht\u00eb e pamundur dhe atje nuk mund t\u00eb shkojn\u00eb makinerit\u00eb e r\u00ebnda.<\/p>\n<p>Derisa FSK-ja ka ngritur shtabin emergjent n\u00eb Restelic\u00eb, pjes\u00ebtar\u00ebt e saj jan\u00eb jan\u00eb detyruar q\u00eb me lopata dhe mjete t\u00eb tjera t\u00eb dor\u00ebs t\u00eb hapin tunele p\u00ebr t\u00eb mb\u00ebrritur tek sht\u00ebpit\u00eb e rr\u00ebnuara. Nd\u00ebrkoh\u00eb q\u00eb reshjet e vazhdueshme t\u00eb bor\u00ebs e v\u00ebshtir\u00ebsuan edhe m\u00eb shum\u00eb misionin e pjes\u00ebtar\u00ebve t\u00eb FSK-s\u00eb n\u00eb kryerjen e aksionit t\u00eb k\u00ebrkim-shp\u00ebtimit.<\/p>\n<p>Ministri i FSK-s\u00eb, Fehmi Mujota, i cili po k\u00ebshtu ishte n\u00eb vendin e ngjarjes ftoi qytetar\u00ebt q\u00eb t\u2019i shmangen t\u00eb gjitha rrug\u00ebve malore. Ai p\u00ebrmendi qendr\u00ebn e skijimit n\u00eb Brezovic\u00eb dhe Rugov\u00ebn si dy zona me rrezik t\u00eb madh p\u00ebr rr\u00ebshqitje t\u00eb bor\u00ebs.<\/p>\n<p>\u201cPo marrim masa q\u00eb banor\u00ebt e k\u00ebsaj zone t\u00eb evakuaohen p\u00ebr t\u00eb shmangur tragjedi t\u00eb tjera\u201d, u shpreh Mujota.<\/p>\n<p>Fshati Restelic\u00eb q\u00eb u godit nga kjo fatkeq\u00ebsi natyrore ndodhet n\u00eb kufi me Shqip\u00ebrin\u00eb. Ky fshat num\u00ebron rreth 6 mij\u00eb banor\u00eb. Shum\u00eb prej tyre m\u00ebsohet se jetojn\u00eb dhe punojn\u00eb prej koh\u00ebsh n\u00eb Firence t\u00eb Italis\u00eb.<\/p>\n<p>Ndon\u00ebse fshat kufitar, orteku i bor\u00ebs shkat\u00ebrroi nj\u00eb lagje rr\u00ebz\u00eb malit n\u00eb t\u00eb cil\u00ebn jetonin vet\u00ebm dy familje t\u00eb cilat edhe e p\u00ebsuan nga rr\u00ebshqitja e bor\u00ebs.<br \/>\n<strong><br \/>\n<strong>Kryeministri Tha\u00e7i viziton Restelic\u00ebn<\/strong><\/strong><\/p>\n<p>Vendin e goditur nga orteku e vizitoi sot kryeministri Hashim Tha\u00e7i, i cili shprehu ngush\u00ebllimet p\u00ebr jet\u00ebt e humbura dhe siguroi banor\u00ebt e Restelic\u00ebs se i gjith\u00eb shteti \u00ebsht\u00eb me ta.<\/p>\n<p>P\u00ebr shkak t\u00eb k\u00ebsaj ngjarjeje tragjike, e h\u00ebna n\u00eb Kosov\u00eb \u00ebsht\u00eb shpallur dit\u00eb zie.<\/p>\n<p>Kosova \u00ebsht\u00eb prekur prej dit\u00ebsh nga moti i keq me reshje t\u00eb dendura d\u00ebbore q\u00eb kan\u00eb krijuar v\u00ebshtir\u00ebsi t\u00eb shumta sidomos n\u00eb komunat per\u00ebndimore t\u00eb De\u00e7anit dhe t\u00eb Pej\u00ebs, duke l\u00ebn\u00eb edhe mjaft fshatra t\u00eb izoluar.<\/p>\n<p><strong>Top Channel<\/strong><strong><\/strong><\/p>\n","protected":false},"excerpt":{"rendered":"<p>Me rastin e tragjedise ne fshatin Rastelic\u00eb kryetari i Komun\u00ebs s\u00eb Ulqinit d\u00ebrgoi telegram ngush\u00ebllimi Presidentes s\u00eb Kosov\u00ebs Atifete Jahjaga, Kryeministrit Hashim Tha\u00e7i dhe Kryetarit t\u00eb komun\u00ebs s\u00eb Sharrit,Selim Jenuzit. Me rastin e tragjedise ne fshatin Rastelic\u00eb, ne emer te qytetar\u00ebve t\u00eb komun\u00ebs s\u00eb Ulqinit dhe n\u00eb emrin tim personal ju d\u00ebrojm\u00eb ngush\u00ebllimet tona m\u00eb [&hellip;]<\/p>\n","protected":false},"author":1,"featured_media":0,"comment_status":"open","ping_status":"closed","sticky":false,"template":"","format":"standard","meta":{"spay_email":"","jetpack_publicize_message":"","jetpack_is_tweetstorm":false,"jetpack_publicize_feature_enabled":true},"categories":[12],"tags":[20045,49,118,2304,20044,200,18],"jetpack_publicize_connections":[],"yoast_head":"<!-- This site is optimized with the Yoast SEO plugin v19.1 - https:\/\/yoast.com\/wordpress\/plugins\/seo\/ -->\n<title>Telegram ngushellimit me rastin e tragjedise n\u00eb fshatin Rastelic\u00eb t\u00eb Kosov\u00ebs - Lajme nga Ulqini<\/title>\n<meta name=\"description\" content=\"Me rastin e tragjedise ne fshatin Rastelic\u00eb kryetari i Komun\u00ebs s\u00eb Ulqinit d\u00ebrgoi telegram ngush\u00ebllimi Presidentes s\u00eb Kosov\u00ebs Atifete Jahjaga,\" \/>\n<meta name=\"robots\" content=\"index, follow, max-snippet:-1, max-image-preview:large, max-video-preview:-1\" \/>\n<link rel=\"canonical\" href=\"https:\/\/www.visit-ulcinj.com\/blog\/2012\/02\/12\/telegram-ngushellimit-me-rastin-e-tragjedise-ne-fshatin-rastelice-te-kosoves\/\" \/>\n<meta property=\"og:locale\" content=\"en_US\" \/>\n<meta property=\"og:type\" content=\"article\" \/>\n<meta property=\"og:title\" content=\"Telegram ngushellimit me rastin e tragjedise n\u00eb fshatin Rastelic\u00eb t\u00eb Kosov\u00ebs - Lajme nga Ulqini\" \/>\n<meta property=\"og:description\" content=\"Me rastin e tragjedise ne fshatin Rastelic\u00eb kryetari i Komun\u00ebs s\u00eb Ulqinit d\u00ebrgoi telegram ngush\u00ebllimi Presidentes s\u00eb Kosov\u00ebs Atifete Jahjaga,\" \/>\n<meta property=\"og:url\" content=\"https:\/\/www.visit-ulcinj.com\/blog\/2012\/02\/12\/telegram-ngushellimit-me-rastin-e-tragjedise-ne-fshatin-rastelice-te-kosoves\/\" \/>\n<meta property=\"og:site_name\" content=\"Lajme nga Ulqini\" \/>\n<meta property=\"article:published_time\" content=\"2012-02-12T16:44:56+00:00\" \/>\n<meta property=\"article:modified_time\" content=\"2012-02-12T17:02:31+00:00\" \/>\n<meta property=\"og:image\" content=\"http:\/\/www.visit-ulcinj.com\/blog\/wp-content\/uploads\/2012\/02\/Nazif-Cungu_Telegram-ngushllimi_presidentes-Jahjaga.jpg\" \/>\n<meta name=\"twitter:label1\" content=\"Written by\" \/>\n\t<meta name=\"twitter:data1\" content=\"ulqini\" \/>\n\t<meta name=\"twitter:label2\" content=\"Est. reading time\" \/>\n\t<meta name=\"twitter:data2\" content=\"3 minutes\" \/>\n<script type=\"application\/ld+json\" class=\"yoast-schema-graph\">{\"@context\":\"https:\/\/schema.org\",\"@graph\":[{\"@type\":\"WebSite\",\"@id\":\"https:\/\/www.visit-ulcinj.com\/blog\/#website\",\"url\":\"https:\/\/www.visit-ulcinj.com\/blog\/\",\"name\":\"Lajme nga Ulqini\",\"description\":\"Lajme,Vijesti,Ulqini,Ulqin,Crna Gora,Mali i Zi\",\"potentialAction\":[{\"@type\":\"SearchAction\",\"target\":{\"@type\":\"EntryPoint\",\"urlTemplate\":\"https:\/\/www.visit-ulcinj.com\/blog\/?s={search_term_string}\"},\"query-input\":\"required name=search_term_string\"}],\"inLanguage\":\"en-US\"},{\"@type\":\"ImageObject\",\"inLanguage\":\"en-US\",\"@id\":\"https:\/\/www.visit-ulcinj.com\/blog\/2012\/02\/12\/telegram-ngushellimit-me-rastin-e-tragjedise-ne-fshatin-rastelice-te-kosoves\/#primaryimage\",\"url\":\"https:\/\/www.visit-ulcinj.com\/blog\/wp-content\/uploads\/2012\/02\/Nazif-Cungu_Telegram-ngushllimi_presidentes-Jahjaga.jpg\",\"contentUrl\":\"https:\/\/www.visit-ulcinj.com\/blog\/wp-content\/uploads\/2012\/02\/Nazif-Cungu_Telegram-ngushllimi_presidentes-Jahjaga.jpg\",\"width\":\"720\",\"height\":\"480\"},{\"@type\":\"WebPage\",\"@id\":\"https:\/\/www.visit-ulcinj.com\/blog\/2012\/02\/12\/telegram-ngushellimit-me-rastin-e-tragjedise-ne-fshatin-rastelice-te-kosoves\/#webpage\",\"url\":\"https:\/\/www.visit-ulcinj.com\/blog\/2012\/02\/12\/telegram-ngushellimit-me-rastin-e-tragjedise-ne-fshatin-rastelice-te-kosoves\/\",\"name\":\"Telegram ngushellimit me rastin e tragjedise n\u00eb fshatin Rastelic\u00eb t\u00eb Kosov\u00ebs - Lajme nga Ulqini\",\"isPartOf\":{\"@id\":\"https:\/\/www.visit-ulcinj.com\/blog\/#website\"},\"primaryImageOfPage\":{\"@id\":\"https:\/\/www.visit-ulcinj.com\/blog\/2012\/02\/12\/telegram-ngushellimit-me-rastin-e-tragjedise-ne-fshatin-rastelice-te-kosoves\/#primaryimage\"},\"datePublished\":\"2012-02-12T16:44:56+00:00\",\"dateModified\":\"2012-02-12T17:02:31+00:00\",\"author\":{\"@id\":\"https:\/\/www.visit-ulcinj.com\/blog\/#\/schema\/person\/dcab619c614d3038751c63bc2aadc06d\"},\"description\":\"Me rastin e tragjedise ne fshatin Rastelic\u00eb kryetari i Komun\u00ebs s\u00eb Ulqinit d\u00ebrgoi telegram ngush\u00ebllimi Presidentes s\u00eb Kosov\u00ebs Atifete Jahjaga,\",\"breadcrumb\":{\"@id\":\"https:\/\/www.visit-ulcinj.com\/blog\/2012\/02\/12\/telegram-ngushellimit-me-rastin-e-tragjedise-ne-fshatin-rastelice-te-kosoves\/#breadcrumb\"},\"inLanguage\":\"en-US\",\"potentialAction\":[{\"@type\":\"ReadAction\",\"target\":[\"https:\/\/www.visit-ulcinj.com\/blog\/2012\/02\/12\/telegram-ngushellimit-me-rastin-e-tragjedise-ne-fshatin-rastelice-te-kosoves\/\"]}]},{\"@type\":\"BreadcrumbList\",\"@id\":\"https:\/\/www.visit-ulcinj.com\/blog\/2012\/02\/12\/telegram-ngushellimit-me-rastin-e-tragjedise-ne-fshatin-rastelice-te-kosoves\/#breadcrumb\",\"itemListElement\":[{\"@type\":\"ListItem\",\"position\":1,\"name\":\"Telegram ngushellimit me rastin e tragjedise n\u00eb fshatin Rastelic\u00eb t\u00eb Kosov\u00ebs\"}]},{\"@type\":\"Person\",\"@id\":\"https:\/\/www.visit-ulcinj.com\/blog\/#\/schema\/person\/dcab619c614d3038751c63bc2aadc06d\",\"name\":\"ulqini\",\"sameAs\":[\"http:\/\/www.visit-ulcinj.com\"],\"url\":\"https:\/\/www.visit-ulcinj.com\/blog\/author\/admin\/\"}]}<\/script>\n<!-- \/ Yoast SEO plugin. -->","yoast_head_json":{"title":"Telegram ngushellimit me rastin e tragjedise n\u00eb fshatin Rastelic\u00eb t\u00eb Kosov\u00ebs - Lajme nga Ulqini","description":"Me rastin e tragjedise ne fshatin Rastelic\u00eb kryetari i Komun\u00ebs s\u00eb Ulqinit d\u00ebrgoi telegram ngush\u00ebllimi Presidentes s\u00eb Kosov\u00ebs Atifete Jahjaga,","robots":{"index":"index","follow":"follow","max-snippet":"max-snippet:-1","max-image-preview":"max-image-preview:large","max-video-preview":"max-video-preview:-1"},"canonical":"https:\/\/www.visit-ulcinj.com\/blog\/2012\/02\/12\/telegram-ngushellimit-me-rastin-e-tragjedise-ne-fshatin-rastelice-te-kosoves\/","og_locale":"en_US","og_type":"article","og_title":"Telegram ngushellimit me rastin e tragjedise n\u00eb fshatin Rastelic\u00eb t\u00eb Kosov\u00ebs - Lajme nga Ulqini","og_description":"Me rastin e tragjedise ne fshatin Rastelic\u00eb kryetari i Komun\u00ebs s\u00eb Ulqinit d\u00ebrgoi telegram ngush\u00ebllimi Presidentes s\u00eb Kosov\u00ebs Atifete Jahjaga,","og_url":"https:\/\/www.visit-ulcinj.com\/blog\/2012\/02\/12\/telegram-ngushellimit-me-rastin-e-tragjedise-ne-fshatin-rastelice-te-kosoves\/","og_site_name":"Lajme nga Ulqini","article_published_time":"2012-02-12T16:44:56+00:00","article_modified_time":"2012-02-12T17:02:31+00:00","og_image":[{"url":"http:\/\/www.visit-ulcinj.com\/blog\/wp-content\/uploads\/2012\/02\/Nazif-Cungu_Telegram-ngushllimi_presidentes-Jahjaga.jpg"}],"twitter_misc":{"Written by":"ulqini","Est. reading time":"3 minutes"},"schema":{"@context":"https:\/\/schema.org","@graph":[{"@type":"WebSite","@id":"https:\/\/www.visit-ulcinj.com\/blog\/#website","url":"https:\/\/www.visit-ulcinj.com\/blog\/","name":"Lajme nga Ulqini","description":"Lajme,Vijesti,Ulqini,Ulqin,Crna Gora,Mali i Zi","potentialAction":[{"@type":"SearchAction","target":{"@type":"EntryPoint","urlTemplate":"https:\/\/www.visit-ulcinj.com\/blog\/?s={search_term_string}"},"query-input":"required name=search_term_string"}],"inLanguage":"en-US"},{"@type":"ImageObject","inLanguage":"en-US","@id":"https:\/\/www.visit-ulcinj.com\/blog\/2012\/02\/12\/telegram-ngushellimit-me-rastin-e-tragjedise-ne-fshatin-rastelice-te-kosoves\/#primaryimage","url":"https:\/\/www.visit-ulcinj.com\/blog\/wp-content\/uploads\/2012\/02\/Nazif-Cungu_Telegram-ngushllimi_presidentes-Jahjaga.jpg","contentUrl":"https:\/\/www.visit-ulcinj.com\/blog\/wp-content\/uploads\/2012\/02\/Nazif-Cungu_Telegram-ngushllimi_presidentes-Jahjaga.jpg","width":"720","height":"480"},{"@type":"WebPage","@id":"https:\/\/www.visit-ulcinj.com\/blog\/2012\/02\/12\/telegram-ngushellimit-me-rastin-e-tragjedise-ne-fshatin-rastelice-te-kosoves\/#webpage","url":"https:\/\/www.visit-ulcinj.com\/blog\/2012\/02\/12\/telegram-ngushellimit-me-rastin-e-tragjedise-ne-fshatin-rastelice-te-kosoves\/","name":"Telegram ngushellimit me rastin e tragjedise n\u00eb fshatin Rastelic\u00eb t\u00eb Kosov\u00ebs - Lajme nga Ulqini","isPartOf":{"@id":"https:\/\/www.visit-ulcinj.com\/blog\/#website"},"primaryImageOfPage":{"@id":"https:\/\/www.visit-ulcinj.com\/blog\/2012\/02\/12\/telegram-ngushellimit-me-rastin-e-tragjedise-ne-fshatin-rastelice-te-kosoves\/#primaryimage"},"datePublished":"2012-02-12T16:44:56+00:00","dateModified":"2012-02-12T17:02:31+00:00","author":{"@id":"https:\/\/www.visit-ulcinj.com\/blog\/#\/schema\/person\/dcab619c614d3038751c63bc2aadc06d"},"description":"Me rastin e tragjedise ne fshatin Rastelic\u00eb kryetari i Komun\u00ebs s\u00eb Ulqinit d\u00ebrgoi telegram ngush\u00ebllimi Presidentes s\u00eb Kosov\u00ebs Atifete Jahjaga,","breadcrumb":{"@id":"https:\/\/www.visit-ulcinj.com\/blog\/2012\/02\/12\/telegram-ngushellimit-me-rastin-e-tragjedise-ne-fshatin-rastelice-te-kosoves\/#breadcrumb"},"inLanguage":"en-US","potentialAction":[{"@type":"ReadAction","target":["https:\/\/www.visit-ulcinj.com\/blog\/2012\/02\/12\/telegram-ngushellimit-me-rastin-e-tragjedise-ne-fshatin-rastelice-te-kosoves\/"]}]},{"@type":"BreadcrumbList","@id":"https:\/\/www.visit-ulcinj.com\/blog\/2012\/02\/12\/telegram-ngushellimit-me-rastin-e-tragjedise-ne-fshatin-rastelice-te-kosoves\/#breadcrumb","itemListElement":[{"@type":"ListItem","position":1,"name":"Telegram ngushellimit me rastin e tragjedise n\u00eb fshatin Rastelic\u00eb t\u00eb Kosov\u00ebs"}]},{"@type":"Person","@id":"https:\/\/www.visit-ulcinj.com\/blog\/#\/schema\/person\/dcab619c614d3038751c63bc2aadc06d","name":"ulqini","sameAs":["http:\/\/www.visit-ulcinj.com"],"url":"https:\/\/www.visit-ulcinj.com\/blog\/author\/admin\/"}]}},"jetpack_featured_media_url":"","jetpack_sharing_enabled":true,"jetpack_shortlink":"https:\/\/wp.me\/pe6lTn-eUY","_links":{"self":[{"href":"https:\/\/www.visit-ulcinj.com\/blog\/wp-json\/wp\/v2\/posts\/57348"}],"collection":[{"href":"https:\/\/www.visit-ulcinj.com\/blog\/wp-json\/wp\/v2\/posts"}],"about":[{"href":"https:\/\/www.visit-ulcinj.com\/blog\/wp-json\/wp\/v2\/types\/post"}],"author":[{"embeddable":true,"href":"https:\/\/www.visit-ulcinj.com\/blog\/wp-json\/wp\/v2\/users\/1"}],"replies":[{"embeddable":true,"href":"https:\/\/www.visit-ulcinj.com\/blog\/wp-json\/wp\/v2\/comments?post=57348"}],"version-history":[{"count":5,"href":"https:\/\/www.visit-ulcinj.com\/blog\/wp-json\/wp\/v2\/posts\/57348\/revisions"}],"predecessor-version":[{"id":57353,"href":"https:\/\/www.visit-ulcinj.com\/blog\/wp-json\/wp\/v2\/posts\/57348\/revisions\/57353"}],"wp:attachment":[{"href":"https:\/\/www.visit-ulcinj.com\/blog\/wp-json\/wp\/v2\/media?parent=57348"}],"wp:term":[{"taxonomy":"category","embeddable":true,"href":"https:\/\/www.visit-ulcinj.com\/blog\/wp-json\/wp\/v2\/categories?post=57348"},{"taxonomy":"post_tag","embeddable":true,"href":"https:\/\/www.visit-ulcinj.com\/blog\/wp-json\/wp\/v2\/tags?post=57348"}],"curies":[{"name":"wp","href":"https:\/\/api.w.org\/{rel}","templated":true}]}}