{"id":57358,"date":"2012-02-12T19:25:17","date_gmt":"2012-02-12T18:25:17","guid":{"rendered":"http:\/\/www.visit-ulcinj.com\/blog\/?p=57358"},"modified":"2012-02-12T20:15:06","modified_gmt":"2012-02-12T19:15:06","slug":"ismet-karamanaga-i-ibrahim-bimo-busati","status":"publish","type":"post","link":"https:\/\/www.visit-ulcinj.com\/blog\/2012\/02\/12\/ismet-karamanaga-i-ibrahim-bimo-busati\/","title":{"rendered":"Ismet Karamanaga i  Ibrahim &#8211; Bimo Bu\u0161ati"},"content":{"rendered":"<p><a href=\"http:\/\/www.visit-ulcinj.com\/blog\/wp-content\/uploads\/2012\/02\/Ismet-Karamanaga-i-Ibrahim-Bimo-Bushati.jpg\"><img loading=\"lazy\" class=\"alignleft  wp-image-57359\" title=\"Ismet Karamanaga i  Ibrahim - Bimo Bushati\" src=\"http:\/\/www.visit-ulcinj.com\/blog\/wp-content\/uploads\/2012\/02\/Ismet-Karamanaga-i-Ibrahim-Bimo-Bushati.jpg\" alt=\"\" width=\"508\" height=\"360\" \/><\/a>Na fotografiji snimljenoj u ne\u0161to druga\u010dijem, promijenjenom Pristanu, Ismet Karamanaga i Ibrahim &#8211; Bimo Bu\u0161ati.<br \/>\n\u010covjek sa \u0161e\u0161irom je Bimo Bu\u0161ati, za koga je jednom &#8220;neko&#8221; rekao da je zaista pravi gazda, i mora mu se priznati jer se tako i pona\u0161a. Vlasnik je &#8220;Antigone&#8221; jednog od najekskluzivnijih restorana u Starom gradu.<br \/>\n\u0160e\u0161ir mu zaista prelijepo stoji, i za informaciju \u010ditaocima, i onima koji ga manje poznaju, ima veliku kolekciju raznih \u0161e\u0161ira. Dok je radio u op\u0161tini, svaki dan je imao \u0161e\u0161ir na glavi i \u010desto su ga zamijenjivali sa tata\u0161njim gradona\u010delnikom g. Skenderom Hod\u017eom, koji je isto tako uvijek nosio \u0161e\u0161ir. Gospodin Bimo, pored svog neminovnog \u0161e\u0161ira ima i puno odjiela i kravata, tako da je uvijek elegantno i lijepo , obu\u010den. Dok izlazi iz Starog grada, njegova markantna figura se jo\u0161 na kapiji mo\u017ee prepoznati.<br \/>\nKa\u017eu da se pona\u0161a kao gazda, i ja dijelim to mi\u0161ljenje, jer on, koji ima tako veliki restoran, ne radi ni\u0161ta fizi\u010dki, ka\u017ee da samo razmi\u0161lja o poslu i o tome kako sve funkcioni\u0161e. Mora se priznati, da za razliku od drugih, koji posjeduju svoje restorane, i bave se ovakvom uslu\u017enom djelatno\u0161\u0107u, gospodin Bimo, uglavnom samo nadgleda sve \u0161to se de\u0161ava u restoranu i okolo njega. Rekao bih da se Bimo zaista i pona\u0161a, kao pravi srednjovjekovni gazda.<br \/>\nPored velikog broja radnika i personala koji radi u restoranu, g. din Bimo Bu\u0161ati je u stalnom radnom odnosu, zaposlio i &#8220;Gatuza&#8221; jednog mirnog i tihog momka, koji je &#8220;djevojka za sve&#8221; u restoranu i van njega. \u010cesto ponavlja jednu moju re\u010denicu koju ja ponavljam bez ikakve ironije, zato \u0161to je to \u010dinjenica, da za gospodina Bimo Bu\u0161atija \u201eradi restoran, a nikako da on radi u njemu i za njega.\u201c<br \/>\nUglavnom sjedi za svojim stolom, nosi \u0161e\u0161ir uskla\u0111en vremenu i odijelu i trudi se da svaki gost osjeti njegovu gostoljubivost i pa\u017enju. U tome ima nesumnjivo mnogo uspjeha, jer on to radi sa puno \u0161arma i prave uro\u0111ene galatnosti. Ja sam skoro svako ve\u010de njegov gost, i ka\u017eem za \u0161iroki auditorijum, i za one koji ne vjeruju, da gospodin Bimo Bu\u0161ati, bez obzira na trenutno stanje u restoranu, ne mijenja raspolo\u017eenje i svoj odnos prema personalu ili bilo kome. Uvijek je miran i sa osmjehom, za svojim stolom, koji je i najbolji u restoranu, dakle, kao pravi gazda, \u0161to on zaista i jeste.<br \/>\n\u010carobna atmosfera iznad Nuradinove ponte, podno zidina Starog grada, \u0161um mora i talasa ispod terase &#8220;Anigone&#8221; su samo dio prelijepog ambijenta koji privla\u010de i mlade i stare. Mnogi strani i doma\u0107i gosti koji posje\u0107uju &#8220;Antigonu&#8221; i koji jednom osjete \u0161arm i dra\u017e tog nestvarnog ambijenta, dok posmatraju zalazak Sunca na horizontu koje polako uranje u dubine mora, uvijek se ponovo rado vra\u0107ajaju &#8230;U tome, i za takav osje\u0107aj, rekao bih, opu\u0161tenosti i du\u0161e i tijela, veliki doprinos svojim neponovljivim i rijetkim \u0161armom daje vlasnik restorana \u201cAntigona\u201d Bimo Bu\u0161ati.<\/p>\n<p>Ulcin, 2010 Ismet KARAMANAGA<br \/>\n<a href=\"http:\/\/www.visit-ulcinj.com\/blog\/wp-content\/uploads\/2012\/02\/Ismet-Karamanaga-i-Ibrahim-Bimo-Bushati.3.jpg\"><img loading=\"lazy\" class=\"alignleft  wp-image-57360\" title=\"Ismet Karamanaga i  Ibrahim - Bimo Bushati.3\" src=\"http:\/\/www.visit-ulcinj.com\/blog\/wp-content\/uploads\/2012\/02\/Ismet-Karamanaga-i-Ibrahim-Bimo-Bushati.3.jpg\" alt=\"\" width=\"508\" height=\"600\" \/><\/a><br \/>\n<strong>IN MEMORIAM<\/strong><\/p>\n<p>Neo\u010dekivano u 61. g. \u017eivota Bim Bu\u0161ati se preselio u ahiret..za sve one ostale, prijatelje i goste Bimo nas je napustio, umro je. Svi se mi moramo miriti sa \u010dinjenicom, da \u0107emo jednom umrijeti, ali, ljudski je nadati sre\u0107i i prosperitetu za sebe i za svoju porodicu , i da ta sre\u0107a i taj \u017eivot \u0161to du\u017ee traje&#8230;<br \/>\nNaravno, postoje stvari i doga\u0111aji su van na\u0161e kontrole, i gdje smo mi nemo\u0107ni. Tako je i sa smr\u0107u. U ljudskoj prirodi je da se \u010dovjek bori za bolji \u017eivot i bolju egzistenciju sebe i svoju porodicu i naravno, normalno je i da se u\u017eiva u \u017eivotu, i u ljepoti \u017eivljenja i da se taj \u017eivot provodi u miru i blagostanju.<br \/>\nGospodin Bimo Bu\u0161ati, je \u010dini mi se u mnogim stvarima uspio. Uspio je da iz skoro ni\u010dega, na samom bedemu Starog grada iznad Nuradinove ponte, izgradi divan restoran i dom, i svojoj djeci obezbijedi mjesto za rad i stvaranje, a time i pristojan i lijep \u017eivot. Kada je skoro sve zavr\u0161io, i kada je zavr\u0161io i poplo\u010davanje i ku\u0107e i svih terasa restorana, do\u0161la je iznenadna, i za sve nas bolna i tu\u017ena smrt. Neizmjerna bol i tuga, za u\u017eu porodicu, ali i za sve nas koji smo ga poznavali i sa kojima se dru\u017eio&#8230;.<br \/>\nSmrt je prirodni proces i neminovnost, koja nas sti\u017ee uvijek, ali je izuzetno bolna, kada je iznenadna i kada joj se najmanje nadamo. To se desilo i sa Bimom, kojega su samo dan ranije njegovi prijatelji i o\u010dekivali na Pristanu. Njegova markantna silueta se vidjela jo\u0161 na samom izlazu iz Starog grada. Na samom izlazu, jo\u0161 na samoj gradskoj kapiji se mogao zapa\u017eati \u010dovjek sa \u0161epirom, kako silazi..Svi su znali da je to Bimo..<br \/>\nMe\u0111utim, tog hladnog februarskog dana ga nije bilo&#8230; Vijest o njegovoj smrti se za \u010das pro\u0161irila, no i pored toga mnogi nijesu vjerovali, ..Te\u0161ko je bilo vjerovati da ga vi\u0161e ne\u0107e biti..Svima nama, kom\u0161ijama i prijateljima \u0107e puno nedostajati..Nedostaja\u0107e nam njegova pojava, njegov zvonak glas, osmjeh i nadasve veliki \u0161arm i galantnost&#8230; Mnogi strani i doma\u0107i gosti, kojima je Bimo bio doma\u0107in , pamti\u0107e ga i sje\u0107ati se&#8230;\u00abAntigona\u00ab \u0107e i dalje, tokom turisti\u010dke sezone otvarati svoje kapije, i truditi se da i dalje bude vrhunski restoran, sa vrhunskim personalom i kvalitetom, ali bez Bima, bi\u0107e to samo \u00bbplagijat\u00ab Bim Bu\u0161ati je bio poseban i neponovljiv. Njega i njegovu pojavu ne\u0107e niko nikada mo\u0107i nadomjestiti zamijeniti. Njegov \u00bbSto\u00ab na samoj ogradi restorana, sa pogledom na more i pu\u010dinu, ali i sa pogledom na ulaz \u0107e ostati prazan..bez njega \u0107e zaista i biti prazan, bez obzira dali \u0107e neko za njim sjedeti&#8230;<br \/>\nMeni \u0107e posebno nedostajati, jer sam skoro svako ve\u010de u\u017eivao u njegovom dru\u0161tvu. Zbog toga , pi\u0161em ove redove sa posebnim po\u0161tovanjem i pijetetom, prema ovom dragom i nezaboravnom \u010dovjeku.. Svima nama \u0107e zaista puno nedostajati ,ovaj markantni \u010dovjek, i mislim da dijelim mi\u0161ljenje ve\u0107ine starogra\u0111ana, a vjerujem, i ve\u0107ine gra\u0111ana Ulcinja i okoline&#8230;<\/p>\n<p><a href=\"https:\/\/www.facebook.com\/profile.php?id=1359492972\" target=\"_blank\"><strong>Ismet Karamanaga Facebook<\/strong><\/a><\/p>\n\n\t\t<style type=\"text\/css\">\n\t\t\t#gallery-1 {\n\t\t\t\tmargin: auto;\n\t\t\t}\n\t\t\t#gallery-1 .gallery-item {\n\t\t\t\tfloat: left;\n\t\t\t\tmargin-top: 10px;\n\t\t\t\ttext-align: center;\n\t\t\t\twidth: 33%;\n\t\t\t}\n\t\t\t#gallery-1 img {\n\t\t\t\tborder: 2px solid #cfcfcf;\n\t\t\t}\n\t\t\t#gallery-1 .gallery-caption {\n\t\t\t\tmargin-left: 0;\n\t\t\t}\n\t\t\t\/* see gallery_shortcode() in wp-includes\/media.php *\/\n\t\t<\/style>\n\t\t<div id='gallery-1' class='gallery galleryid-57358 gallery-columns-3 gallery-size-thumbnail'><dl class='gallery-item'>\n\t\t\t<dt class='gallery-icon landscape'>\n\t\t\t\t<a href='https:\/\/www.visit-ulcinj.com\/blog\/wp-content\/uploads\/2012\/02\/Ismet-Karamanaga-i-Ibrahim-Bimo-Bushati.jpg'><img width=\"150\" height=\"150\" src=\"https:\/\/www.visit-ulcinj.com\/blog\/wp-content\/uploads\/2012\/02\/Ismet-Karamanaga-i-Ibrahim-Bimo-Bushati-150x150.jpg\" class=\"attachment-thumbnail size-thumbnail\" alt=\"\" loading=\"lazy\" \/><\/a>\n\t\t\t<\/dt><\/dl><dl class='gallery-item'>\n\t\t\t<dt class='gallery-icon portrait'>\n\t\t\t\t<a href='https:\/\/www.visit-ulcinj.com\/blog\/wp-content\/uploads\/2012\/02\/Ismet-Karamanaga-i-Ibrahim-Bimo-Bushati.3.jpg'><img width=\"150\" height=\"150\" src=\"https:\/\/www.visit-ulcinj.com\/blog\/wp-content\/uploads\/2012\/02\/Ismet-Karamanaga-i-Ibrahim-Bimo-Bushati.3-150x150.jpg\" class=\"attachment-thumbnail size-thumbnail\" alt=\"\" loading=\"lazy\" \/><\/a>\n\t\t\t<\/dt><\/dl><dl class='gallery-item'>\n\t\t\t<dt class='gallery-icon portrait'>\n\t\t\t\t<a href='https:\/\/www.visit-ulcinj.com\/blog\/wp-content\/uploads\/2012\/02\/Ismet-Karamanaga-i-Ibrahim-Bimo-Bushati.1.jpg'><img width=\"150\" height=\"150\" src=\"https:\/\/www.visit-ulcinj.com\/blog\/wp-content\/uploads\/2012\/02\/Ismet-Karamanaga-i-Ibrahim-Bimo-Bushati.1-150x150.jpg\" class=\"attachment-thumbnail size-thumbnail\" alt=\"\" loading=\"lazy\" \/><\/a>\n\t\t\t<\/dt><\/dl><br style=\"clear: both\" \/><dl class='gallery-item'>\n\t\t\t<dt class='gallery-icon landscape'>\n\t\t\t\t<a href='https:\/\/www.visit-ulcinj.com\/blog\/wp-content\/uploads\/2012\/02\/Ibrahim-Bimo-Bushati.jpg'><img width=\"150\" height=\"150\" src=\"https:\/\/www.visit-ulcinj.com\/blog\/wp-content\/uploads\/2012\/02\/Ibrahim-Bimo-Bushati-150x150.jpg\" class=\"attachment-thumbnail size-thumbnail\" alt=\"\" loading=\"lazy\" \/><\/a>\n\t\t\t<\/dt><\/dl><dl class='gallery-item'>\n\t\t\t<dt class='gallery-icon landscape'>\n\t\t\t\t<a href='https:\/\/www.visit-ulcinj.com\/blog\/wp-content\/uploads\/2012\/02\/Ismet-Karamanaga-i-Ibrahim-Bimo-Bushati._Restoran-Antigona.1.jpg'><img width=\"150\" height=\"150\" src=\"https:\/\/www.visit-ulcinj.com\/blog\/wp-content\/uploads\/2012\/02\/Ismet-Karamanaga-i-Ibrahim-Bimo-Bushati._Restoran-Antigona.1-150x150.jpg\" class=\"attachment-thumbnail size-thumbnail\" alt=\"\" loading=\"lazy\" \/><\/a>\n\t\t\t<\/dt><\/dl><dl class='gallery-item'>\n\t\t\t<dt class='gallery-icon landscape'>\n\t\t\t\t<a href='https:\/\/www.visit-ulcinj.com\/blog\/wp-content\/uploads\/2012\/02\/Ismet-Karamanaga-i-Ibrahim-Bimo-Bushati._Restoran-Antigona.jpg'><img width=\"150\" height=\"150\" src=\"https:\/\/www.visit-ulcinj.com\/blog\/wp-content\/uploads\/2012\/02\/Ismet-Karamanaga-i-Ibrahim-Bimo-Bushati._Restoran-Antigona-150x150.jpg\" class=\"attachment-thumbnail size-thumbnail\" alt=\"\" loading=\"lazy\" \/><\/a>\n\t\t\t<\/dt><\/dl><br style=\"clear: both\" \/><dl class='gallery-item'>\n\t\t\t<dt class='gallery-icon portrait'>\n\t\t\t\t<a href='https:\/\/www.visit-ulcinj.com\/blog\/wp-content\/uploads\/2012\/02\/Ismet-Karamanaga-i-Ibrahim-Bimo-Bushati.2.jpg'><img width=\"150\" height=\"150\" src=\"https:\/\/www.visit-ulcinj.com\/blog\/wp-content\/uploads\/2012\/02\/Ismet-Karamanaga-i-Ibrahim-Bimo-Bushati.2-150x150.jpg\" class=\"attachment-thumbnail size-thumbnail\" alt=\"\" loading=\"lazy\" \/><\/a>\n\t\t\t<\/dt><\/dl><dl class='gallery-item'>\n\t\t\t<dt class='gallery-icon portrait'>\n\t\t\t\t<a href='https:\/\/www.visit-ulcinj.com\/blog\/wp-content\/uploads\/2012\/02\/Ismet-Karamanaga-i-Ibrahim-Bimo-Bushati.4.jpg'><img width=\"150\" height=\"150\" src=\"https:\/\/www.visit-ulcinj.com\/blog\/wp-content\/uploads\/2012\/02\/Ismet-Karamanaga-i-Ibrahim-Bimo-Bushati.4-150x150.jpg\" class=\"attachment-thumbnail size-thumbnail\" alt=\"\" loading=\"lazy\" \/><\/a>\n\t\t\t<\/dt><\/dl><dl class='gallery-item'>\n\t\t\t<dt class='gallery-icon landscape'>\n\t\t\t\t<a href='https:\/\/www.visit-ulcinj.com\/blog\/wp-content\/uploads\/2012\/02\/Ibrahim-Bimo-Bushati.1.jpg'><img width=\"150\" height=\"150\" src=\"https:\/\/www.visit-ulcinj.com\/blog\/wp-content\/uploads\/2012\/02\/Ibrahim-Bimo-Bushati.1-150x150.jpg\" class=\"attachment-thumbnail size-thumbnail\" alt=\"\" loading=\"lazy\" \/><\/a>\n\t\t\t<\/dt><\/dl><br style=\"clear: both\" \/>\n\t\t<\/div>\n\n","protected":false},"excerpt":{"rendered":"<p>Na fotografiji snimljenoj u ne\u0161to druga\u010dijem, promijenjenom Pristanu, Ismet Karamanaga i Ibrahim &#8211; Bimo Bu\u0161ati. \u010covjek sa \u0161e\u0161irom je Bimo Bu\u0161ati, za koga je jednom &#8220;neko&#8221; rekao da je zaista pravi gazda, i mora mu se priznati jer se tako i pona\u0161a. Vlasnik je &#8220;Antigone&#8221; jednog od najekskluzivnijih restorana u Starom gradu. \u0160e\u0161ir mu zaista [&hellip;]<\/p>\n","protected":false},"author":1,"featured_media":0,"comment_status":"open","ping_status":"closed","sticky":false,"template":"","format":"standard","meta":{"spay_email":"","jetpack_publicize_message":"","jetpack_is_tweetstorm":false,"jetpack_publicize_feature_enabled":true},"categories":[8337],"tags":[20048,20032,306,20049,13594,19],"jetpack_publicize_connections":[],"yoast_head":"<!-- This site is optimized with the Yoast SEO plugin v19.1 - https:\/\/yoast.com\/wordpress\/plugins\/seo\/ -->\n<title>Ismet Karamanaga i Ibrahim - Bimo Bu\u0161ati - Lajme nga Ulqini<\/title>\n<meta name=\"description\" content=\"Na fotografiji snimljenoj u ne\u0161to druga\u010dijem, promijenjenom Pristanu, Ismet Karamanaga i Ibrahim - Bimo Bu\u0161ati. \u010covjek sa \u0161e\u0161irom je Bimo Bu\u0161ati, za koga\" \/>\n<meta name=\"robots\" content=\"index, follow, max-snippet:-1, max-image-preview:large, max-video-preview:-1\" \/>\n<link rel=\"canonical\" href=\"https:\/\/www.visit-ulcinj.com\/blog\/2012\/02\/12\/ismet-karamanaga-i-ibrahim-bimo-busati\/\" \/>\n<meta property=\"og:locale\" content=\"en_US\" \/>\n<meta property=\"og:type\" content=\"article\" \/>\n<meta property=\"og:title\" content=\"Ismet Karamanaga i Ibrahim - Bimo Bu\u0161ati - Lajme nga Ulqini\" \/>\n<meta property=\"og:description\" content=\"Na fotografiji snimljenoj u ne\u0161to druga\u010dijem, promijenjenom Pristanu, Ismet Karamanaga i Ibrahim - Bimo Bu\u0161ati. \u010covjek sa \u0161e\u0161irom je Bimo Bu\u0161ati, za koga\" \/>\n<meta property=\"og:url\" content=\"https:\/\/www.visit-ulcinj.com\/blog\/2012\/02\/12\/ismet-karamanaga-i-ibrahim-bimo-busati\/\" \/>\n<meta property=\"og:site_name\" content=\"Lajme nga Ulqini\" \/>\n<meta property=\"article:published_time\" content=\"2012-02-12T18:25:17+00:00\" \/>\n<meta property=\"article:modified_time\" content=\"2012-02-12T19:15:06+00:00\" \/>\n<meta property=\"og:image\" content=\"https:\/\/www.visit-ulcinj.com\/blog\/wp-content\/uploads\/2012\/02\/Ismet-Karamanaga-i-Ibrahim-Bimo-Bushati-150x150.jpg\" \/>\n<meta name=\"twitter:label1\" content=\"Written by\" \/>\n\t<meta name=\"twitter:data1\" content=\"ulqini\" \/>\n\t<meta name=\"twitter:label2\" content=\"Est. reading time\" \/>\n\t<meta name=\"twitter:data2\" content=\"5 minutes\" \/>\n<script type=\"application\/ld+json\" class=\"yoast-schema-graph\">{\"@context\":\"https:\/\/schema.org\",\"@graph\":[{\"@type\":\"WebSite\",\"@id\":\"https:\/\/www.visit-ulcinj.com\/blog\/#website\",\"url\":\"https:\/\/www.visit-ulcinj.com\/blog\/\",\"name\":\"Lajme nga Ulqini\",\"description\":\"Lajme,Vijesti,Ulqini,Ulqin,Crna Gora,Mali i Zi\",\"potentialAction\":[{\"@type\":\"SearchAction\",\"target\":{\"@type\":\"EntryPoint\",\"urlTemplate\":\"https:\/\/www.visit-ulcinj.com\/blog\/?s={search_term_string}\"},\"query-input\":\"required name=search_term_string\"}],\"inLanguage\":\"en-US\"},{\"@type\":\"ImageObject\",\"inLanguage\":\"en-US\",\"@id\":\"https:\/\/www.visit-ulcinj.com\/blog\/2012\/02\/12\/ismet-karamanaga-i-ibrahim-bimo-busati\/#primaryimage\",\"url\":\"https:\/\/www.visit-ulcinj.com\/blog\/wp-content\/uploads\/2012\/02\/Ismet-Karamanaga-i-Ibrahim-Bimo-Bushati.jpg\",\"contentUrl\":\"https:\/\/www.visit-ulcinj.com\/blog\/wp-content\/uploads\/2012\/02\/Ismet-Karamanaga-i-Ibrahim-Bimo-Bushati.jpg\",\"width\":\"720\",\"height\":\"540\"},{\"@type\":\"WebPage\",\"@id\":\"https:\/\/www.visit-ulcinj.com\/blog\/2012\/02\/12\/ismet-karamanaga-i-ibrahim-bimo-busati\/#webpage\",\"url\":\"https:\/\/www.visit-ulcinj.com\/blog\/2012\/02\/12\/ismet-karamanaga-i-ibrahim-bimo-busati\/\",\"name\":\"Ismet Karamanaga i Ibrahim - Bimo Bu\u0161ati - Lajme nga Ulqini\",\"isPartOf\":{\"@id\":\"https:\/\/www.visit-ulcinj.com\/blog\/#website\"},\"primaryImageOfPage\":{\"@id\":\"https:\/\/www.visit-ulcinj.com\/blog\/2012\/02\/12\/ismet-karamanaga-i-ibrahim-bimo-busati\/#primaryimage\"},\"datePublished\":\"2012-02-12T18:25:17+00:00\",\"dateModified\":\"2012-02-12T19:15:06+00:00\",\"author\":{\"@id\":\"https:\/\/www.visit-ulcinj.com\/blog\/#\/schema\/person\/dcab619c614d3038751c63bc2aadc06d\"},\"description\":\"Na fotografiji snimljenoj u ne\u0161to druga\u010dijem, promijenjenom Pristanu, Ismet Karamanaga i Ibrahim - Bimo Bu\u0161ati. \u010covjek sa \u0161e\u0161irom je Bimo Bu\u0161ati, za koga\",\"breadcrumb\":{\"@id\":\"https:\/\/www.visit-ulcinj.com\/blog\/2012\/02\/12\/ismet-karamanaga-i-ibrahim-bimo-busati\/#breadcrumb\"},\"inLanguage\":\"en-US\",\"potentialAction\":[{\"@type\":\"ReadAction\",\"target\":[\"https:\/\/www.visit-ulcinj.com\/blog\/2012\/02\/12\/ismet-karamanaga-i-ibrahim-bimo-busati\/\"]}]},{\"@type\":\"BreadcrumbList\",\"@id\":\"https:\/\/www.visit-ulcinj.com\/blog\/2012\/02\/12\/ismet-karamanaga-i-ibrahim-bimo-busati\/#breadcrumb\",\"itemListElement\":[{\"@type\":\"ListItem\",\"position\":1,\"name\":\"Ismet Karamanaga i Ibrahim &#8211; Bimo Bu\u0161ati\"}]},{\"@type\":\"Person\",\"@id\":\"https:\/\/www.visit-ulcinj.com\/blog\/#\/schema\/person\/dcab619c614d3038751c63bc2aadc06d\",\"name\":\"ulqini\",\"sameAs\":[\"http:\/\/www.visit-ulcinj.com\"],\"url\":\"https:\/\/www.visit-ulcinj.com\/blog\/author\/admin\/\"}]}<\/script>\n<!-- \/ Yoast SEO plugin. -->","yoast_head_json":{"title":"Ismet Karamanaga i Ibrahim - Bimo Bu\u0161ati - Lajme nga Ulqini","description":"Na fotografiji snimljenoj u ne\u0161to druga\u010dijem, promijenjenom Pristanu, Ismet Karamanaga i Ibrahim - Bimo Bu\u0161ati. \u010covjek sa \u0161e\u0161irom je Bimo Bu\u0161ati, za koga","robots":{"index":"index","follow":"follow","max-snippet":"max-snippet:-1","max-image-preview":"max-image-preview:large","max-video-preview":"max-video-preview:-1"},"canonical":"https:\/\/www.visit-ulcinj.com\/blog\/2012\/02\/12\/ismet-karamanaga-i-ibrahim-bimo-busati\/","og_locale":"en_US","og_type":"article","og_title":"Ismet Karamanaga i Ibrahim - Bimo Bu\u0161ati - Lajme nga Ulqini","og_description":"Na fotografiji snimljenoj u ne\u0161to druga\u010dijem, promijenjenom Pristanu, Ismet Karamanaga i Ibrahim - Bimo Bu\u0161ati. \u010covjek sa \u0161e\u0161irom je Bimo Bu\u0161ati, za koga","og_url":"https:\/\/www.visit-ulcinj.com\/blog\/2012\/02\/12\/ismet-karamanaga-i-ibrahim-bimo-busati\/","og_site_name":"Lajme nga Ulqini","article_published_time":"2012-02-12T18:25:17+00:00","article_modified_time":"2012-02-12T19:15:06+00:00","og_image":[{"url":"https:\/\/www.visit-ulcinj.com\/blog\/wp-content\/uploads\/2012\/02\/Ismet-Karamanaga-i-Ibrahim-Bimo-Bushati-150x150.jpg"}],"twitter_misc":{"Written by":"ulqini","Est. reading time":"5 minutes"},"schema":{"@context":"https:\/\/schema.org","@graph":[{"@type":"WebSite","@id":"https:\/\/www.visit-ulcinj.com\/blog\/#website","url":"https:\/\/www.visit-ulcinj.com\/blog\/","name":"Lajme nga Ulqini","description":"Lajme,Vijesti,Ulqini,Ulqin,Crna Gora,Mali i Zi","potentialAction":[{"@type":"SearchAction","target":{"@type":"EntryPoint","urlTemplate":"https:\/\/www.visit-ulcinj.com\/blog\/?s={search_term_string}"},"query-input":"required name=search_term_string"}],"inLanguage":"en-US"},{"@type":"ImageObject","inLanguage":"en-US","@id":"https:\/\/www.visit-ulcinj.com\/blog\/2012\/02\/12\/ismet-karamanaga-i-ibrahim-bimo-busati\/#primaryimage","url":"https:\/\/www.visit-ulcinj.com\/blog\/wp-content\/uploads\/2012\/02\/Ismet-Karamanaga-i-Ibrahim-Bimo-Bushati.jpg","contentUrl":"https:\/\/www.visit-ulcinj.com\/blog\/wp-content\/uploads\/2012\/02\/Ismet-Karamanaga-i-Ibrahim-Bimo-Bushati.jpg","width":"720","height":"540"},{"@type":"WebPage","@id":"https:\/\/www.visit-ulcinj.com\/blog\/2012\/02\/12\/ismet-karamanaga-i-ibrahim-bimo-busati\/#webpage","url":"https:\/\/www.visit-ulcinj.com\/blog\/2012\/02\/12\/ismet-karamanaga-i-ibrahim-bimo-busati\/","name":"Ismet Karamanaga i Ibrahim - Bimo Bu\u0161ati - Lajme nga Ulqini","isPartOf":{"@id":"https:\/\/www.visit-ulcinj.com\/blog\/#website"},"primaryImageOfPage":{"@id":"https:\/\/www.visit-ulcinj.com\/blog\/2012\/02\/12\/ismet-karamanaga-i-ibrahim-bimo-busati\/#primaryimage"},"datePublished":"2012-02-12T18:25:17+00:00","dateModified":"2012-02-12T19:15:06+00:00","author":{"@id":"https:\/\/www.visit-ulcinj.com\/blog\/#\/schema\/person\/dcab619c614d3038751c63bc2aadc06d"},"description":"Na fotografiji snimljenoj u ne\u0161to druga\u010dijem, promijenjenom Pristanu, Ismet Karamanaga i Ibrahim - Bimo Bu\u0161ati. \u010covjek sa \u0161e\u0161irom je Bimo Bu\u0161ati, za koga","breadcrumb":{"@id":"https:\/\/www.visit-ulcinj.com\/blog\/2012\/02\/12\/ismet-karamanaga-i-ibrahim-bimo-busati\/#breadcrumb"},"inLanguage":"en-US","potentialAction":[{"@type":"ReadAction","target":["https:\/\/www.visit-ulcinj.com\/blog\/2012\/02\/12\/ismet-karamanaga-i-ibrahim-bimo-busati\/"]}]},{"@type":"BreadcrumbList","@id":"https:\/\/www.visit-ulcinj.com\/blog\/2012\/02\/12\/ismet-karamanaga-i-ibrahim-bimo-busati\/#breadcrumb","itemListElement":[{"@type":"ListItem","position":1,"name":"Ismet Karamanaga i Ibrahim &#8211; Bimo Bu\u0161ati"}]},{"@type":"Person","@id":"https:\/\/www.visit-ulcinj.com\/blog\/#\/schema\/person\/dcab619c614d3038751c63bc2aadc06d","name":"ulqini","sameAs":["http:\/\/www.visit-ulcinj.com"],"url":"https:\/\/www.visit-ulcinj.com\/blog\/author\/admin\/"}]}},"jetpack_featured_media_url":"","jetpack_sharing_enabled":true,"jetpack_shortlink":"https:\/\/wp.me\/pe6lTn-eV8","_links":{"self":[{"href":"https:\/\/www.visit-ulcinj.com\/blog\/wp-json\/wp\/v2\/posts\/57358"}],"collection":[{"href":"https:\/\/www.visit-ulcinj.com\/blog\/wp-json\/wp\/v2\/posts"}],"about":[{"href":"https:\/\/www.visit-ulcinj.com\/blog\/wp-json\/wp\/v2\/types\/post"}],"author":[{"embeddable":true,"href":"https:\/\/www.visit-ulcinj.com\/blog\/wp-json\/wp\/v2\/users\/1"}],"replies":[{"embeddable":true,"href":"https:\/\/www.visit-ulcinj.com\/blog\/wp-json\/wp\/v2\/comments?post=57358"}],"version-history":[{"count":3,"href":"https:\/\/www.visit-ulcinj.com\/blog\/wp-json\/wp\/v2\/posts\/57358\/revisions"}],"predecessor-version":[{"id":57371,"href":"https:\/\/www.visit-ulcinj.com\/blog\/wp-json\/wp\/v2\/posts\/57358\/revisions\/57371"}],"wp:attachment":[{"href":"https:\/\/www.visit-ulcinj.com\/blog\/wp-json\/wp\/v2\/media?parent=57358"}],"wp:term":[{"taxonomy":"category","embeddable":true,"href":"https:\/\/www.visit-ulcinj.com\/blog\/wp-json\/wp\/v2\/categories?post=57358"},{"taxonomy":"post_tag","embeddable":true,"href":"https:\/\/www.visit-ulcinj.com\/blog\/wp-json\/wp\/v2\/tags?post=57358"}],"curies":[{"name":"wp","href":"https:\/\/api.w.org\/{rel}","templated":true}]}}