{"id":57380,"date":"2012-02-13T17:48:33","date_gmt":"2012-02-13T16:48:33","guid":{"rendered":"http:\/\/www.visit-ulcinj.com\/blog\/?p=57380"},"modified":"2012-02-13T17:48:33","modified_gmt":"2012-02-13T16:48:33","slug":"pavle-pepdonovic-na-celu-upravnog-odbora-fk-otrant-a","status":"publish","type":"post","link":"https:\/\/www.visit-ulcinj.com\/blog\/2012\/02\/13\/pavle-pepdonovic-na-celu-upravnog-odbora-fk-otrant-a\/","title":{"rendered":"Pavle Pep\u0111onovi\u0107 na \u010delu  Upravnog odbora FK &#8220;Otrant&#8221;-a"},"content":{"rendered":"<p><strong><a href=\"http:\/\/www.visit-ulcinj.com\/blog\/wp-content\/uploads\/2012\/02\/Pavle-Pepdjonovic.jpg\"><img loading=\"lazy\" class=\"alignleft  wp-image-57381\" title=\"Pavle Pepdjonovic\" src=\"http:\/\/www.visit-ulcinj.com\/blog\/wp-content\/uploads\/2012\/02\/Pavle-Pepdjonovic.jpg\" alt=\"\" width=\"508\" height=\"360\" \/><\/a>Ulcinjani nade pola\u017eu u mlade<\/strong><\/p>\n<p>Na klupskoj Skup\u0161tini, \u010dlan Ju\u017ene regije FK Otrant dobio je novu upravu. Za predsjednika Skup\u0161tine izabran je Muharem Avdiju, a za predsjednika Upravnog odbora (UO) poznati privrednik Pavle Pep\u0111onovi\u0107 (35), biv\u0161i dugogodi\u0161nji direktor KK Ulcinj.<\/p>\n<p>Potpredsjednik UO je privrednik Arijan Mila, sportski direktor kluba iskusni sportski radnik Mi\u0161o Cau\u0161evi\u0107, a sekretar je pravnik Gzim Had\u017eibeti. Ostavke na \u010delne klupske funkcije dali su Gzim Hajdinaga i Ljubo \u0160krelja.<\/p>\n<p>\u201eSve se desilo iznenada. Fudbal u Ulcinju ima dugu tradiciju i zato ovaj izbor koji zaista nisam o\u010dekivao, do\u017eivljavam i kao veliku \u010dast i kao veliki izazov, jer dolazim iz drugog sporta. Ve\u0107 sam razgovarao sa predsjednikom Op\u0161tine gospodinom Nazifom Cunguom koji je podr\u017eao moje vi\u0111enje kluba, osjetio sam pozitivne konekcije iz lokalne uprave. Izabra\u0107u uskoro UO, o\u010dekuje nas mnogo posla\u201c, ka\u017ee Pep\u0111onovi\u0107 za \u201cVijesti\u201c.<\/p>\n<p>Novi predsjednik Otranta ka\u017ee da klub u nastavak lige u martu ulazi bez velikih ambicija. Ulcinjani su sada drugi na tabeli, sa bodom zaostatka iza tivatskog Arsenala. No, kako ka\u017ee, ako bude prilike da se u\u0111e u Drugu ligu ligu, \u201ene\u0107e je propustiti\u201c.<\/p>\n<p>\u201eOd uprave, stru\u010dnog \u0161taba i igra\u010da o\u010dekujem rad, red i disciplinu. Prvi ciljevi su nabavka opreme za rad i omasovljenje, formira\u0107emo sve klupske selekcije i u obuku mladih ulo\u017eiti sve snage. Zna se koliki je u Ulcinju zna\u010daj fudbala za razvoj turizma, sporta i dru\u0161tvenog \u017eivota uop\u0161te, \u0161to nas obavezuje na ozbiljan rad. Zato su u Otranu i dobrodo\u0161li svi koji mogu da pomognu, a vole fudbal i grad iznad politi\u010dkih opredjeljenje\u201c, zaklju\u010dio je Pep\u0111onovi\u0107.<\/p>\n<p><a href=\"http:\/\/www.vijesti.me\/sport\/izabrana-nova-uprava-otranta-clanak-59947\" target=\"_blank\"><strong>Radomir Petri\u0107<\/strong><br \/>\n<strong> Vijesti<\/strong><\/a><\/p>\n","protected":false},"excerpt":{"rendered":"<p>Ulcinjani nade pola\u017eu u mlade Na klupskoj Skup\u0161tini, \u010dlan Ju\u017ene regije FK Otrant dobio je novu upravu. Za predsjednika Skup\u0161tine izabran je Muharem Avdiju, a za predsjednika Upravnog odbora (UO) poznati privrednik Pavle Pep\u0111onovi\u0107 (35), biv\u0161i dugogodi\u0161nji direktor KK Ulcinj. Potpredsjednik UO je privrednik Arijan Mila, sportski direktor kluba iskusni sportski radnik Mi\u0161o Cau\u0161evi\u0107, a [&hellip;]<\/p>\n","protected":false},"author":1,"featured_media":0,"comment_status":"open","ping_status":"closed","sticky":false,"template":"","format":"standard","meta":{"spay_email":"","jetpack_publicize_message":"","jetpack_is_tweetstorm":false,"jetpack_publicize_feature_enabled":true},"categories":[8337],"tags":[4449,13368],"jetpack_publicize_connections":[],"yoast_head":"<!-- This site is optimized with the Yoast SEO plugin v19.1 - https:\/\/yoast.com\/wordpress\/plugins\/seo\/ -->\n<title>Pavle Pep\u0111onovi\u0107 na \u010delu Upravnog odbora FK &quot;Otrant&quot;-a - Lajme nga Ulqini<\/title>\n<meta name=\"description\" content=\"Ulcinjani nade pola\u017eu u mlade Na klupskoj Skup\u0161tini, \u010dlan Ju\u017ene regije FK Otrant dobio je novu upravu. Za predsjednika Skup\u0161tine izabran je Muharem\" \/>\n<meta name=\"robots\" content=\"index, follow, max-snippet:-1, max-image-preview:large, max-video-preview:-1\" \/>\n<link rel=\"canonical\" href=\"https:\/\/www.visit-ulcinj.com\/blog\/2012\/02\/13\/pavle-pepdonovic-na-celu-upravnog-odbora-fk-otrant-a\/\" \/>\n<meta property=\"og:locale\" content=\"en_US\" \/>\n<meta property=\"og:type\" content=\"article\" \/>\n<meta property=\"og:title\" content=\"Pavle Pep\u0111onovi\u0107 na \u010delu Upravnog odbora FK &quot;Otrant&quot;-a - Lajme nga Ulqini\" \/>\n<meta property=\"og:description\" content=\"Ulcinjani nade pola\u017eu u mlade Na klupskoj Skup\u0161tini, \u010dlan Ju\u017ene regije FK Otrant dobio je novu upravu. Za predsjednika Skup\u0161tine izabran je Muharem\" \/>\n<meta property=\"og:url\" content=\"https:\/\/www.visit-ulcinj.com\/blog\/2012\/02\/13\/pavle-pepdonovic-na-celu-upravnog-odbora-fk-otrant-a\/\" \/>\n<meta property=\"og:site_name\" content=\"Lajme nga Ulqini\" \/>\n<meta property=\"article:published_time\" content=\"2012-02-13T16:48:33+00:00\" \/>\n<meta property=\"og:image\" content=\"http:\/\/www.visit-ulcinj.com\/blog\/wp-content\/uploads\/2012\/02\/Pavle-Pepdjonovic.jpg\" \/>\n<meta name=\"twitter:label1\" content=\"Written by\" \/>\n\t<meta name=\"twitter:data1\" content=\"ulqini\" \/>\n\t<meta name=\"twitter:label2\" content=\"Est. reading time\" \/>\n\t<meta name=\"twitter:data2\" content=\"1 minute\" \/>\n<script type=\"application\/ld+json\" class=\"yoast-schema-graph\">{\"@context\":\"https:\/\/schema.org\",\"@graph\":[{\"@type\":\"WebSite\",\"@id\":\"https:\/\/www.visit-ulcinj.com\/blog\/#website\",\"url\":\"https:\/\/www.visit-ulcinj.com\/blog\/\",\"name\":\"Lajme nga Ulqini\",\"description\":\"Lajme,Vijesti,Ulqini,Ulqin,Crna Gora,Mali i Zi\",\"potentialAction\":[{\"@type\":\"SearchAction\",\"target\":{\"@type\":\"EntryPoint\",\"urlTemplate\":\"https:\/\/www.visit-ulcinj.com\/blog\/?s={search_term_string}\"},\"query-input\":\"required name=search_term_string\"}],\"inLanguage\":\"en-US\"},{\"@type\":\"ImageObject\",\"inLanguage\":\"en-US\",\"@id\":\"https:\/\/www.visit-ulcinj.com\/blog\/2012\/02\/13\/pavle-pepdonovic-na-celu-upravnog-odbora-fk-otrant-a\/#primaryimage\",\"url\":\"https:\/\/www.visit-ulcinj.com\/blog\/wp-content\/uploads\/2012\/02\/Pavle-Pepdjonovic.jpg\",\"contentUrl\":\"https:\/\/www.visit-ulcinj.com\/blog\/wp-content\/uploads\/2012\/02\/Pavle-Pepdjonovic.jpg\",\"width\":\"601\",\"height\":\"491\"},{\"@type\":\"WebPage\",\"@id\":\"https:\/\/www.visit-ulcinj.com\/blog\/2012\/02\/13\/pavle-pepdonovic-na-celu-upravnog-odbora-fk-otrant-a\/#webpage\",\"url\":\"https:\/\/www.visit-ulcinj.com\/blog\/2012\/02\/13\/pavle-pepdonovic-na-celu-upravnog-odbora-fk-otrant-a\/\",\"name\":\"Pavle Pep\u0111onovi\u0107 na \u010delu Upravnog odbora FK \\\"Otrant\\\"-a - Lajme nga Ulqini\",\"isPartOf\":{\"@id\":\"https:\/\/www.visit-ulcinj.com\/blog\/#website\"},\"primaryImageOfPage\":{\"@id\":\"https:\/\/www.visit-ulcinj.com\/blog\/2012\/02\/13\/pavle-pepdonovic-na-celu-upravnog-odbora-fk-otrant-a\/#primaryimage\"},\"datePublished\":\"2012-02-13T16:48:33+00:00\",\"dateModified\":\"2012-02-13T16:48:33+00:00\",\"author\":{\"@id\":\"https:\/\/www.visit-ulcinj.com\/blog\/#\/schema\/person\/dcab619c614d3038751c63bc2aadc06d\"},\"description\":\"Ulcinjani nade pola\u017eu u mlade Na klupskoj Skup\u0161tini, \u010dlan Ju\u017ene regije FK Otrant dobio je novu upravu. Za predsjednika Skup\u0161tine izabran je Muharem\",\"breadcrumb\":{\"@id\":\"https:\/\/www.visit-ulcinj.com\/blog\/2012\/02\/13\/pavle-pepdonovic-na-celu-upravnog-odbora-fk-otrant-a\/#breadcrumb\"},\"inLanguage\":\"en-US\",\"potentialAction\":[{\"@type\":\"ReadAction\",\"target\":[\"https:\/\/www.visit-ulcinj.com\/blog\/2012\/02\/13\/pavle-pepdonovic-na-celu-upravnog-odbora-fk-otrant-a\/\"]}]},{\"@type\":\"BreadcrumbList\",\"@id\":\"https:\/\/www.visit-ulcinj.com\/blog\/2012\/02\/13\/pavle-pepdonovic-na-celu-upravnog-odbora-fk-otrant-a\/#breadcrumb\",\"itemListElement\":[{\"@type\":\"ListItem\",\"position\":1,\"name\":\"Pavle Pep\u0111onovi\u0107 na \u010delu Upravnog odbora FK &#8220;Otrant&#8221;-a\"}]},{\"@type\":\"Person\",\"@id\":\"https:\/\/www.visit-ulcinj.com\/blog\/#\/schema\/person\/dcab619c614d3038751c63bc2aadc06d\",\"name\":\"ulqini\",\"sameAs\":[\"http:\/\/www.visit-ulcinj.com\"],\"url\":\"https:\/\/www.visit-ulcinj.com\/blog\/author\/admin\/\"}]}<\/script>\n<!-- \/ Yoast SEO plugin. -->","yoast_head_json":{"title":"Pavle Pep\u0111onovi\u0107 na \u010delu Upravnog odbora FK \"Otrant\"-a - Lajme nga Ulqini","description":"Ulcinjani nade pola\u017eu u mlade Na klupskoj Skup\u0161tini, \u010dlan Ju\u017ene regije FK Otrant dobio je novu upravu. Za predsjednika Skup\u0161tine izabran je Muharem","robots":{"index":"index","follow":"follow","max-snippet":"max-snippet:-1","max-image-preview":"max-image-preview:large","max-video-preview":"max-video-preview:-1"},"canonical":"https:\/\/www.visit-ulcinj.com\/blog\/2012\/02\/13\/pavle-pepdonovic-na-celu-upravnog-odbora-fk-otrant-a\/","og_locale":"en_US","og_type":"article","og_title":"Pavle Pep\u0111onovi\u0107 na \u010delu Upravnog odbora FK \"Otrant\"-a - Lajme nga Ulqini","og_description":"Ulcinjani nade pola\u017eu u mlade Na klupskoj Skup\u0161tini, \u010dlan Ju\u017ene regije FK Otrant dobio je novu upravu. Za predsjednika Skup\u0161tine izabran je Muharem","og_url":"https:\/\/www.visit-ulcinj.com\/blog\/2012\/02\/13\/pavle-pepdonovic-na-celu-upravnog-odbora-fk-otrant-a\/","og_site_name":"Lajme nga Ulqini","article_published_time":"2012-02-13T16:48:33+00:00","og_image":[{"url":"http:\/\/www.visit-ulcinj.com\/blog\/wp-content\/uploads\/2012\/02\/Pavle-Pepdjonovic.jpg"}],"twitter_misc":{"Written by":"ulqini","Est. reading time":"1 minute"},"schema":{"@context":"https:\/\/schema.org","@graph":[{"@type":"WebSite","@id":"https:\/\/www.visit-ulcinj.com\/blog\/#website","url":"https:\/\/www.visit-ulcinj.com\/blog\/","name":"Lajme nga Ulqini","description":"Lajme,Vijesti,Ulqini,Ulqin,Crna Gora,Mali i Zi","potentialAction":[{"@type":"SearchAction","target":{"@type":"EntryPoint","urlTemplate":"https:\/\/www.visit-ulcinj.com\/blog\/?s={search_term_string}"},"query-input":"required name=search_term_string"}],"inLanguage":"en-US"},{"@type":"ImageObject","inLanguage":"en-US","@id":"https:\/\/www.visit-ulcinj.com\/blog\/2012\/02\/13\/pavle-pepdonovic-na-celu-upravnog-odbora-fk-otrant-a\/#primaryimage","url":"https:\/\/www.visit-ulcinj.com\/blog\/wp-content\/uploads\/2012\/02\/Pavle-Pepdjonovic.jpg","contentUrl":"https:\/\/www.visit-ulcinj.com\/blog\/wp-content\/uploads\/2012\/02\/Pavle-Pepdjonovic.jpg","width":"601","height":"491"},{"@type":"WebPage","@id":"https:\/\/www.visit-ulcinj.com\/blog\/2012\/02\/13\/pavle-pepdonovic-na-celu-upravnog-odbora-fk-otrant-a\/#webpage","url":"https:\/\/www.visit-ulcinj.com\/blog\/2012\/02\/13\/pavle-pepdonovic-na-celu-upravnog-odbora-fk-otrant-a\/","name":"Pavle Pep\u0111onovi\u0107 na \u010delu Upravnog odbora FK \"Otrant\"-a - Lajme nga Ulqini","isPartOf":{"@id":"https:\/\/www.visit-ulcinj.com\/blog\/#website"},"primaryImageOfPage":{"@id":"https:\/\/www.visit-ulcinj.com\/blog\/2012\/02\/13\/pavle-pepdonovic-na-celu-upravnog-odbora-fk-otrant-a\/#primaryimage"},"datePublished":"2012-02-13T16:48:33+00:00","dateModified":"2012-02-13T16:48:33+00:00","author":{"@id":"https:\/\/www.visit-ulcinj.com\/blog\/#\/schema\/person\/dcab619c614d3038751c63bc2aadc06d"},"description":"Ulcinjani nade pola\u017eu u mlade Na klupskoj Skup\u0161tini, \u010dlan Ju\u017ene regije FK Otrant dobio je novu upravu. Za predsjednika Skup\u0161tine izabran je Muharem","breadcrumb":{"@id":"https:\/\/www.visit-ulcinj.com\/blog\/2012\/02\/13\/pavle-pepdonovic-na-celu-upravnog-odbora-fk-otrant-a\/#breadcrumb"},"inLanguage":"en-US","potentialAction":[{"@type":"ReadAction","target":["https:\/\/www.visit-ulcinj.com\/blog\/2012\/02\/13\/pavle-pepdonovic-na-celu-upravnog-odbora-fk-otrant-a\/"]}]},{"@type":"BreadcrumbList","@id":"https:\/\/www.visit-ulcinj.com\/blog\/2012\/02\/13\/pavle-pepdonovic-na-celu-upravnog-odbora-fk-otrant-a\/#breadcrumb","itemListElement":[{"@type":"ListItem","position":1,"name":"Pavle Pep\u0111onovi\u0107 na \u010delu Upravnog odbora FK &#8220;Otrant&#8221;-a"}]},{"@type":"Person","@id":"https:\/\/www.visit-ulcinj.com\/blog\/#\/schema\/person\/dcab619c614d3038751c63bc2aadc06d","name":"ulqini","sameAs":["http:\/\/www.visit-ulcinj.com"],"url":"https:\/\/www.visit-ulcinj.com\/blog\/author\/admin\/"}]}},"jetpack_featured_media_url":"","jetpack_sharing_enabled":true,"jetpack_shortlink":"https:\/\/wp.me\/pe6lTn-eVu","_links":{"self":[{"href":"https:\/\/www.visit-ulcinj.com\/blog\/wp-json\/wp\/v2\/posts\/57380"}],"collection":[{"href":"https:\/\/www.visit-ulcinj.com\/blog\/wp-json\/wp\/v2\/posts"}],"about":[{"href":"https:\/\/www.visit-ulcinj.com\/blog\/wp-json\/wp\/v2\/types\/post"}],"author":[{"embeddable":true,"href":"https:\/\/www.visit-ulcinj.com\/blog\/wp-json\/wp\/v2\/users\/1"}],"replies":[{"embeddable":true,"href":"https:\/\/www.visit-ulcinj.com\/blog\/wp-json\/wp\/v2\/comments?post=57380"}],"version-history":[{"count":1,"href":"https:\/\/www.visit-ulcinj.com\/blog\/wp-json\/wp\/v2\/posts\/57380\/revisions"}],"predecessor-version":[{"id":57382,"href":"https:\/\/www.visit-ulcinj.com\/blog\/wp-json\/wp\/v2\/posts\/57380\/revisions\/57382"}],"wp:attachment":[{"href":"https:\/\/www.visit-ulcinj.com\/blog\/wp-json\/wp\/v2\/media?parent=57380"}],"wp:term":[{"taxonomy":"category","embeddable":true,"href":"https:\/\/www.visit-ulcinj.com\/blog\/wp-json\/wp\/v2\/categories?post=57380"},{"taxonomy":"post_tag","embeddable":true,"href":"https:\/\/www.visit-ulcinj.com\/blog\/wp-json\/wp\/v2\/tags?post=57380"}],"curies":[{"name":"wp","href":"https:\/\/api.w.org\/{rel}","templated":true}]}}