{"id":57383,"date":"2012-02-13T19:00:25","date_gmt":"2012-02-13T18:00:25","guid":{"rendered":"http:\/\/www.visit-ulcinj.com\/blog\/?p=57383"},"modified":"2012-02-13T19:00:25","modified_gmt":"2012-02-13T18:00:25","slug":"opstina-ulcinj-ribarske-kolibe-su-vrijednost-bojane","status":"publish","type":"post","link":"https:\/\/www.visit-ulcinj.com\/blog\/2012\/02\/13\/opstina-ulcinj-ribarske-kolibe-su-vrijednost-bojane\/","title":{"rendered":"Op\u0161tina Ulcinj: Ribarske kolibe su vrijednost Bojane"},"content":{"rendered":"<p><strong><a href=\"http:\/\/www.visit-ulcinj.com\/blog\/wp-content\/uploads\/2012\/02\/Valdet-Adzemovic-Sekretar-Sekretarijata-za-privredu-u-opstini-Ulcinj.jpg\"><img loading=\"lazy\" class=\"alignleft size-full wp-image-57386\" title=\"Valdet Adzemovic - Sekretar Sekretarijata za privredu u opstini Ulcinj\" src=\"http:\/\/www.visit-ulcinj.com\/blog\/wp-content\/uploads\/2012\/02\/Valdet-Adzemovic-Sekretar-Sekretarijata-za-privredu-u-opstini-Ulcinj.jpg\" alt=\"\" width=\"350\" height=\"276\" srcset=\"https:\/\/www.visit-ulcinj.com\/blog\/wp-content\/uploads\/2012\/02\/Valdet-Adzemovic-Sekretar-Sekretarijata-za-privredu-u-opstini-Ulcinj.jpg 350w, https:\/\/www.visit-ulcinj.com\/blog\/wp-content\/uploads\/2012\/02\/Valdet-Adzemovic-Sekretar-Sekretarijata-za-privredu-u-opstini-Ulcinj-300x236.jpg 300w\" sizes=\"(max-width: 350px) 100vw, 350px\" \/><\/a>Op\u0161tina Ulcinj tra\u017ei od premijera izmjenu odluke o naknadi za privremene objekte na rijeci<\/strong><\/p>\n<p>ULCINj \u2013 Sekretar Sekretarijata za privredu u op\u0161tini Ulcinj Valdet Ad\u017eemovi\u0107 uputio je premijeru Igoru Luk\u0161i\u0107u sugestije o izmjeni Odluke o naknadi za kori\u0161\u0107enje privremenih objekata na obali rijeke Bojane. U dopisu Luk\u0161i\u0107u, Ad\u017eemovi\u0107 navodi da je Vlada donijela zaklju\u010dke o privremenim objektima na obali rijeke Bojane, kojima se ukida termin ribarske ku\u0107e.<br \/>\n\u2013 Shodno tome uveden je novi na\u010din obra\u010dunavanja naknade za zakup-kori\u0161\u0107enje privremenih lokacija u skladu sa predlo\u017eenim cjenovnikom JP Morsko dobro. Mi\u0161ljenja smo da bi isti trebalo ponovno razmotriti i vratiti termin ribarska ku\u0107a. Naime, JP Morsko dobro je u svom obrazlo\u017eenju za ukidanjem termina ribarska ku\u0107a, dostavljenom Vladi, kazalo da uva\u017eavaju\u0107i da visina zakupnine zavisi od kvadrature i kategorizacije privremenog objekta, odnosno \u010dinjenice da je privremeni objekat prepoznat kao vikend objekat ili ribarska ku\u0107ica. JP MD cijeni da za 2011. godinu treba izbje\u0107i nedore\u010denost, koja je posledica nepreciznosti kriterijuma koji odre\u0111uju da li je neki objekat vikendica ili ribarska ku\u0107ica u smislu objekta male povr\u0161ine i manjeg stepena izgra\u0111enosti. Cijenimo da je istim kriterijumima vr\u0161ena nadoknada i u 2010. godini, i smatramo da je bilo dovoljno vremena da se, ukoliko se uvidjela nedore\u010denost, odnosno nepreciznosti kriterijuma, krene u izradu novih kriterijuma u cilju o\u010duvanja rijeke Bojane i njenih vrijednosti, ribarskih ku\u0107ica, a ne isklju\u010divanjem istih \u2013 navodi se u dopisu Ad\u017eemovi\u0107a.<br \/>\nIsti\u010de se da tom odlukom nijesu zadovoljni ni vlasnici ribarskih ku\u0107ica koji ne \u017eele da njihovi objekti budu tretirani kao objekti koji slu\u017ee kao vikendice, i da se svrstavaju kao komercijalni objekti.<br \/>\n\u2013 Lokalna samouprava podr\u017eava inicijativu vlasnika ribarskih ku\u0107ica, pa Vas, shodno tome, molimo da jo\u0161 jednom razmotrite navedenu odluku, da se razmotri usvajanje novih kriterijuma za kategorizaciju ribarskih ku\u0107ica u saradnji sa lokalnom samoupravom i ribarima na Bojani. Smatramo da bi ova nova kategorzacija u skladu sa donesenim kriterijumima i formiranje komisije koja bi izvr\u0161ila procjenu ku\u0107ica sprije\u010dila dalja nezadovoljstva ribara i mje\u0161tana op\u0161tine Ulcinj. U cilju iznala\u017eenja rje\u0161enja ovog problema, kao i o\u010duvanja autenti\u010dnosti i turisti\u010dke atrakcije, odnosno prirodnih vrijednosti rijeke Bojane, molimo Vas da razmotrite na\u0161e sugestije i predloge \u2013 zaklju\u010duje se u pismu Luk\u0161i\u0107u.<\/p>\n<p><a href=\"http:\/\/www.dan.co.me\/?nivo=3&amp;rubrika=Regioni&amp;clanak=319468&amp;datum=2012-02-13\" target=\"_blank\"><strong>M.K.<\/strong><br \/>\n<strong> Izvor: DAN<\/strong><\/a><\/p>\n","protected":false},"excerpt":{"rendered":"<p>Op\u0161tina Ulcinj tra\u017ei od premijera izmjenu odluke o naknadi za privremene objekte na rijeci ULCINj \u2013 Sekretar Sekretarijata za privredu u op\u0161tini Ulcinj Valdet Ad\u017eemovi\u0107 uputio je premijeru Igoru Luk\u0161i\u0107u sugestije o izmjeni Odluke o naknadi za kori\u0161\u0107enje privremenih objekata na obali rijeke Bojane. U dopisu Luk\u0161i\u0107u, Ad\u017eemovi\u0107 navodi da je Vlada donijela zaklju\u010dke o [&hellip;]<\/p>\n","protected":false},"author":1,"featured_media":0,"comment_status":"open","ping_status":"closed","sticky":false,"template":"","format":"standard","meta":{"spay_email":"","jetpack_publicize_message":"","jetpack_is_tweetstorm":false,"jetpack_publicize_feature_enabled":true},"categories":[8337],"tags":[20050,19,14508,2020],"jetpack_publicize_connections":[],"yoast_head":"<!-- This site is optimized with the Yoast SEO plugin v19.1 - https:\/\/yoast.com\/wordpress\/plugins\/seo\/ -->\n<title>Op\u0161tina Ulcinj: Ribarske kolibe su vrijednost Bojane - Lajme nga Ulqini<\/title>\n<meta name=\"description\" content=\"Op\u0161tina Ulcinj tra\u017ei od premijera izmjenu odluke o naknadi za privremene objekte na rijeci ULCINj \u2013 Sekretar Sekretarijata za privredu u op\u0161tini Ulcinj\" \/>\n<meta name=\"robots\" content=\"index, follow, max-snippet:-1, max-image-preview:large, max-video-preview:-1\" \/>\n<link rel=\"canonical\" href=\"https:\/\/www.visit-ulcinj.com\/blog\/2012\/02\/13\/opstina-ulcinj-ribarske-kolibe-su-vrijednost-bojane\/\" \/>\n<meta property=\"og:locale\" content=\"en_US\" \/>\n<meta property=\"og:type\" content=\"article\" \/>\n<meta property=\"og:title\" content=\"Op\u0161tina Ulcinj: Ribarske kolibe su vrijednost Bojane - Lajme nga Ulqini\" \/>\n<meta property=\"og:description\" content=\"Op\u0161tina Ulcinj tra\u017ei od premijera izmjenu odluke o naknadi za privremene objekte na rijeci ULCINj \u2013 Sekretar Sekretarijata za privredu u op\u0161tini Ulcinj\" \/>\n<meta property=\"og:url\" content=\"https:\/\/www.visit-ulcinj.com\/blog\/2012\/02\/13\/opstina-ulcinj-ribarske-kolibe-su-vrijednost-bojane\/\" \/>\n<meta property=\"og:site_name\" content=\"Lajme nga Ulqini\" \/>\n<meta property=\"article:published_time\" content=\"2012-02-13T18:00:25+00:00\" \/>\n<meta property=\"og:image\" content=\"http:\/\/www.visit-ulcinj.com\/blog\/wp-content\/uploads\/2012\/02\/Valdet-Adzemovic-Sekretar-Sekretarijata-za-privredu-u-opstini-Ulcinj.jpg\" \/>\n<meta name=\"twitter:label1\" content=\"Written by\" \/>\n\t<meta name=\"twitter:data1\" content=\"ulqini\" \/>\n\t<meta name=\"twitter:label2\" content=\"Est. reading time\" \/>\n\t<meta name=\"twitter:data2\" content=\"2 minutes\" \/>\n<script type=\"application\/ld+json\" class=\"yoast-schema-graph\">{\"@context\":\"https:\/\/schema.org\",\"@graph\":[{\"@type\":\"WebSite\",\"@id\":\"https:\/\/www.visit-ulcinj.com\/blog\/#website\",\"url\":\"https:\/\/www.visit-ulcinj.com\/blog\/\",\"name\":\"Lajme nga Ulqini\",\"description\":\"Lajme,Vijesti,Ulqini,Ulqin,Crna Gora,Mali i Zi\",\"potentialAction\":[{\"@type\":\"SearchAction\",\"target\":{\"@type\":\"EntryPoint\",\"urlTemplate\":\"https:\/\/www.visit-ulcinj.com\/blog\/?s={search_term_string}\"},\"query-input\":\"required name=search_term_string\"}],\"inLanguage\":\"en-US\"},{\"@type\":\"ImageObject\",\"inLanguage\":\"en-US\",\"@id\":\"https:\/\/www.visit-ulcinj.com\/blog\/2012\/02\/13\/opstina-ulcinj-ribarske-kolibe-su-vrijednost-bojane\/#primaryimage\",\"url\":\"https:\/\/www.visit-ulcinj.com\/blog\/wp-content\/uploads\/2012\/02\/Valdet-Adzemovic-Sekretar-Sekretarijata-za-privredu-u-opstini-Ulcinj.jpg\",\"contentUrl\":\"https:\/\/www.visit-ulcinj.com\/blog\/wp-content\/uploads\/2012\/02\/Valdet-Adzemovic-Sekretar-Sekretarijata-za-privredu-u-opstini-Ulcinj.jpg\",\"width\":\"350\",\"height\":\"276\"},{\"@type\":\"WebPage\",\"@id\":\"https:\/\/www.visit-ulcinj.com\/blog\/2012\/02\/13\/opstina-ulcinj-ribarske-kolibe-su-vrijednost-bojane\/#webpage\",\"url\":\"https:\/\/www.visit-ulcinj.com\/blog\/2012\/02\/13\/opstina-ulcinj-ribarske-kolibe-su-vrijednost-bojane\/\",\"name\":\"Op\u0161tina Ulcinj: Ribarske kolibe su vrijednost Bojane - Lajme nga Ulqini\",\"isPartOf\":{\"@id\":\"https:\/\/www.visit-ulcinj.com\/blog\/#website\"},\"primaryImageOfPage\":{\"@id\":\"https:\/\/www.visit-ulcinj.com\/blog\/2012\/02\/13\/opstina-ulcinj-ribarske-kolibe-su-vrijednost-bojane\/#primaryimage\"},\"datePublished\":\"2012-02-13T18:00:25+00:00\",\"dateModified\":\"2012-02-13T18:00:25+00:00\",\"author\":{\"@id\":\"https:\/\/www.visit-ulcinj.com\/blog\/#\/schema\/person\/dcab619c614d3038751c63bc2aadc06d\"},\"description\":\"Op\u0161tina Ulcinj tra\u017ei od premijera izmjenu odluke o naknadi za privremene objekte na rijeci ULCINj \u2013 Sekretar Sekretarijata za privredu u op\u0161tini Ulcinj\",\"breadcrumb\":{\"@id\":\"https:\/\/www.visit-ulcinj.com\/blog\/2012\/02\/13\/opstina-ulcinj-ribarske-kolibe-su-vrijednost-bojane\/#breadcrumb\"},\"inLanguage\":\"en-US\",\"potentialAction\":[{\"@type\":\"ReadAction\",\"target\":[\"https:\/\/www.visit-ulcinj.com\/blog\/2012\/02\/13\/opstina-ulcinj-ribarske-kolibe-su-vrijednost-bojane\/\"]}]},{\"@type\":\"BreadcrumbList\",\"@id\":\"https:\/\/www.visit-ulcinj.com\/blog\/2012\/02\/13\/opstina-ulcinj-ribarske-kolibe-su-vrijednost-bojane\/#breadcrumb\",\"itemListElement\":[{\"@type\":\"ListItem\",\"position\":1,\"name\":\"Op\u0161tina Ulcinj: Ribarske kolibe su vrijednost Bojane\"}]},{\"@type\":\"Person\",\"@id\":\"https:\/\/www.visit-ulcinj.com\/blog\/#\/schema\/person\/dcab619c614d3038751c63bc2aadc06d\",\"name\":\"ulqini\",\"sameAs\":[\"http:\/\/www.visit-ulcinj.com\"],\"url\":\"https:\/\/www.visit-ulcinj.com\/blog\/author\/admin\/\"}]}<\/script>\n<!-- \/ Yoast SEO plugin. -->","yoast_head_json":{"title":"Op\u0161tina Ulcinj: Ribarske kolibe su vrijednost Bojane - Lajme nga Ulqini","description":"Op\u0161tina Ulcinj tra\u017ei od premijera izmjenu odluke o naknadi za privremene objekte na rijeci ULCINj \u2013 Sekretar Sekretarijata za privredu u op\u0161tini Ulcinj","robots":{"index":"index","follow":"follow","max-snippet":"max-snippet:-1","max-image-preview":"max-image-preview:large","max-video-preview":"max-video-preview:-1"},"canonical":"https:\/\/www.visit-ulcinj.com\/blog\/2012\/02\/13\/opstina-ulcinj-ribarske-kolibe-su-vrijednost-bojane\/","og_locale":"en_US","og_type":"article","og_title":"Op\u0161tina Ulcinj: Ribarske kolibe su vrijednost Bojane - Lajme nga Ulqini","og_description":"Op\u0161tina Ulcinj tra\u017ei od premijera izmjenu odluke o naknadi za privremene objekte na rijeci ULCINj \u2013 Sekretar Sekretarijata za privredu u op\u0161tini Ulcinj","og_url":"https:\/\/www.visit-ulcinj.com\/blog\/2012\/02\/13\/opstina-ulcinj-ribarske-kolibe-su-vrijednost-bojane\/","og_site_name":"Lajme nga Ulqini","article_published_time":"2012-02-13T18:00:25+00:00","og_image":[{"url":"http:\/\/www.visit-ulcinj.com\/blog\/wp-content\/uploads\/2012\/02\/Valdet-Adzemovic-Sekretar-Sekretarijata-za-privredu-u-opstini-Ulcinj.jpg"}],"twitter_misc":{"Written by":"ulqini","Est. reading time":"2 minutes"},"schema":{"@context":"https:\/\/schema.org","@graph":[{"@type":"WebSite","@id":"https:\/\/www.visit-ulcinj.com\/blog\/#website","url":"https:\/\/www.visit-ulcinj.com\/blog\/","name":"Lajme nga Ulqini","description":"Lajme,Vijesti,Ulqini,Ulqin,Crna Gora,Mali i Zi","potentialAction":[{"@type":"SearchAction","target":{"@type":"EntryPoint","urlTemplate":"https:\/\/www.visit-ulcinj.com\/blog\/?s={search_term_string}"},"query-input":"required name=search_term_string"}],"inLanguage":"en-US"},{"@type":"ImageObject","inLanguage":"en-US","@id":"https:\/\/www.visit-ulcinj.com\/blog\/2012\/02\/13\/opstina-ulcinj-ribarske-kolibe-su-vrijednost-bojane\/#primaryimage","url":"https:\/\/www.visit-ulcinj.com\/blog\/wp-content\/uploads\/2012\/02\/Valdet-Adzemovic-Sekretar-Sekretarijata-za-privredu-u-opstini-Ulcinj.jpg","contentUrl":"https:\/\/www.visit-ulcinj.com\/blog\/wp-content\/uploads\/2012\/02\/Valdet-Adzemovic-Sekretar-Sekretarijata-za-privredu-u-opstini-Ulcinj.jpg","width":"350","height":"276"},{"@type":"WebPage","@id":"https:\/\/www.visit-ulcinj.com\/blog\/2012\/02\/13\/opstina-ulcinj-ribarske-kolibe-su-vrijednost-bojane\/#webpage","url":"https:\/\/www.visit-ulcinj.com\/blog\/2012\/02\/13\/opstina-ulcinj-ribarske-kolibe-su-vrijednost-bojane\/","name":"Op\u0161tina Ulcinj: Ribarske kolibe su vrijednost Bojane - Lajme nga Ulqini","isPartOf":{"@id":"https:\/\/www.visit-ulcinj.com\/blog\/#website"},"primaryImageOfPage":{"@id":"https:\/\/www.visit-ulcinj.com\/blog\/2012\/02\/13\/opstina-ulcinj-ribarske-kolibe-su-vrijednost-bojane\/#primaryimage"},"datePublished":"2012-02-13T18:00:25+00:00","dateModified":"2012-02-13T18:00:25+00:00","author":{"@id":"https:\/\/www.visit-ulcinj.com\/blog\/#\/schema\/person\/dcab619c614d3038751c63bc2aadc06d"},"description":"Op\u0161tina Ulcinj tra\u017ei od premijera izmjenu odluke o naknadi za privremene objekte na rijeci ULCINj \u2013 Sekretar Sekretarijata za privredu u op\u0161tini Ulcinj","breadcrumb":{"@id":"https:\/\/www.visit-ulcinj.com\/blog\/2012\/02\/13\/opstina-ulcinj-ribarske-kolibe-su-vrijednost-bojane\/#breadcrumb"},"inLanguage":"en-US","potentialAction":[{"@type":"ReadAction","target":["https:\/\/www.visit-ulcinj.com\/blog\/2012\/02\/13\/opstina-ulcinj-ribarske-kolibe-su-vrijednost-bojane\/"]}]},{"@type":"BreadcrumbList","@id":"https:\/\/www.visit-ulcinj.com\/blog\/2012\/02\/13\/opstina-ulcinj-ribarske-kolibe-su-vrijednost-bojane\/#breadcrumb","itemListElement":[{"@type":"ListItem","position":1,"name":"Op\u0161tina Ulcinj: Ribarske kolibe su vrijednost Bojane"}]},{"@type":"Person","@id":"https:\/\/www.visit-ulcinj.com\/blog\/#\/schema\/person\/dcab619c614d3038751c63bc2aadc06d","name":"ulqini","sameAs":["http:\/\/www.visit-ulcinj.com"],"url":"https:\/\/www.visit-ulcinj.com\/blog\/author\/admin\/"}]}},"jetpack_featured_media_url":"","jetpack_sharing_enabled":true,"jetpack_shortlink":"https:\/\/wp.me\/pe6lTn-eVx","_links":{"self":[{"href":"https:\/\/www.visit-ulcinj.com\/blog\/wp-json\/wp\/v2\/posts\/57383"}],"collection":[{"href":"https:\/\/www.visit-ulcinj.com\/blog\/wp-json\/wp\/v2\/posts"}],"about":[{"href":"https:\/\/www.visit-ulcinj.com\/blog\/wp-json\/wp\/v2\/types\/post"}],"author":[{"embeddable":true,"href":"https:\/\/www.visit-ulcinj.com\/blog\/wp-json\/wp\/v2\/users\/1"}],"replies":[{"embeddable":true,"href":"https:\/\/www.visit-ulcinj.com\/blog\/wp-json\/wp\/v2\/comments?post=57383"}],"version-history":[{"count":1,"href":"https:\/\/www.visit-ulcinj.com\/blog\/wp-json\/wp\/v2\/posts\/57383\/revisions"}],"predecessor-version":[{"id":57387,"href":"https:\/\/www.visit-ulcinj.com\/blog\/wp-json\/wp\/v2\/posts\/57383\/revisions\/57387"}],"wp:attachment":[{"href":"https:\/\/www.visit-ulcinj.com\/blog\/wp-json\/wp\/v2\/media?parent=57383"}],"wp:term":[{"taxonomy":"category","embeddable":true,"href":"https:\/\/www.visit-ulcinj.com\/blog\/wp-json\/wp\/v2\/categories?post=57383"},{"taxonomy":"post_tag","embeddable":true,"href":"https:\/\/www.visit-ulcinj.com\/blog\/wp-json\/wp\/v2\/tags?post=57383"}],"curies":[{"name":"wp","href":"https:\/\/api.w.org\/{rel}","templated":true}]}}