{"id":57389,"date":"2012-02-13T20:33:10","date_gmt":"2012-02-13T19:33:10","guid":{"rendered":"http:\/\/www.visit-ulcinj.com\/blog\/?p=57389"},"modified":"2012-02-16T08:15:08","modified_gmt":"2012-02-16T07:15:08","slug":"cungu-aksi-rrugor-sukubine-katerkolle-do-perfundojne-brenda-afateve","status":"publish","type":"post","link":"https:\/\/www.visit-ulcinj.com\/blog\/2012\/02\/13\/cungu-aksi-rrugor-sukubine-katerkolle-do-perfundojne-brenda-afateve\/","title":{"rendered":"Cungu: Aksi rrugor Sukubin\u00eb &#8211; Kat\u00ebrkoll\u00eb do p\u00ebrfundojn\u00eb brenda afateve"},"content":{"rendered":"<p><a href=\"http:\/\/www.visit-ulcinj.com\/blog\/wp-content\/uploads\/2012\/02\/Nazif-Cungu-ne-Aksin-rrugor-Sukubin\u00eb-Kat\u00ebrkoll\u00eb-.jpg\"><img loading=\"lazy\" class=\"alignleft size-full wp-image-57390\" title=\"Nazif Cungu ne Aksin rrugor Sukubin\u00eb - Kat\u00ebrkoll\u00eb\" src=\"http:\/\/www.visit-ulcinj.com\/blog\/wp-content\/uploads\/2012\/02\/Nazif-Cungu-ne-Aksin-rrugor-Sukubin\u00eb-Kat\u00ebrkoll\u00eb-.jpg\" alt=\"\" width=\"508\" height=\"302\" srcset=\"https:\/\/www.visit-ulcinj.com\/blog\/wp-content\/uploads\/2012\/02\/Nazif-Cungu-ne-Aksin-rrugor-Sukubin\u00eb-Kat\u00ebrkoll\u00eb-.jpg 508w, https:\/\/www.visit-ulcinj.com\/blog\/wp-content\/uploads\/2012\/02\/Nazif-Cungu-ne-Aksin-rrugor-Sukubin\u00eb-Kat\u00ebrkoll\u00eb--300x178.jpg 300w\" sizes=\"(max-width: 508px) 100vw, 508px\" \/><\/a>Punimet n\u00eb aksin rrugor Sukubin\u00eb &#8211; Kat\u00ebrkoll\u00eb,nuk jan\u00eb duke ecur sipas parashikimeve q\u00eb komuna e Ulqinit i kishte b\u00ebr\u00eb, n\u00eb fakt ato duhet intensifikuar, sepse edhe moti i keq nuk i ka ndihmuar koh\u00ebve t\u00eb fundit.<\/p>\n<p>Kryetari i Ulqinit Nazif Cungu u shpreh para kamerave se \u201cPlani i pun\u00ebs n\u00eb nj\u00eb terren kaq t\u00eb gjer\u00eb, sigurisht ka v\u00ebshtir\u00ebsit\u00eb e tij teknike, por un\u00eb nuk mendoj q\u00eb ka pengesa. Ka nj\u00eb ecuri, e cila na b\u00ebn optimist\u00eb q\u00eb ta p\u00ebrfundojm\u00eb brenda afateve q\u00eb ishin parashikuar me kontrat\u00eb deri me 15 qershor\u00eb.Tani ne flasim p\u00ebr hapjen p\u00ebr seksionin e par\u00eb, kurse faza e dyt\u00eb parashifet t\u00eb kryhet para afatit t\u00eb parashikuar n\u00eb kontrat\u00eb, e cila parashihte q\u00eb k\u00ebto seksione t\u00eb hapen m\u00eb 2013\u201d.<\/p>\n<p>Ju ftojm\u00eb ta ndiqni reportazhin e ber\u00eb\u00a0 nga gazetari i TVT z.G\u00ebzim Ibro\u00e7i,ku para disa dit\u00ebv\u00eb realizoi nj\u00eb kronik\u00eb m\u00eb t\u00eb holl\u00ebsishme.<\/p>\n<p><strong>VIDEO TV TEUTA ULQIN<\/strong><\/p>\n<!--YouTube Error: bad URL entered-->\n","protected":false},"excerpt":{"rendered":"<p>Punimet n\u00eb aksin rrugor Sukubin\u00eb &#8211; Kat\u00ebrkoll\u00eb,nuk jan\u00eb duke ecur sipas parashikimeve q\u00eb komuna e Ulqinit i kishte b\u00ebr\u00eb, n\u00eb fakt ato duhet intensifikuar, sepse edhe moti i keq nuk i ka ndihmuar koh\u00ebve t\u00eb fundit. Kryetari i Ulqinit Nazif Cungu u shpreh para kamerave se \u201cPlani i pun\u00ebs n\u00eb nj\u00eb terren kaq t\u00eb gjer\u00eb, [&hellip;]<\/p>\n","protected":false},"author":1,"featured_media":0,"comment_status":"open","ping_status":"closed","sticky":false,"template":"","format":"standard","meta":{"spay_email":"","jetpack_publicize_message":"","jetpack_is_tweetstorm":false,"jetpack_publicize_feature_enabled":true},"categories":[10,1],"tags":[220,20051,2088,200,18],"jetpack_publicize_connections":[],"yoast_head":"<!-- This site is optimized with the Yoast SEO plugin v19.1 - https:\/\/yoast.com\/wordpress\/plugins\/seo\/ -->\n<title>Cungu: Aksi rrugor Sukubin\u00eb - Kat\u00ebrkoll\u00eb do p\u00ebrfundojn\u00eb brenda afateve - Lajme nga Ulqini<\/title>\n<meta name=\"description\" content=\"Punimet n\u00eb aksin rrugor Sukubin\u00eb - Kat\u00ebrkoll\u00eb,nuk jan\u00eb duke ecur sipas parashikimeve q\u00eb komuna e Ulqinit i kishte b\u00ebr\u00eb, n\u00eb fakt ato duhet intensifikuar,\" \/>\n<meta name=\"robots\" content=\"index, follow, max-snippet:-1, max-image-preview:large, max-video-preview:-1\" \/>\n<link rel=\"canonical\" href=\"https:\/\/www.visit-ulcinj.com\/blog\/2012\/02\/13\/cungu-aksi-rrugor-sukubine-katerkolle-do-perfundojne-brenda-afateve\/\" \/>\n<meta property=\"og:locale\" content=\"en_US\" \/>\n<meta property=\"og:type\" content=\"article\" \/>\n<meta property=\"og:title\" content=\"Cungu: Aksi rrugor Sukubin\u00eb - Kat\u00ebrkoll\u00eb do p\u00ebrfundojn\u00eb brenda afateve - Lajme nga Ulqini\" \/>\n<meta property=\"og:description\" content=\"Punimet n\u00eb aksin rrugor Sukubin\u00eb - Kat\u00ebrkoll\u00eb,nuk jan\u00eb duke ecur sipas parashikimeve q\u00eb komuna e Ulqinit i kishte b\u00ebr\u00eb, n\u00eb fakt ato duhet intensifikuar,\" \/>\n<meta property=\"og:url\" content=\"https:\/\/www.visit-ulcinj.com\/blog\/2012\/02\/13\/cungu-aksi-rrugor-sukubine-katerkolle-do-perfundojne-brenda-afateve\/\" \/>\n<meta property=\"og:site_name\" content=\"Lajme nga Ulqini\" \/>\n<meta property=\"article:published_time\" content=\"2012-02-13T19:33:10+00:00\" \/>\n<meta property=\"article:modified_time\" content=\"2012-02-16T07:15:08+00:00\" \/>\n<meta name=\"twitter:label1\" content=\"Written by\" \/>\n\t<meta name=\"twitter:data1\" content=\"ulqini\" \/>\n\t<meta name=\"twitter:label2\" content=\"Est. reading time\" \/>\n\t<meta name=\"twitter:data2\" content=\"1 minute\" \/>\n<script type=\"application\/ld+json\" class=\"yoast-schema-graph\">{\"@context\":\"https:\/\/schema.org\",\"@graph\":[{\"@type\":\"WebSite\",\"@id\":\"https:\/\/www.visit-ulcinj.com\/blog\/#website\",\"url\":\"https:\/\/www.visit-ulcinj.com\/blog\/\",\"name\":\"Lajme nga Ulqini\",\"description\":\"Lajme,Vijesti,Ulqini,Ulqin,Crna Gora,Mali i Zi\",\"potentialAction\":[{\"@type\":\"SearchAction\",\"target\":{\"@type\":\"EntryPoint\",\"urlTemplate\":\"https:\/\/www.visit-ulcinj.com\/blog\/?s={search_term_string}\"},\"query-input\":\"required name=search_term_string\"}],\"inLanguage\":\"en-US\"},{\"@type\":\"WebPage\",\"@id\":\"https:\/\/www.visit-ulcinj.com\/blog\/2012\/02\/13\/cungu-aksi-rrugor-sukubine-katerkolle-do-perfundojne-brenda-afateve\/#webpage\",\"url\":\"https:\/\/www.visit-ulcinj.com\/blog\/2012\/02\/13\/cungu-aksi-rrugor-sukubine-katerkolle-do-perfundojne-brenda-afateve\/\",\"name\":\"Cungu: Aksi rrugor Sukubin\u00eb - Kat\u00ebrkoll\u00eb do p\u00ebrfundojn\u00eb brenda afateve - Lajme nga Ulqini\",\"isPartOf\":{\"@id\":\"https:\/\/www.visit-ulcinj.com\/blog\/#website\"},\"datePublished\":\"2012-02-13T19:33:10+00:00\",\"dateModified\":\"2012-02-16T07:15:08+00:00\",\"author\":{\"@id\":\"https:\/\/www.visit-ulcinj.com\/blog\/#\/schema\/person\/dcab619c614d3038751c63bc2aadc06d\"},\"description\":\"Punimet n\u00eb aksin rrugor Sukubin\u00eb - Kat\u00ebrkoll\u00eb,nuk jan\u00eb duke ecur sipas parashikimeve q\u00eb komuna e Ulqinit i kishte b\u00ebr\u00eb, n\u00eb fakt ato duhet intensifikuar,\",\"breadcrumb\":{\"@id\":\"https:\/\/www.visit-ulcinj.com\/blog\/2012\/02\/13\/cungu-aksi-rrugor-sukubine-katerkolle-do-perfundojne-brenda-afateve\/#breadcrumb\"},\"inLanguage\":\"en-US\",\"potentialAction\":[{\"@type\":\"ReadAction\",\"target\":[\"https:\/\/www.visit-ulcinj.com\/blog\/2012\/02\/13\/cungu-aksi-rrugor-sukubine-katerkolle-do-perfundojne-brenda-afateve\/\"]}]},{\"@type\":\"BreadcrumbList\",\"@id\":\"https:\/\/www.visit-ulcinj.com\/blog\/2012\/02\/13\/cungu-aksi-rrugor-sukubine-katerkolle-do-perfundojne-brenda-afateve\/#breadcrumb\",\"itemListElement\":[{\"@type\":\"ListItem\",\"position\":1,\"name\":\"Cungu: Aksi rrugor Sukubin\u00eb &#8211; Kat\u00ebrkoll\u00eb do p\u00ebrfundojn\u00eb brenda afateve\"}]},{\"@type\":\"Person\",\"@id\":\"https:\/\/www.visit-ulcinj.com\/blog\/#\/schema\/person\/dcab619c614d3038751c63bc2aadc06d\",\"name\":\"ulqini\",\"sameAs\":[\"http:\/\/www.visit-ulcinj.com\"],\"url\":\"https:\/\/www.visit-ulcinj.com\/blog\/author\/admin\/\"}]}<\/script>\n<!-- \/ Yoast SEO plugin. -->","yoast_head_json":{"title":"Cungu: Aksi rrugor Sukubin\u00eb - Kat\u00ebrkoll\u00eb do p\u00ebrfundojn\u00eb brenda afateve - Lajme nga Ulqini","description":"Punimet n\u00eb aksin rrugor Sukubin\u00eb - Kat\u00ebrkoll\u00eb,nuk jan\u00eb duke ecur sipas parashikimeve q\u00eb komuna e Ulqinit i kishte b\u00ebr\u00eb, n\u00eb fakt ato duhet intensifikuar,","robots":{"index":"index","follow":"follow","max-snippet":"max-snippet:-1","max-image-preview":"max-image-preview:large","max-video-preview":"max-video-preview:-1"},"canonical":"https:\/\/www.visit-ulcinj.com\/blog\/2012\/02\/13\/cungu-aksi-rrugor-sukubine-katerkolle-do-perfundojne-brenda-afateve\/","og_locale":"en_US","og_type":"article","og_title":"Cungu: Aksi rrugor Sukubin\u00eb - Kat\u00ebrkoll\u00eb do p\u00ebrfundojn\u00eb brenda afateve - Lajme nga Ulqini","og_description":"Punimet n\u00eb aksin rrugor Sukubin\u00eb - Kat\u00ebrkoll\u00eb,nuk jan\u00eb duke ecur sipas parashikimeve q\u00eb komuna e Ulqinit i kishte b\u00ebr\u00eb, n\u00eb fakt ato duhet intensifikuar,","og_url":"https:\/\/www.visit-ulcinj.com\/blog\/2012\/02\/13\/cungu-aksi-rrugor-sukubine-katerkolle-do-perfundojne-brenda-afateve\/","og_site_name":"Lajme nga Ulqini","article_published_time":"2012-02-13T19:33:10+00:00","article_modified_time":"2012-02-16T07:15:08+00:00","twitter_misc":{"Written by":"ulqini","Est. reading time":"1 minute"},"schema":{"@context":"https:\/\/schema.org","@graph":[{"@type":"WebSite","@id":"https:\/\/www.visit-ulcinj.com\/blog\/#website","url":"https:\/\/www.visit-ulcinj.com\/blog\/","name":"Lajme nga Ulqini","description":"Lajme,Vijesti,Ulqini,Ulqin,Crna Gora,Mali i Zi","potentialAction":[{"@type":"SearchAction","target":{"@type":"EntryPoint","urlTemplate":"https:\/\/www.visit-ulcinj.com\/blog\/?s={search_term_string}"},"query-input":"required name=search_term_string"}],"inLanguage":"en-US"},{"@type":"WebPage","@id":"https:\/\/www.visit-ulcinj.com\/blog\/2012\/02\/13\/cungu-aksi-rrugor-sukubine-katerkolle-do-perfundojne-brenda-afateve\/#webpage","url":"https:\/\/www.visit-ulcinj.com\/blog\/2012\/02\/13\/cungu-aksi-rrugor-sukubine-katerkolle-do-perfundojne-brenda-afateve\/","name":"Cungu: Aksi rrugor Sukubin\u00eb - Kat\u00ebrkoll\u00eb do p\u00ebrfundojn\u00eb brenda afateve - Lajme nga Ulqini","isPartOf":{"@id":"https:\/\/www.visit-ulcinj.com\/blog\/#website"},"datePublished":"2012-02-13T19:33:10+00:00","dateModified":"2012-02-16T07:15:08+00:00","author":{"@id":"https:\/\/www.visit-ulcinj.com\/blog\/#\/schema\/person\/dcab619c614d3038751c63bc2aadc06d"},"description":"Punimet n\u00eb aksin rrugor Sukubin\u00eb - Kat\u00ebrkoll\u00eb,nuk jan\u00eb duke ecur sipas parashikimeve q\u00eb komuna e Ulqinit i kishte b\u00ebr\u00eb, n\u00eb fakt ato duhet intensifikuar,","breadcrumb":{"@id":"https:\/\/www.visit-ulcinj.com\/blog\/2012\/02\/13\/cungu-aksi-rrugor-sukubine-katerkolle-do-perfundojne-brenda-afateve\/#breadcrumb"},"inLanguage":"en-US","potentialAction":[{"@type":"ReadAction","target":["https:\/\/www.visit-ulcinj.com\/blog\/2012\/02\/13\/cungu-aksi-rrugor-sukubine-katerkolle-do-perfundojne-brenda-afateve\/"]}]},{"@type":"BreadcrumbList","@id":"https:\/\/www.visit-ulcinj.com\/blog\/2012\/02\/13\/cungu-aksi-rrugor-sukubine-katerkolle-do-perfundojne-brenda-afateve\/#breadcrumb","itemListElement":[{"@type":"ListItem","position":1,"name":"Cungu: Aksi rrugor Sukubin\u00eb &#8211; Kat\u00ebrkoll\u00eb do p\u00ebrfundojn\u00eb brenda afateve"}]},{"@type":"Person","@id":"https:\/\/www.visit-ulcinj.com\/blog\/#\/schema\/person\/dcab619c614d3038751c63bc2aadc06d","name":"ulqini","sameAs":["http:\/\/www.visit-ulcinj.com"],"url":"https:\/\/www.visit-ulcinj.com\/blog\/author\/admin\/"}]}},"jetpack_featured_media_url":"","jetpack_sharing_enabled":true,"jetpack_shortlink":"https:\/\/wp.me\/pe6lTn-eVD","_links":{"self":[{"href":"https:\/\/www.visit-ulcinj.com\/blog\/wp-json\/wp\/v2\/posts\/57389"}],"collection":[{"href":"https:\/\/www.visit-ulcinj.com\/blog\/wp-json\/wp\/v2\/posts"}],"about":[{"href":"https:\/\/www.visit-ulcinj.com\/blog\/wp-json\/wp\/v2\/types\/post"}],"author":[{"embeddable":true,"href":"https:\/\/www.visit-ulcinj.com\/blog\/wp-json\/wp\/v2\/users\/1"}],"replies":[{"embeddable":true,"href":"https:\/\/www.visit-ulcinj.com\/blog\/wp-json\/wp\/v2\/comments?post=57389"}],"version-history":[{"count":4,"href":"https:\/\/www.visit-ulcinj.com\/blog\/wp-json\/wp\/v2\/posts\/57389\/revisions"}],"predecessor-version":[{"id":57394,"href":"https:\/\/www.visit-ulcinj.com\/blog\/wp-json\/wp\/v2\/posts\/57389\/revisions\/57394"}],"wp:attachment":[{"href":"https:\/\/www.visit-ulcinj.com\/blog\/wp-json\/wp\/v2\/media?parent=57389"}],"wp:term":[{"taxonomy":"category","embeddable":true,"href":"https:\/\/www.visit-ulcinj.com\/blog\/wp-json\/wp\/v2\/categories?post=57389"},{"taxonomy":"post_tag","embeddable":true,"href":"https:\/\/www.visit-ulcinj.com\/blog\/wp-json\/wp\/v2\/tags?post=57389"}],"curies":[{"name":"wp","href":"https:\/\/api.w.org\/{rel}","templated":true}]}}