{"id":57411,"date":"2012-02-16T08:10:16","date_gmt":"2012-02-16T07:10:16","guid":{"rendered":"http:\/\/www.visit-ulcinj.com\/blog\/?p=57411"},"modified":"2012-02-20T16:43:51","modified_gmt":"2012-02-20T15:43:51","slug":"mujo-pereziqi-ma-jepni-mua-ate-toke-falas-per-99-vjet-e-une-ju-ndertoj-hotelin-edhe-ma-te-bukur","status":"publish","type":"post","link":"https:\/\/www.visit-ulcinj.com\/blog\/2012\/02\/16\/mujo-pereziqi-ma-jepni-mua-ate-toke-falas-per-99-vjet-e-une-ju-ndertoj-hotelin-edhe-ma-te-bukur\/","title":{"rendered":"Mujo Pereziqi: Ma jepni mua ate toke falas per 99 vjet e une ju ndertoj hotelin edhe ma te bukur"},"content":{"rendered":"<p><a href=\"http:\/\/www.visit-ulcinj.com\/blog\/wp-content\/uploads\/2012\/02\/Mujo-dhe-vajza-Emira-Pereziq.jpg\"><img loading=\"lazy\" class=\"alignleft  wp-image-57468\" title=\"Mujo dhe vajza Emira Pereziq\" src=\"http:\/\/www.visit-ulcinj.com\/blog\/wp-content\/uploads\/2012\/02\/Mujo-dhe-vajza-Emira-Pereziq.jpg\" alt=\"\" width=\"350\" height=\"440\" \/><\/a>Nje iniciative dhe publikim shume i qelluar t\u00eb z.Mujo Pereziqi, Vice President\/General Manager The Kimberly Hotel nga SHBA,duke ofruar ndihmen e tij\u00eb,dmth q\u00eb\u00a0 n\u00eb nj\u00eb menyr apo tjet\u00ebr, qe diaspora e jone e Ulqinit e tregon veten edhe ne investime ne vendlindjen e tyre. Shikuar mbrapa diaspora e jone gjithmone e ka dhene provimin ne te gjitha periudhat, andaj bashkepunimi i dyanshem kishte me qene domosdoshmeri per suksese te medha n\u00eb komun\u00ebn e Ulqinit.<\/p>\n<p>N\u00eb intervist\u00ebn e shkurt\u00eb\u00a0 me Email p\u00ebr Lajme nga Ulqini \u2013 Mujo Pereziqit.<\/p>\n<p><strong>Pyetja: &#8220;Kurse mendimi i jot ne forum eshte i sinqert:Ma jepni mua ate toke falas per 99 vjet e une ju ndertoj hotelin edhe ma te bukur. U garantoj punesimin e 300 personave&#8221;.<\/strong><\/p>\n<p><strong>Nga Komentet e Forumit\u00a0:<\/strong><br \/>\nHotelin Jadran e ka ndertu Krajl Nikolla masi ia ashte da Ulqini\/toka falas.<\/p>\n<p>Ma jepni mua ate toke falas per 99 vjet e une ju ndertoj hotelin edhe ma te bukur. U garantoj punesimin e 300 personave.<\/p>\n<p>&nbsp;<\/p>\n<p><strong>Mujo Pereziqi: Tashti per mendimin tim per ndertimin e hotelit ne vendin e ish Jadranit:<\/strong><\/p>\n<p>Gjate 20 viteve ne ket business une kam krijuar miqesi me hotelier nga tere bota, disa prej tyne jane te interesuar te investojne ne Mal te Zi, sidomos ne turizem.<\/p>\n<p>Une hotelin nuk mund ta ndertoj personalisht por une kame mundesi, dijeni dhe lidhje me investitor qe mund ta kryejn ket projekt ne konditat e permenduna ne komentin tim.<\/p>\n<p>Une munde te elaboroj me numra dhe detale tjera financiare dhe per dizajn por me lehte ne gjuhen Angleze.<\/p>\n<p><strong>Mujo Pereziq<\/strong><\/p>\n<p>&nbsp;<\/p>\n<p>Me inciativ\u00ebn e z.Mujo Pereziqit q\u00eb d\u00ebshira e p\u00ebrkushtimit t\u00eb k\u00ebsaj \u00e7estjeje ku shqipetaret nga Ulqini apo nga diku tjet\u00ebr,kan d\u00ebshir\u00eb t\u00eb madhe p\u00ebr investim,sepse Ulqinit \u00a0kishte me i ndihmue shume sepse me te vertete kemi diaspore te madhe dhe shume te fuqishme te cilen edhe nga pak duhet ta orientojme dhe me shume ta ndihmojme per projekte te mira dhe te medha.<\/p>\n<p><strong>Mujo Perezic<\/strong><br \/>\nVice President\/General Manager<br \/>\nThe Kimberly Hotel<br \/>\n145 East 50th Street<br \/>\nNew York, NY 10022<br \/>\n212-702-1612<\/p>\n<p><strong><a href=\"http:\/\/www.kimberlyhotel.com\/\">http:\/\/www.kimberlyhotel.com<\/a><\/strong><br \/>\n<strong> <a href=\"http:\/\/www.upstairsnyc.com\/\">http:\/\/www.upstairsnyc.com<\/a><\/strong><\/p>\n<!--YouTube Error: bad URL entered-->\n<p>&nbsp;<\/p>\n<p>&nbsp;<\/p>\n<p>&nbsp;<\/p>\n","protected":false},"excerpt":{"rendered":"<p>Nje iniciative dhe publikim shume i qelluar t\u00eb z.Mujo Pereziqi, Vice President\/General Manager The Kimberly Hotel nga SHBA,duke ofruar ndihmen e tij\u00eb,dmth q\u00eb\u00a0 n\u00eb nj\u00eb menyr apo tjet\u00ebr, qe diaspora e jone e Ulqinit e tregon veten edhe ne investime ne vendlindjen e tyre. Shikuar mbrapa diaspora e jone gjithmone e ka dhene provimin ne [&hellip;]<\/p>\n","protected":false},"author":1,"featured_media":0,"comment_status":"open","ping_status":"closed","sticky":false,"template":"","format":"standard","meta":{"spay_email":"","jetpack_publicize_message":"","jetpack_is_tweetstorm":false,"jetpack_publicize_feature_enabled":true},"categories":[11],"tags":[20053,20054,20055,8802,200,18],"jetpack_publicize_connections":[],"yoast_head":"<!-- This site is optimized with the Yoast SEO plugin v19.1 - https:\/\/yoast.com\/wordpress\/plugins\/seo\/ -->\n<title>Mujo Pereziqi: Ma jepni mua ate toke falas per 99 vjet e une ju ndertoj hotelin edhe ma te bukur - Lajme nga Ulqini<\/title>\n<meta name=\"description\" content=\"Nje iniciative dhe publikim shume i qelluar t\u00eb z.Mujo Pereziqi, Vice President\/General Manager The Kimberly Hotel nga SHBA,duke ofruar ndihmen e tij\u00eb,dmth\" \/>\n<meta name=\"robots\" content=\"index, follow, max-snippet:-1, max-image-preview:large, max-video-preview:-1\" \/>\n<link rel=\"canonical\" href=\"https:\/\/www.visit-ulcinj.com\/blog\/2012\/02\/16\/mujo-pereziqi-ma-jepni-mua-ate-toke-falas-per-99-vjet-e-une-ju-ndertoj-hotelin-edhe-ma-te-bukur\/\" \/>\n<meta property=\"og:locale\" content=\"en_US\" \/>\n<meta property=\"og:type\" content=\"article\" \/>\n<meta property=\"og:title\" content=\"Mujo Pereziqi: Ma jepni mua ate toke falas per 99 vjet e une ju ndertoj hotelin edhe ma te bukur - Lajme nga Ulqini\" \/>\n<meta property=\"og:description\" content=\"Nje iniciative dhe publikim shume i qelluar t\u00eb z.Mujo Pereziqi, Vice President\/General Manager The Kimberly Hotel nga SHBA,duke ofruar ndihmen e tij\u00eb,dmth\" \/>\n<meta property=\"og:url\" content=\"https:\/\/www.visit-ulcinj.com\/blog\/2012\/02\/16\/mujo-pereziqi-ma-jepni-mua-ate-toke-falas-per-99-vjet-e-une-ju-ndertoj-hotelin-edhe-ma-te-bukur\/\" \/>\n<meta property=\"og:site_name\" content=\"Lajme nga Ulqini\" \/>\n<meta property=\"article:published_time\" content=\"2012-02-16T07:10:16+00:00\" \/>\n<meta property=\"article:modified_time\" content=\"2012-02-20T15:43:51+00:00\" \/>\n<meta property=\"og:image\" content=\"http:\/\/www.visit-ulcinj.com\/blog\/wp-content\/uploads\/2012\/02\/Mujo-dhe-vajza-Emira-Pereziq.jpg\" \/>\n<meta name=\"twitter:label1\" content=\"Written by\" \/>\n\t<meta name=\"twitter:data1\" content=\"ulqini\" \/>\n\t<meta name=\"twitter:label2\" content=\"Est. reading time\" \/>\n\t<meta name=\"twitter:data2\" content=\"2 minutes\" \/>\n<script type=\"application\/ld+json\" class=\"yoast-schema-graph\">{\"@context\":\"https:\/\/schema.org\",\"@graph\":[{\"@type\":\"WebSite\",\"@id\":\"https:\/\/www.visit-ulcinj.com\/blog\/#website\",\"url\":\"https:\/\/www.visit-ulcinj.com\/blog\/\",\"name\":\"Lajme nga Ulqini\",\"description\":\"Lajme,Vijesti,Ulqini,Ulqin,Crna Gora,Mali i Zi\",\"potentialAction\":[{\"@type\":\"SearchAction\",\"target\":{\"@type\":\"EntryPoint\",\"urlTemplate\":\"https:\/\/www.visit-ulcinj.com\/blog\/?s={search_term_string}\"},\"query-input\":\"required name=search_term_string\"}],\"inLanguage\":\"en-US\"},{\"@type\":\"ImageObject\",\"inLanguage\":\"en-US\",\"@id\":\"https:\/\/www.visit-ulcinj.com\/blog\/2012\/02\/16\/mujo-pereziqi-ma-jepni-mua-ate-toke-falas-per-99-vjet-e-une-ju-ndertoj-hotelin-edhe-ma-te-bukur\/#primaryimage\",\"url\":\"https:\/\/www.visit-ulcinj.com\/blog\/wp-content\/uploads\/2012\/02\/Mujo-dhe-vajza-Emira-Pereziq.jpg\",\"contentUrl\":\"https:\/\/www.visit-ulcinj.com\/blog\/wp-content\/uploads\/2012\/02\/Mujo-dhe-vajza-Emira-Pereziq.jpg\",\"width\":\"774\",\"height\":\"1032\"},{\"@type\":\"WebPage\",\"@id\":\"https:\/\/www.visit-ulcinj.com\/blog\/2012\/02\/16\/mujo-pereziqi-ma-jepni-mua-ate-toke-falas-per-99-vjet-e-une-ju-ndertoj-hotelin-edhe-ma-te-bukur\/#webpage\",\"url\":\"https:\/\/www.visit-ulcinj.com\/blog\/2012\/02\/16\/mujo-pereziqi-ma-jepni-mua-ate-toke-falas-per-99-vjet-e-une-ju-ndertoj-hotelin-edhe-ma-te-bukur\/\",\"name\":\"Mujo Pereziqi: Ma jepni mua ate toke falas per 99 vjet e une ju ndertoj hotelin edhe ma te bukur - Lajme nga Ulqini\",\"isPartOf\":{\"@id\":\"https:\/\/www.visit-ulcinj.com\/blog\/#website\"},\"primaryImageOfPage\":{\"@id\":\"https:\/\/www.visit-ulcinj.com\/blog\/2012\/02\/16\/mujo-pereziqi-ma-jepni-mua-ate-toke-falas-per-99-vjet-e-une-ju-ndertoj-hotelin-edhe-ma-te-bukur\/#primaryimage\"},\"datePublished\":\"2012-02-16T07:10:16+00:00\",\"dateModified\":\"2012-02-20T15:43:51+00:00\",\"author\":{\"@id\":\"https:\/\/www.visit-ulcinj.com\/blog\/#\/schema\/person\/dcab619c614d3038751c63bc2aadc06d\"},\"description\":\"Nje iniciative dhe publikim shume i qelluar t\u00eb z.Mujo Pereziqi, Vice President\/General Manager The Kimberly Hotel nga SHBA,duke ofruar ndihmen e tij\u00eb,dmth\",\"breadcrumb\":{\"@id\":\"https:\/\/www.visit-ulcinj.com\/blog\/2012\/02\/16\/mujo-pereziqi-ma-jepni-mua-ate-toke-falas-per-99-vjet-e-une-ju-ndertoj-hotelin-edhe-ma-te-bukur\/#breadcrumb\"},\"inLanguage\":\"en-US\",\"potentialAction\":[{\"@type\":\"ReadAction\",\"target\":[\"https:\/\/www.visit-ulcinj.com\/blog\/2012\/02\/16\/mujo-pereziqi-ma-jepni-mua-ate-toke-falas-per-99-vjet-e-une-ju-ndertoj-hotelin-edhe-ma-te-bukur\/\"]}]},{\"@type\":\"BreadcrumbList\",\"@id\":\"https:\/\/www.visit-ulcinj.com\/blog\/2012\/02\/16\/mujo-pereziqi-ma-jepni-mua-ate-toke-falas-per-99-vjet-e-une-ju-ndertoj-hotelin-edhe-ma-te-bukur\/#breadcrumb\",\"itemListElement\":[{\"@type\":\"ListItem\",\"position\":1,\"name\":\"Mujo Pereziqi: Ma jepni mua ate toke falas per 99 vjet e une ju ndertoj hotelin edhe ma te bukur\"}]},{\"@type\":\"Person\",\"@id\":\"https:\/\/www.visit-ulcinj.com\/blog\/#\/schema\/person\/dcab619c614d3038751c63bc2aadc06d\",\"name\":\"ulqini\",\"sameAs\":[\"http:\/\/www.visit-ulcinj.com\"],\"url\":\"https:\/\/www.visit-ulcinj.com\/blog\/author\/admin\/\"}]}<\/script>\n<!-- \/ Yoast SEO plugin. -->","yoast_head_json":{"title":"Mujo Pereziqi: Ma jepni mua ate toke falas per 99 vjet e une ju ndertoj hotelin edhe ma te bukur - Lajme nga Ulqini","description":"Nje iniciative dhe publikim shume i qelluar t\u00eb z.Mujo Pereziqi, Vice President\/General Manager The Kimberly Hotel nga SHBA,duke ofruar ndihmen e tij\u00eb,dmth","robots":{"index":"index","follow":"follow","max-snippet":"max-snippet:-1","max-image-preview":"max-image-preview:large","max-video-preview":"max-video-preview:-1"},"canonical":"https:\/\/www.visit-ulcinj.com\/blog\/2012\/02\/16\/mujo-pereziqi-ma-jepni-mua-ate-toke-falas-per-99-vjet-e-une-ju-ndertoj-hotelin-edhe-ma-te-bukur\/","og_locale":"en_US","og_type":"article","og_title":"Mujo Pereziqi: Ma jepni mua ate toke falas per 99 vjet e une ju ndertoj hotelin edhe ma te bukur - Lajme nga Ulqini","og_description":"Nje iniciative dhe publikim shume i qelluar t\u00eb z.Mujo Pereziqi, Vice President\/General Manager The Kimberly Hotel nga SHBA,duke ofruar ndihmen e tij\u00eb,dmth","og_url":"https:\/\/www.visit-ulcinj.com\/blog\/2012\/02\/16\/mujo-pereziqi-ma-jepni-mua-ate-toke-falas-per-99-vjet-e-une-ju-ndertoj-hotelin-edhe-ma-te-bukur\/","og_site_name":"Lajme nga Ulqini","article_published_time":"2012-02-16T07:10:16+00:00","article_modified_time":"2012-02-20T15:43:51+00:00","og_image":[{"url":"http:\/\/www.visit-ulcinj.com\/blog\/wp-content\/uploads\/2012\/02\/Mujo-dhe-vajza-Emira-Pereziq.jpg"}],"twitter_misc":{"Written by":"ulqini","Est. reading time":"2 minutes"},"schema":{"@context":"https:\/\/schema.org","@graph":[{"@type":"WebSite","@id":"https:\/\/www.visit-ulcinj.com\/blog\/#website","url":"https:\/\/www.visit-ulcinj.com\/blog\/","name":"Lajme nga Ulqini","description":"Lajme,Vijesti,Ulqini,Ulqin,Crna Gora,Mali i Zi","potentialAction":[{"@type":"SearchAction","target":{"@type":"EntryPoint","urlTemplate":"https:\/\/www.visit-ulcinj.com\/blog\/?s={search_term_string}"},"query-input":"required name=search_term_string"}],"inLanguage":"en-US"},{"@type":"ImageObject","inLanguage":"en-US","@id":"https:\/\/www.visit-ulcinj.com\/blog\/2012\/02\/16\/mujo-pereziqi-ma-jepni-mua-ate-toke-falas-per-99-vjet-e-une-ju-ndertoj-hotelin-edhe-ma-te-bukur\/#primaryimage","url":"https:\/\/www.visit-ulcinj.com\/blog\/wp-content\/uploads\/2012\/02\/Mujo-dhe-vajza-Emira-Pereziq.jpg","contentUrl":"https:\/\/www.visit-ulcinj.com\/blog\/wp-content\/uploads\/2012\/02\/Mujo-dhe-vajza-Emira-Pereziq.jpg","width":"774","height":"1032"},{"@type":"WebPage","@id":"https:\/\/www.visit-ulcinj.com\/blog\/2012\/02\/16\/mujo-pereziqi-ma-jepni-mua-ate-toke-falas-per-99-vjet-e-une-ju-ndertoj-hotelin-edhe-ma-te-bukur\/#webpage","url":"https:\/\/www.visit-ulcinj.com\/blog\/2012\/02\/16\/mujo-pereziqi-ma-jepni-mua-ate-toke-falas-per-99-vjet-e-une-ju-ndertoj-hotelin-edhe-ma-te-bukur\/","name":"Mujo Pereziqi: Ma jepni mua ate toke falas per 99 vjet e une ju ndertoj hotelin edhe ma te bukur - Lajme nga Ulqini","isPartOf":{"@id":"https:\/\/www.visit-ulcinj.com\/blog\/#website"},"primaryImageOfPage":{"@id":"https:\/\/www.visit-ulcinj.com\/blog\/2012\/02\/16\/mujo-pereziqi-ma-jepni-mua-ate-toke-falas-per-99-vjet-e-une-ju-ndertoj-hotelin-edhe-ma-te-bukur\/#primaryimage"},"datePublished":"2012-02-16T07:10:16+00:00","dateModified":"2012-02-20T15:43:51+00:00","author":{"@id":"https:\/\/www.visit-ulcinj.com\/blog\/#\/schema\/person\/dcab619c614d3038751c63bc2aadc06d"},"description":"Nje iniciative dhe publikim shume i qelluar t\u00eb z.Mujo Pereziqi, Vice President\/General Manager The Kimberly Hotel nga SHBA,duke ofruar ndihmen e tij\u00eb,dmth","breadcrumb":{"@id":"https:\/\/www.visit-ulcinj.com\/blog\/2012\/02\/16\/mujo-pereziqi-ma-jepni-mua-ate-toke-falas-per-99-vjet-e-une-ju-ndertoj-hotelin-edhe-ma-te-bukur\/#breadcrumb"},"inLanguage":"en-US","potentialAction":[{"@type":"ReadAction","target":["https:\/\/www.visit-ulcinj.com\/blog\/2012\/02\/16\/mujo-pereziqi-ma-jepni-mua-ate-toke-falas-per-99-vjet-e-une-ju-ndertoj-hotelin-edhe-ma-te-bukur\/"]}]},{"@type":"BreadcrumbList","@id":"https:\/\/www.visit-ulcinj.com\/blog\/2012\/02\/16\/mujo-pereziqi-ma-jepni-mua-ate-toke-falas-per-99-vjet-e-une-ju-ndertoj-hotelin-edhe-ma-te-bukur\/#breadcrumb","itemListElement":[{"@type":"ListItem","position":1,"name":"Mujo Pereziqi: Ma jepni mua ate toke falas per 99 vjet e une ju ndertoj hotelin edhe ma te bukur"}]},{"@type":"Person","@id":"https:\/\/www.visit-ulcinj.com\/blog\/#\/schema\/person\/dcab619c614d3038751c63bc2aadc06d","name":"ulqini","sameAs":["http:\/\/www.visit-ulcinj.com"],"url":"https:\/\/www.visit-ulcinj.com\/blog\/author\/admin\/"}]}},"jetpack_featured_media_url":"","jetpack_sharing_enabled":true,"jetpack_shortlink":"https:\/\/wp.me\/pe6lTn-eVZ","_links":{"self":[{"href":"https:\/\/www.visit-ulcinj.com\/blog\/wp-json\/wp\/v2\/posts\/57411"}],"collection":[{"href":"https:\/\/www.visit-ulcinj.com\/blog\/wp-json\/wp\/v2\/posts"}],"about":[{"href":"https:\/\/www.visit-ulcinj.com\/blog\/wp-json\/wp\/v2\/types\/post"}],"author":[{"embeddable":true,"href":"https:\/\/www.visit-ulcinj.com\/blog\/wp-json\/wp\/v2\/users\/1"}],"replies":[{"embeddable":true,"href":"https:\/\/www.visit-ulcinj.com\/blog\/wp-json\/wp\/v2\/comments?post=57411"}],"version-history":[{"count":12,"href":"https:\/\/www.visit-ulcinj.com\/blog\/wp-json\/wp\/v2\/posts\/57411\/revisions"}],"predecessor-version":[{"id":57558,"href":"https:\/\/www.visit-ulcinj.com\/blog\/wp-json\/wp\/v2\/posts\/57411\/revisions\/57558"}],"wp:attachment":[{"href":"https:\/\/www.visit-ulcinj.com\/blog\/wp-json\/wp\/v2\/media?parent=57411"}],"wp:term":[{"taxonomy":"category","embeddable":true,"href":"https:\/\/www.visit-ulcinj.com\/blog\/wp-json\/wp\/v2\/categories?post=57411"},{"taxonomy":"post_tag","embeddable":true,"href":"https:\/\/www.visit-ulcinj.com\/blog\/wp-json\/wp\/v2\/tags?post=57411"}],"curies":[{"name":"wp","href":"https:\/\/api.w.org\/{rel}","templated":true}]}}