{"id":57430,"date":"2012-02-16T09:14:57","date_gmt":"2012-02-16T08:14:57","guid":{"rendered":"http:\/\/www.visit-ulcinj.com\/blog\/?p=57430"},"modified":"2012-02-16T09:14:57","modified_gmt":"2012-02-16T08:14:57","slug":"linda-halimi-eshte-fejuar-me-reperin-big-d","status":"publish","type":"post","link":"https:\/\/www.visit-ulcinj.com\/blog\/2012\/02\/16\/linda-halimi-eshte-fejuar-me-reperin-big-d\/","title":{"rendered":"Linda Halimi \u00ebsht\u00eb fejuar me reperin Big D"},"content":{"rendered":"<p><a href=\"http:\/\/www.visit-ulcinj.com\/blog\/wp-content\/uploads\/2012\/02\/Linda-Halimi-\u00ebsht\u00eb-fejuar-me-reperin-Big-D.jpg\"><img loading=\"lazy\" class=\"alignleft  wp-image-57431\" title=\"Linda Halimi \u00ebsht\u00eb fejuar me reperin Big D\" src=\"http:\/\/www.visit-ulcinj.com\/blog\/wp-content\/uploads\/2012\/02\/Linda-Halimi-\u00ebsht\u00eb-fejuar-me-reperin-Big-D.jpg\" alt=\"\" width=\"508\" height=\"600\" \/><\/a>Gazeta \u201cKosova Sot\u201d,\u00a0publikoi e para e lajmin me disa burime se k\u00ebng\u00ebtarja kosovare Linda Halimi \u00ebsht\u00eb e lidhur me reperin Big D. Vajza u mundua ta mohoj\u00eb, nd\u00ebrsa dje ajo e ka v\u00ebn\u00eb n\u00eb gisht unaz\u00ebn \u2013 simbol i dashuris\u00eb n\u00eb Dit\u00ebn e t\u00eb Dashuruarve.<\/p>\n<p>Linda nuk do t\u00eb tregoj\u00eb se me k\u00eb n\u00eb Facebokun e saj, nd\u00ebrsa ne k\u00ebrcyem p\u00ebr ta par\u00eb n\u00eb portalin e reperit me ngjyr\u00eb, Big D, edhe ai e kishte v\u00ebn\u00eb po m\u00eb 14 Shkurt se \u00ebsht\u00eb fejuar.<\/p>\n<p>At\u00ebher\u00eb barazimi yn\u00eb del se k\u00ebng\u00ebtarja me z\u00ebrin e ve\u00e7ant\u00eb \u00ebsht\u00eb fejuar pik\u00ebrisht me reperin Big D. Ne i urojm\u00eb lumturi dhe p\u00ebr ne ata t\u00eb dy shkojn\u00eb si \u00e7ift, apo jo?<\/p>\n<p><strong>Maksim Gjokaj<\/strong><br \/>\n<strong> Kosova Sot<br \/>\n<br \/>\n<!--YouTube Error: bad URL entered--><\/p>\n<p><\/strong><\/p>\n","protected":false},"excerpt":{"rendered":"<p>Gazeta \u201cKosova Sot\u201d,\u00a0publikoi e para e lajmin me disa burime se k\u00ebng\u00ebtarja kosovare Linda Halimi \u00ebsht\u00eb e lidhur me reperin Big D. Vajza u mundua ta mohoj\u00eb, nd\u00ebrsa dje ajo e ka v\u00ebn\u00eb n\u00eb gisht unaz\u00ebn \u2013 simbol i dashuris\u00eb n\u00eb Dit\u00ebn e t\u00eb Dashuruarve. Linda nuk do t\u00eb tregoj\u00eb se me k\u00eb n\u00eb Facebokun [&hellip;]<\/p>\n","protected":false},"author":1,"featured_media":0,"comment_status":"open","ping_status":"closed","sticky":false,"template":"","format":"standard","meta":{"spay_email":"","jetpack_publicize_message":"","jetpack_is_tweetstorm":false,"jetpack_publicize_feature_enabled":true},"categories":[1],"tags":[19677,19806,16036,19514,16376,19511,6693,19460],"jetpack_publicize_connections":[],"yoast_head":"<!-- This site is optimized with the Yoast SEO plugin v19.1 - https:\/\/yoast.com\/wordpress\/plugins\/seo\/ -->\n<title>Linda Halimi \u00ebsht\u00eb fejuar me reperin Big D - Lajme nga Ulqini<\/title>\n<meta name=\"description\" content=\"Gazeta \u201cKosova Sot\u201d,\u00a0publikoi e para e lajmin me disa burime se k\u00ebng\u00ebtarja kosovare Linda Halimi \u00ebsht\u00eb e lidhur me reperin Big D. Vajza u mundua ta\" \/>\n<meta name=\"robots\" content=\"index, follow, max-snippet:-1, max-image-preview:large, max-video-preview:-1\" \/>\n<link rel=\"canonical\" href=\"https:\/\/www.visit-ulcinj.com\/blog\/2012\/02\/16\/linda-halimi-eshte-fejuar-me-reperin-big-d\/\" \/>\n<meta property=\"og:locale\" content=\"en_US\" \/>\n<meta property=\"og:type\" content=\"article\" \/>\n<meta property=\"og:title\" content=\"Linda Halimi \u00ebsht\u00eb fejuar me reperin Big D - Lajme nga Ulqini\" \/>\n<meta property=\"og:description\" content=\"Gazeta \u201cKosova Sot\u201d,\u00a0publikoi e para e lajmin me disa burime se k\u00ebng\u00ebtarja kosovare Linda Halimi \u00ebsht\u00eb e lidhur me reperin Big D. Vajza u mundua ta\" \/>\n<meta property=\"og:url\" content=\"https:\/\/www.visit-ulcinj.com\/blog\/2012\/02\/16\/linda-halimi-eshte-fejuar-me-reperin-big-d\/\" \/>\n<meta property=\"og:site_name\" content=\"Lajme nga Ulqini\" \/>\n<meta property=\"article:published_time\" content=\"2012-02-16T08:14:57+00:00\" \/>\n<meta property=\"og:image\" content=\"https:\/\/www.visit-ulcinj.com\/blog\/wp-content\/uploads\/2012\/02\/Linda-Halimi-\u00ebsht\u00eb-fejuar-me-reperin-Big-D-150x150.jpg\" \/>\n<meta name=\"twitter:label1\" content=\"Written by\" \/>\n\t<meta name=\"twitter:data1\" content=\"ulqini\" \/>\n\t<meta name=\"twitter:label2\" content=\"Est. reading time\" \/>\n\t<meta name=\"twitter:data2\" content=\"1 minute\" \/>\n<script type=\"application\/ld+json\" class=\"yoast-schema-graph\">{\"@context\":\"https:\/\/schema.org\",\"@graph\":[{\"@type\":\"WebSite\",\"@id\":\"https:\/\/www.visit-ulcinj.com\/blog\/#website\",\"url\":\"https:\/\/www.visit-ulcinj.com\/blog\/\",\"name\":\"Lajme nga Ulqini\",\"description\":\"Lajme,Vijesti,Ulqini,Ulqin,Crna Gora,Mali i Zi\",\"potentialAction\":[{\"@type\":\"SearchAction\",\"target\":{\"@type\":\"EntryPoint\",\"urlTemplate\":\"https:\/\/www.visit-ulcinj.com\/blog\/?s={search_term_string}\"},\"query-input\":\"required name=search_term_string\"}],\"inLanguage\":\"en-US\"},{\"@type\":\"WebPage\",\"@id\":\"https:\/\/www.visit-ulcinj.com\/blog\/2012\/02\/16\/linda-halimi-eshte-fejuar-me-reperin-big-d\/#webpage\",\"url\":\"https:\/\/www.visit-ulcinj.com\/blog\/2012\/02\/16\/linda-halimi-eshte-fejuar-me-reperin-big-d\/\",\"name\":\"Linda Halimi \u00ebsht\u00eb fejuar me reperin Big D - Lajme nga Ulqini\",\"isPartOf\":{\"@id\":\"https:\/\/www.visit-ulcinj.com\/blog\/#website\"},\"datePublished\":\"2012-02-16T08:14:57+00:00\",\"dateModified\":\"2012-02-16T08:14:57+00:00\",\"author\":{\"@id\":\"https:\/\/www.visit-ulcinj.com\/blog\/#\/schema\/person\/dcab619c614d3038751c63bc2aadc06d\"},\"description\":\"Gazeta \u201cKosova Sot\u201d,\u00a0publikoi e para e lajmin me disa burime se k\u00ebng\u00ebtarja kosovare Linda Halimi \u00ebsht\u00eb e lidhur me reperin Big D. Vajza u mundua ta\",\"breadcrumb\":{\"@id\":\"https:\/\/www.visit-ulcinj.com\/blog\/2012\/02\/16\/linda-halimi-eshte-fejuar-me-reperin-big-d\/#breadcrumb\"},\"inLanguage\":\"en-US\",\"potentialAction\":[{\"@type\":\"ReadAction\",\"target\":[\"https:\/\/www.visit-ulcinj.com\/blog\/2012\/02\/16\/linda-halimi-eshte-fejuar-me-reperin-big-d\/\"]}]},{\"@type\":\"BreadcrumbList\",\"@id\":\"https:\/\/www.visit-ulcinj.com\/blog\/2012\/02\/16\/linda-halimi-eshte-fejuar-me-reperin-big-d\/#breadcrumb\",\"itemListElement\":[{\"@type\":\"ListItem\",\"position\":1,\"name\":\"Linda Halimi \u00ebsht\u00eb fejuar me reperin Big D\"}]},{\"@type\":\"Person\",\"@id\":\"https:\/\/www.visit-ulcinj.com\/blog\/#\/schema\/person\/dcab619c614d3038751c63bc2aadc06d\",\"name\":\"ulqini\",\"sameAs\":[\"http:\/\/www.visit-ulcinj.com\"],\"url\":\"https:\/\/www.visit-ulcinj.com\/blog\/author\/admin\/\"}]}<\/script>\n<!-- \/ Yoast SEO plugin. -->","yoast_head_json":{"title":"Linda Halimi \u00ebsht\u00eb fejuar me reperin Big D - Lajme nga Ulqini","description":"Gazeta \u201cKosova Sot\u201d,\u00a0publikoi e para e lajmin me disa burime se k\u00ebng\u00ebtarja kosovare Linda Halimi \u00ebsht\u00eb e lidhur me reperin Big D. Vajza u mundua ta","robots":{"index":"index","follow":"follow","max-snippet":"max-snippet:-1","max-image-preview":"max-image-preview:large","max-video-preview":"max-video-preview:-1"},"canonical":"https:\/\/www.visit-ulcinj.com\/blog\/2012\/02\/16\/linda-halimi-eshte-fejuar-me-reperin-big-d\/","og_locale":"en_US","og_type":"article","og_title":"Linda Halimi \u00ebsht\u00eb fejuar me reperin Big D - Lajme nga Ulqini","og_description":"Gazeta \u201cKosova Sot\u201d,\u00a0publikoi e para e lajmin me disa burime se k\u00ebng\u00ebtarja kosovare Linda Halimi \u00ebsht\u00eb e lidhur me reperin Big D. Vajza u mundua ta","og_url":"https:\/\/www.visit-ulcinj.com\/blog\/2012\/02\/16\/linda-halimi-eshte-fejuar-me-reperin-big-d\/","og_site_name":"Lajme nga Ulqini","article_published_time":"2012-02-16T08:14:57+00:00","og_image":[{"url":"https:\/\/www.visit-ulcinj.com\/blog\/wp-content\/uploads\/2012\/02\/Linda-Halimi-\u00ebsht\u00eb-fejuar-me-reperin-Big-D-150x150.jpg"}],"twitter_misc":{"Written by":"ulqini","Est. reading time":"1 minute"},"schema":{"@context":"https:\/\/schema.org","@graph":[{"@type":"WebSite","@id":"https:\/\/www.visit-ulcinj.com\/blog\/#website","url":"https:\/\/www.visit-ulcinj.com\/blog\/","name":"Lajme nga Ulqini","description":"Lajme,Vijesti,Ulqini,Ulqin,Crna Gora,Mali i Zi","potentialAction":[{"@type":"SearchAction","target":{"@type":"EntryPoint","urlTemplate":"https:\/\/www.visit-ulcinj.com\/blog\/?s={search_term_string}"},"query-input":"required name=search_term_string"}],"inLanguage":"en-US"},{"@type":"WebPage","@id":"https:\/\/www.visit-ulcinj.com\/blog\/2012\/02\/16\/linda-halimi-eshte-fejuar-me-reperin-big-d\/#webpage","url":"https:\/\/www.visit-ulcinj.com\/blog\/2012\/02\/16\/linda-halimi-eshte-fejuar-me-reperin-big-d\/","name":"Linda Halimi \u00ebsht\u00eb fejuar me reperin Big D - Lajme nga Ulqini","isPartOf":{"@id":"https:\/\/www.visit-ulcinj.com\/blog\/#website"},"datePublished":"2012-02-16T08:14:57+00:00","dateModified":"2012-02-16T08:14:57+00:00","author":{"@id":"https:\/\/www.visit-ulcinj.com\/blog\/#\/schema\/person\/dcab619c614d3038751c63bc2aadc06d"},"description":"Gazeta \u201cKosova Sot\u201d,\u00a0publikoi e para e lajmin me disa burime se k\u00ebng\u00ebtarja kosovare Linda Halimi \u00ebsht\u00eb e lidhur me reperin Big D. Vajza u mundua ta","breadcrumb":{"@id":"https:\/\/www.visit-ulcinj.com\/blog\/2012\/02\/16\/linda-halimi-eshte-fejuar-me-reperin-big-d\/#breadcrumb"},"inLanguage":"en-US","potentialAction":[{"@type":"ReadAction","target":["https:\/\/www.visit-ulcinj.com\/blog\/2012\/02\/16\/linda-halimi-eshte-fejuar-me-reperin-big-d\/"]}]},{"@type":"BreadcrumbList","@id":"https:\/\/www.visit-ulcinj.com\/blog\/2012\/02\/16\/linda-halimi-eshte-fejuar-me-reperin-big-d\/#breadcrumb","itemListElement":[{"@type":"ListItem","position":1,"name":"Linda Halimi \u00ebsht\u00eb fejuar me reperin Big D"}]},{"@type":"Person","@id":"https:\/\/www.visit-ulcinj.com\/blog\/#\/schema\/person\/dcab619c614d3038751c63bc2aadc06d","name":"ulqini","sameAs":["http:\/\/www.visit-ulcinj.com"],"url":"https:\/\/www.visit-ulcinj.com\/blog\/author\/admin\/"}]}},"jetpack_featured_media_url":"","jetpack_sharing_enabled":true,"jetpack_shortlink":"https:\/\/wp.me\/pe6lTn-eWi","_links":{"self":[{"href":"https:\/\/www.visit-ulcinj.com\/blog\/wp-json\/wp\/v2\/posts\/57430"}],"collection":[{"href":"https:\/\/www.visit-ulcinj.com\/blog\/wp-json\/wp\/v2\/posts"}],"about":[{"href":"https:\/\/www.visit-ulcinj.com\/blog\/wp-json\/wp\/v2\/types\/post"}],"author":[{"embeddable":true,"href":"https:\/\/www.visit-ulcinj.com\/blog\/wp-json\/wp\/v2\/users\/1"}],"replies":[{"embeddable":true,"href":"https:\/\/www.visit-ulcinj.com\/blog\/wp-json\/wp\/v2\/comments?post=57430"}],"version-history":[{"count":1,"href":"https:\/\/www.visit-ulcinj.com\/blog\/wp-json\/wp\/v2\/posts\/57430\/revisions"}],"predecessor-version":[{"id":57434,"href":"https:\/\/www.visit-ulcinj.com\/blog\/wp-json\/wp\/v2\/posts\/57430\/revisions\/57434"}],"wp:attachment":[{"href":"https:\/\/www.visit-ulcinj.com\/blog\/wp-json\/wp\/v2\/media?parent=57430"}],"wp:term":[{"taxonomy":"category","embeddable":true,"href":"https:\/\/www.visit-ulcinj.com\/blog\/wp-json\/wp\/v2\/categories?post=57430"},{"taxonomy":"post_tag","embeddable":true,"href":"https:\/\/www.visit-ulcinj.com\/blog\/wp-json\/wp\/v2\/tags?post=57430"}],"curies":[{"name":"wp","href":"https:\/\/api.w.org\/{rel}","templated":true}]}}