{"id":57445,"date":"2012-02-16T10:09:31","date_gmt":"2012-02-16T09:09:31","guid":{"rendered":"http:\/\/www.visit-ulcinj.com\/blog\/?p=57445"},"modified":"2012-02-16T10:09:31","modified_gmt":"2012-02-16T09:09:31","slug":"cfare-i-dhuroi-gjyste-vulaj-bashkeshortit-per-shen-valentinin","status":"publish","type":"post","link":"https:\/\/www.visit-ulcinj.com\/blog\/2012\/02\/16\/cfare-i-dhuroi-gjyste-vulaj-bashkeshortit-per-shen-valentinin\/","title":{"rendered":"\u00c7far\u00eb i dhuroi Gjyste Vulaj bashk\u00ebshortit p\u00ebr Sh\u00ebn Valentinin"},"content":{"rendered":"<p><a href=\"http:\/\/www.visit-ulcinj.com\/blog\/wp-content\/uploads\/2012\/02\/Gjyste-Vulaj-dhurat-bashorti-i-saj.5.jpg\"><img loading=\"lazy\" class=\"alignleft  wp-image-57450\" title=\"Gjyste Vulaj dhurat bashorti i saj.5\" src=\"http:\/\/www.visit-ulcinj.com\/blog\/wp-content\/uploads\/2012\/02\/Gjyste-Vulaj-dhurat-bashorti-i-saj.5.jpg\" alt=\"\" width=\"508\" height=\"600\" \/><\/a>Nj\u00eb nga k\u00ebng\u00ebtaret m\u00eb atraktive n\u00eb muzik\u00ebn shqiptare, e cila n\u00eb \u00e7do moment \u00ebsht\u00eb me bashk\u00ebshortin e saj, fal\u00eb dhe pun\u00ebs s\u00eb p\u00ebrbashk\u00ebt n\u00eb muzik\u00eb, Gjyste Vulaj, tregon p\u00ebr ne Sh\u00ebn Valentinin e saj.\u00a0 \u201cJam m\u00ebsuar t\u00eb fali dashuri, mir\u00ebsjellje, afrim, respekt\u201d, tregoi k\u00ebng\u00ebtarja, megjith\u00ebse d\u00ebshiron q\u00eb \u00e7do person t\u00eb ket\u00eb pran\u00eb nj\u00eb njeri zemre p\u00ebr ta p\u00ebrqafuar at\u00eb \u00e7do dit\u00eb.<\/p>\n<p>Nd\u00ebrsa dhe Gjystja e ka b\u00ebr\u00eb nj\u00eb dhurat\u00eb jav\u00eb m\u00eb par\u00eb p\u00ebr Sokolin, nj\u00eb rrip dhe nj\u00eb shall \u201cVersace\u201d. Nd\u00ebrsa, ka qar\u00eb nj\u00eb dit\u00eb kur ajo ka marr\u00eb dhurat\u00eb nj\u00eb \u2018Iphone\u2019. K\u00ebt\u00eb dit\u00eb k\u00ebng\u00ebtarja seksi nuk e harron kurr\u00eb.<\/p>\n<p>Nd\u00ebrsa, ka nj\u00eb porosi p\u00ebr t\u00eb gjith\u00eb t\u00eb dashuruarit: \u201cPartneri duhet t\u00eb jet\u00eb gjithmon\u00eb i kujdessh\u00ebm dhe t\u00eb b\u00ebj\u00eb dhurata shpesh, s\u2019ka r\u00ebnd\u00ebsi \u00e7far\u00eb dhurat\u00eb \u00ebsht\u00eb, me r\u00ebnd\u00ebsi \u00ebsht\u00eb q\u00eb ti po i kupton d\u00ebshirat\u201d.<\/p>\n<p><strong>Maksim Gjokaj<\/strong><br \/>\n<strong> Kosova Sot<br \/>\n<br \/>\n<!--YouTube Error: bad URL entered--><br \/>\n<\/strong><\/p>\n","protected":false},"excerpt":{"rendered":"<p>Nj\u00eb nga k\u00ebng\u00ebtaret m\u00eb atraktive n\u00eb muzik\u00ebn shqiptare, e cila n\u00eb \u00e7do moment \u00ebsht\u00eb me bashk\u00ebshortin e saj, fal\u00eb dhe pun\u00ebs s\u00eb p\u00ebrbashk\u00ebt n\u00eb muzik\u00eb, Gjyste Vulaj, tregon p\u00ebr ne Sh\u00ebn Valentinin e saj.\u00a0 \u201cJam m\u00ebsuar t\u00eb fali dashuri, mir\u00ebsjellje, afrim, respekt\u201d, tregoi k\u00ebng\u00ebtarja, megjith\u00ebse d\u00ebshiron q\u00eb \u00e7do person t\u00eb ket\u00eb pran\u00eb nj\u00eb njeri zemre [&hellip;]<\/p>\n","protected":false},"author":1,"featured_media":0,"comment_status":"open","ping_status":"closed","sticky":false,"template":"","format":"standard","meta":{"spay_email":"","jetpack_publicize_message":"","jetpack_is_tweetstorm":false,"jetpack_publicize_feature_enabled":true},"categories":[1],"tags":[19677,19806,4332,16036,19514,19511,6693,19460],"jetpack_publicize_connections":[],"yoast_head":"<!-- This site is optimized with the Yoast SEO plugin v19.1 - https:\/\/yoast.com\/wordpress\/plugins\/seo\/ -->\n<title>\u00c7far\u00eb i dhuroi Gjyste Vulaj bashk\u00ebshortit p\u00ebr Sh\u00ebn Valentinin - Lajme nga Ulqini<\/title>\n<meta name=\"description\" content=\"Nj\u00eb nga k\u00ebng\u00ebtaret m\u00eb atraktive n\u00eb muzik\u00ebn shqiptare, e cila n\u00eb \u00e7do moment \u00ebsht\u00eb me bashk\u00ebshortin e saj, fal\u00eb dhe pun\u00ebs s\u00eb p\u00ebrbashk\u00ebt n\u00eb muzik\u00eb, Gjyste\" \/>\n<meta name=\"robots\" content=\"index, follow, max-snippet:-1, max-image-preview:large, max-video-preview:-1\" \/>\n<link rel=\"canonical\" href=\"https:\/\/www.visit-ulcinj.com\/blog\/2012\/02\/16\/cfare-i-dhuroi-gjyste-vulaj-bashkeshortit-per-shen-valentinin\/\" \/>\n<meta property=\"og:locale\" content=\"en_US\" \/>\n<meta property=\"og:type\" content=\"article\" \/>\n<meta property=\"og:title\" content=\"\u00c7far\u00eb i dhuroi Gjyste Vulaj bashk\u00ebshortit p\u00ebr Sh\u00ebn Valentinin - Lajme nga Ulqini\" \/>\n<meta property=\"og:description\" content=\"Nj\u00eb nga k\u00ebng\u00ebtaret m\u00eb atraktive n\u00eb muzik\u00ebn shqiptare, e cila n\u00eb \u00e7do moment \u00ebsht\u00eb me bashk\u00ebshortin e saj, fal\u00eb dhe pun\u00ebs s\u00eb p\u00ebrbashk\u00ebt n\u00eb muzik\u00eb, Gjyste\" \/>\n<meta property=\"og:url\" content=\"https:\/\/www.visit-ulcinj.com\/blog\/2012\/02\/16\/cfare-i-dhuroi-gjyste-vulaj-bashkeshortit-per-shen-valentinin\/\" \/>\n<meta property=\"og:site_name\" content=\"Lajme nga Ulqini\" \/>\n<meta property=\"article:published_time\" content=\"2012-02-16T09:09:31+00:00\" \/>\n<meta property=\"og:image\" content=\"https:\/\/www.visit-ulcinj.com\/blog\/wp-content\/uploads\/2012\/02\/Gjyste-Vulaj-dhurat-bashorti-i-saj.1-150x150.jpg\" \/>\n<meta name=\"twitter:label1\" content=\"Written by\" \/>\n\t<meta name=\"twitter:data1\" content=\"ulqini\" \/>\n\t<meta name=\"twitter:label2\" content=\"Est. reading time\" \/>\n\t<meta name=\"twitter:data2\" content=\"1 minute\" \/>\n<script type=\"application\/ld+json\" class=\"yoast-schema-graph\">{\"@context\":\"https:\/\/schema.org\",\"@graph\":[{\"@type\":\"WebSite\",\"@id\":\"https:\/\/www.visit-ulcinj.com\/blog\/#website\",\"url\":\"https:\/\/www.visit-ulcinj.com\/blog\/\",\"name\":\"Lajme nga Ulqini\",\"description\":\"Lajme,Vijesti,Ulqini,Ulqin,Crna Gora,Mali i Zi\",\"potentialAction\":[{\"@type\":\"SearchAction\",\"target\":{\"@type\":\"EntryPoint\",\"urlTemplate\":\"https:\/\/www.visit-ulcinj.com\/blog\/?s={search_term_string}\"},\"query-input\":\"required name=search_term_string\"}],\"inLanguage\":\"en-US\"},{\"@type\":\"ImageObject\",\"inLanguage\":\"en-US\",\"@id\":\"https:\/\/www.visit-ulcinj.com\/blog\/2012\/02\/16\/cfare-i-dhuroi-gjyste-vulaj-bashkeshortit-per-shen-valentinin\/#primaryimage\",\"url\":\"http:\/\/www.visit-ulcinj.com\/blog\/wp-content\/uploads\/2012\/02\/Gjyste-Vulaj-dhurat-bashorti-i-saj.5.jpg\",\"contentUrl\":\"http:\/\/www.visit-ulcinj.com\/blog\/wp-content\/uploads\/2012\/02\/Gjyste-Vulaj-dhurat-bashorti-i-saj.5.jpg\"},{\"@type\":\"WebPage\",\"@id\":\"https:\/\/www.visit-ulcinj.com\/blog\/2012\/02\/16\/cfare-i-dhuroi-gjyste-vulaj-bashkeshortit-per-shen-valentinin\/#webpage\",\"url\":\"https:\/\/www.visit-ulcinj.com\/blog\/2012\/02\/16\/cfare-i-dhuroi-gjyste-vulaj-bashkeshortit-per-shen-valentinin\/\",\"name\":\"\u00c7far\u00eb i dhuroi Gjyste Vulaj bashk\u00ebshortit p\u00ebr Sh\u00ebn Valentinin - Lajme nga Ulqini\",\"isPartOf\":{\"@id\":\"https:\/\/www.visit-ulcinj.com\/blog\/#website\"},\"primaryImageOfPage\":{\"@id\":\"https:\/\/www.visit-ulcinj.com\/blog\/2012\/02\/16\/cfare-i-dhuroi-gjyste-vulaj-bashkeshortit-per-shen-valentinin\/#primaryimage\"},\"datePublished\":\"2012-02-16T09:09:31+00:00\",\"dateModified\":\"2012-02-16T09:09:31+00:00\",\"author\":{\"@id\":\"https:\/\/www.visit-ulcinj.com\/blog\/#\/schema\/person\/dcab619c614d3038751c63bc2aadc06d\"},\"description\":\"Nj\u00eb nga k\u00ebng\u00ebtaret m\u00eb atraktive n\u00eb muzik\u00ebn shqiptare, e cila n\u00eb \u00e7do moment \u00ebsht\u00eb me bashk\u00ebshortin e saj, fal\u00eb dhe pun\u00ebs s\u00eb p\u00ebrbashk\u00ebt n\u00eb muzik\u00eb, Gjyste\",\"breadcrumb\":{\"@id\":\"https:\/\/www.visit-ulcinj.com\/blog\/2012\/02\/16\/cfare-i-dhuroi-gjyste-vulaj-bashkeshortit-per-shen-valentinin\/#breadcrumb\"},\"inLanguage\":\"en-US\",\"potentialAction\":[{\"@type\":\"ReadAction\",\"target\":[\"https:\/\/www.visit-ulcinj.com\/blog\/2012\/02\/16\/cfare-i-dhuroi-gjyste-vulaj-bashkeshortit-per-shen-valentinin\/\"]}]},{\"@type\":\"BreadcrumbList\",\"@id\":\"https:\/\/www.visit-ulcinj.com\/blog\/2012\/02\/16\/cfare-i-dhuroi-gjyste-vulaj-bashkeshortit-per-shen-valentinin\/#breadcrumb\",\"itemListElement\":[{\"@type\":\"ListItem\",\"position\":1,\"name\":\"\u00c7far\u00eb i dhuroi Gjyste Vulaj bashk\u00ebshortit p\u00ebr Sh\u00ebn Valentinin\"}]},{\"@type\":\"Person\",\"@id\":\"https:\/\/www.visit-ulcinj.com\/blog\/#\/schema\/person\/dcab619c614d3038751c63bc2aadc06d\",\"name\":\"ulqini\",\"sameAs\":[\"http:\/\/www.visit-ulcinj.com\"],\"url\":\"https:\/\/www.visit-ulcinj.com\/blog\/author\/admin\/\"}]}<\/script>\n<!-- \/ Yoast SEO plugin. -->","yoast_head_json":{"title":"\u00c7far\u00eb i dhuroi Gjyste Vulaj bashk\u00ebshortit p\u00ebr Sh\u00ebn Valentinin - Lajme nga Ulqini","description":"Nj\u00eb nga k\u00ebng\u00ebtaret m\u00eb atraktive n\u00eb muzik\u00ebn shqiptare, e cila n\u00eb \u00e7do moment \u00ebsht\u00eb me bashk\u00ebshortin e saj, fal\u00eb dhe pun\u00ebs s\u00eb p\u00ebrbashk\u00ebt n\u00eb muzik\u00eb, Gjyste","robots":{"index":"index","follow":"follow","max-snippet":"max-snippet:-1","max-image-preview":"max-image-preview:large","max-video-preview":"max-video-preview:-1"},"canonical":"https:\/\/www.visit-ulcinj.com\/blog\/2012\/02\/16\/cfare-i-dhuroi-gjyste-vulaj-bashkeshortit-per-shen-valentinin\/","og_locale":"en_US","og_type":"article","og_title":"\u00c7far\u00eb i dhuroi Gjyste Vulaj bashk\u00ebshortit p\u00ebr Sh\u00ebn Valentinin - Lajme nga Ulqini","og_description":"Nj\u00eb nga k\u00ebng\u00ebtaret m\u00eb atraktive n\u00eb muzik\u00ebn shqiptare, e cila n\u00eb \u00e7do moment \u00ebsht\u00eb me bashk\u00ebshortin e saj, fal\u00eb dhe pun\u00ebs s\u00eb p\u00ebrbashk\u00ebt n\u00eb muzik\u00eb, Gjyste","og_url":"https:\/\/www.visit-ulcinj.com\/blog\/2012\/02\/16\/cfare-i-dhuroi-gjyste-vulaj-bashkeshortit-per-shen-valentinin\/","og_site_name":"Lajme nga Ulqini","article_published_time":"2012-02-16T09:09:31+00:00","og_image":[{"url":"https:\/\/www.visit-ulcinj.com\/blog\/wp-content\/uploads\/2012\/02\/Gjyste-Vulaj-dhurat-bashorti-i-saj.1-150x150.jpg"}],"twitter_misc":{"Written by":"ulqini","Est. reading time":"1 minute"},"schema":{"@context":"https:\/\/schema.org","@graph":[{"@type":"WebSite","@id":"https:\/\/www.visit-ulcinj.com\/blog\/#website","url":"https:\/\/www.visit-ulcinj.com\/blog\/","name":"Lajme nga Ulqini","description":"Lajme,Vijesti,Ulqini,Ulqin,Crna Gora,Mali i Zi","potentialAction":[{"@type":"SearchAction","target":{"@type":"EntryPoint","urlTemplate":"https:\/\/www.visit-ulcinj.com\/blog\/?s={search_term_string}"},"query-input":"required name=search_term_string"}],"inLanguage":"en-US"},{"@type":"ImageObject","inLanguage":"en-US","@id":"https:\/\/www.visit-ulcinj.com\/blog\/2012\/02\/16\/cfare-i-dhuroi-gjyste-vulaj-bashkeshortit-per-shen-valentinin\/#primaryimage","url":"http:\/\/www.visit-ulcinj.com\/blog\/wp-content\/uploads\/2012\/02\/Gjyste-Vulaj-dhurat-bashorti-i-saj.5.jpg","contentUrl":"http:\/\/www.visit-ulcinj.com\/blog\/wp-content\/uploads\/2012\/02\/Gjyste-Vulaj-dhurat-bashorti-i-saj.5.jpg"},{"@type":"WebPage","@id":"https:\/\/www.visit-ulcinj.com\/blog\/2012\/02\/16\/cfare-i-dhuroi-gjyste-vulaj-bashkeshortit-per-shen-valentinin\/#webpage","url":"https:\/\/www.visit-ulcinj.com\/blog\/2012\/02\/16\/cfare-i-dhuroi-gjyste-vulaj-bashkeshortit-per-shen-valentinin\/","name":"\u00c7far\u00eb i dhuroi Gjyste Vulaj bashk\u00ebshortit p\u00ebr Sh\u00ebn Valentinin - Lajme nga Ulqini","isPartOf":{"@id":"https:\/\/www.visit-ulcinj.com\/blog\/#website"},"primaryImageOfPage":{"@id":"https:\/\/www.visit-ulcinj.com\/blog\/2012\/02\/16\/cfare-i-dhuroi-gjyste-vulaj-bashkeshortit-per-shen-valentinin\/#primaryimage"},"datePublished":"2012-02-16T09:09:31+00:00","dateModified":"2012-02-16T09:09:31+00:00","author":{"@id":"https:\/\/www.visit-ulcinj.com\/blog\/#\/schema\/person\/dcab619c614d3038751c63bc2aadc06d"},"description":"Nj\u00eb nga k\u00ebng\u00ebtaret m\u00eb atraktive n\u00eb muzik\u00ebn shqiptare, e cila n\u00eb \u00e7do moment \u00ebsht\u00eb me bashk\u00ebshortin e saj, fal\u00eb dhe pun\u00ebs s\u00eb p\u00ebrbashk\u00ebt n\u00eb muzik\u00eb, Gjyste","breadcrumb":{"@id":"https:\/\/www.visit-ulcinj.com\/blog\/2012\/02\/16\/cfare-i-dhuroi-gjyste-vulaj-bashkeshortit-per-shen-valentinin\/#breadcrumb"},"inLanguage":"en-US","potentialAction":[{"@type":"ReadAction","target":["https:\/\/www.visit-ulcinj.com\/blog\/2012\/02\/16\/cfare-i-dhuroi-gjyste-vulaj-bashkeshortit-per-shen-valentinin\/"]}]},{"@type":"BreadcrumbList","@id":"https:\/\/www.visit-ulcinj.com\/blog\/2012\/02\/16\/cfare-i-dhuroi-gjyste-vulaj-bashkeshortit-per-shen-valentinin\/#breadcrumb","itemListElement":[{"@type":"ListItem","position":1,"name":"\u00c7far\u00eb i dhuroi Gjyste Vulaj bashk\u00ebshortit p\u00ebr Sh\u00ebn Valentinin"}]},{"@type":"Person","@id":"https:\/\/www.visit-ulcinj.com\/blog\/#\/schema\/person\/dcab619c614d3038751c63bc2aadc06d","name":"ulqini","sameAs":["http:\/\/www.visit-ulcinj.com"],"url":"https:\/\/www.visit-ulcinj.com\/blog\/author\/admin\/"}]}},"jetpack_featured_media_url":"","jetpack_sharing_enabled":true,"jetpack_shortlink":"https:\/\/wp.me\/pe6lTn-eWx","_links":{"self":[{"href":"https:\/\/www.visit-ulcinj.com\/blog\/wp-json\/wp\/v2\/posts\/57445"}],"collection":[{"href":"https:\/\/www.visit-ulcinj.com\/blog\/wp-json\/wp\/v2\/posts"}],"about":[{"href":"https:\/\/www.visit-ulcinj.com\/blog\/wp-json\/wp\/v2\/types\/post"}],"author":[{"embeddable":true,"href":"https:\/\/www.visit-ulcinj.com\/blog\/wp-json\/wp\/v2\/users\/1"}],"replies":[{"embeddable":true,"href":"https:\/\/www.visit-ulcinj.com\/blog\/wp-json\/wp\/v2\/comments?post=57445"}],"version-history":[{"count":1,"href":"https:\/\/www.visit-ulcinj.com\/blog\/wp-json\/wp\/v2\/posts\/57445\/revisions"}],"predecessor-version":[{"id":57458,"href":"https:\/\/www.visit-ulcinj.com\/blog\/wp-json\/wp\/v2\/posts\/57445\/revisions\/57458"}],"wp:attachment":[{"href":"https:\/\/www.visit-ulcinj.com\/blog\/wp-json\/wp\/v2\/media?parent=57445"}],"wp:term":[{"taxonomy":"category","embeddable":true,"href":"https:\/\/www.visit-ulcinj.com\/blog\/wp-json\/wp\/v2\/categories?post=57445"},{"taxonomy":"post_tag","embeddable":true,"href":"https:\/\/www.visit-ulcinj.com\/blog\/wp-json\/wp\/v2\/tags?post=57445"}],"curies":[{"name":"wp","href":"https:\/\/api.w.org\/{rel}","templated":true}]}}