{"id":57460,"date":"2012-02-16T10:18:05","date_gmt":"2012-02-16T09:18:05","guid":{"rendered":"http:\/\/www.visit-ulcinj.com\/blog\/?p=57460"},"modified":"2012-02-16T10:18:05","modified_gmt":"2012-02-16T09:18:05","slug":"alma-bektashi-fituesja-e-the-voice-rina-e-denje-per-tregun-boteror","status":"publish","type":"post","link":"https:\/\/www.visit-ulcinj.com\/blog\/2012\/02\/16\/alma-bektashi-fituesja-e-the-voice-rina-e-denje-per-tregun-boteror\/","title":{"rendered":"Alma Bektashi: Fituesja e \u201cThe Voice\u201d, Rina e denj\u00eb p\u00ebr tregun bot\u00ebror"},"content":{"rendered":"<p><a href=\"http:\/\/www.visit-ulcinj.com\/blog\/wp-content\/uploads\/2012\/02\/Alma-Bektashi.jpg\"><img loading=\"lazy\" class=\"alignleft  wp-image-57461\" title=\"Alma Bektashi\" src=\"http:\/\/www.visit-ulcinj.com\/blog\/wp-content\/uploads\/2012\/02\/Alma-Bektashi.jpg\" alt=\"\" width=\"350\" height=\"350\" \/><\/a>Ka spikatur n\u00eb sken\u00ebn shqiptare me ve\u00e7antin\u00eb e saj jo vet\u00ebm vokale, por edhe at\u00eb interpretative. Alma Bektashi, k\u00ebng\u00ebtarja nga Prishtina u b\u00eb e njohur dhe shum\u00eb e dashur p\u00ebr publikun shqiptar qysh me k\u00ebng\u00ebt e saj t\u00eb para t\u00eb k\u00ebnduara n\u00eb festivale. Alma, trajneria karizmatike e \u201cThe Voice\u201d, vjen n\u00eb k\u00ebt\u00eb rr\u00ebfim t\u00eb gjat\u00eb duke treguar m\u00eb shum\u00eb, jo vet\u00ebm p\u00ebr eksperienc\u00ebn e saj n\u00eb k\u00ebt\u00eb spektak\u00ebl, por edhe p\u00ebr veten e saj.<br \/>\nNj\u00eb vajz\u00eb nga Prishtina q\u00eb vjen nuse n\u00eb Tiran\u00eb, njohja me bashk\u00ebshortin, Sokolin\u00a0 dhe dashuria q\u00eb lindi nga librat. Jeta mes Tiran\u00ebs dhe Prishtin\u00ebs, dy dashurit\u00eb e m\u00ebdha t\u00eb saj, si dhe marr\u00ebdh\u00ebnia me f\u00ebmij\u00ebt, ku duke qeshur tregon sesi vajza i thot\u00eb: \u201cT\u00eb dua, sepse je mami m\u00eb e \u00e7mendur n\u00eb bot\u00eb\u201d.\u00a0 Dhe gjith\u00eb kjo energji vjen prej shpirtit\u00a0 nj\u00eb artisteje t\u00eb mir\u00ebfillt\u00eb, jo aq\u00a0 p\u00ebr shkak t\u00eb shkollimit dhe as z\u00ebrit, por sepse ajo ka lindur e till\u00eb. Artiste n\u00eb shpirt. Me nj\u00eb \u00e7iilt\u00ebrsi dhe energji pozitive ajo na tregon gjith\u00ebka nga vetja, nga ndjesit\u00eb si n\u00ebn\u00eb, si pedagoge dhe artiste.<\/p>\n<p>N\u00ebse kam arritur k\u00ebtu ku jam, \u00ebsht\u00eb se kam besuar shum\u00eb tek zysha ime, Suzana Frash\u00ebri. Kam punuar shum\u00eb, por kam pasur shum\u00eb besim edhe tek zysha ime. N\u00eb koh\u00ebn q\u00eb studioja ajo ishte p\u00ebrkrah\u00ebsja ime m\u00eb e madhe. Nuk ishte nga ato zysha q\u00eb donte t\u00eb k\u00ebndoja vet\u00ebm muzik\u00eb klasike, por ishte nj\u00eb nga nxit\u00ebset kryesore p\u00ebr t\u00eb dal\u00eb n\u00eb festivale. M\u00eb vinte disa \u201ckushte\u201d pozitive, o do dal\u00ebsh n\u00eb festival, o s\u2019ka<\/p>\n<p><strong>Alma, si ka qen\u00eb p\u00ebr ju eksperienca n\u00eb \u201cThe Voice\u201d?<\/strong><\/p>\n<p>Ka qen\u00eb nj\u00eb eksperienc\u00eb fantastike. N\u00eb fakt, n\u00eb rolin e nj\u00eb an\u00ebtari jurie e kisha provuar edhe m\u00eb par\u00eb tek \u201cGjeniu i vog\u00ebl\u201d. N\u00eb k\u00ebt\u00eb rast kemi t\u00eb b\u00ebjm\u00eb me di\u00e7ka tjet\u00ebr. Jan\u00eb z\u00ebra m\u00eb t\u00eb pjekur, z\u00ebra m\u00eb t\u00eb m\u00ebdhenj, z\u00ebra t\u00eb rriturish. Kjo e ka b\u00ebr\u00eb k\u00ebt\u00eb nj\u00eb eksperienc\u00eb fantastike p\u00ebr mua n\u00eb kuad\u00ebr t\u00eb talent-shout. Un\u00eb kisha d\u00ebgjuar p\u00ebr \u201cThe Voice\u201d n\u00eb Amerik\u00eb, po kur mora vesh q\u00eb do t\u00eb b\u00ebhej edhe k\u00ebtu, m\u00eb p\u00eblqeu shum\u00eb\u00a0 ideja pa marr\u00eb ftes\u00ebn. N\u00eb momentin kur m\u2019u b\u00eb ftesa thash\u00eb \u201cOK, si\u00e7 duket mendimin tim e paska d\u00ebgjuar Zoti\u201d.<\/p>\n<p><strong>Si ka qen\u00eb t\u00eb punosh me kaq shum\u00eb t\u00eb rinj?<\/strong><\/p>\n<p>Un\u00eb punoj me shum\u00eb t\u00eb rinj, sepse prej 10 vitesh jap m\u00ebsim n\u00eb Akademin\u00eb e Arteve. Po t\u00eb punosh me z\u00ebra kontemporan\u00eb, me z\u00ebra modern\u00eb, me k\u00ebng\u00eb moderne, \u00ebsht\u00eb di\u00e7ka tjet\u00ebr.<\/p>\n<p><strong>Edhe fakti q\u00eb nuk vijn\u00eb nga nj\u00eb shkoll\u00eb muzike\u2026<\/strong><\/p>\n<p>Ndonj\u00ebher\u00eb mendoj q\u00eb cil\u00ebsit\u00eb vokale, d.m.th. ngjyra vokale, jan\u00eb elemente q\u00eb nuk m\u00ebsohen n\u00eb shkoll\u00eb, por lindin me k\u00ebng\u00ebtarin. Shkolla \u00ebsht\u00eb v\u00ebrtet nj\u00eb hap shum\u00eb i madh p\u00ebr t\u2019u avancuar, p\u00ebr t\u00eb fituar eksperienc\u00eb dhe an\u00ebn profesionale m\u00eb t\u00eb madhe.<\/p>\n<p><strong>Finalistja juaj \u00ebsht\u00eb Rina. Mendon se n\u00eb vend t\u00eb saj mund t\u00eb kishte qen\u00eb dikush tjet\u00ebr, duke menduar edhe \u201cSing off\u201d?<\/strong><\/p>\n<p>N\u00eb fakt kur kisha th\u00ebn\u00eb \u2018po\u2019, nuk e kisha menduar k\u00ebt\u00eb pjes\u00eb. Dua t\u00eb them se kjo ka qen\u00eb pjesa m\u00eb e v\u00ebshtir\u00eb. Vendimet q\u00eb merreshin aty ishin vendimet m\u00eb t\u00eb v\u00ebshtira, sepse i p\u00ebrjetoja edhe emocionalisht.\u00a0 Nuk \u00ebsht\u00eb e leht\u00eb t\u00eb punosh me dik\u00eb, t\u2019i dedikohesh dhe pastaj t\u00eb thuash, ti do t\u00eb rrish dhe ti do t\u00eb largohesh. Kjo ishte pjesa m\u00eb e v\u00ebshtir\u00eb, mendoj edhe p\u00ebr trajner\u00ebt e tjer\u00eb. Ka z\u00ebra shum\u00eb, shum\u00eb t\u00eb bukur. Edhe ne vet\u00eb jemi \u00e7uditur me k\u00ebto cil\u00ebsi vokale dhe larmi t\u00eb z\u00ebrave q\u00eb kan\u00eb ardhur.<\/p>\n<p><strong>Meq\u00eb jemi k\u00ebtu dua t\u00eb p\u00ebrmend pak Adel\u00ebn. A ju ka ardhur keq p\u00ebr reagimin e saj pasi u largua nga ju n\u00eb \u201cSing off\u201d?<\/strong><\/p>\n<p>\u00cbsht\u00eb nj\u00eb gj\u00eb p\u00ebr t\u00eb cil\u00ebn nuk dua t\u00eb flas, sepse un\u00eb n\u00ebse kam arritur k\u00ebtu ku jam, \u00ebsht\u00eb se kam besuar shum\u00eb tek zysha ime, Suzana Frash\u00ebri. Kam punuar shum\u00eb, por kam pasur shum\u00eb besim edhe tek zysha ime. N\u00eb koh\u00ebn q\u00eb studioja ajo ishte p\u00ebrkrah\u00ebsja ime m\u00eb e madhe. Nuk ishte nga ato zysha q\u00eb donte t\u00eb k\u00ebndoja vet\u00ebm muzik\u00eb klasike, por ishte nj\u00eb nga nxit\u00ebset kryesore p\u00ebr t\u00eb dal\u00eb n\u00eb festivale. M\u00eb vinte disa \u201ckushte\u201d pozitive, o do dal\u00ebsh n\u00eb festival, o s\u2019ka\u2026.<\/p>\n<p><strong>Pra, dalja juaj n\u00eb festivale \u00ebsht\u00eb merit\u00eb e Suzana Frash\u00ebrit?<\/strong><\/p>\n<p>Po, ajo \u00ebsht\u00eb e para. N\u00eb momentin kur un\u00eb i thosha; \u201cZysh, po un\u00eb kam ardhur p\u00ebr kanto\u201d, ajo m\u00eb thoshte: \u201cJo, ti do dal\u00ebsh edhe aty!\u201d K\u00ebshtu q\u00eb m\u00eb vjen keq, Adela nuk e ka kuptuar k\u00ebt\u00eb. Un\u00eb mendoj q\u00eb nj\u00eb artist n\u00eb radh\u00eb t\u00eb par\u00eb duhet t\u00eb jet\u00eb mir\u00ebnjoh\u00ebs p\u00ebr pun\u00ebn q\u00eb b\u00ebn pedagogu. Un\u00eb sot e k\u00ebsaj dite, kur e shoh pedagogen time kam shum\u00eb emocione, sepse \u00ebsht\u00eb personi q\u00eb adhuroj m\u00eb shum\u00eb dhe e falenderoj sa her\u00eb q\u00eb e shoh p\u00ebr pun\u00ebn dhe durimin q\u00eb ka pasur me mua.<\/p>\n<p><strong>Alma, artisti lind apo krijohet?<\/strong><\/p>\n<p>Jo. Artisti lind. Un\u00eb e kam th\u00ebn\u00eb gjithmon\u00eb q\u00eb nj\u00eb artist duhet t\u00eb ket\u00eb shpirt artisti. N\u00eb momentin q\u00eb ke shpirt artisti, ti e kupton q\u00eb edhe e mira p\u00ebrqafohet, por edhe mang\u00ebsit\u00eb q\u00eb ke duhet t\u2019i luftosh. Gjithmon\u00eb nuk je perfekt, por n\u00eb k\u00ebrkim t\u00eb s\u00eb mir\u00ebs, dhe ai q\u00eb ka shpirt artisti \u00ebsht\u00eb fisnik. Dhe ai q\u00eb \u00ebsht\u00eb artist di t\u00eb thot\u00eb edhe faleminderit, edhe m\u00eb fal.<\/p>\n<p><strong>Njiheni si nj\u00eb k\u00ebng\u00ebtare q\u00eb ka sjell\u00eb risi n\u00eb muzik\u00ebn shqiptare, por nd\u00ebrkoh\u00eb vitet e fundit keni qen\u00eb disi n\u00eb heshtje. P\u00ebrse?<\/strong><\/p>\n<p>Un\u00eb n\u00eb jet\u00ebn time jam shum\u00eb e p\u00ebrmbushur dhe jam e lumtur p\u00ebr k\u00ebt\u00eb. \u00cbsht\u00eb e v\u00ebrtet\u00eb q\u00eb kam pasur nj\u00eb periudh\u00eb deri n\u00eb vitin 1999 n\u00ebp\u00ebr festivale, p\u00ebrpara se t\u00eb shkoja n\u00eb Prishtin\u00eb. Mora pjes\u00eb deri n\u00eb vitin 2001-2002 edhe tek \u201cK\u00ebnga Magjike\u201d. M\u00eb von\u00eb kur shkova n\u00eb Prishtin\u00eb, kuptova q\u00eb kisha nevoj\u00eb q\u00eb gjith\u00eb eksperienc\u00ebn time ta ndaja me student\u00ebt. Ndoshta ishte kjo q\u00eb u p\u00ebrkushtova m\u00eb shum\u00eb. Pastaj, b\u00ebra edhe master p\u00ebr Dramaturgji; meqen\u00ebse isha n\u00eb sektorin e Arteve Dramatike doja t\u00eb dija m\u00eb shum\u00eb p\u00ebr bot\u00ebn e artist\u00ebve, jo vet\u00ebm k\u00ebng\u00ebtar\u00eb por edhe aktor\u00eb.\u00a0 K\u00ebshtu i hyra nj\u00eb teme studimore prej tri vitesh. Kjo ndodhi pasi n\u00eb vitin 2003 nxora albumin tim, ku ishin p\u00ebrfshir\u00eb edhe shum\u00eb k\u00ebng\u00eb t\u00eb njohura, si \u201cT\u00eb g\u00ebnjen ai\u201d, \u201cZhg\u00ebnjimi\u201d etj. K\u00ebng\u00eb t\u00eb cilat njer\u00ebzit i kan\u00eb dashur dhe kam d\u00ebgjuar p.sh., t\u00eb m\u00eb thon\u00eb q\u00eb \u201cun\u00eb me k\u00ebng\u00ebt e tua udh\u00ebtoj, ose me k\u00ebng\u00ebt e tua gjej frym\u00ebzim p\u00ebr piktur\u00eb\u201d, dhe mendoj q\u00eb kjo \u00ebsht\u00eb dhurata m\u00eb e bukur e publikut. M\u00eb von\u00eb mendova t\u00eb b\u00ebja edhe nj\u00eb lib\u00ebr q\u00eb do ta finalizonte pun\u00ebn time n\u00eb master dhe ishte \u201c Transformimi i z\u00ebrit tek aktori\u201d. Libri ka dal\u00eb n\u00eb prill t\u00eb 2011-\u00ebs, i cili quhet vet\u00ebm \u201cZ\u00ebri dhe aktori\u201d, nj\u00eb lib\u00ebr tep\u00ebr kompleks sa i p\u00ebrket z\u00ebrit n\u00eb sken\u00eb. E gjith\u00eb eksperienca\u00a0 ime n\u00eb \u201cThe Voice\u201d besoj do t\u00eb m\u00eb ndihmoj\u00eb p\u00ebr nj\u00eb lib\u00ebr tjet\u00ebr mbi k\u00ebng\u00ebtar\u00ebt kontemporan\u00eb. Nj\u00eb lib\u00ebr, i cili shtjellon problemet e nj\u00eb k\u00ebng\u00ebtari joklasik.<\/p>\n<p><strong>Kjo do t\u00eb thot\u00eb q\u00eb projektet tuaja jan\u00eb t\u00eb ndryshme tani\u2026<\/strong><\/p>\n<p>Un\u00eb gjat\u00eb gjith\u00eb koh\u00ebs kam qen\u00eb me projekte. Kam qen\u00eb tek \u201c100 k\u00ebng\u00ebt e Shekullit\u201d, pastaj kam qen\u00eb edhe tek \u201cRomeo dhe Zhuljeta\u201d. Por t\u00eb b\u00ebj nj\u00eb\u00a0 k\u00ebng\u00eb t\u00eb ve\u00e7ant\u00eb me videoklip, e kam l\u00ebn\u00eb pak pas dore. \u00cbsht\u00eb e v\u00ebrtet\u00eb.<\/p>\n<p><strong>Si e shihni tregun ton\u00eb muzikor aktualisht?<\/strong><\/p>\n<p>Pak kaotik.<\/p>\n<p><strong>A mendoni dhe ju si shum\u00eb artist\u00eb t\u00eb tjer\u00eb t\u00eb m\u00ebdhenj, se muzika po humbet vlerat e saj?<\/strong><\/p>\n<p>Gjith\u00e7ka \u00ebsht\u00eb kthyer n\u00eb komercializ\u00ebm, po ky term tek ne \u00ebsht\u00eb keqkuptuar. Bota b\u00ebn komerc dhe ai \u00ebsht\u00eb i mir\u00eb kur ti shet muzik\u00eb t\u00eb mir\u00eb. At\u00ebher\u00eb njer\u00ebzit d\u00ebgjojn\u00eb k\u00ebng\u00eb shum\u00eb t\u00eb bukura. Nd\u00ebrsa tek ne komercializmi po keqinterpretohet dhe keqshitet. Tani aq shum\u00eb jan\u00eb perfeksionuar studio saq\u00eb un\u00eb e quaj t\u00eb k\u00ebnduarit n\u00eb studio, \u2018hekurosje\u2019 t\u00eb \u00e7do note. Kur ti e k\u00ebndon nj\u00eb k\u00ebng\u00eb 40 her\u00eb n\u00eb studio, edhe emocioni prishet. K\u00ebng\u00ebtar\u00ebt e m\u00ebdhenj, nj\u00eb rast si Phil Colins, ai k\u00ebng\u00ebn gjithmon\u00eb e ka regjistruar me t\u00eb par\u00ebn ose t\u00eb dyt\u00ebn. Nuk ka ekzistuar hera e tret\u00eb t\u00eb futet n\u00eb studio, prandaj un\u00eb k\u00ebnaqem kur d\u00ebgjoj k\u00ebng\u00ebtar\u00ebt e \u201c The Voice\u201d kur k\u00ebndojn\u00eb.\u00a0 Ata mund t\u00eb ken\u00eb ndonj\u00eb pasakt\u00ebsi, por ajo \u00ebsht\u00eb e gjitha emocion dhe \u00ebsht\u00eb nj\u00eb pasuri e pa\u00e7mueshme. Nuk i krahasoj as me k\u00ebng\u00ebtar\u00eb q\u00eb shesin qindra CD. T\u00eb mendosh q\u00eb shum\u00eb prej tyre e kan\u00eb prekur mikrofonin p\u00ebr her\u00eb t\u00eb par\u00eb n\u00eb \u201cThe Voice\u201d dhe tani jan\u00eb artist\u00eb.<\/p>\n<p><strong>Alma, n\u00eb k\u00ebng\u00ebt tuaja dukeni si melankolike<\/strong>?<\/p>\n<p>Un\u00eb asnj\u00ebher\u00eb nuk e shaj djalin n\u00eb nj\u00eb k\u00ebng\u00eb (qesh). \u00c7uditem si jan\u00eb tekstet e k\u00ebng\u00ebve t\u00eb mia p.sh. \u201cEja\u201d, \u201cPo t\u00eb pres\u201d, \u201cLargohu\u201d, gj\u00ebra t\u00eb k\u00ebsaj natyre.<\/p>\n<p><strong>\u00c7far\u00eb pritshm\u00ebrie ke nga Rina si artiste?<\/strong><\/p>\n<p>Rina \u00ebsht\u00eb nj\u00eb artiste shum\u00eb e kompletuar. Me nj\u00eb vokal shum\u00eb t\u00eb mir\u00eb, \u00ebsht\u00eb studioze dhe pianiste shum\u00eb e mir\u00eb.<\/p>\n<p><strong>Z\u00ebri i Rin\u00ebs \u00ebsht\u00eb i ve\u00e7ant\u00eb, por k\u00ebta z\u00ebra n\u00eb Shqip\u00ebri nuk kan\u00eb pasur shum\u00eb sukses\u2026<\/strong><\/p>\n<p>Un\u00eb uroj q\u00eb Rina t\u00eb b\u00ebj\u00eb karrier\u00eb diku jasht\u00eb, sepse k\u00ebtu do vazhdoj\u00eb q\u00eb antivlerat t\u00eb \u00e7mohen. Do vazhdojn\u00eb k\u00ebto k\u00ebng\u00ebt sezonale, k\u00ebng\u00eb plazhi.<\/p>\n<p><strong>Keni menduar ndonj\u00eb duet me z\u00ebrat e spikatur n\u00eb \u201cThe Voice<\/strong>\u201d?<\/p>\n<p>Po, kam menduar dhe shpresoj t\u00eb m\u00eb realizohet.<\/p>\n<p><strong>Si kan\u00eb qen\u00eb marr\u00ebdh\u00ebniet me trajner\u00ebt e tjer\u00eb, duke par\u00eb se jeni aty p\u00ebr t\u00eb nj\u00ebjtin q\u00ebllim?<\/strong><\/p>\n<p>Jan\u00eb fantastike. Mua m\u00eb vjen t\u00eb qesh sepse edhe pas mbarimit t\u00eb spektaklit jemi ulur t\u00eb diskutojm\u00eb rrjedh\u00ebn e tyre, si u b\u00ebn\u00eb, si na eci etj. Megjithat\u00eb, batuat e Sidritit jan\u00eb gjithmon\u00eb prezente n\u00eb tavolin\u00eb dhe un\u00eb qesh me aq z\u00eb sa kthejn\u00eb kok\u00ebn t\u00eb gjith\u00eb n\u00eb lokal, sepse nuk qesh dot avash. Vazhdojn\u00eb batutat pa nd\u00ebrprerje.<\/p>\n<p><strong>Si ka qen\u00eb jeta juaj mes Tiran\u00ebs dhe Prishtin\u00ebs?<\/strong><\/p>\n<p>Kjo \u00ebsht\u00eb gj\u00ebja m\u00eb e bukur q\u00eb mund t\u00eb ndodh\u00eb. Mund t\u00eb them edhe di\u00e7ka interesante. S\u00eb fundi m\u00eb ka ndodhur q\u00eb t\u00eb vij n\u00eb koh\u00eb stuhish nga Prishtina n\u00eb Tiran\u00eb; m\u00eb tha nj\u00ebri nga polic\u00ebt n\u00eb kufi: \u201cPse nuk b\u00ebn nj\u00eb kontrat\u00eb mos t\u00eb t\u00eb kontrolloj fare? Vet\u00ebm kalo kufirin\u201d (qesh). Tiran\u00ebn e dua shum\u00eb, pa Prishtin\u00ebn nuk mund t\u00eb jetoj. Jan\u00eb dy kryeqytete q\u00eb i dua me shpirt.<\/p>\n<p><strong>Alma, nj\u00eb vajz\u00eb nga Prishtina q\u00eb vjen nuse n\u00eb Tiran\u00eb. Si ka qen\u00eb p\u00ebr ju ky kap\u00ebrcim i kufijve?<\/strong><\/p>\n<p>N\u00ebse t\u00eb tjer\u00ebt kan\u00eb hasur n\u00eb fjal\u00eb, jo si po martohen e t\u00eb tjera, mua nuk m\u00eb ka b\u00ebr\u00eb p\u00ebrshtypje fare. Gjith\u00eb bukuria ishte kur lindi vajza ime, Anisa. Bashk\u00ebshorti im, Sokoli dhe Anisa kan\u00eb lindur n\u00eb Tiran\u00eb, nd\u00ebrsa un\u00eb dhe djali Oresti, n\u00eb Prishtin\u00eb. \u00c7udit\u00ebrisht, Sokoli dhe Anisa jan\u00eb m\u00eb t\u00eb qet\u00eb dhe zhurmaxhinjt\u00eb e sht\u00ebpis\u00eb jemi un\u00eb dhe Oresti.<\/p>\n<p><strong>Artist\u00ebt jan\u00eb t\u00eb ve\u00e7ant\u00eb, si ju b\u00ebri p\u00ebr vete Sokoli?<\/strong><\/p>\n<p>Rast\u00ebsia ka qen\u00eb q\u00eb kemi folur pand\u00ebrprer\u00eb vet\u00ebm p\u00ebr libra, duke qen\u00eb se ai ka mbaruar p\u00ebr Gjuh\u00eb-let\u00ebrsi.<\/p>\n<p><strong>Ju kan\u00eb bashkuar librat me pak fjal\u00eb?<\/strong><\/p>\n<p>Po. Kemi folur shum\u00eb p\u00ebr libra. Jasht\u00ebzakonisht shum\u00eb. Diskutonim p\u00ebr librat q\u00eb kishim lexuar, p\u00ebrvojat q\u00eb ai ka pasur n\u00eb Gjermani n\u00eb koh\u00ebn q\u00eb ka jetuar atje, p\u00ebrvoja ime q\u00eb vija nga koncertet, apo edhe p\u00ebr librat q\u00eb lexoja. Ajo miq\u00ebsi kaloi m\u00eb shum\u00eb pastaj. \u00a0Madje kishim edhe xhelozi, sepse kur ai kishte lexuar ndonj\u00eb lib\u00ebr m\u00eb shum\u00eb, mua m\u00eb vinte inat dhe shkoja me vrap ta lexoja. Dhe n\u00ebse jav\u00ebn tjet\u00ebr q\u00ebllonte q\u00eb t\u00eb binte diskutimi t\u00eb thosha po, patjet\u00ebr q\u00eb e kam lexuar at\u00eb lib\u00ebr (qesh).<\/p>\n<p><strong>Si \u00ebsht\u00eb Alma si n\u00ebn\u00eb?<\/strong><\/p>\n<p>Si fillim kam d\u00ebshir\u00eb q\u00eb f\u00ebmij\u00ebt e mi t\u00eb m\u00ebsojn\u00eb shum\u00eb, sepse jeta \u00ebsht\u00eb shum\u00eb dinamike. Shpeshher\u00eb i them vajz\u00ebs q\u00eb nuk \u00ebsht\u00eb puna q\u00eb t\u00eb m\u2019i sjell\u00eb notat e mira mua, por vetes. Nes\u00ebr do t\u00eb jet\u00eb ajo q\u00eb do t\u2019i \u00e7oj\u00eb dokumentet p\u00ebr pun\u00eb.<\/p>\n<p><strong>A kan\u00eb talent n\u00eb muzik\u00eb ndonj\u00ebri prej tyre?<\/strong><\/p>\n<p>Vajza ka nj\u00eb z\u00eb shum\u00eb t\u00eb bukur, po p\u00ebr mua nuk \u00ebsht\u00eb primare q\u00eb ajo t\u00eb marr\u00eb muzik\u00ebn.<\/p>\n<p><strong>P\u00ebrse?<\/strong><\/p>\n<p>Un\u00eb mendoj q\u00eb ajo \u00ebsht\u00eb shum\u00eb m\u00eb e talentuar n\u00eb piktur\u00eb dhe e ka \u00ebnd\u00ebrr q\u00eb t\u00eb b\u00ebhet dizajnere. Nd\u00ebrsa p\u00ebr k\u00ebng\u00ebn i kam th\u00ebn\u00eb q\u00eb \u201cta b\u00ebj un\u00eb nj\u00eb k\u00ebng\u00eb kur t\u00eb duash. i b\u00ebj un\u00eb dhe z\u00ebrat e dyt\u00eb\u201d, por k\u00ebng\u00ebn ta ket\u00eb p\u00ebr qejf.<\/p>\n<p><strong>Po djali?<\/strong><\/p>\n<p>Tani p\u00ebr tani luan me top, thyen gj\u00ebra (qesh). Ta shohim.<\/p>\n<p>A<strong>lma, jeni shum\u00eb n\u00eb form\u00eb. Si ia b\u00ebni?<\/strong><\/p>\n<p>Po, sepse un\u00eb i b\u00ebj t\u00eb gjitha vet\u00eb. Gatuaj vet\u00eb, pastroj vet\u00eb, vrapoj vet\u00eb (qesh). Dua t\u2019i b\u00ebj t\u00eb gjitha vet\u00eb.<\/p>\n<p><strong>Jeni m\u00eb tep\u00ebr tradicionale?<\/strong><\/p>\n<p>Nuk e di ku futem un\u00eb. Un\u00eb jam tamam si mes Prishtin\u00ebs dhe Tiran\u00ebs, ashtu edhe mes tradicionales dhe modernes. Ndonj\u00ebher\u00eb vajza m\u00eb thot\u00eb: \u201cMami t\u00eb dua se ndonj\u00ebher\u00eb m\u00eb dukesh mami m\u00eb e \u00e7mendur\u201d dhe un\u00eb e marr\u00eb k\u00ebt\u00eb si kompliment sepse kam arritur q\u00eb vajz\u00ebn ta b\u00ebj shoqe.<\/p>\n<p><strong>Po diet\u00eb a mbani?<\/strong><\/p>\n<p>Jo. Absolutisht q\u00eb jo.<\/p>\n<p><strong>Qendrat e bukuris\u00eb?<\/strong><\/p>\n<p>Asnj\u00ebher\u00eb nuk i frekuentoj. Dikur n\u00ebna ime ngaq\u00eb punonte n\u00eb farmaci na sillte kremra t\u00eb b\u00ebr\u00eb vet\u00eb. Tani kam 15 vjet q\u00eb p\u00ebrdor nj\u00eb krem nga familja e \u201cVichy\u201d. Nuk e konceptoj veten q\u00eb t\u00eb rri gjysm\u00eb ore, p\u00ebr mua \u00ebsht\u00eb shum\u00eb. E di q\u00eb po shkove n\u00eb nj\u00eb sallon pa nj\u00eb or\u00eb nuk del. Nj\u00eb or\u00eb p\u00ebr mua \u00ebsht\u00eb tmerr. Kam provuar t\u00eb vrapoj nja 2-3 her\u00eb. Kur ra ora n\u00eb 5 t\u00eb m\u00ebngjesit thash\u00eb; \u201cOK mund t\u00eb m\u00eb pushkatoni, po mos m\u00eb \u00e7oni nga shtrati\u201d (qesh).<\/p>\n<p><strong>Alma, \u00e7far\u00eb e pasuron m\u00eb shum\u00eb jet\u00ebn e njeriut, shpirti apo paraja?<\/strong><\/p>\n<p>Vet\u00ebm pasuria e shpirtit. Ti mund t\u00eb kesh shum\u00eb pasuri, vilat m\u00eb t\u00eb bukura, jaht, por kultur\u00ebn, fisnik\u00ebrin\u00eb familjare nuk e blen dot. Ajo lind me ty. Fisnik\u00ebria q\u00eb nj\u00eb njeri ka \u00ebsht\u00eb e lindur, nuk fitohet. Un\u00eb mendoj q\u00eb paraja duhet t\u00eb jet\u00eb deri n\u00eb at\u00eb mas\u00eb sa t\u2019i realizoj\u00eb apo t\u00eb jet\u00eb n\u00eb sh\u00ebrbim t\u00eb njeriut. P\u00ebr mua nuk ka r\u00ebnd\u00ebsi p.sh. lloji i makin\u00ebs, a \u00ebsht\u00eb tipi i fundit, p\u00ebr mua makina \u00ebsht\u00eb thjesht nj\u00eb gj\u00eb q\u00eb kryen pun\u00eb. Un\u00eb jam pak natyr\u00eb ekonomiste, sepse nuk m\u00eb vjen t\u00eb harxhoj kot p\u00ebr di\u00e7ka shum\u00eb t\u00eb shtrenjt\u00eb. Edhe n\u00eb fakultet kur shkoj e mas veten gjithmon\u00eb se \u00e7far\u00eb vesh. Un\u00eb shoh njer\u00ebz q\u00eb nuk jan\u00eb n\u00eb nivel ekonomik nj\u00eblloj, apo student\u00ebt dhe nuk e kam n\u00eb natyr\u00eb q\u00eb t\u00eb shkoj dhe t\u2019u tregoj atyre garderob\u00ebn time. Un\u00eb mendoj q\u00eb edhe veshja, gjith\u00e7ka shkon n\u00eb kuad\u00ebr t\u00eb asaj se jemi t\u00eb detyruar t\u00eb vishemi, ta kemi makin\u00ebn sepse na duhet t\u00eb mbarojm\u00eb pun\u00eb dhe nuk mendoj q\u00eb p\u00ebrmbushja e paras\u00eb p\u00ebrmbush edhe an\u00ebn shpirt\u00ebrore. An\u00ebn shpirt\u00ebrore e p\u00ebrmbush kur je i lumtur, kur ke nj\u00eb njeri q\u00eb do dhe kur ke nj\u00eb familje q\u00eb sillet rreth teje.<\/p>\n<p>&nbsp;<\/p>\n<p><strong>Alma, beson n\u00eb fat apo n\u00eb pun\u00eb?<\/strong><\/p>\n<p>\u00cbsht\u00eb edhe fati, por edhe puna. Thuhet q\u00eb Zoti i tha njeriut: \u201cUn\u00eb t\u00eb shtyj, po ti duhet t\u00eb punosh\u201d. Si\u00e7 u them edhe student\u00ebve t\u00eb mi, m\u00ebsuesi ta hap port\u00ebn, por brenda duhet t\u00eb futen vet\u00eb. Mendoj\u00a0 se \u00ebsht\u00eb edhe fati, por edhe sa i paraprin atij.<\/p>\n<p><strong>Ju vet\u00eb me sa fat jeni ndjer\u00eb n\u00eb jet\u00eb?<\/strong><\/p>\n<p>100% jam ndjer\u00eb me fat.<\/p>\n<p><strong>\u00c7far\u00eb ju ka ngelur pa b\u00ebr\u00eb?<\/strong><\/p>\n<p>Nuk e di. \u00cbsht\u00eb nj\u00eb pyetje q\u00eb dua t\u2019ia l\u00eb koh\u00ebs. M\u00eb frik\u00ebson kjo pyetje, sepse n\u00ebse e pyet nj\u00eb 80-vje\u00e7ar ndoshta tregon se \u00e7far\u00eb i ka ngelur peng, nd\u00ebrsa un\u00eb do pres akoma t\u00eb m\u00eb realizohen disa d\u00ebshira (qesh).<\/p>\n<p><strong>Jonida Hitoveizi MAPO<br \/>\n<!--YouTube Error: bad URL entered--><br \/>\n<\/strong><\/p>\n","protected":false},"excerpt":{"rendered":"<p>Ka spikatur n\u00eb sken\u00ebn shqiptare me ve\u00e7antin\u00eb e saj jo vet\u00ebm vokale, por edhe at\u00eb interpretative. Alma Bektashi, k\u00ebng\u00ebtarja nga Prishtina u b\u00eb e njohur dhe shum\u00eb e dashur p\u00ebr publikun shqiptar qysh me k\u00ebng\u00ebt e saj t\u00eb para t\u00eb k\u00ebnduara n\u00eb festivale. Alma, trajneria karizmatike e \u201cThe Voice\u201d, vjen n\u00eb k\u00ebt\u00eb rr\u00ebfim t\u00eb gjat\u00eb [&hellip;]<\/p>\n","protected":false},"author":1,"featured_media":0,"comment_status":"open","ping_status":"closed","sticky":false,"template":"","format":"standard","meta":{"spay_email":"","jetpack_publicize_message":"","jetpack_is_tweetstorm":false,"jetpack_publicize_feature_enabled":true},"categories":[1],"tags":[19476,19677,19806,16036,8966,19514,19511,4684,19460,20056],"jetpack_publicize_connections":[],"yoast_head":"<!-- This site is optimized with the Yoast SEO plugin v19.1 - https:\/\/yoast.com\/wordpress\/plugins\/seo\/ -->\n<title>Alma Bektashi: Fituesja e \u201cThe Voice\u201d, Rina e denj\u00eb p\u00ebr tregun bot\u00ebror - Lajme nga Ulqini<\/title>\n<meta name=\"description\" content=\"Ka spikatur n\u00eb sken\u00ebn shqiptare me ve\u00e7antin\u00eb e saj jo vet\u00ebm vokale, por edhe at\u00eb interpretative. Alma Bektashi, k\u00ebng\u00ebtarja nga Prishtina u b\u00eb e njohur dhe\" \/>\n<meta name=\"robots\" content=\"index, follow, max-snippet:-1, max-image-preview:large, max-video-preview:-1\" \/>\n<link rel=\"canonical\" href=\"https:\/\/www.visit-ulcinj.com\/blog\/2012\/02\/16\/alma-bektashi-fituesja-e-the-voice-rina-e-denje-per-tregun-boteror\/\" \/>\n<meta property=\"og:locale\" content=\"en_US\" \/>\n<meta property=\"og:type\" content=\"article\" \/>\n<meta property=\"og:title\" content=\"Alma Bektashi: Fituesja e \u201cThe Voice\u201d, Rina e denj\u00eb p\u00ebr tregun bot\u00ebror - Lajme nga Ulqini\" \/>\n<meta property=\"og:description\" content=\"Ka spikatur n\u00eb sken\u00ebn shqiptare me ve\u00e7antin\u00eb e saj jo vet\u00ebm vokale, por edhe at\u00eb interpretative. Alma Bektashi, k\u00ebng\u00ebtarja nga Prishtina u b\u00eb e njohur dhe\" \/>\n<meta property=\"og:url\" content=\"https:\/\/www.visit-ulcinj.com\/blog\/2012\/02\/16\/alma-bektashi-fituesja-e-the-voice-rina-e-denje-per-tregun-boteror\/\" \/>\n<meta property=\"og:site_name\" content=\"Lajme nga Ulqini\" \/>\n<meta property=\"article:published_time\" content=\"2012-02-16T09:18:05+00:00\" \/>\n<meta property=\"og:image\" content=\"http:\/\/www.visit-ulcinj.com\/blog\/wp-content\/uploads\/2012\/02\/Alma-Bektashi.jpg\" \/>\n<meta name=\"twitter:label1\" content=\"Written by\" \/>\n\t<meta name=\"twitter:data1\" content=\"ulqini\" \/>\n\t<meta name=\"twitter:label2\" content=\"Est. reading time\" \/>\n\t<meta name=\"twitter:data2\" content=\"14 minutes\" \/>\n<script type=\"application\/ld+json\" class=\"yoast-schema-graph\">{\"@context\":\"https:\/\/schema.org\",\"@graph\":[{\"@type\":\"WebSite\",\"@id\":\"https:\/\/www.visit-ulcinj.com\/blog\/#website\",\"url\":\"https:\/\/www.visit-ulcinj.com\/blog\/\",\"name\":\"Lajme nga Ulqini\",\"description\":\"Lajme,Vijesti,Ulqini,Ulqin,Crna Gora,Mali i Zi\",\"potentialAction\":[{\"@type\":\"SearchAction\",\"target\":{\"@type\":\"EntryPoint\",\"urlTemplate\":\"https:\/\/www.visit-ulcinj.com\/blog\/?s={search_term_string}\"},\"query-input\":\"required name=search_term_string\"}],\"inLanguage\":\"en-US\"},{\"@type\":\"ImageObject\",\"inLanguage\":\"en-US\",\"@id\":\"https:\/\/www.visit-ulcinj.com\/blog\/2012\/02\/16\/alma-bektashi-fituesja-e-the-voice-rina-e-denje-per-tregun-boteror\/#primaryimage\",\"url\":\"http:\/\/www.visit-ulcinj.com\/blog\/wp-content\/uploads\/2012\/02\/Alma-Bektashi.jpg\",\"contentUrl\":\"http:\/\/www.visit-ulcinj.com\/blog\/wp-content\/uploads\/2012\/02\/Alma-Bektashi.jpg\"},{\"@type\":\"WebPage\",\"@id\":\"https:\/\/www.visit-ulcinj.com\/blog\/2012\/02\/16\/alma-bektashi-fituesja-e-the-voice-rina-e-denje-per-tregun-boteror\/#webpage\",\"url\":\"https:\/\/www.visit-ulcinj.com\/blog\/2012\/02\/16\/alma-bektashi-fituesja-e-the-voice-rina-e-denje-per-tregun-boteror\/\",\"name\":\"Alma Bektashi: Fituesja e \u201cThe Voice\u201d, Rina e denj\u00eb p\u00ebr tregun bot\u00ebror - Lajme nga Ulqini\",\"isPartOf\":{\"@id\":\"https:\/\/www.visit-ulcinj.com\/blog\/#website\"},\"primaryImageOfPage\":{\"@id\":\"https:\/\/www.visit-ulcinj.com\/blog\/2012\/02\/16\/alma-bektashi-fituesja-e-the-voice-rina-e-denje-per-tregun-boteror\/#primaryimage\"},\"datePublished\":\"2012-02-16T09:18:05+00:00\",\"dateModified\":\"2012-02-16T09:18:05+00:00\",\"author\":{\"@id\":\"https:\/\/www.visit-ulcinj.com\/blog\/#\/schema\/person\/dcab619c614d3038751c63bc2aadc06d\"},\"description\":\"Ka spikatur n\u00eb sken\u00ebn shqiptare me ve\u00e7antin\u00eb e saj jo vet\u00ebm vokale, por edhe at\u00eb interpretative. Alma Bektashi, k\u00ebng\u00ebtarja nga Prishtina u b\u00eb e njohur dhe\",\"breadcrumb\":{\"@id\":\"https:\/\/www.visit-ulcinj.com\/blog\/2012\/02\/16\/alma-bektashi-fituesja-e-the-voice-rina-e-denje-per-tregun-boteror\/#breadcrumb\"},\"inLanguage\":\"en-US\",\"potentialAction\":[{\"@type\":\"ReadAction\",\"target\":[\"https:\/\/www.visit-ulcinj.com\/blog\/2012\/02\/16\/alma-bektashi-fituesja-e-the-voice-rina-e-denje-per-tregun-boteror\/\"]}]},{\"@type\":\"BreadcrumbList\",\"@id\":\"https:\/\/www.visit-ulcinj.com\/blog\/2012\/02\/16\/alma-bektashi-fituesja-e-the-voice-rina-e-denje-per-tregun-boteror\/#breadcrumb\",\"itemListElement\":[{\"@type\":\"ListItem\",\"position\":1,\"name\":\"Alma Bektashi: Fituesja e \u201cThe Voice\u201d, Rina e denj\u00eb p\u00ebr tregun bot\u00ebror\"}]},{\"@type\":\"Person\",\"@id\":\"https:\/\/www.visit-ulcinj.com\/blog\/#\/schema\/person\/dcab619c614d3038751c63bc2aadc06d\",\"name\":\"ulqini\",\"sameAs\":[\"http:\/\/www.visit-ulcinj.com\"],\"url\":\"https:\/\/www.visit-ulcinj.com\/blog\/author\/admin\/\"}]}<\/script>\n<!-- \/ Yoast SEO plugin. -->","yoast_head_json":{"title":"Alma Bektashi: Fituesja e \u201cThe Voice\u201d, Rina e denj\u00eb p\u00ebr tregun bot\u00ebror - Lajme nga Ulqini","description":"Ka spikatur n\u00eb sken\u00ebn shqiptare me ve\u00e7antin\u00eb e saj jo vet\u00ebm vokale, por edhe at\u00eb interpretative. Alma Bektashi, k\u00ebng\u00ebtarja nga Prishtina u b\u00eb e njohur dhe","robots":{"index":"index","follow":"follow","max-snippet":"max-snippet:-1","max-image-preview":"max-image-preview:large","max-video-preview":"max-video-preview:-1"},"canonical":"https:\/\/www.visit-ulcinj.com\/blog\/2012\/02\/16\/alma-bektashi-fituesja-e-the-voice-rina-e-denje-per-tregun-boteror\/","og_locale":"en_US","og_type":"article","og_title":"Alma Bektashi: Fituesja e \u201cThe Voice\u201d, Rina e denj\u00eb p\u00ebr tregun bot\u00ebror - Lajme nga Ulqini","og_description":"Ka spikatur n\u00eb sken\u00ebn shqiptare me ve\u00e7antin\u00eb e saj jo vet\u00ebm vokale, por edhe at\u00eb interpretative. Alma Bektashi, k\u00ebng\u00ebtarja nga Prishtina u b\u00eb e njohur dhe","og_url":"https:\/\/www.visit-ulcinj.com\/blog\/2012\/02\/16\/alma-bektashi-fituesja-e-the-voice-rina-e-denje-per-tregun-boteror\/","og_site_name":"Lajme nga Ulqini","article_published_time":"2012-02-16T09:18:05+00:00","og_image":[{"url":"http:\/\/www.visit-ulcinj.com\/blog\/wp-content\/uploads\/2012\/02\/Alma-Bektashi.jpg"}],"twitter_misc":{"Written by":"ulqini","Est. reading time":"14 minutes"},"schema":{"@context":"https:\/\/schema.org","@graph":[{"@type":"WebSite","@id":"https:\/\/www.visit-ulcinj.com\/blog\/#website","url":"https:\/\/www.visit-ulcinj.com\/blog\/","name":"Lajme nga Ulqini","description":"Lajme,Vijesti,Ulqini,Ulqin,Crna Gora,Mali i Zi","potentialAction":[{"@type":"SearchAction","target":{"@type":"EntryPoint","urlTemplate":"https:\/\/www.visit-ulcinj.com\/blog\/?s={search_term_string}"},"query-input":"required name=search_term_string"}],"inLanguage":"en-US"},{"@type":"ImageObject","inLanguage":"en-US","@id":"https:\/\/www.visit-ulcinj.com\/blog\/2012\/02\/16\/alma-bektashi-fituesja-e-the-voice-rina-e-denje-per-tregun-boteror\/#primaryimage","url":"http:\/\/www.visit-ulcinj.com\/blog\/wp-content\/uploads\/2012\/02\/Alma-Bektashi.jpg","contentUrl":"http:\/\/www.visit-ulcinj.com\/blog\/wp-content\/uploads\/2012\/02\/Alma-Bektashi.jpg"},{"@type":"WebPage","@id":"https:\/\/www.visit-ulcinj.com\/blog\/2012\/02\/16\/alma-bektashi-fituesja-e-the-voice-rina-e-denje-per-tregun-boteror\/#webpage","url":"https:\/\/www.visit-ulcinj.com\/blog\/2012\/02\/16\/alma-bektashi-fituesja-e-the-voice-rina-e-denje-per-tregun-boteror\/","name":"Alma Bektashi: Fituesja e \u201cThe Voice\u201d, Rina e denj\u00eb p\u00ebr tregun bot\u00ebror - Lajme nga Ulqini","isPartOf":{"@id":"https:\/\/www.visit-ulcinj.com\/blog\/#website"},"primaryImageOfPage":{"@id":"https:\/\/www.visit-ulcinj.com\/blog\/2012\/02\/16\/alma-bektashi-fituesja-e-the-voice-rina-e-denje-per-tregun-boteror\/#primaryimage"},"datePublished":"2012-02-16T09:18:05+00:00","dateModified":"2012-02-16T09:18:05+00:00","author":{"@id":"https:\/\/www.visit-ulcinj.com\/blog\/#\/schema\/person\/dcab619c614d3038751c63bc2aadc06d"},"description":"Ka spikatur n\u00eb sken\u00ebn shqiptare me ve\u00e7antin\u00eb e saj jo vet\u00ebm vokale, por edhe at\u00eb interpretative. Alma Bektashi, k\u00ebng\u00ebtarja nga Prishtina u b\u00eb e njohur dhe","breadcrumb":{"@id":"https:\/\/www.visit-ulcinj.com\/blog\/2012\/02\/16\/alma-bektashi-fituesja-e-the-voice-rina-e-denje-per-tregun-boteror\/#breadcrumb"},"inLanguage":"en-US","potentialAction":[{"@type":"ReadAction","target":["https:\/\/www.visit-ulcinj.com\/blog\/2012\/02\/16\/alma-bektashi-fituesja-e-the-voice-rina-e-denje-per-tregun-boteror\/"]}]},{"@type":"BreadcrumbList","@id":"https:\/\/www.visit-ulcinj.com\/blog\/2012\/02\/16\/alma-bektashi-fituesja-e-the-voice-rina-e-denje-per-tregun-boteror\/#breadcrumb","itemListElement":[{"@type":"ListItem","position":1,"name":"Alma Bektashi: Fituesja e \u201cThe Voice\u201d, Rina e denj\u00eb p\u00ebr tregun bot\u00ebror"}]},{"@type":"Person","@id":"https:\/\/www.visit-ulcinj.com\/blog\/#\/schema\/person\/dcab619c614d3038751c63bc2aadc06d","name":"ulqini","sameAs":["http:\/\/www.visit-ulcinj.com"],"url":"https:\/\/www.visit-ulcinj.com\/blog\/author\/admin\/"}]}},"jetpack_featured_media_url":"","jetpack_sharing_enabled":true,"jetpack_shortlink":"https:\/\/wp.me\/pe6lTn-eWM","_links":{"self":[{"href":"https:\/\/www.visit-ulcinj.com\/blog\/wp-json\/wp\/v2\/posts\/57460"}],"collection":[{"href":"https:\/\/www.visit-ulcinj.com\/blog\/wp-json\/wp\/v2\/posts"}],"about":[{"href":"https:\/\/www.visit-ulcinj.com\/blog\/wp-json\/wp\/v2\/types\/post"}],"author":[{"embeddable":true,"href":"https:\/\/www.visit-ulcinj.com\/blog\/wp-json\/wp\/v2\/users\/1"}],"replies":[{"embeddable":true,"href":"https:\/\/www.visit-ulcinj.com\/blog\/wp-json\/wp\/v2\/comments?post=57460"}],"version-history":[{"count":1,"href":"https:\/\/www.visit-ulcinj.com\/blog\/wp-json\/wp\/v2\/posts\/57460\/revisions"}],"predecessor-version":[{"id":57462,"href":"https:\/\/www.visit-ulcinj.com\/blog\/wp-json\/wp\/v2\/posts\/57460\/revisions\/57462"}],"wp:attachment":[{"href":"https:\/\/www.visit-ulcinj.com\/blog\/wp-json\/wp\/v2\/media?parent=57460"}],"wp:term":[{"taxonomy":"category","embeddable":true,"href":"https:\/\/www.visit-ulcinj.com\/blog\/wp-json\/wp\/v2\/categories?post=57460"},{"taxonomy":"post_tag","embeddable":true,"href":"https:\/\/www.visit-ulcinj.com\/blog\/wp-json\/wp\/v2\/tags?post=57460"}],"curies":[{"name":"wp","href":"https:\/\/api.w.org\/{rel}","templated":true}]}}