{"id":57484,"date":"2012-02-17T14:21:02","date_gmt":"2012-02-17T13:21:02","guid":{"rendered":"http:\/\/www.visit-ulcinj.com\/blog\/?p=57484"},"modified":"2012-02-22T22:54:44","modified_gmt":"2012-02-22T21:54:44","slug":"knsh-ne-mal-te-zi-uron-kosoven-per-4-vjetorin-e-pavaresise","status":"publish","type":"post","link":"https:\/\/www.visit-ulcinj.com\/blog\/2012\/02\/17\/knsh-ne-mal-te-zi-uron-kosoven-per-4-vjetorin-e-pavaresise\/","title":{"rendered":"KNSH n\u00eb Mal t\u00eb Zi uron Kosov\u00ebn p\u00ebr 4 vjetorin e pavar\u00ebsis\u00eb"},"content":{"rendered":"<p style=\"text-align: left;\"><a href=\"http:\/\/www.visit-ulcinj.com\/blog\/wp-content\/uploads\/2011\/12\/KNSH_MZ_logo.jpg\"><img loading=\"lazy\" class=\"alignleft size-medium wp-image-53927\" title=\"KNSH_MZ_logo\" src=\"http:\/\/www.visit-ulcinj.com\/blog\/wp-content\/uploads\/2011\/12\/KNSH_MZ_logo-300x133.jpg\" alt=\"\" width=\"300\" height=\"133\" srcset=\"https:\/\/www.visit-ulcinj.com\/blog\/wp-content\/uploads\/2011\/12\/KNSH_MZ_logo-300x133.jpg 300w, https:\/\/www.visit-ulcinj.com\/blog\/wp-content\/uploads\/2011\/12\/KNSH_MZ_logo.jpg 318w\" sizes=\"(max-width: 300px) 100vw, 300px\" \/><\/a><strong>K\u00cbSHILLI NACIONAL I SHQIPTAR\u00cbVE N\u00cb MALIN E ZI<br \/>\n<\/strong><\/p>\n<p><strong>NACIONALNI SAVJET ALBANACA U CRNOJ GORI<\/strong><\/p>\n<p style=\"text-align: left;\"><strong>ALBANIAN NATIONAL COUNCIL IN MONTENEGRO<\/strong><\/p>\n<p>&nbsp;<\/p>\n<p>Nr.11\/12<\/p>\n<p>Ulqin m\u00eb, 12.02. 2012<\/p>\n<p>Kryetari i K\u00ebshillit Nacional t\u00eb Shqiptar\u00ebve n\u00eb Malin e Zi\u00a0 z. <strong>Tahir Tahiri<\/strong>, me rastin e \u00a0\u00a0e 4 vjetorit t\u00eb pavar\u00ebsis\u00eb, i ka d\u00ebrguar \u00a0Urim \u00a0Kryeministrit \u00a0t\u00eb \u00a0Republik\u00ebs \u00a0s\u00eb \u00a0Kosov\u00ebs\u00a0 <strong>z.Hashim Tha\u00e7i,<\/strong> ku\u00a0 thuhet:<\/p>\n<p>&nbsp;<\/p>\n<p>I Nderuar\u00a0 z. Kryeminist\u00ebr , <strong>THA\u00c7I<\/strong><\/p>\n<p>N\u00eb em\u00ebr t\u00eb K\u00ebshillit Nacional t\u00eb Shqiptar\u00ebve n\u00eb Malin e Zi \u00a0dhe n\u00eb emrin tim, pranoni urimet ma t\u00eb sinqerta dhe v\u00ebllaz\u00ebnore\u00a0 me rastin e\u00a0 4 vjetorit t\u00eb pavar\u00ebsis\u00eb s\u00eb Kosov\u00ebs.<\/p>\n<p>N\u00eb k\u00ebt\u00eb p\u00ebrvjetor t\u00eb r\u00ebnd\u00ebsish\u00ebm p\u00ebr popullin e Kosov\u00ebs, mbar\u00eb kombi Shqiptar\u00eb,por dhe ne shqiptar\u00ebt n\u00eb Malin e Zi, \u00a0\u00a0g\u00ebzohemi \u00a0p\u00ebr \u00a0\u00a0Republik\u00ebn e\u00a0 \u00a0Kosov\u00ebs si shtet i pavarur .<\/p>\n<p>Ne shqiptar\u00ebt n\u00eb Malin e Zi vler\u00ebsojn\u00eb lart\u00eb \u00a0angazhimin\u00a0 Tuaj n\u00eb\u00a0 zgjidhjen e \u00a0\u00a0problemeve komplekse me t\u00eb cilat\u00a0 ndeshet sot, shteti i ri i Kosov\u00ebs.<\/p>\n<p>Urojm\u00eb ,\u00a0 q\u00eb Republika e Kosov\u00ebs, fal\u00eb p\u00ebrkushtimit Tuaj dhe mbar\u00eb\u00a0 faktorit\u00a0 politik, me ndihmen edhe t\u00eb aleat\u00ebve tan\u00eb n\u00eb bot\u00eb me n\u00eb krye Shtetet e Bashkuara t\u00eb Amerik\u00ebs,\u00a0 shum\u00eb shpejt t\u00eb b\u00ebhet pjes\u00eb e Bashk\u00ebsis\u00eb Europiane dhe\u00a0 Aleanc\u00ebs s\u00eb madhe Euroatlantike.<\/p>\n<p>Arritjet i shtetit t\u00eb Kosov\u00ebs z. Kryeminist\u00ebr jan\u00eb nj\u00eb g\u00ebzim i madh p\u00ebr t\u00eb gjith\u00eb Shqiptar\u00ebt kudo q\u00eb ndodhen,duke p\u00ebrfshi edhe ne shqiptar\u00ebt si popull autokton n\u00eb \u00a0trevat e veta st\u00ebrgjyshnore n\u00eb Malin e Zi.<\/p>\n<p>Kryetari i K\u00ebshillit Nacional t\u00eb Shqiptar\u00ebve \u00a0z. Tahir Tahiri, telegram urimi i d\u00ebrgoi edhe Kryetar\u00ebs s\u00eb Republik\u00ebs s\u00eb\u00a0 Kosov\u00ebs Znj. Atifete Jahjaga.<\/p>\n<p>&nbsp;<\/p>\n<p>KOMISIONI PER INFORMIM<\/p>\n","protected":false},"excerpt":{"rendered":"<p>K\u00cbSHILLI NACIONAL I SHQIPTAR\u00cbVE N\u00cb MALIN E ZI NACIONALNI SAVJET ALBANACA U CRNOJ GORI ALBANIAN NATIONAL COUNCIL IN MONTENEGRO &nbsp; Nr.11\/12 Ulqin m\u00eb, 12.02. 2012 Kryetari i K\u00ebshillit Nacional t\u00eb Shqiptar\u00ebve n\u00eb Malin e Zi\u00a0 z. Tahir Tahiri, me rastin e \u00a0\u00a0e 4 vjetorit t\u00eb pavar\u00ebsis\u00eb, i ka d\u00ebrguar \u00a0Urim \u00a0Kryeministrit \u00a0t\u00eb \u00a0Republik\u00ebs \u00a0s\u00eb \u00a0Kosov\u00ebs\u00a0 [&hellip;]<\/p>\n","protected":false},"author":1,"featured_media":0,"comment_status":"open","ping_status":"closed","sticky":false,"template":"","format":"standard","meta":{"spay_email":"","jetpack_publicize_message":"","jetpack_is_tweetstorm":false,"jetpack_publicize_feature_enabled":true},"categories":[8],"tags":[12280,5913,200,18],"jetpack_publicize_connections":[],"yoast_head":"<!-- This site is optimized with the Yoast SEO plugin v19.1 - https:\/\/yoast.com\/wordpress\/plugins\/seo\/ -->\n<title>KNSH n\u00eb Mal t\u00eb Zi uron Kosov\u00ebn p\u00ebr 4 vjetorin e pavar\u00ebsis\u00eb - Lajme nga Ulqini<\/title>\n<meta name=\"description\" content=\"K\u00cbSHILLI NACIONAL I SHQIPTAR\u00cbVE N\u00cb MALIN E ZI NACIONALNI SAVJET ALBANACA U CRNOJ GORI ALBANIAN NATIONAL COUNCIL IN MONTENEGRO &nbsp; Nr.11\/12 Ulqin m\u00eb,\" \/>\n<meta name=\"robots\" content=\"index, follow, max-snippet:-1, max-image-preview:large, max-video-preview:-1\" \/>\n<link rel=\"canonical\" href=\"https:\/\/www.visit-ulcinj.com\/blog\/2012\/02\/17\/knsh-ne-mal-te-zi-uron-kosoven-per-4-vjetorin-e-pavaresise\/\" \/>\n<meta property=\"og:locale\" content=\"en_US\" \/>\n<meta property=\"og:type\" content=\"article\" \/>\n<meta property=\"og:title\" content=\"KNSH n\u00eb Mal t\u00eb Zi uron Kosov\u00ebn p\u00ebr 4 vjetorin e pavar\u00ebsis\u00eb - Lajme nga Ulqini\" \/>\n<meta property=\"og:description\" content=\"K\u00cbSHILLI NACIONAL I SHQIPTAR\u00cbVE N\u00cb MALIN E ZI NACIONALNI SAVJET ALBANACA U CRNOJ GORI ALBANIAN NATIONAL COUNCIL IN MONTENEGRO &nbsp; Nr.11\/12 Ulqin m\u00eb,\" \/>\n<meta property=\"og:url\" content=\"https:\/\/www.visit-ulcinj.com\/blog\/2012\/02\/17\/knsh-ne-mal-te-zi-uron-kosoven-per-4-vjetorin-e-pavaresise\/\" \/>\n<meta property=\"og:site_name\" content=\"Lajme nga Ulqini\" \/>\n<meta property=\"article:published_time\" content=\"2012-02-17T13:21:02+00:00\" \/>\n<meta property=\"article:modified_time\" content=\"2012-02-22T21:54:44+00:00\" \/>\n<meta property=\"og:image\" content=\"http:\/\/www.visit-ulcinj.com\/blog\/wp-content\/uploads\/2011\/12\/KNSH_MZ_logo-300x133.jpg\" \/>\n<meta name=\"twitter:label1\" content=\"Written by\" \/>\n\t<meta name=\"twitter:data1\" content=\"ulqini\" \/>\n\t<meta name=\"twitter:label2\" content=\"Est. reading time\" \/>\n\t<meta name=\"twitter:data2\" content=\"2 minutes\" \/>\n<script type=\"application\/ld+json\" class=\"yoast-schema-graph\">{\"@context\":\"https:\/\/schema.org\",\"@graph\":[{\"@type\":\"WebSite\",\"@id\":\"https:\/\/www.visit-ulcinj.com\/blog\/#website\",\"url\":\"https:\/\/www.visit-ulcinj.com\/blog\/\",\"name\":\"Lajme nga Ulqini\",\"description\":\"Lajme,Vijesti,Ulqini,Ulqin,Crna Gora,Mali i Zi\",\"potentialAction\":[{\"@type\":\"SearchAction\",\"target\":{\"@type\":\"EntryPoint\",\"urlTemplate\":\"https:\/\/www.visit-ulcinj.com\/blog\/?s={search_term_string}\"},\"query-input\":\"required name=search_term_string\"}],\"inLanguage\":\"en-US\"},{\"@type\":\"ImageObject\",\"inLanguage\":\"en-US\",\"@id\":\"https:\/\/www.visit-ulcinj.com\/blog\/2012\/02\/17\/knsh-ne-mal-te-zi-uron-kosoven-per-4-vjetorin-e-pavaresise\/#primaryimage\",\"url\":\"https:\/\/www.visit-ulcinj.com\/blog\/wp-content\/uploads\/2011\/12\/KNSH_MZ_logo.jpg\",\"contentUrl\":\"https:\/\/www.visit-ulcinj.com\/blog\/wp-content\/uploads\/2011\/12\/KNSH_MZ_logo.jpg\",\"width\":\"318\",\"height\":\"142\"},{\"@type\":\"WebPage\",\"@id\":\"https:\/\/www.visit-ulcinj.com\/blog\/2012\/02\/17\/knsh-ne-mal-te-zi-uron-kosoven-per-4-vjetorin-e-pavaresise\/#webpage\",\"url\":\"https:\/\/www.visit-ulcinj.com\/blog\/2012\/02\/17\/knsh-ne-mal-te-zi-uron-kosoven-per-4-vjetorin-e-pavaresise\/\",\"name\":\"KNSH n\u00eb Mal t\u00eb Zi uron Kosov\u00ebn p\u00ebr 4 vjetorin e pavar\u00ebsis\u00eb - Lajme nga Ulqini\",\"isPartOf\":{\"@id\":\"https:\/\/www.visit-ulcinj.com\/blog\/#website\"},\"primaryImageOfPage\":{\"@id\":\"https:\/\/www.visit-ulcinj.com\/blog\/2012\/02\/17\/knsh-ne-mal-te-zi-uron-kosoven-per-4-vjetorin-e-pavaresise\/#primaryimage\"},\"datePublished\":\"2012-02-17T13:21:02+00:00\",\"dateModified\":\"2012-02-22T21:54:44+00:00\",\"author\":{\"@id\":\"https:\/\/www.visit-ulcinj.com\/blog\/#\/schema\/person\/dcab619c614d3038751c63bc2aadc06d\"},\"description\":\"K\u00cbSHILLI NACIONAL I SHQIPTAR\u00cbVE N\u00cb MALIN E ZI NACIONALNI SAVJET ALBANACA U CRNOJ GORI ALBANIAN NATIONAL COUNCIL IN MONTENEGRO &nbsp; Nr.11\/12 Ulqin m\u00eb,\",\"breadcrumb\":{\"@id\":\"https:\/\/www.visit-ulcinj.com\/blog\/2012\/02\/17\/knsh-ne-mal-te-zi-uron-kosoven-per-4-vjetorin-e-pavaresise\/#breadcrumb\"},\"inLanguage\":\"en-US\",\"potentialAction\":[{\"@type\":\"ReadAction\",\"target\":[\"https:\/\/www.visit-ulcinj.com\/blog\/2012\/02\/17\/knsh-ne-mal-te-zi-uron-kosoven-per-4-vjetorin-e-pavaresise\/\"]}]},{\"@type\":\"BreadcrumbList\",\"@id\":\"https:\/\/www.visit-ulcinj.com\/blog\/2012\/02\/17\/knsh-ne-mal-te-zi-uron-kosoven-per-4-vjetorin-e-pavaresise\/#breadcrumb\",\"itemListElement\":[{\"@type\":\"ListItem\",\"position\":1,\"name\":\"KNSH n\u00eb Mal t\u00eb Zi uron Kosov\u00ebn p\u00ebr 4 vjetorin e pavar\u00ebsis\u00eb\"}]},{\"@type\":\"Person\",\"@id\":\"https:\/\/www.visit-ulcinj.com\/blog\/#\/schema\/person\/dcab619c614d3038751c63bc2aadc06d\",\"name\":\"ulqini\",\"sameAs\":[\"http:\/\/www.visit-ulcinj.com\"],\"url\":\"https:\/\/www.visit-ulcinj.com\/blog\/author\/admin\/\"}]}<\/script>\n<!-- \/ Yoast SEO plugin. -->","yoast_head_json":{"title":"KNSH n\u00eb Mal t\u00eb Zi uron Kosov\u00ebn p\u00ebr 4 vjetorin e pavar\u00ebsis\u00eb - Lajme nga Ulqini","description":"K\u00cbSHILLI NACIONAL I SHQIPTAR\u00cbVE N\u00cb MALIN E ZI NACIONALNI SAVJET ALBANACA U CRNOJ GORI ALBANIAN NATIONAL COUNCIL IN MONTENEGRO &nbsp; Nr.11\/12 Ulqin m\u00eb,","robots":{"index":"index","follow":"follow","max-snippet":"max-snippet:-1","max-image-preview":"max-image-preview:large","max-video-preview":"max-video-preview:-1"},"canonical":"https:\/\/www.visit-ulcinj.com\/blog\/2012\/02\/17\/knsh-ne-mal-te-zi-uron-kosoven-per-4-vjetorin-e-pavaresise\/","og_locale":"en_US","og_type":"article","og_title":"KNSH n\u00eb Mal t\u00eb Zi uron Kosov\u00ebn p\u00ebr 4 vjetorin e pavar\u00ebsis\u00eb - Lajme nga Ulqini","og_description":"K\u00cbSHILLI NACIONAL I SHQIPTAR\u00cbVE N\u00cb MALIN E ZI NACIONALNI SAVJET ALBANACA U CRNOJ GORI ALBANIAN NATIONAL COUNCIL IN MONTENEGRO &nbsp; Nr.11\/12 Ulqin m\u00eb,","og_url":"https:\/\/www.visit-ulcinj.com\/blog\/2012\/02\/17\/knsh-ne-mal-te-zi-uron-kosoven-per-4-vjetorin-e-pavaresise\/","og_site_name":"Lajme nga Ulqini","article_published_time":"2012-02-17T13:21:02+00:00","article_modified_time":"2012-02-22T21:54:44+00:00","og_image":[{"url":"http:\/\/www.visit-ulcinj.com\/blog\/wp-content\/uploads\/2011\/12\/KNSH_MZ_logo-300x133.jpg"}],"twitter_misc":{"Written by":"ulqini","Est. reading time":"2 minutes"},"schema":{"@context":"https:\/\/schema.org","@graph":[{"@type":"WebSite","@id":"https:\/\/www.visit-ulcinj.com\/blog\/#website","url":"https:\/\/www.visit-ulcinj.com\/blog\/","name":"Lajme nga Ulqini","description":"Lajme,Vijesti,Ulqini,Ulqin,Crna Gora,Mali i Zi","potentialAction":[{"@type":"SearchAction","target":{"@type":"EntryPoint","urlTemplate":"https:\/\/www.visit-ulcinj.com\/blog\/?s={search_term_string}"},"query-input":"required name=search_term_string"}],"inLanguage":"en-US"},{"@type":"ImageObject","inLanguage":"en-US","@id":"https:\/\/www.visit-ulcinj.com\/blog\/2012\/02\/17\/knsh-ne-mal-te-zi-uron-kosoven-per-4-vjetorin-e-pavaresise\/#primaryimage","url":"https:\/\/www.visit-ulcinj.com\/blog\/wp-content\/uploads\/2011\/12\/KNSH_MZ_logo.jpg","contentUrl":"https:\/\/www.visit-ulcinj.com\/blog\/wp-content\/uploads\/2011\/12\/KNSH_MZ_logo.jpg","width":"318","height":"142"},{"@type":"WebPage","@id":"https:\/\/www.visit-ulcinj.com\/blog\/2012\/02\/17\/knsh-ne-mal-te-zi-uron-kosoven-per-4-vjetorin-e-pavaresise\/#webpage","url":"https:\/\/www.visit-ulcinj.com\/blog\/2012\/02\/17\/knsh-ne-mal-te-zi-uron-kosoven-per-4-vjetorin-e-pavaresise\/","name":"KNSH n\u00eb Mal t\u00eb Zi uron Kosov\u00ebn p\u00ebr 4 vjetorin e pavar\u00ebsis\u00eb - Lajme nga Ulqini","isPartOf":{"@id":"https:\/\/www.visit-ulcinj.com\/blog\/#website"},"primaryImageOfPage":{"@id":"https:\/\/www.visit-ulcinj.com\/blog\/2012\/02\/17\/knsh-ne-mal-te-zi-uron-kosoven-per-4-vjetorin-e-pavaresise\/#primaryimage"},"datePublished":"2012-02-17T13:21:02+00:00","dateModified":"2012-02-22T21:54:44+00:00","author":{"@id":"https:\/\/www.visit-ulcinj.com\/blog\/#\/schema\/person\/dcab619c614d3038751c63bc2aadc06d"},"description":"K\u00cbSHILLI NACIONAL I SHQIPTAR\u00cbVE N\u00cb MALIN E ZI NACIONALNI SAVJET ALBANACA U CRNOJ GORI ALBANIAN NATIONAL COUNCIL IN MONTENEGRO &nbsp; Nr.11\/12 Ulqin m\u00eb,","breadcrumb":{"@id":"https:\/\/www.visit-ulcinj.com\/blog\/2012\/02\/17\/knsh-ne-mal-te-zi-uron-kosoven-per-4-vjetorin-e-pavaresise\/#breadcrumb"},"inLanguage":"en-US","potentialAction":[{"@type":"ReadAction","target":["https:\/\/www.visit-ulcinj.com\/blog\/2012\/02\/17\/knsh-ne-mal-te-zi-uron-kosoven-per-4-vjetorin-e-pavaresise\/"]}]},{"@type":"BreadcrumbList","@id":"https:\/\/www.visit-ulcinj.com\/blog\/2012\/02\/17\/knsh-ne-mal-te-zi-uron-kosoven-per-4-vjetorin-e-pavaresise\/#breadcrumb","itemListElement":[{"@type":"ListItem","position":1,"name":"KNSH n\u00eb Mal t\u00eb Zi uron Kosov\u00ebn p\u00ebr 4 vjetorin e pavar\u00ebsis\u00eb"}]},{"@type":"Person","@id":"https:\/\/www.visit-ulcinj.com\/blog\/#\/schema\/person\/dcab619c614d3038751c63bc2aadc06d","name":"ulqini","sameAs":["http:\/\/www.visit-ulcinj.com"],"url":"https:\/\/www.visit-ulcinj.com\/blog\/author\/admin\/"}]}},"jetpack_featured_media_url":"","jetpack_sharing_enabled":true,"jetpack_shortlink":"https:\/\/wp.me\/pe6lTn-eXa","_links":{"self":[{"href":"https:\/\/www.visit-ulcinj.com\/blog\/wp-json\/wp\/v2\/posts\/57484"}],"collection":[{"href":"https:\/\/www.visit-ulcinj.com\/blog\/wp-json\/wp\/v2\/posts"}],"about":[{"href":"https:\/\/www.visit-ulcinj.com\/blog\/wp-json\/wp\/v2\/types\/post"}],"author":[{"embeddable":true,"href":"https:\/\/www.visit-ulcinj.com\/blog\/wp-json\/wp\/v2\/users\/1"}],"replies":[{"embeddable":true,"href":"https:\/\/www.visit-ulcinj.com\/blog\/wp-json\/wp\/v2\/comments?post=57484"}],"version-history":[{"count":7,"href":"https:\/\/www.visit-ulcinj.com\/blog\/wp-json\/wp\/v2\/posts\/57484\/revisions"}],"predecessor-version":[{"id":57491,"href":"https:\/\/www.visit-ulcinj.com\/blog\/wp-json\/wp\/v2\/posts\/57484\/revisions\/57491"}],"wp:attachment":[{"href":"https:\/\/www.visit-ulcinj.com\/blog\/wp-json\/wp\/v2\/media?parent=57484"}],"wp:term":[{"taxonomy":"category","embeddable":true,"href":"https:\/\/www.visit-ulcinj.com\/blog\/wp-json\/wp\/v2\/categories?post=57484"},{"taxonomy":"post_tag","embeddable":true,"href":"https:\/\/www.visit-ulcinj.com\/blog\/wp-json\/wp\/v2\/tags?post=57484"}],"curies":[{"name":"wp","href":"https:\/\/api.w.org\/{rel}","templated":true}]}}