{"id":57492,"date":"2012-02-17T14:40:49","date_gmt":"2012-02-17T13:40:49","guid":{"rendered":"http:\/\/www.visit-ulcinj.com\/blog\/?p=57492"},"modified":"2012-02-22T22:53:48","modified_gmt":"2012-02-22T21:53:48","slug":"partia-demokratike-telegram-urimi-per-nder-te-dites-se-pavaresise-se-kosoves","status":"publish","type":"post","link":"https:\/\/www.visit-ulcinj.com\/blog\/2012\/02\/17\/partia-demokratike-telegram-urimi-per-nder-te-dites-se-pavaresise-se-kosoves\/","title":{"rendered":"Partia Demokratike: Telegram Urimi p\u00ebr nder t\u00eb Dit\u00ebs s\u00eb Pavar\u00ebsis\u00eb s\u00eb Kosov\u00ebs"},"content":{"rendered":"<p><strong><a href=\"http:\/\/www.visit-ulcinj.com\/blog\/wp-content\/uploads\/2012\/02\/Partia-Demokratike-Ulqin-Mali-i-Zi-300x72.jpg\"><img loading=\"lazy\" class=\"alignleft\" src=\"http:\/\/www.visit-ulcinj.com\/blog\/wp-content\/uploads\/2012\/02\/Partia-Demokratike-Ulqin-Mali-i-Zi-300x72.jpg\" alt=\"\" width=\"300\" height=\"72\" \/><\/a><\/strong><\/p>\n<p>&nbsp;<\/p>\n<p>&nbsp;<\/p>\n<p>&nbsp;<\/p>\n<p>&nbsp;<\/p>\n<p><strong>Presidentes s\u00eb Kosov\u00ebs, znj. Atifete Jahjaga,<\/strong><\/p>\n<p><strong>Kryeministrit t\u00eb Kosov\u00ebs, z. Hashim Tha\u00e7i,<\/strong><\/p>\n<p><strong>Kryeparlamentarit t\u00eb Kosov\u00ebs, z. Jakup Krasniqi<\/strong><\/p>\n<p>&nbsp;<\/p>\n<p><strong><em>\u00a0<\/em><\/strong><\/p>\n<p><strong>Telegram Urimi p\u00ebr nder t\u00eb Dit\u00ebs s\u00eb Pavar\u00ebsis\u00eb s\u00eb Kosov\u00ebs<\/strong><\/p>\n<p>&nbsp;<\/p>\n<p>Partia Demokratike juve ju uron 17 Shkurtin, Dit\u00ebn e Pavar\u00ebsis\u00eb, e p\u00ebrmes jush t\u00eb gjith\u00eb popullit t\u00eb Kosov\u00ebs.<\/p>\n<p>Sakrificat e m\u00ebdha t\u00eb shum\u00eb gjeneratave, para kat\u00ebr viteve, m\u00eb 17 shkurt 2008 u kuror\u00ebzuan me pavar\u00ebsin\u00eb e Kosov\u00ebs. \u00cbnd\u00ebrrat u b\u00ebn\u00eb realitet.<\/p>\n<p>Kosova, shtet sovran dhe i pavarur \u00ebsht\u00eb faktor stabiliteti n\u00eb Ballkan. At\u00eb e presin sfida t\u00eb m\u00ebdha, por edhe pengesa t\u00eb m\u00ebdha n\u00eb rrug\u00ebn e vet drejt\u00eb Europ\u00ebs. Si gjithmon\u00eb n\u00eb t\u00eb kaluar\u00ebn edhe tash, Kosova sfidat do t\u2019i p\u00ebrballoj\u00eb, kurse pengesat do t\u2019i tejkaloj\u00eb.<\/p>\n<p>Shqiptar\u00ebt n\u00eb Mal t\u00eb Zi i jan\u00eb p\u00ebrjet\u00eb mir\u00ebnjoh\u00ebs Kosov\u00ebs.<\/p>\n<p><strong>G\u00ebzuar 17 Shkurtin, DIT\u00cbN E PAVAR\u00cbSIS\u00cb.<\/strong><\/p>\n<p>&nbsp;<\/p>\n<p style=\"text-align: right;\"><strong>PartiaDemokratike<\/strong><br \/>\n<strong> Kryetari,<\/strong><br \/>\n<strong> Fatmir Gjeka<\/strong><\/p>\n","protected":false},"excerpt":{"rendered":"<p>&nbsp; &nbsp; &nbsp; &nbsp; Presidentes s\u00eb Kosov\u00ebs, znj. Atifete Jahjaga, Kryeministrit t\u00eb Kosov\u00ebs, z. Hashim Tha\u00e7i, Kryeparlamentarit t\u00eb Kosov\u00ebs, z. Jakup Krasniqi &nbsp; \u00a0 Telegram Urimi p\u00ebr nder t\u00eb Dit\u00ebs s\u00eb Pavar\u00ebsis\u00eb s\u00eb Kosov\u00ebs &nbsp; Partia Demokratike juve ju uron 17 Shkurtin, Dit\u00ebn e Pavar\u00ebsis\u00eb, e p\u00ebrmes jush t\u00eb gjith\u00eb popullit t\u00eb Kosov\u00ebs. Sakrificat e [&hellip;]<\/p>\n","protected":false},"author":1,"featured_media":0,"comment_status":"open","ping_status":"closed","sticky":false,"template":"","format":"standard","meta":{"spay_email":"","jetpack_publicize_message":"","jetpack_is_tweetstorm":false,"jetpack_publicize_feature_enabled":true},"categories":[8],"tags":[95,11584,200,18],"jetpack_publicize_connections":[],"yoast_head":"<!-- This site is optimized with the Yoast SEO plugin v19.1 - https:\/\/yoast.com\/wordpress\/plugins\/seo\/ -->\n<title>Partia Demokratike: Telegram Urimi p\u00ebr nder t\u00eb Dit\u00ebs s\u00eb Pavar\u00ebsis\u00eb s\u00eb Kosov\u00ebs - Lajme nga Ulqini<\/title>\n<meta name=\"description\" content=\"&nbsp; &nbsp; &nbsp; &nbsp; Presidentes s\u00eb Kosov\u00ebs, znj. Atifete Jahjaga, Kryeministrit t\u00eb Kosov\u00ebs, z. Hashim Tha\u00e7i, Kryeparlamentarit t\u00eb Kosov\u00ebs, z.\" \/>\n<meta name=\"robots\" content=\"index, follow, max-snippet:-1, max-image-preview:large, max-video-preview:-1\" \/>\n<link rel=\"canonical\" href=\"https:\/\/www.visit-ulcinj.com\/blog\/2012\/02\/17\/partia-demokratike-telegram-urimi-per-nder-te-dites-se-pavaresise-se-kosoves\/\" \/>\n<meta property=\"og:locale\" content=\"en_US\" \/>\n<meta property=\"og:type\" content=\"article\" \/>\n<meta property=\"og:title\" content=\"Partia Demokratike: Telegram Urimi p\u00ebr nder t\u00eb Dit\u00ebs s\u00eb Pavar\u00ebsis\u00eb s\u00eb Kosov\u00ebs - Lajme nga Ulqini\" \/>\n<meta property=\"og:description\" content=\"&nbsp; &nbsp; &nbsp; &nbsp; Presidentes s\u00eb Kosov\u00ebs, znj. Atifete Jahjaga, Kryeministrit t\u00eb Kosov\u00ebs, z. Hashim Tha\u00e7i, Kryeparlamentarit t\u00eb Kosov\u00ebs, z.\" \/>\n<meta property=\"og:url\" content=\"https:\/\/www.visit-ulcinj.com\/blog\/2012\/02\/17\/partia-demokratike-telegram-urimi-per-nder-te-dites-se-pavaresise-se-kosoves\/\" \/>\n<meta property=\"og:site_name\" content=\"Lajme nga Ulqini\" \/>\n<meta property=\"article:published_time\" content=\"2012-02-17T13:40:49+00:00\" \/>\n<meta property=\"article:modified_time\" content=\"2012-02-22T21:53:48+00:00\" \/>\n<meta property=\"og:image\" content=\"http:\/\/www.visit-ulcinj.com\/blog\/wp-content\/uploads\/2012\/02\/Partia-Demokratike-Ulqin-Mali-i-Zi-300x72.jpg\" \/>\n<meta name=\"twitter:label1\" content=\"Written by\" \/>\n\t<meta name=\"twitter:data1\" content=\"ulqini\" \/>\n\t<meta name=\"twitter:label2\" content=\"Est. reading time\" \/>\n\t<meta name=\"twitter:data2\" content=\"1 minute\" \/>\n<script type=\"application\/ld+json\" class=\"yoast-schema-graph\">{\"@context\":\"https:\/\/schema.org\",\"@graph\":[{\"@type\":\"WebSite\",\"@id\":\"https:\/\/www.visit-ulcinj.com\/blog\/#website\",\"url\":\"https:\/\/www.visit-ulcinj.com\/blog\/\",\"name\":\"Lajme nga Ulqini\",\"description\":\"Lajme,Vijesti,Ulqini,Ulqin,Crna Gora,Mali i Zi\",\"potentialAction\":[{\"@type\":\"SearchAction\",\"target\":{\"@type\":\"EntryPoint\",\"urlTemplate\":\"https:\/\/www.visit-ulcinj.com\/blog\/?s={search_term_string}\"},\"query-input\":\"required name=search_term_string\"}],\"inLanguage\":\"en-US\"},{\"@type\":\"ImageObject\",\"inLanguage\":\"en-US\",\"@id\":\"https:\/\/www.visit-ulcinj.com\/blog\/2012\/02\/17\/partia-demokratike-telegram-urimi-per-nder-te-dites-se-pavaresise-se-kosoves\/#primaryimage\",\"url\":\"https:\/\/www.visit-ulcinj.com\/blog\/wp-content\/uploads\/2012\/02\/Partia-Demokratike-Ulqin-Mali-i-Zi.jpg\",\"contentUrl\":\"https:\/\/www.visit-ulcinj.com\/blog\/wp-content\/uploads\/2012\/02\/Partia-Demokratike-Ulqin-Mali-i-Zi.jpg\",\"width\":\"800\",\"height\":\"194\"},{\"@type\":\"WebPage\",\"@id\":\"https:\/\/www.visit-ulcinj.com\/blog\/2012\/02\/17\/partia-demokratike-telegram-urimi-per-nder-te-dites-se-pavaresise-se-kosoves\/#webpage\",\"url\":\"https:\/\/www.visit-ulcinj.com\/blog\/2012\/02\/17\/partia-demokratike-telegram-urimi-per-nder-te-dites-se-pavaresise-se-kosoves\/\",\"name\":\"Partia Demokratike: Telegram Urimi p\u00ebr nder t\u00eb Dit\u00ebs s\u00eb Pavar\u00ebsis\u00eb s\u00eb Kosov\u00ebs - Lajme nga Ulqini\",\"isPartOf\":{\"@id\":\"https:\/\/www.visit-ulcinj.com\/blog\/#website\"},\"primaryImageOfPage\":{\"@id\":\"https:\/\/www.visit-ulcinj.com\/blog\/2012\/02\/17\/partia-demokratike-telegram-urimi-per-nder-te-dites-se-pavaresise-se-kosoves\/#primaryimage\"},\"datePublished\":\"2012-02-17T13:40:49+00:00\",\"dateModified\":\"2012-02-22T21:53:48+00:00\",\"author\":{\"@id\":\"https:\/\/www.visit-ulcinj.com\/blog\/#\/schema\/person\/dcab619c614d3038751c63bc2aadc06d\"},\"description\":\"&nbsp; &nbsp; &nbsp; &nbsp; Presidentes s\u00eb Kosov\u00ebs, znj. Atifete Jahjaga, Kryeministrit t\u00eb Kosov\u00ebs, z. Hashim Tha\u00e7i, Kryeparlamentarit t\u00eb Kosov\u00ebs, z.\",\"breadcrumb\":{\"@id\":\"https:\/\/www.visit-ulcinj.com\/blog\/2012\/02\/17\/partia-demokratike-telegram-urimi-per-nder-te-dites-se-pavaresise-se-kosoves\/#breadcrumb\"},\"inLanguage\":\"en-US\",\"potentialAction\":[{\"@type\":\"ReadAction\",\"target\":[\"https:\/\/www.visit-ulcinj.com\/blog\/2012\/02\/17\/partia-demokratike-telegram-urimi-per-nder-te-dites-se-pavaresise-se-kosoves\/\"]}]},{\"@type\":\"BreadcrumbList\",\"@id\":\"https:\/\/www.visit-ulcinj.com\/blog\/2012\/02\/17\/partia-demokratike-telegram-urimi-per-nder-te-dites-se-pavaresise-se-kosoves\/#breadcrumb\",\"itemListElement\":[{\"@type\":\"ListItem\",\"position\":1,\"name\":\"Partia Demokratike: Telegram Urimi p\u00ebr nder t\u00eb Dit\u00ebs s\u00eb Pavar\u00ebsis\u00eb s\u00eb Kosov\u00ebs\"}]},{\"@type\":\"Person\",\"@id\":\"https:\/\/www.visit-ulcinj.com\/blog\/#\/schema\/person\/dcab619c614d3038751c63bc2aadc06d\",\"name\":\"ulqini\",\"sameAs\":[\"http:\/\/www.visit-ulcinj.com\"],\"url\":\"https:\/\/www.visit-ulcinj.com\/blog\/author\/admin\/\"}]}<\/script>\n<!-- \/ Yoast SEO plugin. -->","yoast_head_json":{"title":"Partia Demokratike: Telegram Urimi p\u00ebr nder t\u00eb Dit\u00ebs s\u00eb Pavar\u00ebsis\u00eb s\u00eb Kosov\u00ebs - Lajme nga Ulqini","description":"&nbsp; &nbsp; &nbsp; &nbsp; Presidentes s\u00eb Kosov\u00ebs, znj. Atifete Jahjaga, Kryeministrit t\u00eb Kosov\u00ebs, z. Hashim Tha\u00e7i, Kryeparlamentarit t\u00eb Kosov\u00ebs, z.","robots":{"index":"index","follow":"follow","max-snippet":"max-snippet:-1","max-image-preview":"max-image-preview:large","max-video-preview":"max-video-preview:-1"},"canonical":"https:\/\/www.visit-ulcinj.com\/blog\/2012\/02\/17\/partia-demokratike-telegram-urimi-per-nder-te-dites-se-pavaresise-se-kosoves\/","og_locale":"en_US","og_type":"article","og_title":"Partia Demokratike: Telegram Urimi p\u00ebr nder t\u00eb Dit\u00ebs s\u00eb Pavar\u00ebsis\u00eb s\u00eb Kosov\u00ebs - Lajme nga Ulqini","og_description":"&nbsp; &nbsp; &nbsp; &nbsp; Presidentes s\u00eb Kosov\u00ebs, znj. Atifete Jahjaga, Kryeministrit t\u00eb Kosov\u00ebs, z. Hashim Tha\u00e7i, Kryeparlamentarit t\u00eb Kosov\u00ebs, z.","og_url":"https:\/\/www.visit-ulcinj.com\/blog\/2012\/02\/17\/partia-demokratike-telegram-urimi-per-nder-te-dites-se-pavaresise-se-kosoves\/","og_site_name":"Lajme nga Ulqini","article_published_time":"2012-02-17T13:40:49+00:00","article_modified_time":"2012-02-22T21:53:48+00:00","og_image":[{"url":"http:\/\/www.visit-ulcinj.com\/blog\/wp-content\/uploads\/2012\/02\/Partia-Demokratike-Ulqin-Mali-i-Zi-300x72.jpg"}],"twitter_misc":{"Written by":"ulqini","Est. reading time":"1 minute"},"schema":{"@context":"https:\/\/schema.org","@graph":[{"@type":"WebSite","@id":"https:\/\/www.visit-ulcinj.com\/blog\/#website","url":"https:\/\/www.visit-ulcinj.com\/blog\/","name":"Lajme nga Ulqini","description":"Lajme,Vijesti,Ulqini,Ulqin,Crna Gora,Mali i Zi","potentialAction":[{"@type":"SearchAction","target":{"@type":"EntryPoint","urlTemplate":"https:\/\/www.visit-ulcinj.com\/blog\/?s={search_term_string}"},"query-input":"required name=search_term_string"}],"inLanguage":"en-US"},{"@type":"ImageObject","inLanguage":"en-US","@id":"https:\/\/www.visit-ulcinj.com\/blog\/2012\/02\/17\/partia-demokratike-telegram-urimi-per-nder-te-dites-se-pavaresise-se-kosoves\/#primaryimage","url":"https:\/\/www.visit-ulcinj.com\/blog\/wp-content\/uploads\/2012\/02\/Partia-Demokratike-Ulqin-Mali-i-Zi.jpg","contentUrl":"https:\/\/www.visit-ulcinj.com\/blog\/wp-content\/uploads\/2012\/02\/Partia-Demokratike-Ulqin-Mali-i-Zi.jpg","width":"800","height":"194"},{"@type":"WebPage","@id":"https:\/\/www.visit-ulcinj.com\/blog\/2012\/02\/17\/partia-demokratike-telegram-urimi-per-nder-te-dites-se-pavaresise-se-kosoves\/#webpage","url":"https:\/\/www.visit-ulcinj.com\/blog\/2012\/02\/17\/partia-demokratike-telegram-urimi-per-nder-te-dites-se-pavaresise-se-kosoves\/","name":"Partia Demokratike: Telegram Urimi p\u00ebr nder t\u00eb Dit\u00ebs s\u00eb Pavar\u00ebsis\u00eb s\u00eb Kosov\u00ebs - Lajme nga Ulqini","isPartOf":{"@id":"https:\/\/www.visit-ulcinj.com\/blog\/#website"},"primaryImageOfPage":{"@id":"https:\/\/www.visit-ulcinj.com\/blog\/2012\/02\/17\/partia-demokratike-telegram-urimi-per-nder-te-dites-se-pavaresise-se-kosoves\/#primaryimage"},"datePublished":"2012-02-17T13:40:49+00:00","dateModified":"2012-02-22T21:53:48+00:00","author":{"@id":"https:\/\/www.visit-ulcinj.com\/blog\/#\/schema\/person\/dcab619c614d3038751c63bc2aadc06d"},"description":"&nbsp; &nbsp; &nbsp; &nbsp; Presidentes s\u00eb Kosov\u00ebs, znj. Atifete Jahjaga, Kryeministrit t\u00eb Kosov\u00ebs, z. Hashim Tha\u00e7i, Kryeparlamentarit t\u00eb Kosov\u00ebs, z.","breadcrumb":{"@id":"https:\/\/www.visit-ulcinj.com\/blog\/2012\/02\/17\/partia-demokratike-telegram-urimi-per-nder-te-dites-se-pavaresise-se-kosoves\/#breadcrumb"},"inLanguage":"en-US","potentialAction":[{"@type":"ReadAction","target":["https:\/\/www.visit-ulcinj.com\/blog\/2012\/02\/17\/partia-demokratike-telegram-urimi-per-nder-te-dites-se-pavaresise-se-kosoves\/"]}]},{"@type":"BreadcrumbList","@id":"https:\/\/www.visit-ulcinj.com\/blog\/2012\/02\/17\/partia-demokratike-telegram-urimi-per-nder-te-dites-se-pavaresise-se-kosoves\/#breadcrumb","itemListElement":[{"@type":"ListItem","position":1,"name":"Partia Demokratike: Telegram Urimi p\u00ebr nder t\u00eb Dit\u00ebs s\u00eb Pavar\u00ebsis\u00eb s\u00eb Kosov\u00ebs"}]},{"@type":"Person","@id":"https:\/\/www.visit-ulcinj.com\/blog\/#\/schema\/person\/dcab619c614d3038751c63bc2aadc06d","name":"ulqini","sameAs":["http:\/\/www.visit-ulcinj.com"],"url":"https:\/\/www.visit-ulcinj.com\/blog\/author\/admin\/"}]}},"jetpack_featured_media_url":"","jetpack_sharing_enabled":true,"jetpack_shortlink":"https:\/\/wp.me\/pe6lTn-eXi","_links":{"self":[{"href":"https:\/\/www.visit-ulcinj.com\/blog\/wp-json\/wp\/v2\/posts\/57492"}],"collection":[{"href":"https:\/\/www.visit-ulcinj.com\/blog\/wp-json\/wp\/v2\/posts"}],"about":[{"href":"https:\/\/www.visit-ulcinj.com\/blog\/wp-json\/wp\/v2\/types\/post"}],"author":[{"embeddable":true,"href":"https:\/\/www.visit-ulcinj.com\/blog\/wp-json\/wp\/v2\/users\/1"}],"replies":[{"embeddable":true,"href":"https:\/\/www.visit-ulcinj.com\/blog\/wp-json\/wp\/v2\/comments?post=57492"}],"version-history":[{"count":11,"href":"https:\/\/www.visit-ulcinj.com\/blog\/wp-json\/wp\/v2\/posts\/57492\/revisions"}],"predecessor-version":[{"id":57502,"href":"https:\/\/www.visit-ulcinj.com\/blog\/wp-json\/wp\/v2\/posts\/57492\/revisions\/57502"}],"wp:attachment":[{"href":"https:\/\/www.visit-ulcinj.com\/blog\/wp-json\/wp\/v2\/media?parent=57492"}],"wp:term":[{"taxonomy":"category","embeddable":true,"href":"https:\/\/www.visit-ulcinj.com\/blog\/wp-json\/wp\/v2\/categories?post=57492"},{"taxonomy":"post_tag","embeddable":true,"href":"https:\/\/www.visit-ulcinj.com\/blog\/wp-json\/wp\/v2\/tags?post=57492"}],"curies":[{"name":"wp","href":"https:\/\/api.w.org\/{rel}","templated":true}]}}