{"id":575,"date":"2008-02-19T15:49:28","date_gmt":"2008-02-19T20:49:28","guid":{"rendered":"http:\/\/www.visit-ulcinj.com\/blog\/2008\/02\/19\/kush-ishte-cifuti-mistik-shabatai-zevi\/"},"modified":"2008-02-19T15:49:29","modified_gmt":"2008-02-19T20:49:29","slug":"kush-ishte-cifuti-mistik-shabatai-zevi","status":"publish","type":"post","link":"https:\/\/www.visit-ulcinj.com\/blog\/2008\/02\/19\/kush-ishte-cifuti-mistik-shabatai-zevi\/","title":{"rendered":"Kush ishte \u00e7ifuti mistik ? Shabatai Zevi&#8230;"},"content":{"rendered":"<p><a href=\"http:\/\/www.visit-ulcinj.com\/blog\/2008\/02\/19\/kush-ishte-cifuti-mistik-shabatai-zevi\/naim-sami-flamuri\/\" rel=\"attachment wp-att-576\" title=\"Naim &amp; Sami Flamuri\"><img loading=\"lazy\" src=\"http:\/\/www.visit-ulcinj.com\/blog\/wp-content\/uploads\/2008\/02\/sami-flamuri.jpg\" alt=\"Naim &amp; Sami Flamuri\" align=\"left\" height=\"348\" width=\"232\" \/><\/a><strong>N\u00eb vitin 1666 Shabatai do t\u00eb shpallte se gjykimi hyjnor dhe Mbret\u00ebria e Zotit do jen\u00eb n\u00eb duart e tij. Kaq ishte historia e s\u00eb p\u00ebrpjet\u00ebs s\u00eb k\u00ebtij njeriu. Pastaj fillon rrokullima.<\/strong><br \/>\n<strong>Factum:<\/strong> N\u00eb Enciklopedin\u00eb trev\u00ebllim\u00ebshe t\u00eb shekullit XVIII dhe XIX, gjejm\u00eb se p\u00ebr \u00e7udi, n\u00eb Perandorin\u00eb Osmane, vet\u00ebm nj\u00eb vend shiqptar\/arnaut, ve\u00e7ohet nd\u00ebr t\u00eb tjer\u00eb dhe ai \u00ebsht\u00eb Dulcigno apo Ulcini q\u00eb do t\u00eb thot\u00eb Ulqini\/Ulcinj i sot\u00ebm. E habitshme. Vet\u00ebm e p\u00ebrmendin emrin e Ulqinit sepse q\u00eb n\u00eb shekullin XVII ai ishte vendi i &#8220;Syrgjynit&#8221;, d\u00ebbimit, arratisjes t\u00eb liderit `Mesianik` Jahudit me emrin Shabatai Zevi. Ky \u00ebsht\u00eb shkaku i k\u00ebsaj p\u00ebrmendjeje jo aq t\u00eb mjaftueshme p\u00ebr gjith\u00eb k\u00ebt\u00eb histori. Nd\u00ebr t\u00eb tjera, tek &#8220;Encyclopedia Judaica, vol. 14,1972 pp.1220-54&#8221;, shkruan se &#8220;exil&#8221;, strehimi Shabatait n\u00eb &#8220;Dulcigno in Albania&#8221;, ndodhi n\u00eb kallnor-janar t\u00eb vjetit 1673, n\u00eb k\u00ebt\u00eb vend q\u00eb &#8220;Shabatean\u00ebt&#8221; e th\u00ebrrisnin ALKUN sipas Proverbave 30 : 31. Ai iku, u shmang nga jeta dhe duka publike dhe u mbulua si musliman. T\u00eb dh\u00ebnat p\u00ebr t\u00eb jan\u00eb t\u00eb mjaftueshme sa t`ia b\u00ebjm\u00eb portretin dhe n\u00eb k\u00ebt\u00eb pjes\u00eb t\u00eb fakteve q\u00eb i mblodh\u00ebm t\u00eb dy me durim e nd\u00ebr vite, po i shkruajm\u00eb p\u00ebr ju n\u00eb form\u00ebn e nj\u00eb kronike. Fakte dhe fare pak koment.<br \/>\nShabatai (Sabbatai) Zeviu lind n\u00eb Smyrna (Smirna, Izmir, Turqi) n\u00eb vitin 1629. Mendohet se prind\u00ebrit i kishte nga Patra e Peloponezit. Q\u00eb her\u00ebt ai t\u00ebrhoqi v\u00ebmendjen me dukjen e tij t\u00eb sh\u00ebndosh\u00eb n\u00eb \u00e7do pik\u00ebpamje.<br \/>\nThuhej se ai ishte njeri goj\u00ebmb\u00ebl, gj\u00eb p\u00ebr t\u00eb cil\u00ebn e adhuronin shum\u00eb dashamir\u00eb dhe bashk\u00ebqytetar\u00eb t\u00eb tij n\u00eb Izmir. M\u00ebsuesi i tij i par\u00eb ishte Gadol Red &#8211; Isaak di Alba, an\u00ebtar i sektit t\u00eb Bais Din. Edhe pse sipas Scholemit ai vuante nga depresioni (\u00e7ap\u00ebrtisja), kjo s\u00ebmundje kurr\u00eb nuk e kufizoi n\u00eb veprimet e tij. P\u00ebrkundrazi, ajo i dha forc\u00eb t\u00eb besonte edhe m\u00eb shum\u00eb te Zoti. Pas gjasht\u00eb vjet\u00ebve m\u00ebsim te mjeshtri Isaak, ai vazhdoi studimet te rabi Joseph Eskapha. Aty fiton titullin &#8220;smicha&#8221; (&#8220;i dituri&#8221;). M\u00eb pas ai vazhdoi studimet deri n\u00eb mosh\u00ebn e adoleshenc\u00ebs. N\u00eb vitet e m\u00ebvonshme p\u00ebrcjell\u00ebsit e tij do ta njohin edhe me titullin &#8220;Amirah&#8221; (besim n\u00eb nj\u00eb Zot).<br \/>\nN\u00eb vitin 1648 Shabatai thyen dogmat e at\u00ebhershme n\u00eb bot\u00ebkuptimin e shkrimeve fetare t\u00eb Talmudit, sidomos n\u00eb trajtimin e &#8220;Memes&#8221;, nj\u00eb pjes\u00eb e trash\u00ebgimis\u00eb, ku duhet p\u00ebrcaktuar besimi dhe thellimi n\u00eb besimin se Zoti \u00ebsht\u00eb Nj\u00eb.<br \/>\nN\u00eb vitin 1651 d\u00ebbohet nga Izmiri p\u00ebr n\u00eb Selanik (Greqi, Thesaly, Peleponez), ku v\u00ebrejm\u00eb nj\u00eb tendenc\u00eb t\u00eb re te Shabatai n\u00eb nd\u00ebrlidhjen me shkrimet e Torahut-Talmudit (pes\u00eb librat e Moisiut-Musaut). Ai pa dyshim n\u00eb veprimet e veta i skandalizon udh\u00ebheq\u00ebsit fetar\u00eb \u00e7ifut\u00eb me lidhjen martesore, t\u00eb cil\u00ebn ai e b\u00ebn haptas me Librin e Shenjt\u00eb.<br \/>\nN\u00eb shtegtimet e tij n\u00eb vendet e huaja rruga do ta shpinte edhe n\u00eb Palestin\u00eb. N\u00eb k\u00ebt\u00eb vend t\u00eb shenjt\u00eb fillon t\u00eb bindet, jo rast\u00ebsisht, se n\u00eb fakt ai s`\u00ebsht\u00eb gj\u00eb tjet\u00ebr ve\u00e7se nj\u00eb Mesi, Mesia tjet\u00ebr, Mesia i pritm\u00eb. Librat biblik\u00eb kan\u00eb nj\u00eb epiqend\u00ebr: iden\u00eb e prij\u00ebsit t\u00eb ardhsh\u00ebm shp\u00ebtimtar, q\u00eb n\u00eb gjuh\u00ebn aramaike quhet MESI. N\u00eb Palestin\u00eb ai takohet me Nathan Levin prej Gaze. Ishte pik\u00ebrisht ky q\u00eb e shpall Shabatai Zevin si Mesi.<br \/>\nN\u00eb vitin 1666 Shabatai do t\u00eb shpallte se gjykimi hyjnor dhe Mbret\u00ebria e Zotit do jen\u00eb n\u00eb duart e tij. Kaq ishte historia e s\u00eb p\u00ebrpjet\u00ebs s\u00eb k\u00ebtij njeriu. Pastaj fillon rrokullima.<br \/>\n<a href=\"http:\/\/www.visit-ulcinj.com\/blog\/wp-content\/uploads\/2008\/01\/sabbatai.jpg\" rel=\"lightbox[pics-1203453490]\" title=\"Sabbatai Zevit\"><img loading=\"lazy\" src=\"http:\/\/www.visit-ulcinj.com\/blog\/wp-content\/uploads\/2008\/01\/sabbatai.thumbnail.jpg\" alt=\"Sabbatai Zevit\" align=\"left\" height=\"128\" width=\"76\" \/><\/a>T\u00eb nderuar lexues, duhet t\u00eb kemi para sysh se gjer at\u00ebher\u00eb n\u00eb historin\u00eb e izraelit\u00ebve (\u00e7ifut\u00ebve) nuk ka pasur nj\u00eb figur\u00eb kaq bashkuese p\u00ebr nj\u00eb komb t\u00eb ndar\u00eb n\u00eb t\u00eb kat\u00ebr an\u00ebt e bot\u00ebs sa Shabatai Zevi. Si i till\u00eb, ai mund t\u00eb shpallet edhe si krijuesi i shtetit t\u00eb sot\u00ebm Izraelit. Shabatai k\u00ebrkonte lirin\u00eb e hebrenjve. Thellohet n\u00eb p\u00ebrndritjen fetare t\u00eb misticizmit \u00e7ifut t\u00eb quajtur Kabballab. Sot k\u00ebng\u00ebtarja e mir\u00ebnjohur amerikane, Madona, \u00ebsht\u00eb adhuruese e k\u00ebtij drejtimi. Liria p\u00ebr t\u00eb ishte m\u00eb e madhe dhe m\u00eb e plotfuqishme se doktrinat fetare t\u00eb ndryshme. Shabatai ishte nj\u00eb reformator, sikurse kishte qen\u00eb edhe Jezui-Isa para tij. Ai dha disa urdhra, q\u00eb deri at\u00ebher\u00eb kurrkush nuk guxonte t`i shkelte. Ja disa prej tyre:<br \/>\nAi ndaloi agj\u00ebrimin ritual.<br \/>\nSipas tij, p\u00ebrve\u00e7 lumturis\u00eb dhe triumfit shpirt\u00ebror asgj\u00eb tjet\u00ebr nuk guxon t\u00eb mbijetoj\u00eb te besimtar\u00ebt.<br \/>\nKthehemi p\u00ebr nj\u00eb koh\u00eb prapa. N\u00eb dhjetor t\u00eb vitit 1665 ai rikthehet n\u00eb vendlindje, ku n\u00eb m\u00ebnyr\u00eb demonstrative merr s\u00ebpat\u00ebn dhe shp\u00ebrthen der\u00ebn e sinagog\u00ebs portugeze, kurse p\u00ebrcjell\u00ebsit e tij filluan ta quanin veten &#8220;besimtar\u00ebt e v\u00ebrtet\u00eb&#8221;.<br \/>\nM\u00ebnyra e nd\u00ebrlidhjes s\u00eb besimeve (ekumenizmi) i shkaktoi mjaft armiq Shabatait, sidomos te disa rabi, t\u00eb cil\u00ebt shpalljen dhe veprimet e tij prej Mesie i quajt\u00ebn t\u00eb dyshimta dhe t\u00eb rrezikshme. Vlen t\u00eb p\u00ebrmenden sidomos ndryshimet e b\u00ebra nga Shabatai n\u00eb trajtimin e gruas.<br \/>\nGjith\u00e7ka q\u00eb ai b\u00ebri, \u00e7do gj\u00eb q\u00eb shpalli dhe nd\u00ebrmori, e b\u00ebri me ndihm\u00ebn dhe p\u00ebrkrahjen e bashk\u00ebshortes s\u00eb tij, Sarah, me t\u00eb cil\u00ebn qe martur nj\u00eb vit m\u00eb par\u00eb, pra m\u00eb 1664 n\u00eb Kajro. Dymb\u00ebdhjet\u00eb dit\u00eb pas ngjarjeve n\u00eb Izmir dhe shp\u00ebrthimit t\u00eb tij n\u00eb sinagog\u00ebn portugeze ai u nis p\u00ebr n\u00eb Stamboll, ku fama e tij ishte b\u00ebr\u00eb gati legjendare.<br \/>\nPerandoria Osmane ia kishte tashm\u00eb frik\u00ebn, sepse nuk pranonte se p\u00ebrve\u00e7 vul\u00ebs s\u00eb profet\u00ebve t\u00eb Muhamedit, paqa e Zotit, s`ka Mesi tjet\u00ebr.<br \/>\nN\u00eb syt\u00eb e Sulltanit ai ishte armik i Perandoris\u00eb dhe si i till\u00eb ardhja e Shabatait mund t\u00eb sillte trazira, kund\u00ebrshti, rebelime (kujtojm\u00eb se tregtia kontrollohej nga popullata \u00e7ifute) dhe situata mund t`u dilte shum\u00eb leht\u00eb nga dora.<br \/>\nRebelizmi kund\u00ebr sulltanit d\u00ebnohej me vdekje. Hallka kund\u00ebr Shabatait po ngushtohej dita dit\u00ebs. Ai u burgos p\u00ebr shtat\u00eb muaj n\u00eb fortes\u00ebn e Galipolit, ku mbahet n\u00eb &#8220;Kull\u00ebn e Q\u00ebndres\u00ebs&#8221;. Pasi e kishte shpallur veten mesi, n\u00eb shtator t\u00eb vitit 1666 ai doli para sulltan Mehmeti IV. Kishte vet\u00ebm dy rrug\u00ebdalje: ose t\u00eb b\u00ebhej sh\u00ebnjest\u00ebr e gjall\u00eb p\u00ebr shigjetar\u00ebt e Oborrit Mbret\u00ebror, ku n\u00eb rast se shp\u00ebtonte i pranohej titulli i Mesis\u00eb ose t\u00eb nd\u00ebrronte besimin (fen\u00eb) n\u00eb Islam.<br \/>\nB\u00ebri zgjedhjen e tij.<br \/>\nKushtet e detyruan t\u00eb pranonte islamin si besimin e tij kryesor dhe t\u00eb hiqte dor\u00eb nga t\u00eb gjitha detyrat kundretj p\u00ebrcjell\u00ebsve t\u00eb tij t\u00eb shumt\u00eb, t\u00eb cil\u00ebt i fton t\u00eb konvertohen n\u00eb islam. Prej at\u00ebher\u00eb femohuesit e Shabatait do t\u00eb njihen me emrin turk donme, q\u00eb do t\u00eb thot\u00eb &#8220;t\u00eb shk\u00ebputurit&#8221;.<br \/>\nShum\u00eb pak dihet rreth jet\u00ebs dhe q\u00ebndrimit t\u00eb tij n\u00eb Ulqin. Edhe sot e k\u00ebsaj dite n\u00eb<a href=\"http:\/\/www.visit-ulcinj.com\/blog\/wp-content\/uploads\/2008\/01\/1625sabbateands.jpg\" rel=\"lightbox[pics-1203453490]\" title=\"Sabbatai\"><img loading=\"lazy\" src=\"http:\/\/www.visit-ulcinj.com\/blog\/wp-content\/uploads\/2008\/01\/1625sabbateands.thumbnail.jpg\" alt=\"Sabbatai\" align=\"right\" height=\"75\" width=\"128\" \/><\/a> k\u00ebshtjell\u00ebn e Balshajve, n\u00eb kull\u00ebn e Dizdarit, v\u00ebrehen shenjat e Magen David, yllit t\u00eb Davudit (Davidit &#8211; Dautit), vendi ku thuhej se falej dhe ndizte qiririn Shabatai Zevi, i mbiquajtur Mehmed Efendi Dadai (sot n\u00eb Ulqin ka familje Efendi, q\u00eb ka lidhje me hebrenjt\u00eb spanjoll\u00eb). K\u00ebtu edhe sot e k\u00ebsaj dite ruhet turbja e familjes s\u00eb Manajve, p\u00ebr t\u00eb cil\u00ebn nd\u00ebr t\u00eb tjera thuhet se ai e la amanet q\u00eb kurr\u00ebn e kurr\u00ebs t\u00eb mos hapej dhe sekreti i Mehmet Dadait t\u00eb mos b\u00ebhej kurr\u00eb objekt kulti, kur njer\u00ebzit do t\u00eb vinin e t`i luteshin vet\u00eb aitj.<br \/>\nK\u00ebt\u00eb m\u00ebtim tonin e botoi n\u00eb librin e tij bestseller \u201cSarajevo rose\u201d (&#8220;Tr\u00ebndafili i Sarajev\u00ebs&#8221;) i mir\u00ebnjohuri Stephan Schwartz n\u00eb vitin 2005, ku ai nd\u00ebr t\u00eb tjera, n\u00eb faqen 225 na p\u00ebrmend n\u00eb lib\u00ebr, duke treguar emrin q\u00eb p\u00ebrdorej n\u00eb Ulqin p\u00ebr Efendi Aziz Mehmetin, t\u00eb njohur si DADAi, q\u00eb nuk \u00ebsht\u00eb gj\u00eb tjet\u00ebr pos emrit q\u00eb vjen nga Sabbatai. Po k\u00ebt\u00eb argument p\u00ebrdor n\u00eb lib\u00ebr edhe i nderuari mik i popullit shqiptar Stiven Shvarci. Ne shtojm\u00eb se p\u00ebr vepr\u00ebn DADAit\u2026ner amid (rindritja zhdritja e p\u00ebrhershme) besimtar\u00ebt e shumt\u00eb vazhdojn\u00eb edhe sot t\u00eb ndezin qirinj n\u00eb tyrben (p\u00ebrmendoren) e tij.<br \/>\nPo le t\u00eb ecim n\u00eb fillim t\u00eb historis\u00eb s\u00eb tij.<br \/>\nN\u00eb vitin 1667 Shabatai Zevit i lind edhe djali, Ismail Morelecai. Me k\u00ebt\u00eb rast at\u00eb e vizitojn\u00eb shum\u00eb miq dhe dashamir\u00eb. Tek ulqinak\u00ebt ruhen ende kujtimet se si Mehmet Dadai ringjalli f\u00ebmij\u00ebn, t\u00eb cilin e k\u00ebshilloi t\u00eb mos hipte n\u00eb fik, por djaloshi kureshtar nuk e d\u00ebgjoi dhe ra nga fiku e vdiq n\u00eb vend. Mehmetit (Sabatait) f\u00ebmija iu dhimb shum\u00eb. Meq\u00eb e quante veten fajtor q\u00eb nuk arriti ta mbronte, ai e luti Zotin q\u00eb t`ia merrte jet\u00ebn atij dhe ta ringjallte djalin, \u00e7ka edhe ndodhi v\u00ebrtet. Shabatai Zevi vidiq pik\u00ebrisht n\u00eb Dit\u00ebn e Shp\u00ebrblimit, n\u00eb shtator t\u00eb vitit 1676, dy jav\u00eb para se t\u00eb mbushte t\u00eb pes\u00ebdhjetat.<br \/>\n<a href=\"http:\/\/www.visit-ulcinj.com\/blog\/wp-content\/uploads\/2008\/01\/bougie.jpg\" rel=\"lightbox[pics-1203453490]\" title=\"Tyrbja\"><img loading=\"lazy\" src=\"http:\/\/www.visit-ulcinj.com\/blog\/wp-content\/uploads\/2008\/01\/bougie.thumbnail.jpg\" alt=\"Tyrbja\" align=\"left\" height=\"120\" width=\"128\" \/><\/a>Qysh at\u00ebher\u00eb kan\u00eb kaluar gati kat\u00ebr shekuj. Nd\u00ebrsa eshtrat e Shabatait pushojn\u00eb t\u00eb qeta n\u00eb tyrben e Manajve, q\u00eb me krenari thon\u00eb se &#8220;prejardhjen e kemi nga Izmiri&#8221; (kujtojm\u00eb se edhe Shabatai erdhi nga Izmiri). Kjo familje edhe sot e ndez qiririn p\u00ebr hir t\u00eb shpirtit t\u00eb tij t\u00eb past\u00ebr. Ai ende fluturon lart si nj\u00eb njeri mistik i v\u00ebrtet\u00eb, t\u00eb cilin nuk e mbuloi harresa. P\u00ebrkundrazi, vepra e tij dhe fillimi i l\u00ebvizjes s\u00eb tij inspiruan formimin e shtetit izraelit, q\u00eb deri n\u00eb fillim t\u00eb shekullit t\u00eb kaluar ishte nj\u00eb utopi e v\u00ebrtet\u00eb. E \u00e7uditshme! Gjith\u00eb familja Manaj, llagap q\u00eb vjen nga mbiemri \u00e7ifut SOLOMON &#8211; Sylejmani, vuajn\u00eb nga \u00e7rregullimi i \u00e7ap\u00ebrtisjes, kurse dukjen e kan\u00eb tipike, me hund\u00eb dhe sy t\u00eb ve\u00e7uar. Po. Gjaku nuk b\u00ebhet uj\u00eb.<br \/>\n<strong>Naim dhe Sami Flamuri<\/strong><br \/>\nwww.kohajavore.cg.yu<\/p>\n","protected":false},"excerpt":{"rendered":"<p><img loading=\"lazy\" src=\"http:\/\/www.visit-ulcinj.com\/blog\/wp-content\/uploads\/2008\/02\/sami-flamuri.jpg\" alt=\"Naim &amp; Sami Flamuri\" align=\"left\" height=\"140\" width=\"140\"\/><\/p>\n","protected":false},"author":1,"featured_media":0,"comment_status":"open","ping_status":"closed","sticky":false,"template":"","format":"standard","meta":{"spay_email":"","jetpack_publicize_message":"","jetpack_is_tweetstorm":false,"jetpack_publicize_feature_enabled":true},"categories":[4],"tags":[1666,1667,1403,1659,1663,1562,1664,1665,1661,1658,1657,1662,1660,1668,200],"jetpack_publicize_connections":[],"yoast_head":"<!-- This site is optimized with the Yoast SEO plugin v19.1 - https:\/\/yoast.com\/wordpress\/plugins\/seo\/ -->\n<title>Kush ishte \u00e7ifuti mistik ? Shabatai Zevi... - Lajme nga Ulqini<\/title>\n<meta name=\"robots\" content=\"index, follow, max-snippet:-1, max-image-preview:large, max-video-preview:-1\" \/>\n<link rel=\"canonical\" href=\"https:\/\/www.visit-ulcinj.com\/blog\/2008\/02\/19\/kush-ishte-cifuti-mistik-shabatai-zevi\/\" \/>\n<meta property=\"og:locale\" content=\"en_US\" \/>\n<meta property=\"og:type\" content=\"article\" \/>\n<meta property=\"og:title\" content=\"Kush ishte \u00e7ifuti mistik ? Shabatai Zevi... - Lajme nga Ulqini\" \/>\n<meta property=\"og:url\" content=\"https:\/\/www.visit-ulcinj.com\/blog\/2008\/02\/19\/kush-ishte-cifuti-mistik-shabatai-zevi\/\" \/>\n<meta property=\"og:site_name\" content=\"Lajme nga Ulqini\" \/>\n<meta property=\"article:published_time\" content=\"2008-02-19T20:49:28+00:00\" \/>\n<meta property=\"article:modified_time\" content=\"2008-02-19T20:49:29+00:00\" \/>\n<meta property=\"og:image\" content=\"http:\/\/www.visit-ulcinj.com\/blog\/wp-content\/uploads\/2008\/02\/sami-flamuri.jpg\" \/>\n<meta name=\"twitter:label1\" content=\"Written by\" \/>\n\t<meta name=\"twitter:data1\" content=\"ulqini\" \/>\n\t<meta name=\"twitter:label2\" content=\"Est. reading time\" \/>\n\t<meta name=\"twitter:data2\" content=\"9 minutes\" \/>\n<script type=\"application\/ld+json\" class=\"yoast-schema-graph\">{\"@context\":\"https:\/\/schema.org\",\"@graph\":[{\"@type\":\"WebSite\",\"@id\":\"https:\/\/www.visit-ulcinj.com\/blog\/#website\",\"url\":\"https:\/\/www.visit-ulcinj.com\/blog\/\",\"name\":\"Lajme nga Ulqini\",\"description\":\"Lajme,Vijesti,Ulqini,Ulqin,Crna Gora,Mali i Zi\",\"potentialAction\":[{\"@type\":\"SearchAction\",\"target\":{\"@type\":\"EntryPoint\",\"urlTemplate\":\"https:\/\/www.visit-ulcinj.com\/blog\/?s={search_term_string}\"},\"query-input\":\"required name=search_term_string\"}],\"inLanguage\":\"en-US\"},{\"@type\":\"ImageObject\",\"inLanguage\":\"en-US\",\"@id\":\"https:\/\/www.visit-ulcinj.com\/blog\/2008\/02\/19\/kush-ishte-cifuti-mistik-shabatai-zevi\/#primaryimage\",\"url\":\"http:\/\/www.visit-ulcinj.com\/blog\/wp-content\/uploads\/2008\/02\/sami-flamuri.jpg\",\"contentUrl\":\"http:\/\/www.visit-ulcinj.com\/blog\/wp-content\/uploads\/2008\/02\/sami-flamuri.jpg\"},{\"@type\":\"WebPage\",\"@id\":\"https:\/\/www.visit-ulcinj.com\/blog\/2008\/02\/19\/kush-ishte-cifuti-mistik-shabatai-zevi\/#webpage\",\"url\":\"https:\/\/www.visit-ulcinj.com\/blog\/2008\/02\/19\/kush-ishte-cifuti-mistik-shabatai-zevi\/\",\"name\":\"Kush ishte \u00e7ifuti mistik ? Shabatai Zevi... - Lajme nga Ulqini\",\"isPartOf\":{\"@id\":\"https:\/\/www.visit-ulcinj.com\/blog\/#website\"},\"primaryImageOfPage\":{\"@id\":\"https:\/\/www.visit-ulcinj.com\/blog\/2008\/02\/19\/kush-ishte-cifuti-mistik-shabatai-zevi\/#primaryimage\"},\"datePublished\":\"2008-02-19T20:49:28+00:00\",\"dateModified\":\"2008-02-19T20:49:29+00:00\",\"author\":{\"@id\":\"https:\/\/www.visit-ulcinj.com\/blog\/#\/schema\/person\/dcab619c614d3038751c63bc2aadc06d\"},\"breadcrumb\":{\"@id\":\"https:\/\/www.visit-ulcinj.com\/blog\/2008\/02\/19\/kush-ishte-cifuti-mistik-shabatai-zevi\/#breadcrumb\"},\"inLanguage\":\"en-US\",\"potentialAction\":[{\"@type\":\"ReadAction\",\"target\":[\"https:\/\/www.visit-ulcinj.com\/blog\/2008\/02\/19\/kush-ishte-cifuti-mistik-shabatai-zevi\/\"]}]},{\"@type\":\"BreadcrumbList\",\"@id\":\"https:\/\/www.visit-ulcinj.com\/blog\/2008\/02\/19\/kush-ishte-cifuti-mistik-shabatai-zevi\/#breadcrumb\",\"itemListElement\":[{\"@type\":\"ListItem\",\"position\":1,\"name\":\"Kush ishte \u00e7ifuti mistik ? Shabatai Zevi&#8230;\"}]},{\"@type\":\"Person\",\"@id\":\"https:\/\/www.visit-ulcinj.com\/blog\/#\/schema\/person\/dcab619c614d3038751c63bc2aadc06d\",\"name\":\"ulqini\",\"sameAs\":[\"http:\/\/www.visit-ulcinj.com\"],\"url\":\"https:\/\/www.visit-ulcinj.com\/blog\/author\/admin\/\"}]}<\/script>\n<!-- \/ Yoast SEO plugin. -->","yoast_head_json":{"title":"Kush ishte \u00e7ifuti mistik ? Shabatai Zevi... - Lajme nga Ulqini","robots":{"index":"index","follow":"follow","max-snippet":"max-snippet:-1","max-image-preview":"max-image-preview:large","max-video-preview":"max-video-preview:-1"},"canonical":"https:\/\/www.visit-ulcinj.com\/blog\/2008\/02\/19\/kush-ishte-cifuti-mistik-shabatai-zevi\/","og_locale":"en_US","og_type":"article","og_title":"Kush ishte \u00e7ifuti mistik ? Shabatai Zevi... - Lajme nga Ulqini","og_url":"https:\/\/www.visit-ulcinj.com\/blog\/2008\/02\/19\/kush-ishte-cifuti-mistik-shabatai-zevi\/","og_site_name":"Lajme nga Ulqini","article_published_time":"2008-02-19T20:49:28+00:00","article_modified_time":"2008-02-19T20:49:29+00:00","og_image":[{"url":"http:\/\/www.visit-ulcinj.com\/blog\/wp-content\/uploads\/2008\/02\/sami-flamuri.jpg"}],"twitter_misc":{"Written by":"ulqini","Est. reading time":"9 minutes"},"schema":{"@context":"https:\/\/schema.org","@graph":[{"@type":"WebSite","@id":"https:\/\/www.visit-ulcinj.com\/blog\/#website","url":"https:\/\/www.visit-ulcinj.com\/blog\/","name":"Lajme nga Ulqini","description":"Lajme,Vijesti,Ulqini,Ulqin,Crna Gora,Mali i Zi","potentialAction":[{"@type":"SearchAction","target":{"@type":"EntryPoint","urlTemplate":"https:\/\/www.visit-ulcinj.com\/blog\/?s={search_term_string}"},"query-input":"required name=search_term_string"}],"inLanguage":"en-US"},{"@type":"ImageObject","inLanguage":"en-US","@id":"https:\/\/www.visit-ulcinj.com\/blog\/2008\/02\/19\/kush-ishte-cifuti-mistik-shabatai-zevi\/#primaryimage","url":"http:\/\/www.visit-ulcinj.com\/blog\/wp-content\/uploads\/2008\/02\/sami-flamuri.jpg","contentUrl":"http:\/\/www.visit-ulcinj.com\/blog\/wp-content\/uploads\/2008\/02\/sami-flamuri.jpg"},{"@type":"WebPage","@id":"https:\/\/www.visit-ulcinj.com\/blog\/2008\/02\/19\/kush-ishte-cifuti-mistik-shabatai-zevi\/#webpage","url":"https:\/\/www.visit-ulcinj.com\/blog\/2008\/02\/19\/kush-ishte-cifuti-mistik-shabatai-zevi\/","name":"Kush ishte \u00e7ifuti mistik ? Shabatai Zevi... - Lajme nga Ulqini","isPartOf":{"@id":"https:\/\/www.visit-ulcinj.com\/blog\/#website"},"primaryImageOfPage":{"@id":"https:\/\/www.visit-ulcinj.com\/blog\/2008\/02\/19\/kush-ishte-cifuti-mistik-shabatai-zevi\/#primaryimage"},"datePublished":"2008-02-19T20:49:28+00:00","dateModified":"2008-02-19T20:49:29+00:00","author":{"@id":"https:\/\/www.visit-ulcinj.com\/blog\/#\/schema\/person\/dcab619c614d3038751c63bc2aadc06d"},"breadcrumb":{"@id":"https:\/\/www.visit-ulcinj.com\/blog\/2008\/02\/19\/kush-ishte-cifuti-mistik-shabatai-zevi\/#breadcrumb"},"inLanguage":"en-US","potentialAction":[{"@type":"ReadAction","target":["https:\/\/www.visit-ulcinj.com\/blog\/2008\/02\/19\/kush-ishte-cifuti-mistik-shabatai-zevi\/"]}]},{"@type":"BreadcrumbList","@id":"https:\/\/www.visit-ulcinj.com\/blog\/2008\/02\/19\/kush-ishte-cifuti-mistik-shabatai-zevi\/#breadcrumb","itemListElement":[{"@type":"ListItem","position":1,"name":"Kush ishte \u00e7ifuti mistik ? Shabatai Zevi&#8230;"}]},{"@type":"Person","@id":"https:\/\/www.visit-ulcinj.com\/blog\/#\/schema\/person\/dcab619c614d3038751c63bc2aadc06d","name":"ulqini","sameAs":["http:\/\/www.visit-ulcinj.com"],"url":"https:\/\/www.visit-ulcinj.com\/blog\/author\/admin\/"}]}},"jetpack_featured_media_url":"","jetpack_sharing_enabled":true,"jetpack_shortlink":"https:\/\/wp.me\/pe6lTn-9h","_links":{"self":[{"href":"https:\/\/www.visit-ulcinj.com\/blog\/wp-json\/wp\/v2\/posts\/575"}],"collection":[{"href":"https:\/\/www.visit-ulcinj.com\/blog\/wp-json\/wp\/v2\/posts"}],"about":[{"href":"https:\/\/www.visit-ulcinj.com\/blog\/wp-json\/wp\/v2\/types\/post"}],"author":[{"embeddable":true,"href":"https:\/\/www.visit-ulcinj.com\/blog\/wp-json\/wp\/v2\/users\/1"}],"replies":[{"embeddable":true,"href":"https:\/\/www.visit-ulcinj.com\/blog\/wp-json\/wp\/v2\/comments?post=575"}],"version-history":[{"count":0,"href":"https:\/\/www.visit-ulcinj.com\/blog\/wp-json\/wp\/v2\/posts\/575\/revisions"}],"wp:attachment":[{"href":"https:\/\/www.visit-ulcinj.com\/blog\/wp-json\/wp\/v2\/media?parent=575"}],"wp:term":[{"taxonomy":"category","embeddable":true,"href":"https:\/\/www.visit-ulcinj.com\/blog\/wp-json\/wp\/v2\/categories?post=575"},{"taxonomy":"post_tag","embeddable":true,"href":"https:\/\/www.visit-ulcinj.com\/blog\/wp-json\/wp\/v2\/tags?post=575"}],"curies":[{"name":"wp","href":"https:\/\/api.w.org\/{rel}","templated":true}]}}