{"id":57503,"date":"2012-02-17T14:53:18","date_gmt":"2012-02-17T13:53:18","guid":{"rendered":"http:\/\/www.visit-ulcinj.com\/blog\/?p=57503"},"modified":"2012-02-17T14:54:33","modified_gmt":"2012-02-17T13:54:33","slug":"lajmerim-organizata-turistike-e-ulqinit","status":"publish","type":"post","link":"https:\/\/www.visit-ulcinj.com\/blog\/2012\/02\/17\/lajmerim-organizata-turistike-e-ulqinit\/","title":{"rendered":"LAJM\u00cbRIM: Organizata turistike e Ulqinit"},"content":{"rendered":"<p><a href=\"http:\/\/www.visit-ulcinj.com\/blog\/wp-content\/uploads\/2012\/02\/Organizata-turistike-e-Ulqinit-.jpg\"><img loading=\"lazy\" class=\"alignleft size-full wp-image-57504\" title=\"Organizata turistike e Ulqinit\" src=\"http:\/\/www.visit-ulcinj.com\/blog\/wp-content\/uploads\/2012\/02\/Organizata-turistike-e-Ulqinit-.jpg\" alt=\"\" width=\"300\" height=\"150\" \/><\/a><\/p>\n<p>&nbsp;<\/p>\n<p>&nbsp;<\/p>\n<p>&nbsp;<\/p>\n<p>&nbsp;<\/p>\n<p>&nbsp;<\/p>\n<p>&nbsp;<\/p>\n<p><strong>Ulqin, m\u00eb 17 shkurt 2012<\/strong><\/p>\n<p>&nbsp;<\/p>\n<h1 align=\"center\">LAJM\u00cbRIM<\/h1>\n<p>&nbsp;<\/p>\n<p>Organizata turistike e Ulqinit \u00a0njofton t\u00eb gjith\u00eb afarist\u00ebt t\u00eb cil\u00ebt merren me turiz\u00ebm : hotelet,\u00a0 akomodimet private , agjensionet turistike, kampet, qira marr\u00ebsit e plazheve dhe \u00a0gastronom\u00ebt (restoran, caf\u00e9 bar, klub, disco etj.) q\u00eb ka filluar \u00a0p\u00ebrzgjedhja e materialit p\u00ebr p\u00ebrpilimin e prospektit dhe katalogut promovues p\u00ebr vitin 2012. Ftojm\u00eb t\u00eb gjith\u00eb t\u00eb interesuarit p\u00ebr prezantim \u00a0t\u00eb lajm\u00ebrohen n\u00eb zyret e Organizat\u00ebs turistike t\u00eb Ulqinit .<\/p>\n<p align=\"center\"><strong>Kushtet q\u00eb duhet plot\u00ebsuar dhe materiali q\u00eb nevojitet <\/strong><\/p>\n<ol start=\"1\">\n<li>Leje pune p\u00ebr ushtrimin e veprimtaris\u00eb nga organet kompetente komunale<\/li>\n<li>D\u00ebshmi mbi pages\u00ebn e taks\u00ebs s\u00eb banimit p\u00ebr 2011 ( vlen p\u00ebr akomodimet private)<\/li>\n<li>Fotografi \u00a0t\u00eb objektit nga jasht\u00eb dhe brenda (minimum 5 fotografi me rezolut\u00eb t\u00eb lart\u00eb )<\/li>\n<\/ol>\n<ol>\n<li>P\u00ebrshkrim i shkurt\u00ebr dhe kushtet q\u00eb ofron objekti, si psh: kategoria, numri i dhomave apo apartmaneve,TV, klimatizim, parking, internet, larg\u00ebsia nga deti , etj.<\/li>\n<\/ol>\n<p>&nbsp;<\/p>\n<ol>\n<li>Adresa, telefon, e-mail, website.<\/li>\n<\/ol>\n<p>&nbsp;<\/p>\n<p><strong>Materiali duhet t\u00eb dor\u00ebzohet n\u00eb formatin e CD- s\u00eb\u00a0 n\u00eb zyret e organizates turistike prej\u00a0 or\u00ebs 08-15, deri me dat\u00eb 1 mars 2012.<\/strong><\/p>\n<p>Me rastin e dor\u00ebzimit t\u00eb materialit b\u00ebhet n\u00ebnshkrimi i marr\u00ebveshjes dhe caktohet suma qe duhet paguar p\u00ebr participim.<\/p>\n<p>P\u00ebr informata m\u00eb t\u00eb holl\u00ebsishme kontaktoni n\u00eb<\/p>\n<p>Tel: 412 333 \/ 335<\/p>\n<p>ose me<\/p>\n<p>E-mail: ulcinjturist@t-com.me<\/p>\n<p>&nbsp;<\/p>\n<p style=\"text-align: right;\"><strong>Sh\u00ebrbimi i Organizat\u00ebs Turistike<\/strong><strong><\/strong><\/p>\n<p>&nbsp;<\/p>\n","protected":false},"excerpt":{"rendered":"<p>&nbsp; &nbsp; &nbsp; &nbsp; &nbsp; &nbsp; Ulqin, m\u00eb 17 shkurt 2012 &nbsp; LAJM\u00cbRIM &nbsp; Organizata turistike e Ulqinit \u00a0njofton t\u00eb gjith\u00eb afarist\u00ebt t\u00eb cil\u00ebt merren me turiz\u00ebm : hotelet,\u00a0 akomodimet private , agjensionet turistike, kampet, qira marr\u00ebsit e plazheve dhe \u00a0gastronom\u00ebt (restoran, caf\u00e9 bar, klub, disco etj.) q\u00eb ka filluar \u00a0p\u00ebrzgjedhja e materialit p\u00ebr p\u00ebrpilimin [&hellip;]<\/p>\n","protected":false},"author":1,"featured_media":0,"comment_status":"open","ping_status":"closed","sticky":false,"template":"","format":"standard","meta":{"spay_email":"","jetpack_publicize_message":"","jetpack_is_tweetstorm":false,"jetpack_publicize_feature_enabled":true},"categories":[15],"tags":[671],"jetpack_publicize_connections":[],"yoast_head":"<!-- This site is optimized with the Yoast SEO plugin v19.1 - https:\/\/yoast.com\/wordpress\/plugins\/seo\/ -->\n<title>LAJM\u00cbRIM: Organizata turistike e Ulqinit  - Lajme nga Ulqini<\/title>\n<meta name=\"description\" content=\"&nbsp; &nbsp; &nbsp; &nbsp; &nbsp; &nbsp; Ulqin, m\u00eb 17 shkurt 2012 &nbsp; LAJM\u00cbRIM &nbsp; Organizata turistike e Ulqinit \u00a0njofton t\u00eb gjith\u00eb afarist\u00ebt t\u00eb\" \/>\n<meta name=\"robots\" content=\"index, follow, max-snippet:-1, max-image-preview:large, max-video-preview:-1\" \/>\n<link rel=\"canonical\" href=\"https:\/\/www.visit-ulcinj.com\/blog\/2012\/02\/17\/lajmerim-organizata-turistike-e-ulqinit\/\" \/>\n<meta property=\"og:locale\" content=\"en_US\" \/>\n<meta property=\"og:type\" content=\"article\" \/>\n<meta property=\"og:title\" content=\"LAJM\u00cbRIM: Organizata turistike e Ulqinit  - Lajme nga Ulqini\" \/>\n<meta property=\"og:description\" content=\"&nbsp; &nbsp; &nbsp; &nbsp; &nbsp; &nbsp; Ulqin, m\u00eb 17 shkurt 2012 &nbsp; LAJM\u00cbRIM &nbsp; Organizata turistike e Ulqinit \u00a0njofton t\u00eb gjith\u00eb afarist\u00ebt t\u00eb\" \/>\n<meta property=\"og:url\" content=\"https:\/\/www.visit-ulcinj.com\/blog\/2012\/02\/17\/lajmerim-organizata-turistike-e-ulqinit\/\" \/>\n<meta property=\"og:site_name\" content=\"Lajme nga Ulqini\" \/>\n<meta property=\"article:published_time\" content=\"2012-02-17T13:53:18+00:00\" \/>\n<meta property=\"article:modified_time\" content=\"2012-02-17T13:54:33+00:00\" \/>\n<meta property=\"og:image\" content=\"http:\/\/www.visit-ulcinj.com\/blog\/wp-content\/uploads\/2012\/02\/Organizata-turistike-e-Ulqinit-.jpg\" \/>\n<meta name=\"twitter:label1\" content=\"Written by\" \/>\n\t<meta name=\"twitter:data1\" content=\"ulqini\" \/>\n\t<meta name=\"twitter:label2\" content=\"Est. reading time\" \/>\n\t<meta name=\"twitter:data2\" content=\"1 minute\" \/>\n<script type=\"application\/ld+json\" class=\"yoast-schema-graph\">{\"@context\":\"https:\/\/schema.org\",\"@graph\":[{\"@type\":\"WebSite\",\"@id\":\"https:\/\/www.visit-ulcinj.com\/blog\/#website\",\"url\":\"https:\/\/www.visit-ulcinj.com\/blog\/\",\"name\":\"Lajme nga Ulqini\",\"description\":\"Lajme,Vijesti,Ulqini,Ulqin,Crna Gora,Mali i Zi\",\"potentialAction\":[{\"@type\":\"SearchAction\",\"target\":{\"@type\":\"EntryPoint\",\"urlTemplate\":\"https:\/\/www.visit-ulcinj.com\/blog\/?s={search_term_string}\"},\"query-input\":\"required name=search_term_string\"}],\"inLanguage\":\"en-US\"},{\"@type\":\"ImageObject\",\"inLanguage\":\"en-US\",\"@id\":\"https:\/\/www.visit-ulcinj.com\/blog\/2012\/02\/17\/lajmerim-organizata-turistike-e-ulqinit\/#primaryimage\",\"url\":\"https:\/\/www.visit-ulcinj.com\/blog\/wp-content\/uploads\/2012\/02\/Organizata-turistike-e-Ulqinit-.jpg\",\"contentUrl\":\"https:\/\/www.visit-ulcinj.com\/blog\/wp-content\/uploads\/2012\/02\/Organizata-turistike-e-Ulqinit-.jpg\",\"width\":\"300\",\"height\":\"150\"},{\"@type\":\"WebPage\",\"@id\":\"https:\/\/www.visit-ulcinj.com\/blog\/2012\/02\/17\/lajmerim-organizata-turistike-e-ulqinit\/#webpage\",\"url\":\"https:\/\/www.visit-ulcinj.com\/blog\/2012\/02\/17\/lajmerim-organizata-turistike-e-ulqinit\/\",\"name\":\"LAJM\u00cbRIM: Organizata turistike e Ulqinit - Lajme nga Ulqini\",\"isPartOf\":{\"@id\":\"https:\/\/www.visit-ulcinj.com\/blog\/#website\"},\"primaryImageOfPage\":{\"@id\":\"https:\/\/www.visit-ulcinj.com\/blog\/2012\/02\/17\/lajmerim-organizata-turistike-e-ulqinit\/#primaryimage\"},\"datePublished\":\"2012-02-17T13:53:18+00:00\",\"dateModified\":\"2012-02-17T13:54:33+00:00\",\"author\":{\"@id\":\"https:\/\/www.visit-ulcinj.com\/blog\/#\/schema\/person\/dcab619c614d3038751c63bc2aadc06d\"},\"description\":\"&nbsp; &nbsp; &nbsp; &nbsp; &nbsp; &nbsp; Ulqin, m\u00eb 17 shkurt 2012 &nbsp; LAJM\u00cbRIM &nbsp; Organizata turistike e Ulqinit \u00a0njofton t\u00eb gjith\u00eb afarist\u00ebt t\u00eb\",\"breadcrumb\":{\"@id\":\"https:\/\/www.visit-ulcinj.com\/blog\/2012\/02\/17\/lajmerim-organizata-turistike-e-ulqinit\/#breadcrumb\"},\"inLanguage\":\"en-US\",\"potentialAction\":[{\"@type\":\"ReadAction\",\"target\":[\"https:\/\/www.visit-ulcinj.com\/blog\/2012\/02\/17\/lajmerim-organizata-turistike-e-ulqinit\/\"]}]},{\"@type\":\"BreadcrumbList\",\"@id\":\"https:\/\/www.visit-ulcinj.com\/blog\/2012\/02\/17\/lajmerim-organizata-turistike-e-ulqinit\/#breadcrumb\",\"itemListElement\":[{\"@type\":\"ListItem\",\"position\":1,\"name\":\"LAJM\u00cbRIM: Organizata turistike e Ulqinit\"}]},{\"@type\":\"Person\",\"@id\":\"https:\/\/www.visit-ulcinj.com\/blog\/#\/schema\/person\/dcab619c614d3038751c63bc2aadc06d\",\"name\":\"ulqini\",\"sameAs\":[\"http:\/\/www.visit-ulcinj.com\"],\"url\":\"https:\/\/www.visit-ulcinj.com\/blog\/author\/admin\/\"}]}<\/script>\n<!-- \/ Yoast SEO plugin. -->","yoast_head_json":{"title":"LAJM\u00cbRIM: Organizata turistike e Ulqinit  - Lajme nga Ulqini","description":"&nbsp; &nbsp; &nbsp; &nbsp; &nbsp; &nbsp; Ulqin, m\u00eb 17 shkurt 2012 &nbsp; LAJM\u00cbRIM &nbsp; Organizata turistike e Ulqinit \u00a0njofton t\u00eb gjith\u00eb afarist\u00ebt t\u00eb","robots":{"index":"index","follow":"follow","max-snippet":"max-snippet:-1","max-image-preview":"max-image-preview:large","max-video-preview":"max-video-preview:-1"},"canonical":"https:\/\/www.visit-ulcinj.com\/blog\/2012\/02\/17\/lajmerim-organizata-turistike-e-ulqinit\/","og_locale":"en_US","og_type":"article","og_title":"LAJM\u00cbRIM: Organizata turistike e Ulqinit  - Lajme nga Ulqini","og_description":"&nbsp; &nbsp; &nbsp; &nbsp; &nbsp; &nbsp; Ulqin, m\u00eb 17 shkurt 2012 &nbsp; LAJM\u00cbRIM &nbsp; Organizata turistike e Ulqinit \u00a0njofton t\u00eb gjith\u00eb afarist\u00ebt t\u00eb","og_url":"https:\/\/www.visit-ulcinj.com\/blog\/2012\/02\/17\/lajmerim-organizata-turistike-e-ulqinit\/","og_site_name":"Lajme nga Ulqini","article_published_time":"2012-02-17T13:53:18+00:00","article_modified_time":"2012-02-17T13:54:33+00:00","og_image":[{"url":"http:\/\/www.visit-ulcinj.com\/blog\/wp-content\/uploads\/2012\/02\/Organizata-turistike-e-Ulqinit-.jpg"}],"twitter_misc":{"Written by":"ulqini","Est. reading time":"1 minute"},"schema":{"@context":"https:\/\/schema.org","@graph":[{"@type":"WebSite","@id":"https:\/\/www.visit-ulcinj.com\/blog\/#website","url":"https:\/\/www.visit-ulcinj.com\/blog\/","name":"Lajme nga Ulqini","description":"Lajme,Vijesti,Ulqini,Ulqin,Crna Gora,Mali i Zi","potentialAction":[{"@type":"SearchAction","target":{"@type":"EntryPoint","urlTemplate":"https:\/\/www.visit-ulcinj.com\/blog\/?s={search_term_string}"},"query-input":"required name=search_term_string"}],"inLanguage":"en-US"},{"@type":"ImageObject","inLanguage":"en-US","@id":"https:\/\/www.visit-ulcinj.com\/blog\/2012\/02\/17\/lajmerim-organizata-turistike-e-ulqinit\/#primaryimage","url":"https:\/\/www.visit-ulcinj.com\/blog\/wp-content\/uploads\/2012\/02\/Organizata-turistike-e-Ulqinit-.jpg","contentUrl":"https:\/\/www.visit-ulcinj.com\/blog\/wp-content\/uploads\/2012\/02\/Organizata-turistike-e-Ulqinit-.jpg","width":"300","height":"150"},{"@type":"WebPage","@id":"https:\/\/www.visit-ulcinj.com\/blog\/2012\/02\/17\/lajmerim-organizata-turistike-e-ulqinit\/#webpage","url":"https:\/\/www.visit-ulcinj.com\/blog\/2012\/02\/17\/lajmerim-organizata-turistike-e-ulqinit\/","name":"LAJM\u00cbRIM: Organizata turistike e Ulqinit - Lajme nga Ulqini","isPartOf":{"@id":"https:\/\/www.visit-ulcinj.com\/blog\/#website"},"primaryImageOfPage":{"@id":"https:\/\/www.visit-ulcinj.com\/blog\/2012\/02\/17\/lajmerim-organizata-turistike-e-ulqinit\/#primaryimage"},"datePublished":"2012-02-17T13:53:18+00:00","dateModified":"2012-02-17T13:54:33+00:00","author":{"@id":"https:\/\/www.visit-ulcinj.com\/blog\/#\/schema\/person\/dcab619c614d3038751c63bc2aadc06d"},"description":"&nbsp; &nbsp; &nbsp; &nbsp; &nbsp; &nbsp; Ulqin, m\u00eb 17 shkurt 2012 &nbsp; LAJM\u00cbRIM &nbsp; Organizata turistike e Ulqinit \u00a0njofton t\u00eb gjith\u00eb afarist\u00ebt t\u00eb","breadcrumb":{"@id":"https:\/\/www.visit-ulcinj.com\/blog\/2012\/02\/17\/lajmerim-organizata-turistike-e-ulqinit\/#breadcrumb"},"inLanguage":"en-US","potentialAction":[{"@type":"ReadAction","target":["https:\/\/www.visit-ulcinj.com\/blog\/2012\/02\/17\/lajmerim-organizata-turistike-e-ulqinit\/"]}]},{"@type":"BreadcrumbList","@id":"https:\/\/www.visit-ulcinj.com\/blog\/2012\/02\/17\/lajmerim-organizata-turistike-e-ulqinit\/#breadcrumb","itemListElement":[{"@type":"ListItem","position":1,"name":"LAJM\u00cbRIM: Organizata turistike e Ulqinit"}]},{"@type":"Person","@id":"https:\/\/www.visit-ulcinj.com\/blog\/#\/schema\/person\/dcab619c614d3038751c63bc2aadc06d","name":"ulqini","sameAs":["http:\/\/www.visit-ulcinj.com"],"url":"https:\/\/www.visit-ulcinj.com\/blog\/author\/admin\/"}]}},"jetpack_featured_media_url":"","jetpack_sharing_enabled":true,"jetpack_shortlink":"https:\/\/wp.me\/pe6lTn-eXt","_links":{"self":[{"href":"https:\/\/www.visit-ulcinj.com\/blog\/wp-json\/wp\/v2\/posts\/57503"}],"collection":[{"href":"https:\/\/www.visit-ulcinj.com\/blog\/wp-json\/wp\/v2\/posts"}],"about":[{"href":"https:\/\/www.visit-ulcinj.com\/blog\/wp-json\/wp\/v2\/types\/post"}],"author":[{"embeddable":true,"href":"https:\/\/www.visit-ulcinj.com\/blog\/wp-json\/wp\/v2\/users\/1"}],"replies":[{"embeddable":true,"href":"https:\/\/www.visit-ulcinj.com\/blog\/wp-json\/wp\/v2\/comments?post=57503"}],"version-history":[{"count":7,"href":"https:\/\/www.visit-ulcinj.com\/blog\/wp-json\/wp\/v2\/posts\/57503\/revisions"}],"predecessor-version":[{"id":57510,"href":"https:\/\/www.visit-ulcinj.com\/blog\/wp-json\/wp\/v2\/posts\/57503\/revisions\/57510"}],"wp:attachment":[{"href":"https:\/\/www.visit-ulcinj.com\/blog\/wp-json\/wp\/v2\/media?parent=57503"}],"wp:term":[{"taxonomy":"category","embeddable":true,"href":"https:\/\/www.visit-ulcinj.com\/blog\/wp-json\/wp\/v2\/categories?post=57503"},{"taxonomy":"post_tag","embeddable":true,"href":"https:\/\/www.visit-ulcinj.com\/blog\/wp-json\/wp\/v2\/tags?post=57503"}],"curies":[{"name":"wp","href":"https:\/\/api.w.org\/{rel}","templated":true}]}}