{"id":57523,"date":"2012-02-17T22:36:08","date_gmt":"2012-02-17T21:36:08","guid":{"rendered":"http:\/\/www.visit-ulcinj.com\/blog\/?p=57523"},"modified":"2012-02-17T22:39:11","modified_gmt":"2012-02-17T21:39:11","slug":"htp-%e2%80%9eulcinjska-rivijera-cesi-prosirili-zakup-kapaciteta","status":"publish","type":"post","link":"https:\/\/www.visit-ulcinj.com\/blog\/2012\/02\/17\/htp-%e2%80%9eulcinjska-rivijera-cesi-prosirili-zakup-kapaciteta\/","title":{"rendered":"HTP \u201eUlcinjska rivijera\u201d: \u010cesi pro\u0161irili zakup kapaciteta"},"content":{"rendered":"<p><a href=\"http:\/\/www.visit-ulcinj.com\/blog\/wp-content\/uploads\/2012\/02\/Turisticka-organizacija-Ulcinja_Ulcinjska-Rivijera.jpg\"><img loading=\"lazy\" class=\"alignleft  wp-image-57524\" title=\"Turisticka organizacija Ulcinja_Ulcinjska Rivijera\" src=\"http:\/\/www.visit-ulcinj.com\/blog\/wp-content\/uploads\/2012\/02\/Turisticka-organizacija-Ulcinja_Ulcinjska-Rivijera.jpg\" alt=\"\" width=\"350\" height=\"157\" \/><\/a>U saradnji s Turisti\u010dkom organizacijom Ulcinja, HTP \u201eUlcinjska rivijera\u201d predstavila je ponudu na 21. Me\u0111unarodnom sajmu turizma \u201eHolidej Vorld\u201d koji je od 9. do 12. maja odr\u017ean u Pragu. Na \u0161tandu najve\u0107eg gradskog hotelijera bile su predstavljene atrakcije Ulcinja, hotelski smje\u0161taj \u201eUlcinjske rivijere\u201c, kao i ponuda ostalih hotela i vila iz ulcinjskog privatnog smje\u0161taja.<br \/>\n\u2013Tokom proteklog ljeta u hotelima HTP \u201eUlcinjske rivijere\u201c boravilo je 3.396 turista iz \u010ce\u0161ke koji su ostvarili 31.440 no\u0107enja \u0161to \u010de\u0161ko tr\u017ei\u0161te pozicionira kao strate\u0161ko za najve\u0107eg hotelijera u Ulcinju. \u010ce\u0161ke agencije s kojima imamo dugogodi\u0161nju uspje\u0161nu saradnju za naredno ljeto su pro\u0161irile zakup kapaciteta u na\u0161im hotelima tako da u sezoni 2012. o\u010dekujemo jo\u0161 ve\u0107i broj turista iz ovog podru\u010dja- kazala je \u201eDanu\u201d potparol \u201eRivijere\u201d Ana \u017divanovi\u0107. Prema njenim rije\u010dima, posjetioce sajma najvi\u0161e su interesovale cijene boravka u hotelima. Cijene su za naredno ljeto ostale nepromijenje u odnosu na pro\u0161lu godinu i kre\u0107u se od 22 eura u predsezoni do 40 u \u0161picu sezone. Slijede nastupi na sajmovima u Beogradu, Berlinu, Moskvi, naglasila je \u017divanovi\u0107eva. Iz NTO CG saop\u0161teno je da je sajamski nastup u \u010ce\u0161koj rezultat saradnje LTO-a Bara, Budve, Tivta, Kotora i Ulcinja.<br \/>\n-Na \u0161tandu su bili prisutni i \u201eBiserna obala\u201d \u2013 \u010canj, HG \u201eBudvanska rivijera\u201d i turisti\u010dke agencije \u201eIvanko\u201d iz Sutomora i \u201eJamb\u201d iz Budve. Ovogodi\u0161nji sajam je okupio 750 izlaga\u010da iz 52 zemlje. \u010ce\u0161ke turiste su najvi\u0161e intersovale informacije vezane za cijene za ljetnju sezonu, kao i ponuda aktivnog odmora prije svega rafting i pje\u0161a\u010denje. Turoperatori \u201eKovotour&#8217;\u201d i \u201e&#8217;Vitkovice Tours\u201d ove godine za Crnu Goru nude sedmodnevne aran\u017emane od 240 do 1.100 eura, saop\u0161teno je iz NTO.<\/p>\n<p><a href=\"http:\/\/www.dan.co.me\/?nivo=3&amp;rubrika=Regioni&amp;clanak=320127&amp;datum=2012-02-17\" target=\"_blank\"><strong>Izvor: DAN<\/strong><\/a><\/p>\n<!--YouTube Error: bad URL entered-->\n","protected":false},"excerpt":{"rendered":"<p>U saradnji s Turisti\u010dkom organizacijom Ulcinja, HTP \u201eUlcinjska rivijera\u201d predstavila je ponudu na 21. Me\u0111unarodnom sajmu turizma \u201eHolidej Vorld\u201d koji je od 9. do 12. maja odr\u017ean u Pragu. Na \u0161tandu najve\u0107eg gradskog hotelijera bile su predstavljene atrakcije Ulcinja, hotelski smje\u0161taj \u201eUlcinjske rivijere\u201c, kao i ponuda ostalih hotela i vila iz ulcinjskog privatnog smje\u0161taja. \u2013Tokom [&hellip;]<\/p>\n","protected":false},"author":1,"featured_media":0,"comment_status":"open","ping_status":"closed","sticky":false,"template":"","format":"standard","meta":{"spay_email":"","jetpack_publicize_message":"","jetpack_is_tweetstorm":false,"jetpack_publicize_feature_enabled":true},"categories":[8337],"tags":[5737,12420,19],"jetpack_publicize_connections":[],"yoast_head":"<!-- This site is optimized with the Yoast SEO plugin v19.1 - https:\/\/yoast.com\/wordpress\/plugins\/seo\/ -->\n<title>HTP \u201eUlcinjska rivijera\u201d: \u010cesi pro\u0161irili zakup kapaciteta - Lajme nga Ulqini<\/title>\n<meta name=\"description\" content=\"U saradnji s Turisti\u010dkom organizacijom Ulcinja, HTP \u201eUlcinjska rivijera\u201d predstavila je ponudu na 21. Me\u0111unarodnom sajmu turizma \u201eHolidej Vorld\u201d koji je\" \/>\n<meta name=\"robots\" content=\"index, follow, max-snippet:-1, max-image-preview:large, max-video-preview:-1\" \/>\n<link rel=\"canonical\" href=\"https:\/\/www.visit-ulcinj.com\/blog\/2012\/02\/17\/htp-\u201eulcinjska-rivijera-cesi-prosirili-zakup-kapaciteta\/\" \/>\n<meta property=\"og:locale\" content=\"en_US\" \/>\n<meta property=\"og:type\" content=\"article\" \/>\n<meta property=\"og:title\" content=\"HTP \u201eUlcinjska rivijera\u201d: \u010cesi pro\u0161irili zakup kapaciteta - Lajme nga Ulqini\" \/>\n<meta property=\"og:description\" content=\"U saradnji s Turisti\u010dkom organizacijom Ulcinja, HTP \u201eUlcinjska rivijera\u201d predstavila je ponudu na 21. Me\u0111unarodnom sajmu turizma \u201eHolidej Vorld\u201d koji je\" \/>\n<meta property=\"og:url\" content=\"https:\/\/www.visit-ulcinj.com\/blog\/2012\/02\/17\/htp-\u201eulcinjska-rivijera-cesi-prosirili-zakup-kapaciteta\/\" \/>\n<meta property=\"og:site_name\" content=\"Lajme nga Ulqini\" \/>\n<meta property=\"article:published_time\" content=\"2012-02-17T21:36:08+00:00\" \/>\n<meta property=\"article:modified_time\" content=\"2012-02-17T21:39:11+00:00\" \/>\n<meta property=\"og:image\" content=\"http:\/\/www.visit-ulcinj.com\/blog\/wp-content\/uploads\/2012\/02\/Turisticka-organizacija-Ulcinja_Ulcinjska-Rivijera.jpg\" \/>\n<meta name=\"twitter:label1\" content=\"Written by\" \/>\n\t<meta name=\"twitter:data1\" content=\"ulqini\" \/>\n\t<meta name=\"twitter:label2\" content=\"Est. reading time\" \/>\n\t<meta name=\"twitter:data2\" content=\"2 minutes\" \/>\n<script type=\"application\/ld+json\" class=\"yoast-schema-graph\">{\"@context\":\"https:\/\/schema.org\",\"@graph\":[{\"@type\":\"WebSite\",\"@id\":\"https:\/\/www.visit-ulcinj.com\/blog\/#website\",\"url\":\"https:\/\/www.visit-ulcinj.com\/blog\/\",\"name\":\"Lajme nga Ulqini\",\"description\":\"Lajme,Vijesti,Ulqini,Ulqin,Crna Gora,Mali i Zi\",\"potentialAction\":[{\"@type\":\"SearchAction\",\"target\":{\"@type\":\"EntryPoint\",\"urlTemplate\":\"https:\/\/www.visit-ulcinj.com\/blog\/?s={search_term_string}\"},\"query-input\":\"required name=search_term_string\"}],\"inLanguage\":\"en-US\"},{\"@type\":\"ImageObject\",\"inLanguage\":\"en-US\",\"@id\":\"https:\/\/www.visit-ulcinj.com\/blog\/2012\/02\/17\/htp-%e2%80%9eulcinjska-rivijera-cesi-prosirili-zakup-kapaciteta\/#primaryimage\",\"url\":\"https:\/\/www.visit-ulcinj.com\/blog\/wp-content\/uploads\/2012\/02\/Turisticka-organizacija-Ulcinja_Ulcinjska-Rivijera.jpg\",\"contentUrl\":\"https:\/\/www.visit-ulcinj.com\/blog\/wp-content\/uploads\/2012\/02\/Turisticka-organizacija-Ulcinja_Ulcinjska-Rivijera.jpg\",\"width\":\"508\",\"height\":\"157\"},{\"@type\":\"WebPage\",\"@id\":\"https:\/\/www.visit-ulcinj.com\/blog\/2012\/02\/17\/htp-%e2%80%9eulcinjska-rivijera-cesi-prosirili-zakup-kapaciteta\/#webpage\",\"url\":\"https:\/\/www.visit-ulcinj.com\/blog\/2012\/02\/17\/htp-%e2%80%9eulcinjska-rivijera-cesi-prosirili-zakup-kapaciteta\/\",\"name\":\"HTP \u201eUlcinjska rivijera\u201d: \u010cesi pro\u0161irili zakup kapaciteta - Lajme nga Ulqini\",\"isPartOf\":{\"@id\":\"https:\/\/www.visit-ulcinj.com\/blog\/#website\"},\"primaryImageOfPage\":{\"@id\":\"https:\/\/www.visit-ulcinj.com\/blog\/2012\/02\/17\/htp-%e2%80%9eulcinjska-rivijera-cesi-prosirili-zakup-kapaciteta\/#primaryimage\"},\"datePublished\":\"2012-02-17T21:36:08+00:00\",\"dateModified\":\"2012-02-17T21:39:11+00:00\",\"author\":{\"@id\":\"https:\/\/www.visit-ulcinj.com\/blog\/#\/schema\/person\/dcab619c614d3038751c63bc2aadc06d\"},\"description\":\"U saradnji s Turisti\u010dkom organizacijom Ulcinja, HTP \u201eUlcinjska rivijera\u201d predstavila je ponudu na 21. Me\u0111unarodnom sajmu turizma \u201eHolidej Vorld\u201d koji je\",\"breadcrumb\":{\"@id\":\"https:\/\/www.visit-ulcinj.com\/blog\/2012\/02\/17\/htp-%e2%80%9eulcinjska-rivijera-cesi-prosirili-zakup-kapaciteta\/#breadcrumb\"},\"inLanguage\":\"en-US\",\"potentialAction\":[{\"@type\":\"ReadAction\",\"target\":[\"https:\/\/www.visit-ulcinj.com\/blog\/2012\/02\/17\/htp-%e2%80%9eulcinjska-rivijera-cesi-prosirili-zakup-kapaciteta\/\"]}]},{\"@type\":\"BreadcrumbList\",\"@id\":\"https:\/\/www.visit-ulcinj.com\/blog\/2012\/02\/17\/htp-%e2%80%9eulcinjska-rivijera-cesi-prosirili-zakup-kapaciteta\/#breadcrumb\",\"itemListElement\":[{\"@type\":\"ListItem\",\"position\":1,\"name\":\"HTP \u201eUlcinjska rivijera\u201d: \u010cesi pro\u0161irili zakup kapaciteta\"}]},{\"@type\":\"Person\",\"@id\":\"https:\/\/www.visit-ulcinj.com\/blog\/#\/schema\/person\/dcab619c614d3038751c63bc2aadc06d\",\"name\":\"ulqini\",\"sameAs\":[\"http:\/\/www.visit-ulcinj.com\"],\"url\":\"https:\/\/www.visit-ulcinj.com\/blog\/author\/admin\/\"}]}<\/script>\n<!-- \/ Yoast SEO plugin. -->","yoast_head_json":{"title":"HTP \u201eUlcinjska rivijera\u201d: \u010cesi pro\u0161irili zakup kapaciteta - Lajme nga Ulqini","description":"U saradnji s Turisti\u010dkom organizacijom Ulcinja, HTP \u201eUlcinjska rivijera\u201d predstavila je ponudu na 21. Me\u0111unarodnom sajmu turizma \u201eHolidej Vorld\u201d koji je","robots":{"index":"index","follow":"follow","max-snippet":"max-snippet:-1","max-image-preview":"max-image-preview:large","max-video-preview":"max-video-preview:-1"},"canonical":"https:\/\/www.visit-ulcinj.com\/blog\/2012\/02\/17\/htp-\u201eulcinjska-rivijera-cesi-prosirili-zakup-kapaciteta\/","og_locale":"en_US","og_type":"article","og_title":"HTP \u201eUlcinjska rivijera\u201d: \u010cesi pro\u0161irili zakup kapaciteta - Lajme nga Ulqini","og_description":"U saradnji s Turisti\u010dkom organizacijom Ulcinja, HTP \u201eUlcinjska rivijera\u201d predstavila je ponudu na 21. Me\u0111unarodnom sajmu turizma \u201eHolidej Vorld\u201d koji je","og_url":"https:\/\/www.visit-ulcinj.com\/blog\/2012\/02\/17\/htp-\u201eulcinjska-rivijera-cesi-prosirili-zakup-kapaciteta\/","og_site_name":"Lajme nga Ulqini","article_published_time":"2012-02-17T21:36:08+00:00","article_modified_time":"2012-02-17T21:39:11+00:00","og_image":[{"url":"http:\/\/www.visit-ulcinj.com\/blog\/wp-content\/uploads\/2012\/02\/Turisticka-organizacija-Ulcinja_Ulcinjska-Rivijera.jpg"}],"twitter_misc":{"Written by":"ulqini","Est. reading time":"2 minutes"},"schema":{"@context":"https:\/\/schema.org","@graph":[{"@type":"WebSite","@id":"https:\/\/www.visit-ulcinj.com\/blog\/#website","url":"https:\/\/www.visit-ulcinj.com\/blog\/","name":"Lajme nga Ulqini","description":"Lajme,Vijesti,Ulqini,Ulqin,Crna Gora,Mali i Zi","potentialAction":[{"@type":"SearchAction","target":{"@type":"EntryPoint","urlTemplate":"https:\/\/www.visit-ulcinj.com\/blog\/?s={search_term_string}"},"query-input":"required name=search_term_string"}],"inLanguage":"en-US"},{"@type":"ImageObject","inLanguage":"en-US","@id":"https:\/\/www.visit-ulcinj.com\/blog\/2012\/02\/17\/htp-%e2%80%9eulcinjska-rivijera-cesi-prosirili-zakup-kapaciteta\/#primaryimage","url":"https:\/\/www.visit-ulcinj.com\/blog\/wp-content\/uploads\/2012\/02\/Turisticka-organizacija-Ulcinja_Ulcinjska-Rivijera.jpg","contentUrl":"https:\/\/www.visit-ulcinj.com\/blog\/wp-content\/uploads\/2012\/02\/Turisticka-organizacija-Ulcinja_Ulcinjska-Rivijera.jpg","width":"508","height":"157"},{"@type":"WebPage","@id":"https:\/\/www.visit-ulcinj.com\/blog\/2012\/02\/17\/htp-%e2%80%9eulcinjska-rivijera-cesi-prosirili-zakup-kapaciteta\/#webpage","url":"https:\/\/www.visit-ulcinj.com\/blog\/2012\/02\/17\/htp-%e2%80%9eulcinjska-rivijera-cesi-prosirili-zakup-kapaciteta\/","name":"HTP \u201eUlcinjska rivijera\u201d: \u010cesi pro\u0161irili zakup kapaciteta - Lajme nga Ulqini","isPartOf":{"@id":"https:\/\/www.visit-ulcinj.com\/blog\/#website"},"primaryImageOfPage":{"@id":"https:\/\/www.visit-ulcinj.com\/blog\/2012\/02\/17\/htp-%e2%80%9eulcinjska-rivijera-cesi-prosirili-zakup-kapaciteta\/#primaryimage"},"datePublished":"2012-02-17T21:36:08+00:00","dateModified":"2012-02-17T21:39:11+00:00","author":{"@id":"https:\/\/www.visit-ulcinj.com\/blog\/#\/schema\/person\/dcab619c614d3038751c63bc2aadc06d"},"description":"U saradnji s Turisti\u010dkom organizacijom Ulcinja, HTP \u201eUlcinjska rivijera\u201d predstavila je ponudu na 21. Me\u0111unarodnom sajmu turizma \u201eHolidej Vorld\u201d koji je","breadcrumb":{"@id":"https:\/\/www.visit-ulcinj.com\/blog\/2012\/02\/17\/htp-%e2%80%9eulcinjska-rivijera-cesi-prosirili-zakup-kapaciteta\/#breadcrumb"},"inLanguage":"en-US","potentialAction":[{"@type":"ReadAction","target":["https:\/\/www.visit-ulcinj.com\/blog\/2012\/02\/17\/htp-%e2%80%9eulcinjska-rivijera-cesi-prosirili-zakup-kapaciteta\/"]}]},{"@type":"BreadcrumbList","@id":"https:\/\/www.visit-ulcinj.com\/blog\/2012\/02\/17\/htp-%e2%80%9eulcinjska-rivijera-cesi-prosirili-zakup-kapaciteta\/#breadcrumb","itemListElement":[{"@type":"ListItem","position":1,"name":"HTP \u201eUlcinjska rivijera\u201d: \u010cesi pro\u0161irili zakup kapaciteta"}]},{"@type":"Person","@id":"https:\/\/www.visit-ulcinj.com\/blog\/#\/schema\/person\/dcab619c614d3038751c63bc2aadc06d","name":"ulqini","sameAs":["http:\/\/www.visit-ulcinj.com"],"url":"https:\/\/www.visit-ulcinj.com\/blog\/author\/admin\/"}]}},"jetpack_featured_media_url":"","jetpack_sharing_enabled":true,"jetpack_shortlink":"https:\/\/wp.me\/pe6lTn-eXN","_links":{"self":[{"href":"https:\/\/www.visit-ulcinj.com\/blog\/wp-json\/wp\/v2\/posts\/57523"}],"collection":[{"href":"https:\/\/www.visit-ulcinj.com\/blog\/wp-json\/wp\/v2\/posts"}],"about":[{"href":"https:\/\/www.visit-ulcinj.com\/blog\/wp-json\/wp\/v2\/types\/post"}],"author":[{"embeddable":true,"href":"https:\/\/www.visit-ulcinj.com\/blog\/wp-json\/wp\/v2\/users\/1"}],"replies":[{"embeddable":true,"href":"https:\/\/www.visit-ulcinj.com\/blog\/wp-json\/wp\/v2\/comments?post=57523"}],"version-history":[{"count":3,"href":"https:\/\/www.visit-ulcinj.com\/blog\/wp-json\/wp\/v2\/posts\/57523\/revisions"}],"predecessor-version":[{"id":57527,"href":"https:\/\/www.visit-ulcinj.com\/blog\/wp-json\/wp\/v2\/posts\/57523\/revisions\/57527"}],"wp:attachment":[{"href":"https:\/\/www.visit-ulcinj.com\/blog\/wp-json\/wp\/v2\/media?parent=57523"}],"wp:term":[{"taxonomy":"category","embeddable":true,"href":"https:\/\/www.visit-ulcinj.com\/blog\/wp-json\/wp\/v2\/categories?post=57523"},{"taxonomy":"post_tag","embeddable":true,"href":"https:\/\/www.visit-ulcinj.com\/blog\/wp-json\/wp\/v2\/tags?post=57523"}],"curies":[{"name":"wp","href":"https:\/\/api.w.org\/{rel}","templated":true}]}}