{"id":57528,"date":"2012-02-17T23:05:45","date_gmt":"2012-02-17T22:05:45","guid":{"rendered":"http:\/\/www.visit-ulcinj.com\/blog\/?p=57528"},"modified":"2012-02-18T07:04:18","modified_gmt":"2012-02-18T06:04:18","slug":"to-ulcinj-dva-direktora-u-jednoj-fotelji","status":"publish","type":"post","link":"https:\/\/www.visit-ulcinj.com\/blog\/2012\/02\/17\/to-ulcinj-dva-direktora-u-jednoj-fotelji\/","title":{"rendered":"TO Ulcinj: Dva direktora u jednoj fotelji"},"content":{"rendered":"<p><a href=\"http:\/\/www.visit-ulcinj.com\/blog\/wp-content\/uploads\/2012\/02\/TO-Ulcinj_Dva-direktora-u-jednoj-fotelji_Karamanaga_Redza.jpg\"><img loading=\"lazy\" class=\"alignleft  wp-image-57529\" title=\"TO Ulcinj_Dva direktora u jednoj fotelji_Karamanaga_Redza\" src=\"http:\/\/www.visit-ulcinj.com\/blog\/wp-content\/uploads\/2012\/02\/TO-Ulcinj_Dva-direktora-u-jednoj-fotelji_Karamanaga_Redza.jpg\" alt=\"\" width=\"400\" height=\"400\" \/><\/a>Najju\u017enija crnogorska op\u0161tina je sigurno jedina op\u0161tina na svijetu koja u ovom trenutku ima dva direktora Lokalne turisti\u010dke organizacije (LTO). Zvu\u010di nevjerovatno ali upravo takav zaklju\u010dak mo\u017ee se donijeti ukoliko se u lokalnoj upravi, odnosno u LTO informi\u0161ete ko je na \u010delu te organizacije. Ako pitate predstavnike izvr\u0161ne vlasti u Ulcinju, ko je direktor LTO, saop\u0161ti\u0107e vam da je to Minir Karamanaga koga je nedavno, barem tako ka\u017eu, predsjednik op\u0161tine imenovao na mjesto direktora. S druge strane, ukoliko isto pitanje postavite slu\u017ebenicima te organizacije, oni \u0107e vam saop\u0161titi da je direktor bez sumnje Ali Red\u017ea, \u010dovjek koji se na toj funkciji nalazi poslednjih nekoliko godina. Ova politi\u010dko-pravna zavrzlama ve\u0107 danima je jedna od glavnih tema u op\u0161tini, koja do prije neku godinu nije imala ni TO, a kamoli direktora. Prvi \u010dovjek Ulcinja Nazif Cungu tvrdi da je nedavno, na osnovu odluka IO TO, na mjesto vr\u0161ioca du\u017enosti direktora Lokalne turisti\u010dke organizacije imenovao Minira Karamangu.<br \/>\n\u2013Ne postoje dva, ve\u0107 jedan \u010dovjek na \u010delu te organizacije, i njegovo imenovanje je u skladu sa zakonom. U skladu s tim mi \u0107emo se i pona\u0161ati, a svaki eventulani problem koji bi mogao da remeti rad TO rje\u0161ava\u0107e nadle\u017eni sud- kazao je Cungu na\u0161em listu. S takvim stavom predsjednika op\u0161tine ne sla\u017ee se Ali Red\u017ea koji tvrdi da je on jedini direktor, da je jo\u0161 uvijek u mandatu, a da su nelegitimni svi drugi koji se predstavljaju da su na tom polo\u017eaju. On je ispri\u010dao svoju verziju doga\u0111aja, nude\u0107i konkretne dokaze.<br \/>\n-Neformalno sam obavije\u0161ten da je odr\u017ean sastanak fiktivnih organa TO (Skup\u0161tina, Izvr\u0161ni odbor), a fiktivni su, jer mi kao organizacija nijesmo o tome obavije\u0161teni, niti kod nas postoje tragovi da je ne\u0161to sazvano i odr\u017eano. Nijesu nam poznate ni odluke koje su tom prilikom donijete, niti su nam one proslije\u0111ene. Mi smo se zbog toga vi\u0161e puta obratili funkcionerima op\u0161tine koji su odgovorni za rad organa uprave i javnih slu\u017ebi, ali ni do danas, evo ve\u0107 par mjeseci, nijesmo dobili tra\u017eene dokumente, odnosno saziv te skup\u0161tine, odluke i zapisnik. Prema tome, zaklju\u010dili smo da je u pitanju politi\u010dka igra i tvrdim da je TO i svi njeni organi u mandatu, koji mo\u017ee prestati, ali na zakonit na\u010din. Mi nastavljamo da radimo u skladu sa Zakonom o turisti\u010dkim organizacijama i drugim propisima koji reguli\u0161u tu oblast- ka\u017ee za \u201eDan\u201c Ali Red\u017ea. Prema njegovim rije\u010dima, iza \u010ditavog problema stoji jedna grupa politi\u010dara na vlasti u Ulcinju koja je, kako tvrdi, formirala paralelne organe TO kako bi sprovela neke politi\u010dke dogovore.<br \/>\n-Neformalno saznajem da je takvo pona\u0161anje proiza\u0161lo iz sporazuma partija na vlasti po kome \u010delna funkcija TO treba da pripadne jednoj od njih. Mislim da je predsjednik op\u0161tine zloupotrijebio ovla\u0161\u0107enja, jer on nema mandat da postavlja vr\u0161ioca du\u017enosti direktora, odnosno da ga smjenjuje, tvrdi Red\u017ea i dodaje da po Statutu organizacije Skup\u0161tina TO koja je u mandatu bira izvr\u0161ni i nadzorni odbor, predsjednika TO, a onda, na osnovu konkursa, izvr\u0161ni odbor bira direktora.<br \/>\n\u2013 Stari Izvr\u0161ni odbor nije razrije\u0161en i u mandatu je pa navodno novi nije ni mogao raditi poslove iz svoje nadle\u017enosti. \u0160to se mene ti\u010de, ja sam spreman da odgovorim na sva pitanja u vezi mog rada. Nije problem ni moje razrje\u0161enje, ali isklju\u010divo ako se po\u0161tuje zakonom propisana procedura. \u010cini mi se da, kako stvari sada stoje, jedino nadle\u017eni sud mo\u017ee razrije\u0161ti taj problem. Do tada ja nastavljam da radim redovno kao \u0161to sam i dosad, zaklju\u010dio je Red\u017ea.<br \/>\n<a href=\"http:\/\/www.visit-ulcinj.com\/blog\/?attachment_id=57530\" rel=\"attachment wp-att-57530\"><img loading=\"lazy\" class=\"alignleft  wp-image-57530\" title=\"Ali Redza - Ulcinj\" src=\"http:\/\/www.visit-ulcinj.com\/blog\/wp-content\/uploads\/2012\/02\/Ali-Redza-Ulcinj.jpg\" alt=\"\" width=\"508\" height=\"300\" \/><\/a><\/p>\n<p><strong>Op\u0161tina blokirala finansije<\/strong><\/p>\n<p>Red\u017ea tvrdi da je lokalna vlast poku\u0161ala da blokira rad TO na na\u010din \u0161to je na kratko uspjela da zamrzne finansijska sredstva u jednoj banci koja ima filijalu u Ulcinju.<br \/>\n-Nekoliko dana nijesmo imali pristup sredstvima TO, ali je banka nakon dopisa nama i organima op\u0161tine ta sredstva odblokirala. U tom dopisu se navodi da je na osnovu dokumentacije u koju su imali uvid utvr\u0111eno da sam ja odgovorno lice koje ima pravo da pristupi i raspola\u017ee sredstvima sa \u017eiro ra\u010duna organizacije. Tako\u0111e, oni su konstatovali da op\u0161tina nije dostavila valjana dokumenta \u0161to ukazuje da zakon i propisi nijesu na njihovoj strani, ka\u017ee Red\u017ea.<\/p>\n<p><strong>Ministarstvo turizma i NTO \u0107ute<\/strong><\/p>\n<p>Zbog nastale situacije Ali Red\u017ea se obratio Ministarstvu turizma i odr\u017eivog razvoja koje nadzire primjenu zakona iz te oblasti.<br \/>\n-Zbog odgovornosti funkcije koju obavljam obavijestio sam ih da se na nezakonit na\u010din ru\u0161i Turisti\u010dka organizacija i njeni organi i tra\u017eio da se s NTO pozabave ovim pitanjem. Jo\u0161 uvijek nijesmo dobili nikakav odgovor i do tada nastavljamo da radimo sve poslove koji su u domenu rada jedne organizacije ove vrste. Obi\u0161li smo nekoliko sajmova turizma, pripremamo se da u\u010destvujemo na onima koji \u0107e tek biti organizovani, \u0161tampamo propagandni materijal, rije\u010dju, radimo. Sve ovo \u0161to se de\u0161ava ometa nas u tim poslovima, ali ne\u0107emo stati, kategori\u010dan je Red\u017ea.<\/p>\n<p><a href=\"http:\/\/www.dan.co.me\/?nivo=3&amp;rubrika=Regioni&amp;clanak=320126&amp;datum=2012-02-17\" target=\"_blank\"><strong>Izvor: DAN<\/strong><\/a><\/p>\n<!--YouTube Error: bad URL entered-->\n","protected":false},"excerpt":{"rendered":"<p>Najju\u017enija crnogorska op\u0161tina je sigurno jedina op\u0161tina na svijetu koja u ovom trenutku ima dva direktora Lokalne turisti\u010dke organizacije (LTO). Zvu\u010di nevjerovatno ali upravo takav zaklju\u010dak mo\u017ee se donijeti ukoliko se u lokalnoj upravi, odnosno u LTO informi\u0161ete ko je na \u010delu te organizacije. Ako pitate predstavnike izvr\u0161ne vlasti u Ulcinju, ko je direktor LTO, [&hellip;]<\/p>\n","protected":false},"author":1,"featured_media":0,"comment_status":"open","ping_status":"closed","sticky":false,"template":"","format":"standard","meta":{"spay_email":"","jetpack_publicize_message":"","jetpack_is_tweetstorm":false,"jetpack_publicize_feature_enabled":true},"categories":[8337],"tags":[9724,34,15750,572,17876,19],"jetpack_publicize_connections":[],"yoast_head":"<!-- This site is optimized with the Yoast SEO plugin v19.1 - https:\/\/yoast.com\/wordpress\/plugins\/seo\/ -->\n<title>TO Ulcinj: Dva direktora u jednoj fotelji - Lajme nga Ulqini<\/title>\n<meta name=\"description\" content=\"Najju\u017enija crnogorska op\u0161tina je sigurno jedina op\u0161tina na svijetu koja u ovom trenutku ima dva direktora Lokalne turisti\u010dke organizacije (LTO). Zvu\u010di\" \/>\n<meta name=\"robots\" content=\"index, follow, max-snippet:-1, max-image-preview:large, max-video-preview:-1\" \/>\n<link rel=\"canonical\" href=\"https:\/\/www.visit-ulcinj.com\/blog\/2012\/02\/17\/to-ulcinj-dva-direktora-u-jednoj-fotelji\/\" \/>\n<meta property=\"og:locale\" content=\"en_US\" \/>\n<meta property=\"og:type\" content=\"article\" \/>\n<meta property=\"og:title\" content=\"TO Ulcinj: Dva direktora u jednoj fotelji - Lajme nga Ulqini\" \/>\n<meta property=\"og:description\" content=\"Najju\u017enija crnogorska op\u0161tina je sigurno jedina op\u0161tina na svijetu koja u ovom trenutku ima dva direktora Lokalne turisti\u010dke organizacije (LTO). Zvu\u010di\" \/>\n<meta property=\"og:url\" content=\"https:\/\/www.visit-ulcinj.com\/blog\/2012\/02\/17\/to-ulcinj-dva-direktora-u-jednoj-fotelji\/\" \/>\n<meta property=\"og:site_name\" content=\"Lajme nga Ulqini\" \/>\n<meta property=\"article:published_time\" content=\"2012-02-17T22:05:45+00:00\" \/>\n<meta property=\"article:modified_time\" content=\"2012-02-18T06:04:18+00:00\" \/>\n<meta property=\"og:image\" content=\"http:\/\/www.visit-ulcinj.com\/blog\/wp-content\/uploads\/2012\/02\/TO-Ulcinj_Dva-direktora-u-jednoj-fotelji_Karamanaga_Redza.jpg\" \/>\n<meta name=\"twitter:label1\" content=\"Written by\" \/>\n\t<meta name=\"twitter:data1\" content=\"ulqini\" \/>\n\t<meta name=\"twitter:label2\" content=\"Est. reading time\" \/>\n\t<meta name=\"twitter:data2\" content=\"5 minutes\" \/>\n<script type=\"application\/ld+json\" class=\"yoast-schema-graph\">{\"@context\":\"https:\/\/schema.org\",\"@graph\":[{\"@type\":\"WebSite\",\"@id\":\"https:\/\/www.visit-ulcinj.com\/blog\/#website\",\"url\":\"https:\/\/www.visit-ulcinj.com\/blog\/\",\"name\":\"Lajme nga Ulqini\",\"description\":\"Lajme,Vijesti,Ulqini,Ulqin,Crna Gora,Mali i Zi\",\"potentialAction\":[{\"@type\":\"SearchAction\",\"target\":{\"@type\":\"EntryPoint\",\"urlTemplate\":\"https:\/\/www.visit-ulcinj.com\/blog\/?s={search_term_string}\"},\"query-input\":\"required name=search_term_string\"}],\"inLanguage\":\"en-US\"},{\"@type\":\"ImageObject\",\"inLanguage\":\"en-US\",\"@id\":\"https:\/\/www.visit-ulcinj.com\/blog\/2012\/02\/17\/to-ulcinj-dva-direktora-u-jednoj-fotelji\/#primaryimage\",\"url\":\"https:\/\/www.visit-ulcinj.com\/blog\/wp-content\/uploads\/2012\/02\/TO-Ulcinj_Dva-direktora-u-jednoj-fotelji_Karamanaga_Redza.jpg\",\"contentUrl\":\"https:\/\/www.visit-ulcinj.com\/blog\/wp-content\/uploads\/2012\/02\/TO-Ulcinj_Dva-direktora-u-jednoj-fotelji_Karamanaga_Redza.jpg\",\"width\":\"418\",\"height\":\"404\"},{\"@type\":\"WebPage\",\"@id\":\"https:\/\/www.visit-ulcinj.com\/blog\/2012\/02\/17\/to-ulcinj-dva-direktora-u-jednoj-fotelji\/#webpage\",\"url\":\"https:\/\/www.visit-ulcinj.com\/blog\/2012\/02\/17\/to-ulcinj-dva-direktora-u-jednoj-fotelji\/\",\"name\":\"TO Ulcinj: Dva direktora u jednoj fotelji - Lajme nga Ulqini\",\"isPartOf\":{\"@id\":\"https:\/\/www.visit-ulcinj.com\/blog\/#website\"},\"primaryImageOfPage\":{\"@id\":\"https:\/\/www.visit-ulcinj.com\/blog\/2012\/02\/17\/to-ulcinj-dva-direktora-u-jednoj-fotelji\/#primaryimage\"},\"datePublished\":\"2012-02-17T22:05:45+00:00\",\"dateModified\":\"2012-02-18T06:04:18+00:00\",\"author\":{\"@id\":\"https:\/\/www.visit-ulcinj.com\/blog\/#\/schema\/person\/dcab619c614d3038751c63bc2aadc06d\"},\"description\":\"Najju\u017enija crnogorska op\u0161tina je sigurno jedina op\u0161tina na svijetu koja u ovom trenutku ima dva direktora Lokalne turisti\u010dke organizacije (LTO). Zvu\u010di\",\"breadcrumb\":{\"@id\":\"https:\/\/www.visit-ulcinj.com\/blog\/2012\/02\/17\/to-ulcinj-dva-direktora-u-jednoj-fotelji\/#breadcrumb\"},\"inLanguage\":\"en-US\",\"potentialAction\":[{\"@type\":\"ReadAction\",\"target\":[\"https:\/\/www.visit-ulcinj.com\/blog\/2012\/02\/17\/to-ulcinj-dva-direktora-u-jednoj-fotelji\/\"]}]},{\"@type\":\"BreadcrumbList\",\"@id\":\"https:\/\/www.visit-ulcinj.com\/blog\/2012\/02\/17\/to-ulcinj-dva-direktora-u-jednoj-fotelji\/#breadcrumb\",\"itemListElement\":[{\"@type\":\"ListItem\",\"position\":1,\"name\":\"TO Ulcinj: Dva direktora u jednoj fotelji\"}]},{\"@type\":\"Person\",\"@id\":\"https:\/\/www.visit-ulcinj.com\/blog\/#\/schema\/person\/dcab619c614d3038751c63bc2aadc06d\",\"name\":\"ulqini\",\"sameAs\":[\"http:\/\/www.visit-ulcinj.com\"],\"url\":\"https:\/\/www.visit-ulcinj.com\/blog\/author\/admin\/\"}]}<\/script>\n<!-- \/ Yoast SEO plugin. -->","yoast_head_json":{"title":"TO Ulcinj: Dva direktora u jednoj fotelji - Lajme nga Ulqini","description":"Najju\u017enija crnogorska op\u0161tina je sigurno jedina op\u0161tina na svijetu koja u ovom trenutku ima dva direktora Lokalne turisti\u010dke organizacije (LTO). Zvu\u010di","robots":{"index":"index","follow":"follow","max-snippet":"max-snippet:-1","max-image-preview":"max-image-preview:large","max-video-preview":"max-video-preview:-1"},"canonical":"https:\/\/www.visit-ulcinj.com\/blog\/2012\/02\/17\/to-ulcinj-dva-direktora-u-jednoj-fotelji\/","og_locale":"en_US","og_type":"article","og_title":"TO Ulcinj: Dva direktora u jednoj fotelji - Lajme nga Ulqini","og_description":"Najju\u017enija crnogorska op\u0161tina je sigurno jedina op\u0161tina na svijetu koja u ovom trenutku ima dva direktora Lokalne turisti\u010dke organizacije (LTO). Zvu\u010di","og_url":"https:\/\/www.visit-ulcinj.com\/blog\/2012\/02\/17\/to-ulcinj-dva-direktora-u-jednoj-fotelji\/","og_site_name":"Lajme nga Ulqini","article_published_time":"2012-02-17T22:05:45+00:00","article_modified_time":"2012-02-18T06:04:18+00:00","og_image":[{"url":"http:\/\/www.visit-ulcinj.com\/blog\/wp-content\/uploads\/2012\/02\/TO-Ulcinj_Dva-direktora-u-jednoj-fotelji_Karamanaga_Redza.jpg"}],"twitter_misc":{"Written by":"ulqini","Est. reading time":"5 minutes"},"schema":{"@context":"https:\/\/schema.org","@graph":[{"@type":"WebSite","@id":"https:\/\/www.visit-ulcinj.com\/blog\/#website","url":"https:\/\/www.visit-ulcinj.com\/blog\/","name":"Lajme nga Ulqini","description":"Lajme,Vijesti,Ulqini,Ulqin,Crna Gora,Mali i Zi","potentialAction":[{"@type":"SearchAction","target":{"@type":"EntryPoint","urlTemplate":"https:\/\/www.visit-ulcinj.com\/blog\/?s={search_term_string}"},"query-input":"required name=search_term_string"}],"inLanguage":"en-US"},{"@type":"ImageObject","inLanguage":"en-US","@id":"https:\/\/www.visit-ulcinj.com\/blog\/2012\/02\/17\/to-ulcinj-dva-direktora-u-jednoj-fotelji\/#primaryimage","url":"https:\/\/www.visit-ulcinj.com\/blog\/wp-content\/uploads\/2012\/02\/TO-Ulcinj_Dva-direktora-u-jednoj-fotelji_Karamanaga_Redza.jpg","contentUrl":"https:\/\/www.visit-ulcinj.com\/blog\/wp-content\/uploads\/2012\/02\/TO-Ulcinj_Dva-direktora-u-jednoj-fotelji_Karamanaga_Redza.jpg","width":"418","height":"404"},{"@type":"WebPage","@id":"https:\/\/www.visit-ulcinj.com\/blog\/2012\/02\/17\/to-ulcinj-dva-direktora-u-jednoj-fotelji\/#webpage","url":"https:\/\/www.visit-ulcinj.com\/blog\/2012\/02\/17\/to-ulcinj-dva-direktora-u-jednoj-fotelji\/","name":"TO Ulcinj: Dva direktora u jednoj fotelji - Lajme nga Ulqini","isPartOf":{"@id":"https:\/\/www.visit-ulcinj.com\/blog\/#website"},"primaryImageOfPage":{"@id":"https:\/\/www.visit-ulcinj.com\/blog\/2012\/02\/17\/to-ulcinj-dva-direktora-u-jednoj-fotelji\/#primaryimage"},"datePublished":"2012-02-17T22:05:45+00:00","dateModified":"2012-02-18T06:04:18+00:00","author":{"@id":"https:\/\/www.visit-ulcinj.com\/blog\/#\/schema\/person\/dcab619c614d3038751c63bc2aadc06d"},"description":"Najju\u017enija crnogorska op\u0161tina je sigurno jedina op\u0161tina na svijetu koja u ovom trenutku ima dva direktora Lokalne turisti\u010dke organizacije (LTO). Zvu\u010di","breadcrumb":{"@id":"https:\/\/www.visit-ulcinj.com\/blog\/2012\/02\/17\/to-ulcinj-dva-direktora-u-jednoj-fotelji\/#breadcrumb"},"inLanguage":"en-US","potentialAction":[{"@type":"ReadAction","target":["https:\/\/www.visit-ulcinj.com\/blog\/2012\/02\/17\/to-ulcinj-dva-direktora-u-jednoj-fotelji\/"]}]},{"@type":"BreadcrumbList","@id":"https:\/\/www.visit-ulcinj.com\/blog\/2012\/02\/17\/to-ulcinj-dva-direktora-u-jednoj-fotelji\/#breadcrumb","itemListElement":[{"@type":"ListItem","position":1,"name":"TO Ulcinj: Dva direktora u jednoj fotelji"}]},{"@type":"Person","@id":"https:\/\/www.visit-ulcinj.com\/blog\/#\/schema\/person\/dcab619c614d3038751c63bc2aadc06d","name":"ulqini","sameAs":["http:\/\/www.visit-ulcinj.com"],"url":"https:\/\/www.visit-ulcinj.com\/blog\/author\/admin\/"}]}},"jetpack_featured_media_url":"","jetpack_sharing_enabled":true,"jetpack_shortlink":"https:\/\/wp.me\/pe6lTn-eXS","_links":{"self":[{"href":"https:\/\/www.visit-ulcinj.com\/blog\/wp-json\/wp\/v2\/posts\/57528"}],"collection":[{"href":"https:\/\/www.visit-ulcinj.com\/blog\/wp-json\/wp\/v2\/posts"}],"about":[{"href":"https:\/\/www.visit-ulcinj.com\/blog\/wp-json\/wp\/v2\/types\/post"}],"author":[{"embeddable":true,"href":"https:\/\/www.visit-ulcinj.com\/blog\/wp-json\/wp\/v2\/users\/1"}],"replies":[{"embeddable":true,"href":"https:\/\/www.visit-ulcinj.com\/blog\/wp-json\/wp\/v2\/comments?post=57528"}],"version-history":[{"count":2,"href":"https:\/\/www.visit-ulcinj.com\/blog\/wp-json\/wp\/v2\/posts\/57528\/revisions"}],"predecessor-version":[{"id":57532,"href":"https:\/\/www.visit-ulcinj.com\/blog\/wp-json\/wp\/v2\/posts\/57528\/revisions\/57532"}],"wp:attachment":[{"href":"https:\/\/www.visit-ulcinj.com\/blog\/wp-json\/wp\/v2\/media?parent=57528"}],"wp:term":[{"taxonomy":"category","embeddable":true,"href":"https:\/\/www.visit-ulcinj.com\/blog\/wp-json\/wp\/v2\/categories?post=57528"},{"taxonomy":"post_tag","embeddable":true,"href":"https:\/\/www.visit-ulcinj.com\/blog\/wp-json\/wp\/v2\/tags?post=57528"}],"curies":[{"name":"wp","href":"https:\/\/api.w.org\/{rel}","templated":true}]}}