{"id":57559,"date":"2012-02-20T18:42:35","date_gmt":"2012-02-20T17:42:35","guid":{"rendered":"http:\/\/www.visit-ulcinj.com\/blog\/?p=57559"},"modified":"2012-02-23T08:52:55","modified_gmt":"2012-02-23T07:52:55","slug":"fitoje-muhamed-kollari-ne-live-show-let-ka-zvijezdama","status":"publish","type":"post","link":"https:\/\/www.visit-ulcinj.com\/blog\/2012\/02\/20\/fitoje-muhamed-kollari-ne-live-show-let-ka-zvijezdama\/","title":{"rendered":"Fitoj\u00eb Muhamed Kollari n\u00eb Live-show Let ka zvijezdama"},"content":{"rendered":"<p><a href=\"http:\/\/www.visit-ulcinj.com\/blog\/wp-content\/uploads\/2012\/02\/Finale-Muhamed-Kollari-Let-ka-zvijezdama_-Ulqin-2012.jpg\"><img loading=\"lazy\" class=\"alignleft  wp-image-57560\" title=\"Finale - Muhamed Kollari -Let ka zvijezdama_ Ulqin 2012\" src=\"http:\/\/www.visit-ulcinj.com\/blog\/wp-content\/uploads\/2012\/02\/Finale-Muhamed-Kollari-Let-ka-zvijezdama_-Ulqin-2012.jpg\" alt=\"\" width=\"508\" height=\"380\" \/><\/a>Nata e audicioneve te talenteve te \u201clive-show-t\u201d Let ka zvijezdama,do mbahet t\u00eb henen m\u00eb 20.02.12 n\u00eb ora 20.00h. Me zgjedhjen e tyre nis dhe gara e forte e finaleve te \u201clive-show-t\u201d Let ka zvijezdama,produkcion ky i Radio Televizionit t\u00eb Malit t\u00eb Zi.N\u00eb ket finale do te konkurojne edhe artiste nga qytete te ndryshme te Mali t\u00eb Zi.<br \/>\nT\u00eb henen mund te ndiqni edhe performancen e Muhamed Kollarit nga ora 20.00h !!!<br \/>\nShpresoj qe te gjithe do ta ndiqni dhe te jepni mendimet e juaja te sinqerta duke votuar p\u00ebr mua.<\/p>\n<p><strong>&#8221;MOS harroni te henen te shikoni \u201clive-show-t\u201d Let ka zvijezdama n\u00eb ora 20:00h ku do te merr pjes Muhamed Kollari,prandaj ju thrasim t\u00eb votoni per Muhamedin&#8221;,SMS Let 08 n\u00eb numrin 14711.<\/strong><\/p>\n<h3><strong>Ju lutem Shp\u00ebrndaje Lajmin n\u00eb Facebook<br \/>\n<\/strong><\/h3>\n<!--YouTube Error: bad URL entered-->\n","protected":false},"excerpt":{"rendered":"<p>Nata e audicioneve te talenteve te \u201clive-show-t\u201d Let ka zvijezdama,do mbahet t\u00eb henen m\u00eb 20.02.12 n\u00eb ora 20.00h. Me zgjedhjen e tyre nis dhe gara e forte e finaleve te \u201clive-show-t\u201d Let ka zvijezdama,produkcion ky i Radio Televizionit t\u00eb Malit t\u00eb Zi.N\u00eb ket finale do te konkurojne edhe artiste nga qytete te ndryshme te Mali [&hellip;]<\/p>\n","protected":false},"author":1,"featured_media":0,"comment_status":"open","ping_status":"closed","sticky":false,"template":"","format":"standard","meta":{"spay_email":"","jetpack_publicize_message":"","jetpack_is_tweetstorm":false,"jetpack_publicize_feature_enabled":true},"categories":[1],"tags":[5057,6506,19677,19806,16036,19514,20043,20042,19511,1035,20060,6693,4684,200,18,19460],"jetpack_publicize_connections":[],"yoast_head":"<!-- This site is optimized with the Yoast SEO plugin v19.1 - https:\/\/yoast.com\/wordpress\/plugins\/seo\/ -->\n<title>Fitoj\u00eb Muhamed Kollari n\u00eb Live-show Let ka zvijezdama - Lajme nga Ulqini<\/title>\n<meta name=\"description\" content=\"Nata e audicioneve te talenteve te \u201clive-show-t\u201d Let ka zvijezdama,do mbahet t\u00eb henen m\u00eb 20.02.12 n\u00eb ora 20.00h. Me zgjedhjen e tyre nis dhe gara e forte\" \/>\n<meta name=\"robots\" content=\"index, follow, max-snippet:-1, max-image-preview:large, max-video-preview:-1\" \/>\n<link rel=\"canonical\" href=\"https:\/\/www.visit-ulcinj.com\/blog\/2012\/02\/20\/fitoje-muhamed-kollari-ne-live-show-let-ka-zvijezdama\/\" \/>\n<meta property=\"og:locale\" content=\"en_US\" \/>\n<meta property=\"og:type\" content=\"article\" \/>\n<meta property=\"og:title\" content=\"Fitoj\u00eb Muhamed Kollari n\u00eb Live-show Let ka zvijezdama - Lajme nga Ulqini\" \/>\n<meta property=\"og:description\" content=\"Nata e audicioneve te talenteve te \u201clive-show-t\u201d Let ka zvijezdama,do mbahet t\u00eb henen m\u00eb 20.02.12 n\u00eb ora 20.00h. Me zgjedhjen e tyre nis dhe gara e forte\" \/>\n<meta property=\"og:url\" content=\"https:\/\/www.visit-ulcinj.com\/blog\/2012\/02\/20\/fitoje-muhamed-kollari-ne-live-show-let-ka-zvijezdama\/\" \/>\n<meta property=\"og:site_name\" content=\"Lajme nga Ulqini\" \/>\n<meta property=\"article:published_time\" content=\"2012-02-20T17:42:35+00:00\" \/>\n<meta property=\"article:modified_time\" content=\"2012-02-23T07:52:55+00:00\" \/>\n<meta property=\"og:image\" content=\"http:\/\/www.visit-ulcinj.com\/blog\/wp-content\/uploads\/2012\/02\/Finale-Muhamed-Kollari-Let-ka-zvijezdama_-Ulqin-2012.jpg\" \/>\n<meta name=\"twitter:label1\" content=\"Written by\" \/>\n\t<meta name=\"twitter:data1\" content=\"ulqini\" \/>\n\t<meta name=\"twitter:label2\" content=\"Est. reading time\" \/>\n\t<meta name=\"twitter:data2\" content=\"1 minute\" \/>\n<script type=\"application\/ld+json\" class=\"yoast-schema-graph\">{\"@context\":\"https:\/\/schema.org\",\"@graph\":[{\"@type\":\"WebSite\",\"@id\":\"https:\/\/www.visit-ulcinj.com\/blog\/#website\",\"url\":\"https:\/\/www.visit-ulcinj.com\/blog\/\",\"name\":\"Lajme nga Ulqini\",\"description\":\"Lajme,Vijesti,Ulqini,Ulqin,Crna Gora,Mali i Zi\",\"potentialAction\":[{\"@type\":\"SearchAction\",\"target\":{\"@type\":\"EntryPoint\",\"urlTemplate\":\"https:\/\/www.visit-ulcinj.com\/blog\/?s={search_term_string}\"},\"query-input\":\"required name=search_term_string\"}],\"inLanguage\":\"en-US\"},{\"@type\":\"ImageObject\",\"inLanguage\":\"en-US\",\"@id\":\"https:\/\/www.visit-ulcinj.com\/blog\/2012\/02\/20\/fitoje-muhamed-kollari-ne-live-show-let-ka-zvijezdama\/#primaryimage\",\"url\":\"https:\/\/www.visit-ulcinj.com\/blog\/wp-content\/uploads\/2012\/02\/Finale-Muhamed-Kollari-Let-ka-zvijezdama_-Ulqin-2012.jpg\",\"contentUrl\":\"https:\/\/www.visit-ulcinj.com\/blog\/wp-content\/uploads\/2012\/02\/Finale-Muhamed-Kollari-Let-ka-zvijezdama_-Ulqin-2012.jpg\",\"width\":\"960\",\"height\":\"672\"},{\"@type\":\"WebPage\",\"@id\":\"https:\/\/www.visit-ulcinj.com\/blog\/2012\/02\/20\/fitoje-muhamed-kollari-ne-live-show-let-ka-zvijezdama\/#webpage\",\"url\":\"https:\/\/www.visit-ulcinj.com\/blog\/2012\/02\/20\/fitoje-muhamed-kollari-ne-live-show-let-ka-zvijezdama\/\",\"name\":\"Fitoj\u00eb Muhamed Kollari n\u00eb Live-show Let ka zvijezdama - Lajme nga Ulqini\",\"isPartOf\":{\"@id\":\"https:\/\/www.visit-ulcinj.com\/blog\/#website\"},\"primaryImageOfPage\":{\"@id\":\"https:\/\/www.visit-ulcinj.com\/blog\/2012\/02\/20\/fitoje-muhamed-kollari-ne-live-show-let-ka-zvijezdama\/#primaryimage\"},\"datePublished\":\"2012-02-20T17:42:35+00:00\",\"dateModified\":\"2012-02-23T07:52:55+00:00\",\"author\":{\"@id\":\"https:\/\/www.visit-ulcinj.com\/blog\/#\/schema\/person\/dcab619c614d3038751c63bc2aadc06d\"},\"description\":\"Nata e audicioneve te talenteve te \u201clive-show-t\u201d Let ka zvijezdama,do mbahet t\u00eb henen m\u00eb 20.02.12 n\u00eb ora 20.00h. Me zgjedhjen e tyre nis dhe gara e forte\",\"breadcrumb\":{\"@id\":\"https:\/\/www.visit-ulcinj.com\/blog\/2012\/02\/20\/fitoje-muhamed-kollari-ne-live-show-let-ka-zvijezdama\/#breadcrumb\"},\"inLanguage\":\"en-US\",\"potentialAction\":[{\"@type\":\"ReadAction\",\"target\":[\"https:\/\/www.visit-ulcinj.com\/blog\/2012\/02\/20\/fitoje-muhamed-kollari-ne-live-show-let-ka-zvijezdama\/\"]}]},{\"@type\":\"BreadcrumbList\",\"@id\":\"https:\/\/www.visit-ulcinj.com\/blog\/2012\/02\/20\/fitoje-muhamed-kollari-ne-live-show-let-ka-zvijezdama\/#breadcrumb\",\"itemListElement\":[{\"@type\":\"ListItem\",\"position\":1,\"name\":\"Fitoj\u00eb Muhamed Kollari n\u00eb Live-show Let ka zvijezdama\"}]},{\"@type\":\"Person\",\"@id\":\"https:\/\/www.visit-ulcinj.com\/blog\/#\/schema\/person\/dcab619c614d3038751c63bc2aadc06d\",\"name\":\"ulqini\",\"sameAs\":[\"http:\/\/www.visit-ulcinj.com\"],\"url\":\"https:\/\/www.visit-ulcinj.com\/blog\/author\/admin\/\"}]}<\/script>\n<!-- \/ Yoast SEO plugin. -->","yoast_head_json":{"title":"Fitoj\u00eb Muhamed Kollari n\u00eb Live-show Let ka zvijezdama - Lajme nga Ulqini","description":"Nata e audicioneve te talenteve te \u201clive-show-t\u201d Let ka zvijezdama,do mbahet t\u00eb henen m\u00eb 20.02.12 n\u00eb ora 20.00h. Me zgjedhjen e tyre nis dhe gara e forte","robots":{"index":"index","follow":"follow","max-snippet":"max-snippet:-1","max-image-preview":"max-image-preview:large","max-video-preview":"max-video-preview:-1"},"canonical":"https:\/\/www.visit-ulcinj.com\/blog\/2012\/02\/20\/fitoje-muhamed-kollari-ne-live-show-let-ka-zvijezdama\/","og_locale":"en_US","og_type":"article","og_title":"Fitoj\u00eb Muhamed Kollari n\u00eb Live-show Let ka zvijezdama - Lajme nga Ulqini","og_description":"Nata e audicioneve te talenteve te \u201clive-show-t\u201d Let ka zvijezdama,do mbahet t\u00eb henen m\u00eb 20.02.12 n\u00eb ora 20.00h. Me zgjedhjen e tyre nis dhe gara e forte","og_url":"https:\/\/www.visit-ulcinj.com\/blog\/2012\/02\/20\/fitoje-muhamed-kollari-ne-live-show-let-ka-zvijezdama\/","og_site_name":"Lajme nga Ulqini","article_published_time":"2012-02-20T17:42:35+00:00","article_modified_time":"2012-02-23T07:52:55+00:00","og_image":[{"url":"http:\/\/www.visit-ulcinj.com\/blog\/wp-content\/uploads\/2012\/02\/Finale-Muhamed-Kollari-Let-ka-zvijezdama_-Ulqin-2012.jpg"}],"twitter_misc":{"Written by":"ulqini","Est. reading time":"1 minute"},"schema":{"@context":"https:\/\/schema.org","@graph":[{"@type":"WebSite","@id":"https:\/\/www.visit-ulcinj.com\/blog\/#website","url":"https:\/\/www.visit-ulcinj.com\/blog\/","name":"Lajme nga Ulqini","description":"Lajme,Vijesti,Ulqini,Ulqin,Crna Gora,Mali i Zi","potentialAction":[{"@type":"SearchAction","target":{"@type":"EntryPoint","urlTemplate":"https:\/\/www.visit-ulcinj.com\/blog\/?s={search_term_string}"},"query-input":"required name=search_term_string"}],"inLanguage":"en-US"},{"@type":"ImageObject","inLanguage":"en-US","@id":"https:\/\/www.visit-ulcinj.com\/blog\/2012\/02\/20\/fitoje-muhamed-kollari-ne-live-show-let-ka-zvijezdama\/#primaryimage","url":"https:\/\/www.visit-ulcinj.com\/blog\/wp-content\/uploads\/2012\/02\/Finale-Muhamed-Kollari-Let-ka-zvijezdama_-Ulqin-2012.jpg","contentUrl":"https:\/\/www.visit-ulcinj.com\/blog\/wp-content\/uploads\/2012\/02\/Finale-Muhamed-Kollari-Let-ka-zvijezdama_-Ulqin-2012.jpg","width":"960","height":"672"},{"@type":"WebPage","@id":"https:\/\/www.visit-ulcinj.com\/blog\/2012\/02\/20\/fitoje-muhamed-kollari-ne-live-show-let-ka-zvijezdama\/#webpage","url":"https:\/\/www.visit-ulcinj.com\/blog\/2012\/02\/20\/fitoje-muhamed-kollari-ne-live-show-let-ka-zvijezdama\/","name":"Fitoj\u00eb Muhamed Kollari n\u00eb Live-show Let ka zvijezdama - Lajme nga Ulqini","isPartOf":{"@id":"https:\/\/www.visit-ulcinj.com\/blog\/#website"},"primaryImageOfPage":{"@id":"https:\/\/www.visit-ulcinj.com\/blog\/2012\/02\/20\/fitoje-muhamed-kollari-ne-live-show-let-ka-zvijezdama\/#primaryimage"},"datePublished":"2012-02-20T17:42:35+00:00","dateModified":"2012-02-23T07:52:55+00:00","author":{"@id":"https:\/\/www.visit-ulcinj.com\/blog\/#\/schema\/person\/dcab619c614d3038751c63bc2aadc06d"},"description":"Nata e audicioneve te talenteve te \u201clive-show-t\u201d Let ka zvijezdama,do mbahet t\u00eb henen m\u00eb 20.02.12 n\u00eb ora 20.00h. Me zgjedhjen e tyre nis dhe gara e forte","breadcrumb":{"@id":"https:\/\/www.visit-ulcinj.com\/blog\/2012\/02\/20\/fitoje-muhamed-kollari-ne-live-show-let-ka-zvijezdama\/#breadcrumb"},"inLanguage":"en-US","potentialAction":[{"@type":"ReadAction","target":["https:\/\/www.visit-ulcinj.com\/blog\/2012\/02\/20\/fitoje-muhamed-kollari-ne-live-show-let-ka-zvijezdama\/"]}]},{"@type":"BreadcrumbList","@id":"https:\/\/www.visit-ulcinj.com\/blog\/2012\/02\/20\/fitoje-muhamed-kollari-ne-live-show-let-ka-zvijezdama\/#breadcrumb","itemListElement":[{"@type":"ListItem","position":1,"name":"Fitoj\u00eb Muhamed Kollari n\u00eb Live-show Let ka zvijezdama"}]},{"@type":"Person","@id":"https:\/\/www.visit-ulcinj.com\/blog\/#\/schema\/person\/dcab619c614d3038751c63bc2aadc06d","name":"ulqini","sameAs":["http:\/\/www.visit-ulcinj.com"],"url":"https:\/\/www.visit-ulcinj.com\/blog\/author\/admin\/"}]}},"jetpack_featured_media_url":"","jetpack_sharing_enabled":true,"jetpack_shortlink":"https:\/\/wp.me\/pe6lTn-eYn","_links":{"self":[{"href":"https:\/\/www.visit-ulcinj.com\/blog\/wp-json\/wp\/v2\/posts\/57559"}],"collection":[{"href":"https:\/\/www.visit-ulcinj.com\/blog\/wp-json\/wp\/v2\/posts"}],"about":[{"href":"https:\/\/www.visit-ulcinj.com\/blog\/wp-json\/wp\/v2\/types\/post"}],"author":[{"embeddable":true,"href":"https:\/\/www.visit-ulcinj.com\/blog\/wp-json\/wp\/v2\/users\/1"}],"replies":[{"embeddable":true,"href":"https:\/\/www.visit-ulcinj.com\/blog\/wp-json\/wp\/v2\/comments?post=57559"}],"version-history":[{"count":10,"href":"https:\/\/www.visit-ulcinj.com\/blog\/wp-json\/wp\/v2\/posts\/57559\/revisions"}],"predecessor-version":[{"id":57650,"href":"https:\/\/www.visit-ulcinj.com\/blog\/wp-json\/wp\/v2\/posts\/57559\/revisions\/57650"}],"wp:attachment":[{"href":"https:\/\/www.visit-ulcinj.com\/blog\/wp-json\/wp\/v2\/media?parent=57559"}],"wp:term":[{"taxonomy":"category","embeddable":true,"href":"https:\/\/www.visit-ulcinj.com\/blog\/wp-json\/wp\/v2\/categories?post=57559"},{"taxonomy":"post_tag","embeddable":true,"href":"https:\/\/www.visit-ulcinj.com\/blog\/wp-json\/wp\/v2\/tags?post=57559"}],"curies":[{"name":"wp","href":"https:\/\/api.w.org\/{rel}","templated":true}]}}