{"id":57567,"date":"2012-02-20T19:08:04","date_gmt":"2012-02-20T18:08:04","guid":{"rendered":"http:\/\/www.visit-ulcinj.com\/blog\/?p=57567"},"modified":"2012-02-20T19:08:04","modified_gmt":"2012-02-20T18:08:04","slug":"ima-nade-za-port-milenu-u-ulcinju","status":"publish","type":"post","link":"https:\/\/www.visit-ulcinj.com\/blog\/2012\/02\/20\/ima-nade-za-port-milenu-u-ulcinju\/","title":{"rendered":"Ima nade za Port Milenu u Ulcinju"},"content":{"rendered":"<p><strong><a href=\"http:\/\/www.visit-ulcinj.com\/blog\/wp-content\/uploads\/2012\/02\/Port-Milena_Ulcinj.jpg\"><img loading=\"lazy\" class=\"alignleft  wp-image-57568\" title=\"Port-Milena_Ulcinj\" src=\"http:\/\/www.visit-ulcinj.com\/blog\/wp-content\/uploads\/2012\/02\/Port-Milena_Ulcinj.jpg\" alt=\"\" width=\"508\" height=\"310\" \/><\/a>Kanal vi\u0161e ne mo\u017ee da trpi<\/strong><br \/>\nZa situaciju u kojoj se nalazi danas, jednako su zaslu\u017ene dr\u017eavne i op\u0161tinske slu\u017ebe, ali i nesavjesni gra\u0111ani.<br \/>\nTrajno rje\u0161enje problema koji ve\u0107 decenijama gu\u0161i Port Milenu, pretvaraju\u0107i je u najve\u0107u i najpoznatiju crnu ta\u010dku regiona, mo\u017ee se o\u010dekivati tek nakon usvajanja Prostorno-urbanisti\u010dkog plana za Ulcinj, ali u resornom ministarstvu su svjesni da kanal vi\u0161e ne mo\u017ee da trpi.<\/p>\n<p>Zato je Ministarstvo finansiralo izradu posebnog projekta, \u010dijom bi realizacijom, nekad najve\u0107e mrestili\u0161te ribe na Mediteranu, a danas goli kanalizacioni ispust, nanovo za\u017eivjelo i drevnom gradu vratilo stari sjaj. U Ministarstvu odr\u017eivog razvoja i turizma isti\u010du da Op\u0161tina Ulcinj ima punu tehni\u010dku, stru\u010dnu i finansijsku podr\u0161ku za rje\u0161avanje tog pitanja.<\/p>\n<p>\u201c Ministarstvo je preuzelo izradu studije izvodljivosti, elaborata procjene uticaja, idejnih i glavnih projekata. Sada se o\u010dekuje dono\u0161enje Prostorno-urbanisti\u010dkog plana za op\u0161tinu Ulcinj koji je u fazi prednacrta, i drugih relevantnih prostorno-planskih dokumenata\u201d, \u00a0kazali su iz ministarstva.<\/p>\n<div id=\"attachment_57569\" style=\"width: 518px\" class=\"wp-caption alignleft\"><a href=\"http:\/\/www.visit-ulcinj.com\/blog\/wp-content\/uploads\/2012\/02\/Port-Milena_Ulcinj.1.jpg\"><img aria-describedby=\"caption-attachment-57569\" loading=\"lazy\" class=\" wp-image-57569 \" title=\"Port-Milena_Ulcinj.1\" src=\"http:\/\/www.visit-ulcinj.com\/blog\/wp-content\/uploads\/2012\/02\/Port-Milena_Ulcinj.1.jpg\" alt=\"\" width=\"508\" height=\"300\" \/><\/a><p id=\"caption-attachment-57569\" class=\"wp-caption-text\">Foto: Vijesti<\/p><\/div>\n<p><strong>Potrebno hitno rje\u0161enje<\/strong><\/p>\n<p>Podsje\u0107a se da je Ministarstvo finansiralo i izradu posebne studije, u okviru koje je analizirana do sada ura\u0111ena relevantna prostorno-planska dokumentacija, predlozi i idejna rje\u0161enja za saniranje problema i budu\u0107a rje\u0161enja za kanal Port Milenu.<\/p>\n<p>\u201cSvjesni smo potrebe nala\u017eenja hitnog rje\u0161enja za spre\u010davanje dalje devastacije samog kanala i podru\u010dja koje mu gravitira. S tim u vezi, Ministarstvo je finansiralo i izradu posebne Studije izvodljivosti sa idejnim rje\u0161enjem problema prikupljanja otpadnih voda naselja koja gravitiraju potoku Bratica koji je postao otvorni odvod za otpadne vode u kanal Port Milena\u201d, pi\u0161e u dopisu koji je potpisala PR Ministarstva Milica Leki\u0107.<\/p>\n<p>I u Op\u0161tini su spremni da rije\u0161e problem Port Milene zbog \u010dega su, kako je navedeno u pisanom odgovoru \u201cVijestima\u201d, bu\u017eetom za 2012. u tu svrhu planirali da utro\u0161e 160.000 eura.<\/p>\n<p>\u201cOd tih sredstava, 100.000 eura je predvi\u0111eno da u saradnji sa resornim ministarstvima pristupimo izradi projekta \u010di\u0161\u0107enja korita Port Milene. Ostala sredstva su namijenjena za sanaciju i osposobljavanje podvodnog ispusta Rt. \u0110erane koji posljednjih godina nije u funkciji. Sanacijom navedenog ispusta, zaga\u0111ivanje Port Milene \u0107e zna\u010dajno biti smanjeno\u201d, pi\u0161e u dopisu v.d. resornog sekretara Avdula Dervi\u0161ija.<\/p>\n<div id=\"attachment_57570\" style=\"width: 518px\" class=\"wp-caption alignleft\"><a href=\"http:\/\/www.visit-ulcinj.com\/blog\/wp-content\/uploads\/2012\/02\/most-na-port-mileni-ulcinj.jpg\"><img aria-describedby=\"caption-attachment-57570\" loading=\"lazy\" class=\" wp-image-57570 \" title=\"most na port mileni ulcinj\" src=\"http:\/\/www.visit-ulcinj.com\/blog\/wp-content\/uploads\/2012\/02\/most-na-port-mileni-ulcinj.jpg\" alt=\"\" width=\"508\" height=\"300\" \/><\/a><p id=\"caption-attachment-57570\" class=\"wp-caption-text\">Foto: Vijesti<\/p><\/div>\n<p><strong>Morsko dobro obe\u0107alo novac<\/strong><\/p>\n<p>Odgovaraju\u0107i na pitanja \u201cVijesti\u201d, u \u201cMorskom dobru\u201d su najavili da \u0107e na ra\u010dun bud\u017eeta Op\u0161tine Ulcinj usmjeriti 20 procenata ukupno ostvarenih prihoda u 2012. godini, od naknade za kori\u0161\u0107enje morskog dobra na podru\u010dju te op\u0161tine.<\/p>\n<p>\u201cPlanirani prihod za 2012. godinu, koji \u0107e Op\u0161tina Ulcinj koristiti neposredno, iznosi\u0107e 200.000 eura&#8221;, najavili su iz Morskog dobra.<\/p>\n<p>\u201cTako\u0111e, kada je u pitanju Port Milena, za izradu glavnog projekta ure\u0111enja lokaliteta na Rtu \u0110erane, od mosta za Adu do skele, opredijeljeno je 25.000 eura\u201d, navode u \u201cMorskom dobru\u201d.<\/p>\n<p>Ohrabruju\u0107i signali koji sti\u017eu iz Vlade, Op\u0161tine i \u201cMorskog dobra\u201d svakako su za pozdrav, jer Port Milena vapi za pomo\u0107 i tra\u017ei konkretne i hitne mjere. Za situaciju u kojoj se nalazi danas, jednako su zaslu\u017ene dr\u017eavne i op\u0161tinske slu\u017ebe, ali i nesavjesni gra\u0111ani koji su uzimali njene obale. Kanal koji nosi ime posljednje crnogorske kraljice zaslu\u017euje novi \u017eivot i stari imid\u017e koji je decenijama unazad sa drevnim kalimerama privla\u010dio turiste i krasio brojne razglednice i \u010dasopise.<\/p>\n<p><strong>Projekat vrijedan 4 miliona<\/strong><\/p>\n<p>Postoje\u0107i most kod \u201cOtranta\u201d, kako tvrde u Ministarstvu turizma i odr\u017eivog razvoja, bi\u0107e uklonjen.<\/p>\n<p>\u201cPlanskom dokumentacijom predvi\u0111eno je, u krajnoj fazi, kada se obezbijedi plovnost Port Milene, uklanjanje starog mosta upravo radi plovnosti, a u \u010diju svrhu se gradi i novi most na podizanje\u201d, eksplicitni su u Ministarstvu za razliku od Op\u0161tine.<\/p>\n<p>\u201cUklanjanje starog mosta Op\u0161tina nije predvidjela, s obzirom na to da pristupni putevi prema novom mostu ne\u0107e biti zavr\u0161eni u ovoj godini, tako da \u0107e most do daljeg biti u funkciji i slu\u017eiti lak\u0161em odvijanju saobra\u0107aja u tom dijelu grada\u201d, navode u Op\u0161tini.<\/p>\n<p>Prema projekcijama Ministarstva turizma, za izgradnju, odnosno za realizaciju projekta potrebno je izdvojiti vi\u0161e od \u010detiri miliona eura.<\/p>\n<p><a href=\"http:\/\/www.vijesti.me\/vijesti\/ima-nade-port-milenu-clanak-61331\" target=\"_blank\"><strong>Samir Adrovi\u0107<br \/>\nVijesti<\/strong><\/a><\/p>\n<p><strong>[flv]http:\/\/www.velikaplaza.info\/gallery\/video\/stream.php?f=Velika_Plaza_movie_Jan_2009.flv[\/flv]<\/strong><\/p>\n","protected":false},"excerpt":{"rendered":"<p>Kanal vi\u0161e ne mo\u017ee da trpi Za situaciju u kojoj se nalazi danas, jednako su zaslu\u017ene dr\u017eavne i op\u0161tinske slu\u017ebe, ali i nesavjesni gra\u0111ani. Trajno rje\u0161enje problema koji ve\u0107 decenijama gu\u0161i Port Milenu, pretvaraju\u0107i je u najve\u0107u i najpoznatiju crnu ta\u010dku regiona, mo\u017ee se o\u010dekivati tek nakon usvajanja Prostorno-urbanisti\u010dkog plana za Ulcinj, ali u resornom [&hellip;]<\/p>\n","protected":false},"author":1,"featured_media":0,"comment_status":"open","ping_status":"closed","sticky":false,"template":"","format":"standard","meta":{"spay_email":"","jetpack_publicize_message":"","jetpack_is_tweetstorm":false,"jetpack_publicize_feature_enabled":true},"categories":[8337],"tags":[2725,295,19,434],"jetpack_publicize_connections":[],"yoast_head":"<!-- This site is optimized with the Yoast SEO plugin v19.1 - https:\/\/yoast.com\/wordpress\/plugins\/seo\/ -->\n<title>Ima nade za Port Milenu u Ulcinju - Lajme nga Ulqini<\/title>\n<meta name=\"description\" content=\"Kanal vi\u0161e ne mo\u017ee da trpi Za situaciju u kojoj se nalazi danas, jednako su zaslu\u017ene dr\u017eavne i op\u0161tinske slu\u017ebe, ali i nesavjesni gra\u0111ani. Trajno rje\u0161enje\" \/>\n<meta name=\"robots\" content=\"index, follow, max-snippet:-1, max-image-preview:large, max-video-preview:-1\" \/>\n<link rel=\"canonical\" href=\"https:\/\/www.visit-ulcinj.com\/blog\/2012\/02\/20\/ima-nade-za-port-milenu-u-ulcinju\/\" \/>\n<meta property=\"og:locale\" content=\"en_US\" \/>\n<meta property=\"og:type\" content=\"article\" \/>\n<meta property=\"og:title\" content=\"Ima nade za Port Milenu u Ulcinju - Lajme nga Ulqini\" \/>\n<meta property=\"og:description\" content=\"Kanal vi\u0161e ne mo\u017ee da trpi Za situaciju u kojoj se nalazi danas, jednako su zaslu\u017ene dr\u017eavne i op\u0161tinske slu\u017ebe, ali i nesavjesni gra\u0111ani. Trajno rje\u0161enje\" \/>\n<meta property=\"og:url\" content=\"https:\/\/www.visit-ulcinj.com\/blog\/2012\/02\/20\/ima-nade-za-port-milenu-u-ulcinju\/\" \/>\n<meta property=\"og:site_name\" content=\"Lajme nga Ulqini\" \/>\n<meta property=\"article:published_time\" content=\"2012-02-20T18:08:04+00:00\" \/>\n<meta property=\"og:image\" content=\"http:\/\/www.visit-ulcinj.com\/blog\/wp-content\/uploads\/2012\/02\/Port-Milena_Ulcinj.jpg\" \/>\n<meta name=\"twitter:label1\" content=\"Written by\" \/>\n\t<meta name=\"twitter:data1\" content=\"ulqini\" \/>\n\t<meta name=\"twitter:label2\" content=\"Est. reading time\" \/>\n\t<meta name=\"twitter:data2\" content=\"4 minutes\" \/>\n<script type=\"application\/ld+json\" class=\"yoast-schema-graph\">{\"@context\":\"https:\/\/schema.org\",\"@graph\":[{\"@type\":\"WebSite\",\"@id\":\"https:\/\/www.visit-ulcinj.com\/blog\/#website\",\"url\":\"https:\/\/www.visit-ulcinj.com\/blog\/\",\"name\":\"Lajme nga Ulqini\",\"description\":\"Lajme,Vijesti,Ulqini,Ulqin,Crna Gora,Mali i Zi\",\"potentialAction\":[{\"@type\":\"SearchAction\",\"target\":{\"@type\":\"EntryPoint\",\"urlTemplate\":\"https:\/\/www.visit-ulcinj.com\/blog\/?s={search_term_string}\"},\"query-input\":\"required name=search_term_string\"}],\"inLanguage\":\"en-US\"},{\"@type\":\"ImageObject\",\"inLanguage\":\"en-US\",\"@id\":\"https:\/\/www.visit-ulcinj.com\/blog\/2012\/02\/20\/ima-nade-za-port-milenu-u-ulcinju\/#primaryimage\",\"url\":\"https:\/\/www.visit-ulcinj.com\/blog\/wp-content\/uploads\/2012\/02\/Port-Milena_Ulcinj.jpg\",\"contentUrl\":\"https:\/\/www.visit-ulcinj.com\/blog\/wp-content\/uploads\/2012\/02\/Port-Milena_Ulcinj.jpg\",\"width\":\"500\",\"height\":\"310\"},{\"@type\":\"WebPage\",\"@id\":\"https:\/\/www.visit-ulcinj.com\/blog\/2012\/02\/20\/ima-nade-za-port-milenu-u-ulcinju\/#webpage\",\"url\":\"https:\/\/www.visit-ulcinj.com\/blog\/2012\/02\/20\/ima-nade-za-port-milenu-u-ulcinju\/\",\"name\":\"Ima nade za Port Milenu u Ulcinju - Lajme nga Ulqini\",\"isPartOf\":{\"@id\":\"https:\/\/www.visit-ulcinj.com\/blog\/#website\"},\"primaryImageOfPage\":{\"@id\":\"https:\/\/www.visit-ulcinj.com\/blog\/2012\/02\/20\/ima-nade-za-port-milenu-u-ulcinju\/#primaryimage\"},\"datePublished\":\"2012-02-20T18:08:04+00:00\",\"dateModified\":\"2012-02-20T18:08:04+00:00\",\"author\":{\"@id\":\"https:\/\/www.visit-ulcinj.com\/blog\/#\/schema\/person\/dcab619c614d3038751c63bc2aadc06d\"},\"description\":\"Kanal vi\u0161e ne mo\u017ee da trpi Za situaciju u kojoj se nalazi danas, jednako su zaslu\u017ene dr\u017eavne i op\u0161tinske slu\u017ebe, ali i nesavjesni gra\u0111ani. Trajno rje\u0161enje\",\"breadcrumb\":{\"@id\":\"https:\/\/www.visit-ulcinj.com\/blog\/2012\/02\/20\/ima-nade-za-port-milenu-u-ulcinju\/#breadcrumb\"},\"inLanguage\":\"en-US\",\"potentialAction\":[{\"@type\":\"ReadAction\",\"target\":[\"https:\/\/www.visit-ulcinj.com\/blog\/2012\/02\/20\/ima-nade-za-port-milenu-u-ulcinju\/\"]}]},{\"@type\":\"BreadcrumbList\",\"@id\":\"https:\/\/www.visit-ulcinj.com\/blog\/2012\/02\/20\/ima-nade-za-port-milenu-u-ulcinju\/#breadcrumb\",\"itemListElement\":[{\"@type\":\"ListItem\",\"position\":1,\"name\":\"Ima nade za Port Milenu u Ulcinju\"}]},{\"@type\":\"Person\",\"@id\":\"https:\/\/www.visit-ulcinj.com\/blog\/#\/schema\/person\/dcab619c614d3038751c63bc2aadc06d\",\"name\":\"ulqini\",\"sameAs\":[\"http:\/\/www.visit-ulcinj.com\"],\"url\":\"https:\/\/www.visit-ulcinj.com\/blog\/author\/admin\/\"}]}<\/script>\n<!-- \/ Yoast SEO plugin. -->","yoast_head_json":{"title":"Ima nade za Port Milenu u Ulcinju - Lajme nga Ulqini","description":"Kanal vi\u0161e ne mo\u017ee da trpi Za situaciju u kojoj se nalazi danas, jednako su zaslu\u017ene dr\u017eavne i op\u0161tinske slu\u017ebe, ali i nesavjesni gra\u0111ani. Trajno rje\u0161enje","robots":{"index":"index","follow":"follow","max-snippet":"max-snippet:-1","max-image-preview":"max-image-preview:large","max-video-preview":"max-video-preview:-1"},"canonical":"https:\/\/www.visit-ulcinj.com\/blog\/2012\/02\/20\/ima-nade-za-port-milenu-u-ulcinju\/","og_locale":"en_US","og_type":"article","og_title":"Ima nade za Port Milenu u Ulcinju - Lajme nga Ulqini","og_description":"Kanal vi\u0161e ne mo\u017ee da trpi Za situaciju u kojoj se nalazi danas, jednako su zaslu\u017ene dr\u017eavne i op\u0161tinske slu\u017ebe, ali i nesavjesni gra\u0111ani. Trajno rje\u0161enje","og_url":"https:\/\/www.visit-ulcinj.com\/blog\/2012\/02\/20\/ima-nade-za-port-milenu-u-ulcinju\/","og_site_name":"Lajme nga Ulqini","article_published_time":"2012-02-20T18:08:04+00:00","og_image":[{"url":"http:\/\/www.visit-ulcinj.com\/blog\/wp-content\/uploads\/2012\/02\/Port-Milena_Ulcinj.jpg"}],"twitter_misc":{"Written by":"ulqini","Est. reading time":"4 minutes"},"schema":{"@context":"https:\/\/schema.org","@graph":[{"@type":"WebSite","@id":"https:\/\/www.visit-ulcinj.com\/blog\/#website","url":"https:\/\/www.visit-ulcinj.com\/blog\/","name":"Lajme nga Ulqini","description":"Lajme,Vijesti,Ulqini,Ulqin,Crna Gora,Mali i Zi","potentialAction":[{"@type":"SearchAction","target":{"@type":"EntryPoint","urlTemplate":"https:\/\/www.visit-ulcinj.com\/blog\/?s={search_term_string}"},"query-input":"required name=search_term_string"}],"inLanguage":"en-US"},{"@type":"ImageObject","inLanguage":"en-US","@id":"https:\/\/www.visit-ulcinj.com\/blog\/2012\/02\/20\/ima-nade-za-port-milenu-u-ulcinju\/#primaryimage","url":"https:\/\/www.visit-ulcinj.com\/blog\/wp-content\/uploads\/2012\/02\/Port-Milena_Ulcinj.jpg","contentUrl":"https:\/\/www.visit-ulcinj.com\/blog\/wp-content\/uploads\/2012\/02\/Port-Milena_Ulcinj.jpg","width":"500","height":"310"},{"@type":"WebPage","@id":"https:\/\/www.visit-ulcinj.com\/blog\/2012\/02\/20\/ima-nade-za-port-milenu-u-ulcinju\/#webpage","url":"https:\/\/www.visit-ulcinj.com\/blog\/2012\/02\/20\/ima-nade-za-port-milenu-u-ulcinju\/","name":"Ima nade za Port Milenu u Ulcinju - Lajme nga Ulqini","isPartOf":{"@id":"https:\/\/www.visit-ulcinj.com\/blog\/#website"},"primaryImageOfPage":{"@id":"https:\/\/www.visit-ulcinj.com\/blog\/2012\/02\/20\/ima-nade-za-port-milenu-u-ulcinju\/#primaryimage"},"datePublished":"2012-02-20T18:08:04+00:00","dateModified":"2012-02-20T18:08:04+00:00","author":{"@id":"https:\/\/www.visit-ulcinj.com\/blog\/#\/schema\/person\/dcab619c614d3038751c63bc2aadc06d"},"description":"Kanal vi\u0161e ne mo\u017ee da trpi Za situaciju u kojoj se nalazi danas, jednako su zaslu\u017ene dr\u017eavne i op\u0161tinske slu\u017ebe, ali i nesavjesni gra\u0111ani. Trajno rje\u0161enje","breadcrumb":{"@id":"https:\/\/www.visit-ulcinj.com\/blog\/2012\/02\/20\/ima-nade-za-port-milenu-u-ulcinju\/#breadcrumb"},"inLanguage":"en-US","potentialAction":[{"@type":"ReadAction","target":["https:\/\/www.visit-ulcinj.com\/blog\/2012\/02\/20\/ima-nade-za-port-milenu-u-ulcinju\/"]}]},{"@type":"BreadcrumbList","@id":"https:\/\/www.visit-ulcinj.com\/blog\/2012\/02\/20\/ima-nade-za-port-milenu-u-ulcinju\/#breadcrumb","itemListElement":[{"@type":"ListItem","position":1,"name":"Ima nade za Port Milenu u Ulcinju"}]},{"@type":"Person","@id":"https:\/\/www.visit-ulcinj.com\/blog\/#\/schema\/person\/dcab619c614d3038751c63bc2aadc06d","name":"ulqini","sameAs":["http:\/\/www.visit-ulcinj.com"],"url":"https:\/\/www.visit-ulcinj.com\/blog\/author\/admin\/"}]}},"jetpack_featured_media_url":"","jetpack_sharing_enabled":true,"jetpack_shortlink":"https:\/\/wp.me\/pe6lTn-eYv","_links":{"self":[{"href":"https:\/\/www.visit-ulcinj.com\/blog\/wp-json\/wp\/v2\/posts\/57567"}],"collection":[{"href":"https:\/\/www.visit-ulcinj.com\/blog\/wp-json\/wp\/v2\/posts"}],"about":[{"href":"https:\/\/www.visit-ulcinj.com\/blog\/wp-json\/wp\/v2\/types\/post"}],"author":[{"embeddable":true,"href":"https:\/\/www.visit-ulcinj.com\/blog\/wp-json\/wp\/v2\/users\/1"}],"replies":[{"embeddable":true,"href":"https:\/\/www.visit-ulcinj.com\/blog\/wp-json\/wp\/v2\/comments?post=57567"}],"version-history":[{"count":1,"href":"https:\/\/www.visit-ulcinj.com\/blog\/wp-json\/wp\/v2\/posts\/57567\/revisions"}],"predecessor-version":[{"id":57571,"href":"https:\/\/www.visit-ulcinj.com\/blog\/wp-json\/wp\/v2\/posts\/57567\/revisions\/57571"}],"wp:attachment":[{"href":"https:\/\/www.visit-ulcinj.com\/blog\/wp-json\/wp\/v2\/media?parent=57567"}],"wp:term":[{"taxonomy":"category","embeddable":true,"href":"https:\/\/www.visit-ulcinj.com\/blog\/wp-json\/wp\/v2\/categories?post=57567"},{"taxonomy":"post_tag","embeddable":true,"href":"https:\/\/www.visit-ulcinj.com\/blog\/wp-json\/wp\/v2\/tags?post=57567"}],"curies":[{"name":"wp","href":"https:\/\/api.w.org\/{rel}","templated":true}]}}