{"id":57577,"date":"2012-02-21T18:30:52","date_gmt":"2012-02-21T17:30:52","guid":{"rendered":"http:\/\/www.visit-ulcinj.com\/blog\/?p=57577"},"modified":"2012-02-22T20:13:18","modified_gmt":"2012-02-22T19:13:18","slug":"rrezart-cungu-serisht-ne-krye-te-splitit","status":"publish","type":"post","link":"https:\/\/www.visit-ulcinj.com\/blog\/2012\/02\/21\/rrezart-cungu-serisht-ne-krye-te-splitit\/","title":{"rendered":"Rrezart Cungu serisht ne krye te Splitit"},"content":{"rendered":"<p><a href=\"http:\/\/www.visit-ulcinj.com\/blog\/wp-content\/uploads\/2012\/02\/Rrezart-Cungu-serisht-ne-krye-te-Splitit_picnik.jpg\"><img loading=\"lazy\" class=\"alignleft  wp-image-57578\" title=\"Rrezart Cungu serisht ne krye te Splitit_picnik\" src=\"http:\/\/www.visit-ulcinj.com\/blog\/wp-content\/uploads\/2012\/02\/Rrezart-Cungu-serisht-ne-krye-te-Splitit_picnik.jpg\" alt=\"\" width=\"508\" height=\"380\" srcset=\"https:\/\/www.visit-ulcinj.com\/blog\/wp-content\/uploads\/2012\/02\/Rrezart-Cungu-serisht-ne-krye-te-Splitit_picnik.jpg 1001w, https:\/\/www.visit-ulcinj.com\/blog\/wp-content\/uploads\/2012\/02\/Rrezart-Cungu-serisht-ne-krye-te-Splitit_picnik-300x225.jpg 300w\" sizes=\"(max-width: 508px) 100vw, 508px\" \/><\/a>Me date18 shkurt n\u00eb Split te Kroacis u mbajt turneu dy-ditor\u00eb i tenisit p\u00ebr grupmosh\u00ebn 14-vje\u00e7are n\u00eb kuad\u00ebr t\u00eb KT \u2018\u2018FIRULE\u2018\u2018.\u00a0 N\u00eb k\u00ebt\u00eb gar\u00eb morr\u00ebn pjes\u00eb 14\u00a0 garues djem. Nj\u00ebri prej tyre ishte edhe \u00a0teniseri nga KT \u201cBellevue\u201d nga Ulqini,\u00a0 Rrezart Cungu i cili edhe kesaj radhe triumfoi dhe tregoi se fjala eshte per nje tenist perspektiv dhe \u00a0i cili premton shume\u00a0 . N\u00eb xhiron e par\u00eb Rrezarti\u00a0 mundi Barun Bozho 6:1, 6:0, n\u00eb gjys\u00ebmfinale mundi Rodin Slavko me rezultatin 6:1, 6:0,<strong> <\/strong>dhe k\u00ebshtu mb\u00ebrriti deri n\u00eb finale. N\u00eb finale u takua me Stipan Maxhar nga Kroacija t\u00eb cilin e mundi 7:5, 6:0. Kjo eshte hera e dyte ne vitin 2012, qe Rrezarti shpallet i pari ne turnet e nivelit shtetror te Kroacis dhe shp\u00ebrblehet me kup te arte.<\/p>\n<p>Shpresojme qe ky te jete nje tregues i mire i cili paralajmeron\u00a0 se para Rrezartit eshte nje vite i shkelqyer me plote trofe.<\/p>\n\n\t\t<style type=\"text\/css\">\n\t\t\t#gallery-1 {\n\t\t\t\tmargin: auto;\n\t\t\t}\n\t\t\t#gallery-1 .gallery-item {\n\t\t\t\tfloat: left;\n\t\t\t\tmargin-top: 10px;\n\t\t\t\ttext-align: center;\n\t\t\t\twidth: 33%;\n\t\t\t}\n\t\t\t#gallery-1 img {\n\t\t\t\tborder: 2px solid #cfcfcf;\n\t\t\t}\n\t\t\t#gallery-1 .gallery-caption {\n\t\t\t\tmargin-left: 0;\n\t\t\t}\n\t\t\t\/* see gallery_shortcode() in wp-includes\/media.php *\/\n\t\t<\/style>\n\t\t<div id='gallery-1' class='gallery galleryid-57577 gallery-columns-3 gallery-size-thumbnail'><dl class='gallery-item'>\n\t\t\t<dt class='gallery-icon landscape'>\n\t\t\t\t<a href='https:\/\/www.visit-ulcinj.com\/blog\/wp-content\/uploads\/2012\/02\/Rrezart-Cungu-serisht-ne-krye-te-Splitit_picnik.jpg'><img width=\"150\" height=\"150\" src=\"https:\/\/www.visit-ulcinj.com\/blog\/wp-content\/uploads\/2012\/02\/Rrezart-Cungu-serisht-ne-krye-te-Splitit_picnik-150x150.jpg\" class=\"attachment-thumbnail size-thumbnail\" alt=\"\" loading=\"lazy\" \/><\/a>\n\t\t\t<\/dt><\/dl><dl class='gallery-item'>\n\t\t\t<dt class='gallery-icon landscape'>\n\t\t\t\t<a href='https:\/\/www.visit-ulcinj.com\/blog\/wp-content\/uploads\/2012\/02\/Rrezart-Cungu-serisht-ne-krye-te-Splitit.2_picnik.jpg'><img width=\"150\" height=\"150\" src=\"https:\/\/www.visit-ulcinj.com\/blog\/wp-content\/uploads\/2012\/02\/Rrezart-Cungu-serisht-ne-krye-te-Splitit.2_picnik-150x150.jpg\" class=\"attachment-thumbnail size-thumbnail\" alt=\"\" loading=\"lazy\" \/><\/a>\n\t\t\t<\/dt><\/dl><dl class='gallery-item'>\n\t\t\t<dt class='gallery-icon landscape'>\n\t\t\t\t<a href='https:\/\/www.visit-ulcinj.com\/blog\/wp-content\/uploads\/2012\/02\/Rrezart-Cungu-serisht-ne-krye-te-Splitit.4_picnik.jpg'><img width=\"150\" height=\"150\" src=\"https:\/\/www.visit-ulcinj.com\/blog\/wp-content\/uploads\/2012\/02\/Rrezart-Cungu-serisht-ne-krye-te-Splitit.4_picnik-150x150.jpg\" class=\"attachment-thumbnail size-thumbnail\" alt=\"\" loading=\"lazy\" \/><\/a>\n\t\t\t<\/dt><\/dl><br style=\"clear: both\" \/>\n\t\t<\/div>\n\n","protected":false},"excerpt":{"rendered":"<p>Me date18 shkurt n\u00eb Split te Kroacis u mbajt turneu dy-ditor\u00eb i tenisit p\u00ebr grupmosh\u00ebn 14-vje\u00e7are n\u00eb kuad\u00ebr t\u00eb KT \u2018\u2018FIRULE\u2018\u2018.\u00a0 N\u00eb k\u00ebt\u00eb gar\u00eb morr\u00ebn pjes\u00eb 14\u00a0 garues djem. Nj\u00ebri prej tyre ishte edhe \u00a0teniseri nga KT \u201cBellevue\u201d nga Ulqini,\u00a0 Rrezart Cungu i cili edhe kesaj radhe triumfoi dhe tregoi se fjala eshte per nje [&hellip;]<\/p>\n","protected":false},"author":1,"featured_media":0,"comment_status":"open","ping_status":"closed","sticky":false,"template":"","format":"standard","meta":{"spay_email":"","jetpack_publicize_message":"","jetpack_is_tweetstorm":false,"jetpack_publicize_feature_enabled":true},"categories":[3],"tags":[19235,20061,14441,2195,200,18],"jetpack_publicize_connections":[],"yoast_head":"<!-- This site is optimized with the Yoast SEO plugin v19.1 - https:\/\/yoast.com\/wordpress\/plugins\/seo\/ -->\n<title>Rrezart Cungu serisht ne krye te Splitit - Lajme nga Ulqini<\/title>\n<meta name=\"description\" content=\"Me date18 shkurt n\u00eb Split te Kroacis u mbajt turneu dy-ditor\u00eb i tenisit p\u00ebr grupmosh\u00ebn 14-vje\u00e7are n\u00eb kuad\u00ebr t\u00eb KT \u2018\u2018FIRULE\u2018\u2018.\u00a0 N\u00eb k\u00ebt\u00eb gar\u00eb morr\u00ebn pjes\u00eb\" \/>\n<meta name=\"robots\" content=\"index, follow, max-snippet:-1, max-image-preview:large, max-video-preview:-1\" \/>\n<link rel=\"canonical\" href=\"https:\/\/www.visit-ulcinj.com\/blog\/2012\/02\/21\/rrezart-cungu-serisht-ne-krye-te-splitit\/\" \/>\n<meta property=\"og:locale\" content=\"en_US\" \/>\n<meta property=\"og:type\" content=\"article\" \/>\n<meta property=\"og:title\" content=\"Rrezart Cungu serisht ne krye te Splitit - Lajme nga Ulqini\" \/>\n<meta property=\"og:description\" content=\"Me date18 shkurt n\u00eb Split te Kroacis u mbajt turneu dy-ditor\u00eb i tenisit p\u00ebr grupmosh\u00ebn 14-vje\u00e7are n\u00eb kuad\u00ebr t\u00eb KT \u2018\u2018FIRULE\u2018\u2018.\u00a0 N\u00eb k\u00ebt\u00eb gar\u00eb morr\u00ebn pjes\u00eb\" \/>\n<meta property=\"og:url\" content=\"https:\/\/www.visit-ulcinj.com\/blog\/2012\/02\/21\/rrezart-cungu-serisht-ne-krye-te-splitit\/\" \/>\n<meta property=\"og:site_name\" content=\"Lajme nga Ulqini\" \/>\n<meta property=\"article:published_time\" content=\"2012-02-21T17:30:52+00:00\" \/>\n<meta property=\"article:modified_time\" content=\"2012-02-22T19:13:18+00:00\" \/>\n<meta property=\"og:image\" content=\"https:\/\/www.visit-ulcinj.com\/blog\/wp-content\/uploads\/2012\/02\/Rrezart-Cungu-serisht-ne-krye-te-Splitit_picnik-150x150.jpg\" \/>\n<meta name=\"twitter:label1\" content=\"Written by\" \/>\n\t<meta name=\"twitter:data1\" content=\"ulqini\" \/>\n\t<meta name=\"twitter:label2\" content=\"Est. reading time\" \/>\n\t<meta name=\"twitter:data2\" content=\"1 minute\" \/>\n<script type=\"application\/ld+json\" class=\"yoast-schema-graph\">{\"@context\":\"https:\/\/schema.org\",\"@graph\":[{\"@type\":\"WebSite\",\"@id\":\"https:\/\/www.visit-ulcinj.com\/blog\/#website\",\"url\":\"https:\/\/www.visit-ulcinj.com\/blog\/\",\"name\":\"Lajme nga Ulqini\",\"description\":\"Lajme,Vijesti,Ulqini,Ulqin,Crna Gora,Mali i Zi\",\"potentialAction\":[{\"@type\":\"SearchAction\",\"target\":{\"@type\":\"EntryPoint\",\"urlTemplate\":\"https:\/\/www.visit-ulcinj.com\/blog\/?s={search_term_string}\"},\"query-input\":\"required name=search_term_string\"}],\"inLanguage\":\"en-US\"},{\"@type\":\"ImageObject\",\"inLanguage\":\"en-US\",\"@id\":\"https:\/\/www.visit-ulcinj.com\/blog\/2012\/02\/21\/rrezart-cungu-serisht-ne-krye-te-splitit\/#primaryimage\",\"url\":\"https:\/\/www.visit-ulcinj.com\/blog\/wp-content\/uploads\/2012\/02\/Rrezart-Cungu-serisht-ne-krye-te-Splitit_picnik.jpg\",\"contentUrl\":\"https:\/\/www.visit-ulcinj.com\/blog\/wp-content\/uploads\/2012\/02\/Rrezart-Cungu-serisht-ne-krye-te-Splitit_picnik.jpg\",\"width\":\"1001\",\"height\":\"751\"},{\"@type\":\"WebPage\",\"@id\":\"https:\/\/www.visit-ulcinj.com\/blog\/2012\/02\/21\/rrezart-cungu-serisht-ne-krye-te-splitit\/#webpage\",\"url\":\"https:\/\/www.visit-ulcinj.com\/blog\/2012\/02\/21\/rrezart-cungu-serisht-ne-krye-te-splitit\/\",\"name\":\"Rrezart Cungu serisht ne krye te Splitit - Lajme nga Ulqini\",\"isPartOf\":{\"@id\":\"https:\/\/www.visit-ulcinj.com\/blog\/#website\"},\"primaryImageOfPage\":{\"@id\":\"https:\/\/www.visit-ulcinj.com\/blog\/2012\/02\/21\/rrezart-cungu-serisht-ne-krye-te-splitit\/#primaryimage\"},\"datePublished\":\"2012-02-21T17:30:52+00:00\",\"dateModified\":\"2012-02-22T19:13:18+00:00\",\"author\":{\"@id\":\"https:\/\/www.visit-ulcinj.com\/blog\/#\/schema\/person\/dcab619c614d3038751c63bc2aadc06d\"},\"description\":\"Me date18 shkurt n\u00eb Split te Kroacis u mbajt turneu dy-ditor\u00eb i tenisit p\u00ebr grupmosh\u00ebn 14-vje\u00e7are n\u00eb kuad\u00ebr t\u00eb KT \u2018\u2018FIRULE\u2018\u2018.\u00a0 N\u00eb k\u00ebt\u00eb gar\u00eb morr\u00ebn pjes\u00eb\",\"breadcrumb\":{\"@id\":\"https:\/\/www.visit-ulcinj.com\/blog\/2012\/02\/21\/rrezart-cungu-serisht-ne-krye-te-splitit\/#breadcrumb\"},\"inLanguage\":\"en-US\",\"potentialAction\":[{\"@type\":\"ReadAction\",\"target\":[\"https:\/\/www.visit-ulcinj.com\/blog\/2012\/02\/21\/rrezart-cungu-serisht-ne-krye-te-splitit\/\"]}]},{\"@type\":\"BreadcrumbList\",\"@id\":\"https:\/\/www.visit-ulcinj.com\/blog\/2012\/02\/21\/rrezart-cungu-serisht-ne-krye-te-splitit\/#breadcrumb\",\"itemListElement\":[{\"@type\":\"ListItem\",\"position\":1,\"name\":\"Rrezart Cungu serisht ne krye te Splitit\"}]},{\"@type\":\"Person\",\"@id\":\"https:\/\/www.visit-ulcinj.com\/blog\/#\/schema\/person\/dcab619c614d3038751c63bc2aadc06d\",\"name\":\"ulqini\",\"sameAs\":[\"http:\/\/www.visit-ulcinj.com\"],\"url\":\"https:\/\/www.visit-ulcinj.com\/blog\/author\/admin\/\"}]}<\/script>\n<!-- \/ Yoast SEO plugin. -->","yoast_head_json":{"title":"Rrezart Cungu serisht ne krye te Splitit - Lajme nga Ulqini","description":"Me date18 shkurt n\u00eb Split te Kroacis u mbajt turneu dy-ditor\u00eb i tenisit p\u00ebr grupmosh\u00ebn 14-vje\u00e7are n\u00eb kuad\u00ebr t\u00eb KT \u2018\u2018FIRULE\u2018\u2018.\u00a0 N\u00eb k\u00ebt\u00eb gar\u00eb morr\u00ebn pjes\u00eb","robots":{"index":"index","follow":"follow","max-snippet":"max-snippet:-1","max-image-preview":"max-image-preview:large","max-video-preview":"max-video-preview:-1"},"canonical":"https:\/\/www.visit-ulcinj.com\/blog\/2012\/02\/21\/rrezart-cungu-serisht-ne-krye-te-splitit\/","og_locale":"en_US","og_type":"article","og_title":"Rrezart Cungu serisht ne krye te Splitit - Lajme nga Ulqini","og_description":"Me date18 shkurt n\u00eb Split te Kroacis u mbajt turneu dy-ditor\u00eb i tenisit p\u00ebr grupmosh\u00ebn 14-vje\u00e7are n\u00eb kuad\u00ebr t\u00eb KT \u2018\u2018FIRULE\u2018\u2018.\u00a0 N\u00eb k\u00ebt\u00eb gar\u00eb morr\u00ebn pjes\u00eb","og_url":"https:\/\/www.visit-ulcinj.com\/blog\/2012\/02\/21\/rrezart-cungu-serisht-ne-krye-te-splitit\/","og_site_name":"Lajme nga Ulqini","article_published_time":"2012-02-21T17:30:52+00:00","article_modified_time":"2012-02-22T19:13:18+00:00","og_image":[{"url":"https:\/\/www.visit-ulcinj.com\/blog\/wp-content\/uploads\/2012\/02\/Rrezart-Cungu-serisht-ne-krye-te-Splitit_picnik-150x150.jpg"}],"twitter_misc":{"Written by":"ulqini","Est. reading time":"1 minute"},"schema":{"@context":"https:\/\/schema.org","@graph":[{"@type":"WebSite","@id":"https:\/\/www.visit-ulcinj.com\/blog\/#website","url":"https:\/\/www.visit-ulcinj.com\/blog\/","name":"Lajme nga Ulqini","description":"Lajme,Vijesti,Ulqini,Ulqin,Crna Gora,Mali i Zi","potentialAction":[{"@type":"SearchAction","target":{"@type":"EntryPoint","urlTemplate":"https:\/\/www.visit-ulcinj.com\/blog\/?s={search_term_string}"},"query-input":"required name=search_term_string"}],"inLanguage":"en-US"},{"@type":"ImageObject","inLanguage":"en-US","@id":"https:\/\/www.visit-ulcinj.com\/blog\/2012\/02\/21\/rrezart-cungu-serisht-ne-krye-te-splitit\/#primaryimage","url":"https:\/\/www.visit-ulcinj.com\/blog\/wp-content\/uploads\/2012\/02\/Rrezart-Cungu-serisht-ne-krye-te-Splitit_picnik.jpg","contentUrl":"https:\/\/www.visit-ulcinj.com\/blog\/wp-content\/uploads\/2012\/02\/Rrezart-Cungu-serisht-ne-krye-te-Splitit_picnik.jpg","width":"1001","height":"751"},{"@type":"WebPage","@id":"https:\/\/www.visit-ulcinj.com\/blog\/2012\/02\/21\/rrezart-cungu-serisht-ne-krye-te-splitit\/#webpage","url":"https:\/\/www.visit-ulcinj.com\/blog\/2012\/02\/21\/rrezart-cungu-serisht-ne-krye-te-splitit\/","name":"Rrezart Cungu serisht ne krye te Splitit - Lajme nga Ulqini","isPartOf":{"@id":"https:\/\/www.visit-ulcinj.com\/blog\/#website"},"primaryImageOfPage":{"@id":"https:\/\/www.visit-ulcinj.com\/blog\/2012\/02\/21\/rrezart-cungu-serisht-ne-krye-te-splitit\/#primaryimage"},"datePublished":"2012-02-21T17:30:52+00:00","dateModified":"2012-02-22T19:13:18+00:00","author":{"@id":"https:\/\/www.visit-ulcinj.com\/blog\/#\/schema\/person\/dcab619c614d3038751c63bc2aadc06d"},"description":"Me date18 shkurt n\u00eb Split te Kroacis u mbajt turneu dy-ditor\u00eb i tenisit p\u00ebr grupmosh\u00ebn 14-vje\u00e7are n\u00eb kuad\u00ebr t\u00eb KT \u2018\u2018FIRULE\u2018\u2018.\u00a0 N\u00eb k\u00ebt\u00eb gar\u00eb morr\u00ebn pjes\u00eb","breadcrumb":{"@id":"https:\/\/www.visit-ulcinj.com\/blog\/2012\/02\/21\/rrezart-cungu-serisht-ne-krye-te-splitit\/#breadcrumb"},"inLanguage":"en-US","potentialAction":[{"@type":"ReadAction","target":["https:\/\/www.visit-ulcinj.com\/blog\/2012\/02\/21\/rrezart-cungu-serisht-ne-krye-te-splitit\/"]}]},{"@type":"BreadcrumbList","@id":"https:\/\/www.visit-ulcinj.com\/blog\/2012\/02\/21\/rrezart-cungu-serisht-ne-krye-te-splitit\/#breadcrumb","itemListElement":[{"@type":"ListItem","position":1,"name":"Rrezart Cungu serisht ne krye te Splitit"}]},{"@type":"Person","@id":"https:\/\/www.visit-ulcinj.com\/blog\/#\/schema\/person\/dcab619c614d3038751c63bc2aadc06d","name":"ulqini","sameAs":["http:\/\/www.visit-ulcinj.com"],"url":"https:\/\/www.visit-ulcinj.com\/blog\/author\/admin\/"}]}},"jetpack_featured_media_url":"","jetpack_sharing_enabled":true,"jetpack_shortlink":"https:\/\/wp.me\/pe6lTn-eYF","_links":{"self":[{"href":"https:\/\/www.visit-ulcinj.com\/blog\/wp-json\/wp\/v2\/posts\/57577"}],"collection":[{"href":"https:\/\/www.visit-ulcinj.com\/blog\/wp-json\/wp\/v2\/posts"}],"about":[{"href":"https:\/\/www.visit-ulcinj.com\/blog\/wp-json\/wp\/v2\/types\/post"}],"author":[{"embeddable":true,"href":"https:\/\/www.visit-ulcinj.com\/blog\/wp-json\/wp\/v2\/users\/1"}],"replies":[{"embeddable":true,"href":"https:\/\/www.visit-ulcinj.com\/blog\/wp-json\/wp\/v2\/comments?post=57577"}],"version-history":[{"count":3,"href":"https:\/\/www.visit-ulcinj.com\/blog\/wp-json\/wp\/v2\/posts\/57577\/revisions"}],"predecessor-version":[{"id":57602,"href":"https:\/\/www.visit-ulcinj.com\/blog\/wp-json\/wp\/v2\/posts\/57577\/revisions\/57602"}],"wp:attachment":[{"href":"https:\/\/www.visit-ulcinj.com\/blog\/wp-json\/wp\/v2\/media?parent=57577"}],"wp:term":[{"taxonomy":"category","embeddable":true,"href":"https:\/\/www.visit-ulcinj.com\/blog\/wp-json\/wp\/v2\/categories?post=57577"},{"taxonomy":"post_tag","embeddable":true,"href":"https:\/\/www.visit-ulcinj.com\/blog\/wp-json\/wp\/v2\/tags?post=57577"}],"curies":[{"name":"wp","href":"https:\/\/api.w.org\/{rel}","templated":true}]}}