{"id":57589,"date":"2012-02-22T18:57:46","date_gmt":"2012-02-22T17:57:46","guid":{"rendered":"http:\/\/www.visit-ulcinj.com\/blog\/?p=57589"},"modified":"2012-03-06T19:02:56","modified_gmt":"2012-03-06T18:02:56","slug":"po-punohet-per-zgjerimin-e-shtratit-te-lumit-buna","status":"publish","type":"post","link":"https:\/\/www.visit-ulcinj.com\/blog\/2012\/02\/22\/po-punohet-per-zgjerimin-e-shtratit-te-lumit-buna\/","title":{"rendered":"Po punohet p\u00ebr zgjerimin e shtratit t\u00eb Lumit Buna &#8211; Foto"},"content":{"rendered":"<p><a href=\"http:\/\/www.visit-ulcinj.com\/blog\/?attachment_id=57590\" rel=\"attachment wp-att-57590\"><img loading=\"lazy\" class=\"alignleft size-full wp-image-57590\" title=\"Sekretari i veprimtarive komunale n\u00eb komun\u00ebn e Ulqinit Avdo Dervishi\" src=\"http:\/\/www.visit-ulcinj.com\/blog\/wp-content\/uploads\/2012\/02\/Sekretari-i-veprimtarive-komunale-n\u00eb-komun\u00ebn-e-Ulqinit-Avdo-Dervishi-.jpg\" alt=\"\" width=\"490\" height=\"338\" srcset=\"https:\/\/www.visit-ulcinj.com\/blog\/wp-content\/uploads\/2012\/02\/Sekretari-i-veprimtarive-komunale-n\u00eb-komun\u00ebn-e-Ulqinit-Avdo-Dervishi-.jpg 490w, https:\/\/www.visit-ulcinj.com\/blog\/wp-content\/uploads\/2012\/02\/Sekretari-i-veprimtarive-komunale-n\u00eb-komun\u00ebn-e-Ulqinit-Avdo-Dervishi--300x206.jpg 300w\" sizes=\"(max-width: 490px) 100vw, 490px\" \/><\/a>Thellimi i lumit Buna me 8 metra, n\u00eb gjer\u00ebsin\u00eb prej 200 metrash dhe shkurtimi i distanc\u00ebs nga 41 km n\u00eb 25 km, mund t\u00eb shp\u00ebtoj\u00eb nj\u00ebher\u00eb e mir\u00eb Ulqinin nga p\u00ebrmbytjet.<br \/>\nN\u00eb zon\u00ebn fushore t\u00eb lumit Buna, e cila gjat\u00eb vitit t\u00eb kaluar u p\u00ebrfshi disa her\u00eb nga p\u00ebrmbytjet masive, prej disa dit\u00ebsh po punohet p\u00ebr riaft\u00ebsimin e sistemit mbrojt\u00ebs n\u00eb an\u00ebn e djatht\u00eb t\u00eb gryk\u00ebs.<br \/>\nKa nisur puna p\u00ebr zgjerimin e shtratit t\u00eb Lumit Buna, nj\u00eb projekt ky i r\u00ebnd\u00ebsish\u00ebm, q\u00eb realizohet p\u00ebr her\u00eb t\u00eb pare ministria p\u00ebrkat\u00ebse e Malit t\u00eb Zi. Nd\u00ebrkoh\u00eb, specialist\u00ebt k\u00ebrkojn\u00eb q\u00eb, financimet e qeveris\u00eb p\u00ebr sistemin mbrojt\u00ebs t\u00eb duhet t\u00eb shtrihen edhe n\u00eb segmente t\u00eb tjera t\u00eb Lumit Buna.<\/p>\n<p>N\u00eb nj\u00eb intervist\u00eb p\u00ebr TV Teuta, Sekretari i veprimtarive komunale n\u00eb komun\u00ebn e Ulqinit Avdo Dervishi shprehet m\u00eb gjersisht\u00eb p\u00ebr thelimin e shtratit t\u00eb lumit Buna.<\/p>\n<p>Ju ftojm\u00eb ta ndiqni reportazhin e ber\u00eb\u00a0 nga gazetari i TVT z.G\u00ebzim Ibro\u00e7i,ku para disa dit\u00ebv\u00eb realizoi nj\u00eb kronik\u00eb m\u00eb t\u00eb holl\u00ebsishme.<\/p>\n<p><strong>Ministri i Bujq\u00ebsis\u00eb dhe Zhvillimit Rural, Tarzan Millosheviq vizitoi komun\u00ebn e Ulqinit<\/strong><\/p>\n<p>Ulqin \u2013 Ministri i Bujq\u00ebsis\u00eb dhe Zhvillimit\u00a0Rural, Tarzan Millosheviq, dhe kryetari i\u00a0Komun\u00ebs s\u00eb Ulqinit, Nazif Cungu, kan\u00eb\u00a0konstatuar se punimet n\u00eb p\u00ebrforcimin e\u00a0argjinatur\u00ebs s\u00eb lumit Buna, n\u00eb gjat\u00ebsi prej\u00a09 kilometra, jan\u00eb kryer n\u00eb m\u00ebnyr\u00eb cil\u00ebsore.\u00a0Ata kan\u00eb paralajm\u00ebruar se punimet n\u00eb\u00a0pjes\u00ebn e mbetur, n\u00eb gjat\u00ebsi prej rreth 400-\u00a0500 metra, do t\u00eb p\u00ebrfundojn\u00eb s\u00eb shpejti\u00a0dhe se ato kan\u00eb vonuar p\u00ebr shkak t\u00eb motit\u00a0t\u00eb lig.\u00a0Gjat\u00eb vizit\u00ebs s\u00eb tij t\u00eb m\u00ebrkur\u00ebn e kaluar n\u00eb komun\u00ebn e Ulqinit, ministri Millosheviq\u00a0dhe kryetari Cungu kan\u00eb vizituar pjes\u00ebn\u00a0p\u00ebrgjat\u00eb lumit Buna, q\u00eb nga Sukubina deri\u00a0n\u00eb derdhjen e tij n\u00eb det, ku kan\u00eb filluar aktivitetet\u00a0e faz\u00ebs s\u00eb dyt\u00eb t\u00eb nd\u00ebrhyrjeve n\u00eb\u00a0shtratin e lumit Buna.\u00a0\u201cMe rastin e vizit\u00ebs s\u00eb kanalit t\u00eb Shtodrit\u00a0dhe kanalit t\u00eb Pash\u00ebs \u00ebsht\u00eb r\u00ebn\u00eb dakort\u00a0q\u00eb t\u00eb mbrohet argjinatura sepse n\u00eb nj\u00eb\u00a0gjat\u00ebsi prej 200 metra lumi Buna e ka d\u00ebmtuar\u00a0at\u00eb\u201d, thuhet n\u00eb deklarat\u00ebn p\u00ebr shtyp\u00a0t\u00eb Ministris\u00eb s\u00eb Bujq\u00ebsis\u00eb dhe Zhvillimit\u00a0Rural.\u00a0Ministri Millosheviq ka th\u00ebn\u00eb se Qeveria\u00a0dhe Shtabi Operativ p\u00ebr situata t\u00eb\u00a0jasht\u00ebzakonshme kan\u00eb vendosur q\u00eb t\u00eb\u00a0sigurohet rrjedhja normale e lumit Buna\u00a0dhe p\u00ebr k\u00ebt\u00eb gj\u00eb Ministria ka angazhuar\u00a0nd\u00ebrmarrjen \u2018Bemax\u2019, e cila do t\u00eb pastroj\u00eb\u00a0deg\u00ebn e djatht\u00eb n\u00eb gryk\u00ebderdhjen e lumit\u00a0Buna.\u00a0Millosheviq dhe Cungu kan\u00eb biseduar\u00a0edhe p\u00ebr aktivitete t\u00eb tjera q\u00eb kan\u00eb t\u00eb\u00a0b\u00ebjn\u00eb me valorizimin e resurseve ujore\u00a0t\u00eb lumit Buna, n\u00eb aspektin ekonomik dhe\u00a0turistik.<\/p>\n<p><strong>(Kohapress)<\/strong><\/p>\n\n\t\t<style type=\"text\/css\">\n\t\t\t#gallery-1 {\n\t\t\t\tmargin: auto;\n\t\t\t}\n\t\t\t#gallery-1 .gallery-item {\n\t\t\t\tfloat: left;\n\t\t\t\tmargin-top: 10px;\n\t\t\t\ttext-align: center;\n\t\t\t\twidth: 33%;\n\t\t\t}\n\t\t\t#gallery-1 img {\n\t\t\t\tborder: 2px solid #cfcfcf;\n\t\t\t}\n\t\t\t#gallery-1 .gallery-caption {\n\t\t\t\tmargin-left: 0;\n\t\t\t}\n\t\t\t\/* see gallery_shortcode() in wp-includes\/media.php *\/\n\t\t<\/style>\n\t\t<div id='gallery-1' class='gallery galleryid-57589 gallery-columns-3 gallery-size-thumbnail'><dl class='gallery-item'>\n\t\t\t<dt class='gallery-icon landscape'>\n\t\t\t\t<a href='https:\/\/www.visit-ulcinj.com\/blog\/wp-content\/uploads\/2012\/02\/Sekretari-i-veprimtarive-komunale-n\u00eb-komun\u00ebn-e-Ulqinit-Avdo-Dervishi-.jpg'><img width=\"150\" height=\"150\" src=\"https:\/\/www.visit-ulcinj.com\/blog\/wp-content\/uploads\/2012\/02\/Sekretari-i-veprimtarive-komunale-n\u00eb-komun\u00ebn-e-Ulqinit-Avdo-Dervishi--150x150.jpg\" class=\"attachment-thumbnail size-thumbnail\" alt=\"\" loading=\"lazy\" \/><\/a>\n\t\t\t<\/dt><\/dl><dl class='gallery-item'>\n\t\t\t<dt class='gallery-icon landscape'>\n\t\t\t\t<a href='https:\/\/www.visit-ulcinj.com\/blog\/wp-content\/uploads\/2012\/02\/Nazif-Cungu-me-Tarzan-Milosheviqin-ne-Thellimin-e-Bunes.jpg'><img width=\"150\" height=\"150\" src=\"https:\/\/www.visit-ulcinj.com\/blog\/wp-content\/uploads\/2012\/02\/Nazif-Cungu-me-Tarzan-Milosheviqin-ne-Thellimin-e-Bunes-150x150.jpg\" class=\"attachment-thumbnail size-thumbnail\" alt=\"\" loading=\"lazy\" \/><\/a>\n\t\t\t<\/dt><\/dl><dl class='gallery-item'>\n\t\t\t<dt class='gallery-icon landscape'>\n\t\t\t\t<a href='https:\/\/www.visit-ulcinj.com\/blog\/wp-content\/uploads\/2012\/02\/Nazif-Cungu-me-Tarzan-Milosheviqin-ne-Thellimin-e-Bunes.1.jpg'><img width=\"150\" height=\"150\" src=\"https:\/\/www.visit-ulcinj.com\/blog\/wp-content\/uploads\/2012\/02\/Nazif-Cungu-me-Tarzan-Milosheviqin-ne-Thellimin-e-Bunes.1-150x150.jpg\" class=\"attachment-thumbnail size-thumbnail\" alt=\"\" loading=\"lazy\" \/><\/a>\n\t\t\t<\/dt><\/dl><br style=\"clear: both\" \/><dl class='gallery-item'>\n\t\t\t<dt class='gallery-icon landscape'>\n\t\t\t\t<a href='https:\/\/www.visit-ulcinj.com\/blog\/wp-content\/uploads\/2012\/02\/Nazif-Cungu-me-Tarzan-Milosheviqin-ne-Thellimin-e-Bunes.2.jpg'><img width=\"150\" height=\"150\" src=\"https:\/\/www.visit-ulcinj.com\/blog\/wp-content\/uploads\/2012\/02\/Nazif-Cungu-me-Tarzan-Milosheviqin-ne-Thellimin-e-Bunes.2-150x150.jpg\" class=\"attachment-thumbnail size-thumbnail\" alt=\"\" loading=\"lazy\" \/><\/a>\n\t\t\t<\/dt><\/dl><dl class='gallery-item'>\n\t\t\t<dt class='gallery-icon landscape'>\n\t\t\t\t<a href='https:\/\/www.visit-ulcinj.com\/blog\/wp-content\/uploads\/2012\/02\/Nazif-Cungu-me-Tarzan-Milosheviqin-ne-Thellimin-e-Bunes.3.jpg'><img width=\"150\" height=\"150\" src=\"https:\/\/www.visit-ulcinj.com\/blog\/wp-content\/uploads\/2012\/02\/Nazif-Cungu-me-Tarzan-Milosheviqin-ne-Thellimin-e-Bunes.3-150x150.jpg\" class=\"attachment-thumbnail size-thumbnail\" alt=\"\" loading=\"lazy\" \/><\/a>\n\t\t\t<\/dt><\/dl><dl class='gallery-item'>\n\t\t\t<dt class='gallery-icon landscape'>\n\t\t\t\t<a href='https:\/\/www.visit-ulcinj.com\/blog\/wp-content\/uploads\/2012\/02\/Nazif-Cungu-me-Tarzan-Milosheviqin-ne-Thellimin-e-Bunes.4.jpg'><img width=\"150\" height=\"150\" src=\"https:\/\/www.visit-ulcinj.com\/blog\/wp-content\/uploads\/2012\/02\/Nazif-Cungu-me-Tarzan-Milosheviqin-ne-Thellimin-e-Bunes.4-150x150.jpg\" class=\"attachment-thumbnail size-thumbnail\" alt=\"\" loading=\"lazy\" \/><\/a>\n\t\t\t<\/dt><\/dl><br style=\"clear: both\" \/>\n\t\t<\/div>\n\n<p><strong>VIDEO TV TEUTA ULQIN<br \/>\n<!--YouTube Error: bad URL entered--><br \/>\n<\/strong><\/p>\n","protected":false},"excerpt":{"rendered":"<p>Thellimi i lumit Buna me 8 metra, n\u00eb gjer\u00ebsin\u00eb prej 200 metrash dhe shkurtimi i distanc\u00ebs nga 41 km n\u00eb 25 km, mund t\u00eb shp\u00ebtoj\u00eb nj\u00ebher\u00eb e mir\u00eb Ulqinin nga p\u00ebrmbytjet. N\u00eb zon\u00ebn fushore t\u00eb lumit Buna, e cila gjat\u00eb vitit t\u00eb kaluar u p\u00ebrfshi disa her\u00eb nga p\u00ebrmbytjet masive, prej disa dit\u00ebsh po punohet [&hellip;]<\/p>\n","protected":false},"author":1,"featured_media":0,"comment_status":"open","ping_status":"closed","sticky":false,"template":"","format":"standard","meta":{"spay_email":"","jetpack_publicize_message":"","jetpack_is_tweetstorm":false,"jetpack_publicize_feature_enabled":true},"categories":[12],"tags":[11648,2088,200,18],"jetpack_publicize_connections":[],"yoast_head":"<!-- This site is optimized with the Yoast SEO plugin v19.1 - https:\/\/yoast.com\/wordpress\/plugins\/seo\/ -->\n<title>Po punohet p\u00ebr zgjerimin e shtratit t\u00eb Lumit Buna - Foto - Lajme nga Ulqini<\/title>\n<meta name=\"description\" content=\"Thellimi i lumit Buna me 8 metra, n\u00eb gjer\u00ebsin\u00eb prej 200 metrash dhe shkurtimi i distanc\u00ebs nga 41 km n\u00eb 25 km, mund t\u00eb shp\u00ebtoj\u00eb nj\u00ebher\u00eb e mir\u00eb Ulqinin nga\" \/>\n<meta name=\"robots\" content=\"index, follow, max-snippet:-1, max-image-preview:large, max-video-preview:-1\" \/>\n<link rel=\"canonical\" href=\"https:\/\/www.visit-ulcinj.com\/blog\/2012\/02\/22\/po-punohet-per-zgjerimin-e-shtratit-te-lumit-buna\/\" \/>\n<meta property=\"og:locale\" content=\"en_US\" \/>\n<meta property=\"og:type\" content=\"article\" \/>\n<meta property=\"og:title\" content=\"Po punohet p\u00ebr zgjerimin e shtratit t\u00eb Lumit Buna - Foto - Lajme nga Ulqini\" \/>\n<meta property=\"og:description\" content=\"Thellimi i lumit Buna me 8 metra, n\u00eb gjer\u00ebsin\u00eb prej 200 metrash dhe shkurtimi i distanc\u00ebs nga 41 km n\u00eb 25 km, mund t\u00eb shp\u00ebtoj\u00eb nj\u00ebher\u00eb e mir\u00eb Ulqinin nga\" \/>\n<meta property=\"og:url\" content=\"https:\/\/www.visit-ulcinj.com\/blog\/2012\/02\/22\/po-punohet-per-zgjerimin-e-shtratit-te-lumit-buna\/\" \/>\n<meta property=\"og:site_name\" content=\"Lajme nga Ulqini\" \/>\n<meta property=\"article:published_time\" content=\"2012-02-22T17:57:46+00:00\" \/>\n<meta property=\"article:modified_time\" content=\"2012-03-06T18:02:56+00:00\" \/>\n<meta property=\"og:image\" content=\"https:\/\/www.visit-ulcinj.com\/blog\/wp-content\/uploads\/2012\/02\/Sekretari-i-veprimtarive-komunale-n\u00eb-komun\u00ebn-e-Ulqinit-Avdo-Dervishi--150x150.jpg\" \/>\n<meta name=\"twitter:label1\" content=\"Written by\" \/>\n\t<meta name=\"twitter:data1\" content=\"ulqini\" \/>\n\t<meta name=\"twitter:label2\" content=\"Est. reading time\" \/>\n\t<meta name=\"twitter:data2\" content=\"2 minutes\" \/>\n<script type=\"application\/ld+json\" class=\"yoast-schema-graph\">{\"@context\":\"https:\/\/schema.org\",\"@graph\":[{\"@type\":\"WebSite\",\"@id\":\"https:\/\/www.visit-ulcinj.com\/blog\/#website\",\"url\":\"https:\/\/www.visit-ulcinj.com\/blog\/\",\"name\":\"Lajme nga Ulqini\",\"description\":\"Lajme,Vijesti,Ulqini,Ulqin,Crna Gora,Mali i Zi\",\"potentialAction\":[{\"@type\":\"SearchAction\",\"target\":{\"@type\":\"EntryPoint\",\"urlTemplate\":\"https:\/\/www.visit-ulcinj.com\/blog\/?s={search_term_string}\"},\"query-input\":\"required name=search_term_string\"}],\"inLanguage\":\"en-US\"},{\"@type\":\"WebPage\",\"@id\":\"https:\/\/www.visit-ulcinj.com\/blog\/2012\/02\/22\/po-punohet-per-zgjerimin-e-shtratit-te-lumit-buna\/#webpage\",\"url\":\"https:\/\/www.visit-ulcinj.com\/blog\/2012\/02\/22\/po-punohet-per-zgjerimin-e-shtratit-te-lumit-buna\/\",\"name\":\"Po punohet p\u00ebr zgjerimin e shtratit t\u00eb Lumit Buna - Foto - Lajme nga Ulqini\",\"isPartOf\":{\"@id\":\"https:\/\/www.visit-ulcinj.com\/blog\/#website\"},\"datePublished\":\"2012-02-22T17:57:46+00:00\",\"dateModified\":\"2012-03-06T18:02:56+00:00\",\"author\":{\"@id\":\"https:\/\/www.visit-ulcinj.com\/blog\/#\/schema\/person\/dcab619c614d3038751c63bc2aadc06d\"},\"description\":\"Thellimi i lumit Buna me 8 metra, n\u00eb gjer\u00ebsin\u00eb prej 200 metrash dhe shkurtimi i distanc\u00ebs nga 41 km n\u00eb 25 km, mund t\u00eb shp\u00ebtoj\u00eb nj\u00ebher\u00eb e mir\u00eb Ulqinin nga\",\"breadcrumb\":{\"@id\":\"https:\/\/www.visit-ulcinj.com\/blog\/2012\/02\/22\/po-punohet-per-zgjerimin-e-shtratit-te-lumit-buna\/#breadcrumb\"},\"inLanguage\":\"en-US\",\"potentialAction\":[{\"@type\":\"ReadAction\",\"target\":[\"https:\/\/www.visit-ulcinj.com\/blog\/2012\/02\/22\/po-punohet-per-zgjerimin-e-shtratit-te-lumit-buna\/\"]}]},{\"@type\":\"BreadcrumbList\",\"@id\":\"https:\/\/www.visit-ulcinj.com\/blog\/2012\/02\/22\/po-punohet-per-zgjerimin-e-shtratit-te-lumit-buna\/#breadcrumb\",\"itemListElement\":[{\"@type\":\"ListItem\",\"position\":1,\"name\":\"Po punohet p\u00ebr zgjerimin e shtratit t\u00eb Lumit Buna &#8211; Foto\"}]},{\"@type\":\"Person\",\"@id\":\"https:\/\/www.visit-ulcinj.com\/blog\/#\/schema\/person\/dcab619c614d3038751c63bc2aadc06d\",\"name\":\"ulqini\",\"sameAs\":[\"http:\/\/www.visit-ulcinj.com\"],\"url\":\"https:\/\/www.visit-ulcinj.com\/blog\/author\/admin\/\"}]}<\/script>\n<!-- \/ Yoast SEO plugin. -->","yoast_head_json":{"title":"Po punohet p\u00ebr zgjerimin e shtratit t\u00eb Lumit Buna - Foto - Lajme nga Ulqini","description":"Thellimi i lumit Buna me 8 metra, n\u00eb gjer\u00ebsin\u00eb prej 200 metrash dhe shkurtimi i distanc\u00ebs nga 41 km n\u00eb 25 km, mund t\u00eb shp\u00ebtoj\u00eb nj\u00ebher\u00eb e mir\u00eb Ulqinin nga","robots":{"index":"index","follow":"follow","max-snippet":"max-snippet:-1","max-image-preview":"max-image-preview:large","max-video-preview":"max-video-preview:-1"},"canonical":"https:\/\/www.visit-ulcinj.com\/blog\/2012\/02\/22\/po-punohet-per-zgjerimin-e-shtratit-te-lumit-buna\/","og_locale":"en_US","og_type":"article","og_title":"Po punohet p\u00ebr zgjerimin e shtratit t\u00eb Lumit Buna - Foto - Lajme nga Ulqini","og_description":"Thellimi i lumit Buna me 8 metra, n\u00eb gjer\u00ebsin\u00eb prej 200 metrash dhe shkurtimi i distanc\u00ebs nga 41 km n\u00eb 25 km, mund t\u00eb shp\u00ebtoj\u00eb nj\u00ebher\u00eb e mir\u00eb Ulqinin nga","og_url":"https:\/\/www.visit-ulcinj.com\/blog\/2012\/02\/22\/po-punohet-per-zgjerimin-e-shtratit-te-lumit-buna\/","og_site_name":"Lajme nga Ulqini","article_published_time":"2012-02-22T17:57:46+00:00","article_modified_time":"2012-03-06T18:02:56+00:00","og_image":[{"url":"https:\/\/www.visit-ulcinj.com\/blog\/wp-content\/uploads\/2012\/02\/Sekretari-i-veprimtarive-komunale-n\u00eb-komun\u00ebn-e-Ulqinit-Avdo-Dervishi--150x150.jpg"}],"twitter_misc":{"Written by":"ulqini","Est. reading time":"2 minutes"},"schema":{"@context":"https:\/\/schema.org","@graph":[{"@type":"WebSite","@id":"https:\/\/www.visit-ulcinj.com\/blog\/#website","url":"https:\/\/www.visit-ulcinj.com\/blog\/","name":"Lajme nga Ulqini","description":"Lajme,Vijesti,Ulqini,Ulqin,Crna Gora,Mali i Zi","potentialAction":[{"@type":"SearchAction","target":{"@type":"EntryPoint","urlTemplate":"https:\/\/www.visit-ulcinj.com\/blog\/?s={search_term_string}"},"query-input":"required name=search_term_string"}],"inLanguage":"en-US"},{"@type":"WebPage","@id":"https:\/\/www.visit-ulcinj.com\/blog\/2012\/02\/22\/po-punohet-per-zgjerimin-e-shtratit-te-lumit-buna\/#webpage","url":"https:\/\/www.visit-ulcinj.com\/blog\/2012\/02\/22\/po-punohet-per-zgjerimin-e-shtratit-te-lumit-buna\/","name":"Po punohet p\u00ebr zgjerimin e shtratit t\u00eb Lumit Buna - Foto - Lajme nga Ulqini","isPartOf":{"@id":"https:\/\/www.visit-ulcinj.com\/blog\/#website"},"datePublished":"2012-02-22T17:57:46+00:00","dateModified":"2012-03-06T18:02:56+00:00","author":{"@id":"https:\/\/www.visit-ulcinj.com\/blog\/#\/schema\/person\/dcab619c614d3038751c63bc2aadc06d"},"description":"Thellimi i lumit Buna me 8 metra, n\u00eb gjer\u00ebsin\u00eb prej 200 metrash dhe shkurtimi i distanc\u00ebs nga 41 km n\u00eb 25 km, mund t\u00eb shp\u00ebtoj\u00eb nj\u00ebher\u00eb e mir\u00eb Ulqinin nga","breadcrumb":{"@id":"https:\/\/www.visit-ulcinj.com\/blog\/2012\/02\/22\/po-punohet-per-zgjerimin-e-shtratit-te-lumit-buna\/#breadcrumb"},"inLanguage":"en-US","potentialAction":[{"@type":"ReadAction","target":["https:\/\/www.visit-ulcinj.com\/blog\/2012\/02\/22\/po-punohet-per-zgjerimin-e-shtratit-te-lumit-buna\/"]}]},{"@type":"BreadcrumbList","@id":"https:\/\/www.visit-ulcinj.com\/blog\/2012\/02\/22\/po-punohet-per-zgjerimin-e-shtratit-te-lumit-buna\/#breadcrumb","itemListElement":[{"@type":"ListItem","position":1,"name":"Po punohet p\u00ebr zgjerimin e shtratit t\u00eb Lumit Buna &#8211; Foto"}]},{"@type":"Person","@id":"https:\/\/www.visit-ulcinj.com\/blog\/#\/schema\/person\/dcab619c614d3038751c63bc2aadc06d","name":"ulqini","sameAs":["http:\/\/www.visit-ulcinj.com"],"url":"https:\/\/www.visit-ulcinj.com\/blog\/author\/admin\/"}]}},"jetpack_featured_media_url":"","jetpack_sharing_enabled":true,"jetpack_shortlink":"https:\/\/wp.me\/pe6lTn-eYR","_links":{"self":[{"href":"https:\/\/www.visit-ulcinj.com\/blog\/wp-json\/wp\/v2\/posts\/57589"}],"collection":[{"href":"https:\/\/www.visit-ulcinj.com\/blog\/wp-json\/wp\/v2\/posts"}],"about":[{"href":"https:\/\/www.visit-ulcinj.com\/blog\/wp-json\/wp\/v2\/types\/post"}],"author":[{"embeddable":true,"href":"https:\/\/www.visit-ulcinj.com\/blog\/wp-json\/wp\/v2\/users\/1"}],"replies":[{"embeddable":true,"href":"https:\/\/www.visit-ulcinj.com\/blog\/wp-json\/wp\/v2\/comments?post=57589"}],"version-history":[{"count":8,"href":"https:\/\/www.visit-ulcinj.com\/blog\/wp-json\/wp\/v2\/posts\/57589\/revisions"}],"predecessor-version":[{"id":57594,"href":"https:\/\/www.visit-ulcinj.com\/blog\/wp-json\/wp\/v2\/posts\/57589\/revisions\/57594"}],"wp:attachment":[{"href":"https:\/\/www.visit-ulcinj.com\/blog\/wp-json\/wp\/v2\/media?parent=57589"}],"wp:term":[{"taxonomy":"category","embeddable":true,"href":"https:\/\/www.visit-ulcinj.com\/blog\/wp-json\/wp\/v2\/categories?post=57589"},{"taxonomy":"post_tag","embeddable":true,"href":"https:\/\/www.visit-ulcinj.com\/blog\/wp-json\/wp\/v2\/tags?post=57589"}],"curies":[{"name":"wp","href":"https:\/\/api.w.org\/{rel}","templated":true}]}}