{"id":57595,"date":"2012-02-22T19:19:22","date_gmt":"2012-02-22T18:19:22","guid":{"rendered":"http:\/\/www.visit-ulcinj.com\/blog\/?p=57595"},"modified":"2012-02-22T20:34:56","modified_gmt":"2012-02-22T19:34:56","slug":"sinishtaj-kerkohet-perfaqesimi-proporcional-i-pakicave","status":"publish","type":"post","link":"https:\/\/www.visit-ulcinj.com\/blog\/2012\/02\/22\/sinishtaj-kerkohet-perfaqesimi-proporcional-i-pakicave\/","title":{"rendered":"Sinishtaj: K\u00ebrkohet p\u00ebrfaq\u00ebsimi proporcional i pakicave"},"content":{"rendered":"<p><a href=\"http:\/\/www.visit-ulcinj.com\/blog\/wp-content\/uploads\/2012\/02\/VASEL-SINISHTAJ.jpg\"><img loading=\"lazy\" class=\"alignleft  wp-image-57596\" title=\"VASEL SINISHTAJ\" src=\"http:\/\/www.visit-ulcinj.com\/blog\/wp-content\/uploads\/2012\/02\/VASEL-SINISHTAJ.jpg\" alt=\"\" width=\"508\" height=\"380\" \/><\/a>Ligji p\u00ebr pun\u00eb t\u00eb brendshme \u00ebsht\u00eb rast q\u00eb t\u00eb zgjidhet problemi i p\u00ebrfaq\u00ebsimit proporcional t\u00eb pjes\u00ebtar\u00ebve t\u00eb pakicave komb\u00ebtare n\u00eb polici , konsideron p\u00ebrfaq\u00ebsuesi i klubit t\u00eb partive shqiptare n\u00eb Parlamentin e Malit t\u00eb Zi Vasel Sinishtaj .<\/p>\n<p>Deputet\u00ebt e Partis\u00eb boshnjake dhe t\u00eb partive shqiptare kan\u00eb paraqitur amendament n\u00eb propozim ligjin p\u00ebr pun\u00eb t\u00eb brendshme me t\u00eb cilin sigurohet num\u00ebr m\u00eb i madh i p\u00ebrfaq\u00ebsueseve t\u00eb popujve pakic\u00eb n\u00eb organizat\u00ebn policore. Sipas fjal\u00ebve t\u00eb Sinishtaj n\u00eb vendkalimet kufitare si\u00e7 \u00ebsht\u00eb Hani i Hotit dhe Muriqani n\u00eb \u00e7do turm\u00eb duhet t\u00eb jet\u00eb s\u00eb paku nj\u00eb polic nga radh\u00ebt e popullit pakic\u00eb.<\/p>\n<p>Sinishtaj p\u00ebrkujtoi se n\u00eb t\u00eb gjitha strukturat e policis\u00eb shqiptar\u00ebt kan\u00eb m\u00eb pak se nj\u00eb p\u00ebr qind por t\u00eb pak\u00ebnaqur jan\u00eb edhe boshnjak\u00ebt dhe pakicat tjera. Ai shtoi se n\u00eb Gjyqin themelor dhe n\u00eb at\u00eb kushtetut\u00ebs nuk ka asnj\u00eb gjykat\u00ebs shqiptar\u00eb si dhe as n\u00eb prokurori.<\/p>\n<p><strong>TVCG<\/strong><\/p>\n","protected":false},"excerpt":{"rendered":"<p>Ligji p\u00ebr pun\u00eb t\u00eb brendshme \u00ebsht\u00eb rast q\u00eb t\u00eb zgjidhet problemi i p\u00ebrfaq\u00ebsimit proporcional t\u00eb pjes\u00ebtar\u00ebve t\u00eb pakicave komb\u00ebtare n\u00eb polici , konsideron p\u00ebrfaq\u00ebsuesi i klubit t\u00eb partive shqiptare n\u00eb Parlamentin e Malit t\u00eb Zi Vasel Sinishtaj . Deputet\u00ebt e Partis\u00eb boshnjake dhe t\u00eb partive shqiptare kan\u00eb paraqitur amendament n\u00eb propozim ligjin p\u00ebr pun\u00eb t\u00eb [&hellip;]<\/p>\n","protected":false},"author":1,"featured_media":0,"comment_status":"open","ping_status":"closed","sticky":false,"template":"","format":"standard","meta":{"spay_email":"","jetpack_publicize_message":"","jetpack_is_tweetstorm":false,"jetpack_publicize_feature_enabled":true},"categories":[14],"tags":[348],"jetpack_publicize_connections":[],"yoast_head":"<!-- This site is optimized with the Yoast SEO plugin v19.1 - https:\/\/yoast.com\/wordpress\/plugins\/seo\/ -->\n<title>Sinishtaj: K\u00ebrkohet p\u00ebrfaq\u00ebsimi proporcional i pakicave - Lajme nga Ulqini<\/title>\n<meta name=\"description\" content=\"Ligji p\u00ebr pun\u00eb t\u00eb brendshme \u00ebsht\u00eb rast q\u00eb t\u00eb zgjidhet problemi i p\u00ebrfaq\u00ebsimit proporcional t\u00eb pjes\u00ebtar\u00ebve t\u00eb pakicave komb\u00ebtare n\u00eb polici , konsideron\" \/>\n<meta name=\"robots\" content=\"index, follow, max-snippet:-1, max-image-preview:large, max-video-preview:-1\" \/>\n<link rel=\"canonical\" href=\"https:\/\/www.visit-ulcinj.com\/blog\/2012\/02\/22\/sinishtaj-kerkohet-perfaqesimi-proporcional-i-pakicave\/\" \/>\n<meta property=\"og:locale\" content=\"en_US\" \/>\n<meta property=\"og:type\" content=\"article\" \/>\n<meta property=\"og:title\" content=\"Sinishtaj: K\u00ebrkohet p\u00ebrfaq\u00ebsimi proporcional i pakicave - Lajme nga Ulqini\" \/>\n<meta property=\"og:description\" content=\"Ligji p\u00ebr pun\u00eb t\u00eb brendshme \u00ebsht\u00eb rast q\u00eb t\u00eb zgjidhet problemi i p\u00ebrfaq\u00ebsimit proporcional t\u00eb pjes\u00ebtar\u00ebve t\u00eb pakicave komb\u00ebtare n\u00eb polici , konsideron\" \/>\n<meta property=\"og:url\" content=\"https:\/\/www.visit-ulcinj.com\/blog\/2012\/02\/22\/sinishtaj-kerkohet-perfaqesimi-proporcional-i-pakicave\/\" \/>\n<meta property=\"og:site_name\" content=\"Lajme nga Ulqini\" \/>\n<meta property=\"article:published_time\" content=\"2012-02-22T18:19:22+00:00\" \/>\n<meta property=\"article:modified_time\" content=\"2012-02-22T19:34:56+00:00\" \/>\n<meta property=\"og:image\" content=\"http:\/\/www.visit-ulcinj.com\/blog\/wp-content\/uploads\/2012\/02\/VASEL-SINISHTAJ.jpg\" \/>\n<meta name=\"twitter:label1\" content=\"Written by\" \/>\n\t<meta name=\"twitter:data1\" content=\"ulqini\" \/>\n\t<meta name=\"twitter:label2\" content=\"Est. reading time\" \/>\n\t<meta name=\"twitter:data2\" content=\"1 minute\" \/>\n<script type=\"application\/ld+json\" class=\"yoast-schema-graph\">{\"@context\":\"https:\/\/schema.org\",\"@graph\":[{\"@type\":\"WebSite\",\"@id\":\"https:\/\/www.visit-ulcinj.com\/blog\/#website\",\"url\":\"https:\/\/www.visit-ulcinj.com\/blog\/\",\"name\":\"Lajme nga Ulqini\",\"description\":\"Lajme,Vijesti,Ulqini,Ulqin,Crna Gora,Mali i Zi\",\"potentialAction\":[{\"@type\":\"SearchAction\",\"target\":{\"@type\":\"EntryPoint\",\"urlTemplate\":\"https:\/\/www.visit-ulcinj.com\/blog\/?s={search_term_string}\"},\"query-input\":\"required name=search_term_string\"}],\"inLanguage\":\"en-US\"},{\"@type\":\"ImageObject\",\"inLanguage\":\"en-US\",\"@id\":\"https:\/\/www.visit-ulcinj.com\/blog\/2012\/02\/22\/sinishtaj-kerkohet-perfaqesimi-proporcional-i-pakicave\/#primaryimage\",\"url\":\"https:\/\/www.visit-ulcinj.com\/blog\/wp-content\/uploads\/2012\/02\/VASEL-SINISHTAJ.jpg\",\"contentUrl\":\"https:\/\/www.visit-ulcinj.com\/blog\/wp-content\/uploads\/2012\/02\/VASEL-SINISHTAJ.jpg\",\"width\":\"1051\",\"height\":\"924\"},{\"@type\":\"WebPage\",\"@id\":\"https:\/\/www.visit-ulcinj.com\/blog\/2012\/02\/22\/sinishtaj-kerkohet-perfaqesimi-proporcional-i-pakicave\/#webpage\",\"url\":\"https:\/\/www.visit-ulcinj.com\/blog\/2012\/02\/22\/sinishtaj-kerkohet-perfaqesimi-proporcional-i-pakicave\/\",\"name\":\"Sinishtaj: K\u00ebrkohet p\u00ebrfaq\u00ebsimi proporcional i pakicave - Lajme nga Ulqini\",\"isPartOf\":{\"@id\":\"https:\/\/www.visit-ulcinj.com\/blog\/#website\"},\"primaryImageOfPage\":{\"@id\":\"https:\/\/www.visit-ulcinj.com\/blog\/2012\/02\/22\/sinishtaj-kerkohet-perfaqesimi-proporcional-i-pakicave\/#primaryimage\"},\"datePublished\":\"2012-02-22T18:19:22+00:00\",\"dateModified\":\"2012-02-22T19:34:56+00:00\",\"author\":{\"@id\":\"https:\/\/www.visit-ulcinj.com\/blog\/#\/schema\/person\/dcab619c614d3038751c63bc2aadc06d\"},\"description\":\"Ligji p\u00ebr pun\u00eb t\u00eb brendshme \u00ebsht\u00eb rast q\u00eb t\u00eb zgjidhet problemi i p\u00ebrfaq\u00ebsimit proporcional t\u00eb pjes\u00ebtar\u00ebve t\u00eb pakicave komb\u00ebtare n\u00eb polici , konsideron\",\"breadcrumb\":{\"@id\":\"https:\/\/www.visit-ulcinj.com\/blog\/2012\/02\/22\/sinishtaj-kerkohet-perfaqesimi-proporcional-i-pakicave\/#breadcrumb\"},\"inLanguage\":\"en-US\",\"potentialAction\":[{\"@type\":\"ReadAction\",\"target\":[\"https:\/\/www.visit-ulcinj.com\/blog\/2012\/02\/22\/sinishtaj-kerkohet-perfaqesimi-proporcional-i-pakicave\/\"]}]},{\"@type\":\"BreadcrumbList\",\"@id\":\"https:\/\/www.visit-ulcinj.com\/blog\/2012\/02\/22\/sinishtaj-kerkohet-perfaqesimi-proporcional-i-pakicave\/#breadcrumb\",\"itemListElement\":[{\"@type\":\"ListItem\",\"position\":1,\"name\":\"Sinishtaj: K\u00ebrkohet p\u00ebrfaq\u00ebsimi proporcional i pakicave\"}]},{\"@type\":\"Person\",\"@id\":\"https:\/\/www.visit-ulcinj.com\/blog\/#\/schema\/person\/dcab619c614d3038751c63bc2aadc06d\",\"name\":\"ulqini\",\"sameAs\":[\"http:\/\/www.visit-ulcinj.com\"],\"url\":\"https:\/\/www.visit-ulcinj.com\/blog\/author\/admin\/\"}]}<\/script>\n<!-- \/ Yoast SEO plugin. -->","yoast_head_json":{"title":"Sinishtaj: K\u00ebrkohet p\u00ebrfaq\u00ebsimi proporcional i pakicave - Lajme nga Ulqini","description":"Ligji p\u00ebr pun\u00eb t\u00eb brendshme \u00ebsht\u00eb rast q\u00eb t\u00eb zgjidhet problemi i p\u00ebrfaq\u00ebsimit proporcional t\u00eb pjes\u00ebtar\u00ebve t\u00eb pakicave komb\u00ebtare n\u00eb polici , konsideron","robots":{"index":"index","follow":"follow","max-snippet":"max-snippet:-1","max-image-preview":"max-image-preview:large","max-video-preview":"max-video-preview:-1"},"canonical":"https:\/\/www.visit-ulcinj.com\/blog\/2012\/02\/22\/sinishtaj-kerkohet-perfaqesimi-proporcional-i-pakicave\/","og_locale":"en_US","og_type":"article","og_title":"Sinishtaj: K\u00ebrkohet p\u00ebrfaq\u00ebsimi proporcional i pakicave - Lajme nga Ulqini","og_description":"Ligji p\u00ebr pun\u00eb t\u00eb brendshme \u00ebsht\u00eb rast q\u00eb t\u00eb zgjidhet problemi i p\u00ebrfaq\u00ebsimit proporcional t\u00eb pjes\u00ebtar\u00ebve t\u00eb pakicave komb\u00ebtare n\u00eb polici , konsideron","og_url":"https:\/\/www.visit-ulcinj.com\/blog\/2012\/02\/22\/sinishtaj-kerkohet-perfaqesimi-proporcional-i-pakicave\/","og_site_name":"Lajme nga Ulqini","article_published_time":"2012-02-22T18:19:22+00:00","article_modified_time":"2012-02-22T19:34:56+00:00","og_image":[{"url":"http:\/\/www.visit-ulcinj.com\/blog\/wp-content\/uploads\/2012\/02\/VASEL-SINISHTAJ.jpg"}],"twitter_misc":{"Written by":"ulqini","Est. reading time":"1 minute"},"schema":{"@context":"https:\/\/schema.org","@graph":[{"@type":"WebSite","@id":"https:\/\/www.visit-ulcinj.com\/blog\/#website","url":"https:\/\/www.visit-ulcinj.com\/blog\/","name":"Lajme nga Ulqini","description":"Lajme,Vijesti,Ulqini,Ulqin,Crna Gora,Mali i Zi","potentialAction":[{"@type":"SearchAction","target":{"@type":"EntryPoint","urlTemplate":"https:\/\/www.visit-ulcinj.com\/blog\/?s={search_term_string}"},"query-input":"required name=search_term_string"}],"inLanguage":"en-US"},{"@type":"ImageObject","inLanguage":"en-US","@id":"https:\/\/www.visit-ulcinj.com\/blog\/2012\/02\/22\/sinishtaj-kerkohet-perfaqesimi-proporcional-i-pakicave\/#primaryimage","url":"https:\/\/www.visit-ulcinj.com\/blog\/wp-content\/uploads\/2012\/02\/VASEL-SINISHTAJ.jpg","contentUrl":"https:\/\/www.visit-ulcinj.com\/blog\/wp-content\/uploads\/2012\/02\/VASEL-SINISHTAJ.jpg","width":"1051","height":"924"},{"@type":"WebPage","@id":"https:\/\/www.visit-ulcinj.com\/blog\/2012\/02\/22\/sinishtaj-kerkohet-perfaqesimi-proporcional-i-pakicave\/#webpage","url":"https:\/\/www.visit-ulcinj.com\/blog\/2012\/02\/22\/sinishtaj-kerkohet-perfaqesimi-proporcional-i-pakicave\/","name":"Sinishtaj: K\u00ebrkohet p\u00ebrfaq\u00ebsimi proporcional i pakicave - Lajme nga Ulqini","isPartOf":{"@id":"https:\/\/www.visit-ulcinj.com\/blog\/#website"},"primaryImageOfPage":{"@id":"https:\/\/www.visit-ulcinj.com\/blog\/2012\/02\/22\/sinishtaj-kerkohet-perfaqesimi-proporcional-i-pakicave\/#primaryimage"},"datePublished":"2012-02-22T18:19:22+00:00","dateModified":"2012-02-22T19:34:56+00:00","author":{"@id":"https:\/\/www.visit-ulcinj.com\/blog\/#\/schema\/person\/dcab619c614d3038751c63bc2aadc06d"},"description":"Ligji p\u00ebr pun\u00eb t\u00eb brendshme \u00ebsht\u00eb rast q\u00eb t\u00eb zgjidhet problemi i p\u00ebrfaq\u00ebsimit proporcional t\u00eb pjes\u00ebtar\u00ebve t\u00eb pakicave komb\u00ebtare n\u00eb polici , konsideron","breadcrumb":{"@id":"https:\/\/www.visit-ulcinj.com\/blog\/2012\/02\/22\/sinishtaj-kerkohet-perfaqesimi-proporcional-i-pakicave\/#breadcrumb"},"inLanguage":"en-US","potentialAction":[{"@type":"ReadAction","target":["https:\/\/www.visit-ulcinj.com\/blog\/2012\/02\/22\/sinishtaj-kerkohet-perfaqesimi-proporcional-i-pakicave\/"]}]},{"@type":"BreadcrumbList","@id":"https:\/\/www.visit-ulcinj.com\/blog\/2012\/02\/22\/sinishtaj-kerkohet-perfaqesimi-proporcional-i-pakicave\/#breadcrumb","itemListElement":[{"@type":"ListItem","position":1,"name":"Sinishtaj: K\u00ebrkohet p\u00ebrfaq\u00ebsimi proporcional i pakicave"}]},{"@type":"Person","@id":"https:\/\/www.visit-ulcinj.com\/blog\/#\/schema\/person\/dcab619c614d3038751c63bc2aadc06d","name":"ulqini","sameAs":["http:\/\/www.visit-ulcinj.com"],"url":"https:\/\/www.visit-ulcinj.com\/blog\/author\/admin\/"}]}},"jetpack_featured_media_url":"","jetpack_sharing_enabled":true,"jetpack_shortlink":"https:\/\/wp.me\/pe6lTn-eYX","_links":{"self":[{"href":"https:\/\/www.visit-ulcinj.com\/blog\/wp-json\/wp\/v2\/posts\/57595"}],"collection":[{"href":"https:\/\/www.visit-ulcinj.com\/blog\/wp-json\/wp\/v2\/posts"}],"about":[{"href":"https:\/\/www.visit-ulcinj.com\/blog\/wp-json\/wp\/v2\/types\/post"}],"author":[{"embeddable":true,"href":"https:\/\/www.visit-ulcinj.com\/blog\/wp-json\/wp\/v2\/users\/1"}],"replies":[{"embeddable":true,"href":"https:\/\/www.visit-ulcinj.com\/blog\/wp-json\/wp\/v2\/comments?post=57595"}],"version-history":[{"count":2,"href":"https:\/\/www.visit-ulcinj.com\/blog\/wp-json\/wp\/v2\/posts\/57595\/revisions"}],"predecessor-version":[{"id":57609,"href":"https:\/\/www.visit-ulcinj.com\/blog\/wp-json\/wp\/v2\/posts\/57595\/revisions\/57609"}],"wp:attachment":[{"href":"https:\/\/www.visit-ulcinj.com\/blog\/wp-json\/wp\/v2\/media?parent=57595"}],"wp:term":[{"taxonomy":"category","embeddable":true,"href":"https:\/\/www.visit-ulcinj.com\/blog\/wp-json\/wp\/v2\/categories?post=57595"},{"taxonomy":"post_tag","embeddable":true,"href":"https:\/\/www.visit-ulcinj.com\/blog\/wp-json\/wp\/v2\/tags?post=57595"}],"curies":[{"name":"wp","href":"https:\/\/api.w.org\/{rel}","templated":true}]}}