{"id":57603,"date":"2012-02-22T20:32:30","date_gmt":"2012-02-22T19:32:30","guid":{"rendered":"http:\/\/www.visit-ulcinj.com\/blog\/?p=57603"},"modified":"2012-02-27T20:21:31","modified_gmt":"2012-02-27T19:21:31","slug":"iniciativa-e-binjakezimit-te-mitrovices-me-ulqinin","status":"publish","type":"post","link":"https:\/\/www.visit-ulcinj.com\/blog\/2012\/02\/22\/iniciativa-e-binjakezimit-te-mitrovices-me-ulqinin\/","title":{"rendered":"Iniciativa e binjak\u00ebzimit t\u00eb Mitrovic\u00ebs me Ulqinin"},"content":{"rendered":"<p><strong><a href=\"http:\/\/www.visit-ulcinj.com\/blog\/wp-content\/uploads\/2012\/02\/Kryetari-UlqinitNazif-Cungu_Kryetari-i-MitrovicesAvni-Kastrati.jpg\"><img loading=\"lazy\" class=\"alignleft  wp-image-57604\" title=\"Kryetari Ulqinit,Nazif Cungu_Kryetari i Mitrovices,Avni Kastrati\" src=\"http:\/\/www.visit-ulcinj.com\/blog\/wp-content\/uploads\/2012\/02\/Kryetari-UlqinitNazif-Cungu_Kryetari-i-MitrovicesAvni-Kastrati.jpg\" alt=\"\" width=\"508\" height=\"380\" \/><\/a>Delegacioni i komunes se Mitrovices<\/strong><\/p>\n<p>Sot, Komun\u00ebn e Ulqinit qendroi per nje vizite pune nj\u00eb delegacion nga Komuna e Mitrovic\u00ebs e kryesuar nga Kryetari Avni Kastrati.<\/p>\n<p>Ai u prit nga Kryetari i Komun\u00ebs s\u00eb Ulqinit Nazif Cungu dhe bashkepunetoret e tij iVizita kishte per qellim forcimin e bash\u00ebpunimit ndermjet Komun\u00ebs s\u00eb Mitrovic\u00ebs dhe asaj t\u00eb Ulqinit.<\/p>\n<p>Fillimisht zot\u00ebri Kastrati shprehu mir\u00ebnjohjen e qytetar\u00ebve t\u00eb Mitrovic\u00ebs dhe t\u00eb Kosov\u00ebs per Ulqinin dhe banoret e tij dhe rrolin qe ata luajten n\u00eb koh\u00ebrat m\u00eb t\u00eb v\u00ebshtira t\u00eb luft\u00ebs n\u00eb Kosov\u00eb, ku gjet\u00ebn strehim shqiptar\u00ebt e p\u00ebrdjekur \u00cbsht\u00eb ky, nj\u00eb gjest, q\u00eb popilli i Kosov\u00ebs nuk do ta harroj\u00eb vecuan mysafiret Ne takimin e hapur dhe vellazerore u hodh iniciativa e binjak\u00ebzimin e dy komunave te cilat p\u00ebrve\u00e7 lidhjeve tradicionale dhe raporteve t\u00eb mira tani keto marredhenije do ti ngrisin edhe n\u00eb nivel te bashpunimit instituconal.<\/p>\n<p>Kryetari Cungu duke i deshiruar mir\u00ebseardhje delegacionit ne Ulqin, shphrehu fal\u00ebnderim dhe konsiderat\u00eb p\u00ebr qytetar\u00ebt e Mitrovic\u00ebs dhe gadishmerine e ekzekutivit qe drejton dhe qytetareve te Ulqinit per forcimin dhe avancimin e marredhenijeve me qytetin e Mitrovices.<\/p>\n<p>Gjat\u00eb takimit u fol per gjendjen aktuale, duke u ndalur ne problemet me t\u00eb cilat p\u00ebrballen komunitetet e k\u00ebtyre dy komunave., por edhe per perspektivat qe ata kane , vecmas ne momentet kur te dy shtetet pik\u00ebsynim te vetem kane inkuadrimin e tyre ne Bashkimin evropian. Po ashtu , u la qe takimet te jene te ndersjellta dhe permanente.<\/p>\n<p>Delegacioni e lart\u00eb nga Mitrovica ishte i p\u00ebrber\u00eb nga Kryetari i komun\u00ebs Avni Kastrati, nenkryetai Riza Haziri, KryesuesI i Asembles\u00eb Rrustem Musa, Drejtor i Drejtoris\u00eb p\u00ebr mbrojtje dhe shpetim Bexhet Bala dhe Ahmet Jashari shef i zyres p\u00ebr inforim.<\/p>\n<p>Delegacioni nga Mitrovica u ndal para Komunes se Ulqinit ne vendin ku ne shenje respekti dhe fal\u00ebnderimi eshte ngritur monumenti i mermerte qe i ben jehone ndihmes qe dha populli i Ulqinit ne strehimin e refugjateve nga Kosova ne kohen e luftes atje.<\/p>\n<p><strong>Komuna Ulqinit<br \/>\n\n\t\t<style type=\"text\/css\">\n\t\t\t#gallery-1 {\n\t\t\t\tmargin: auto;\n\t\t\t}\n\t\t\t#gallery-1 .gallery-item {\n\t\t\t\tfloat: left;\n\t\t\t\tmargin-top: 10px;\n\t\t\t\ttext-align: center;\n\t\t\t\twidth: 33%;\n\t\t\t}\n\t\t\t#gallery-1 img {\n\t\t\t\tborder: 2px solid #cfcfcf;\n\t\t\t}\n\t\t\t#gallery-1 .gallery-caption {\n\t\t\t\tmargin-left: 0;\n\t\t\t}\n\t\t\t\/* see gallery_shortcode() in wp-includes\/media.php *\/\n\t\t<\/style>\n\t\t<div id='gallery-1' class='gallery galleryid-57603 gallery-columns-3 gallery-size-thumbnail'><dl class='gallery-item'>\n\t\t\t<dt class='gallery-icon landscape'>\n\t\t\t\t<a href='https:\/\/www.visit-ulcinj.com\/blog\/wp-content\/uploads\/2012\/02\/Kryetari-UlqinitNazif-Cungu_Kryetari-i-MitrovicesAvni-Kastrati.jpg'><img width=\"150\" height=\"150\" src=\"https:\/\/www.visit-ulcinj.com\/blog\/wp-content\/uploads\/2012\/02\/Kryetari-UlqinitNazif-Cungu_Kryetari-i-MitrovicesAvni-Kastrati-150x150.jpg\" class=\"attachment-thumbnail size-thumbnail\" alt=\"\" loading=\"lazy\" \/><\/a>\n\t\t\t<\/dt><\/dl><dl class='gallery-item'>\n\t\t\t<dt class='gallery-icon landscape'>\n\t\t\t\t<a href='https:\/\/www.visit-ulcinj.com\/blog\/wp-content\/uploads\/2012\/02\/Kryetari-UlqinitNazif-Cungu_Kryetari-i-MitrovicesAvni-Kastrati.2.jpg'><img width=\"150\" height=\"150\" src=\"https:\/\/www.visit-ulcinj.com\/blog\/wp-content\/uploads\/2012\/02\/Kryetari-UlqinitNazif-Cungu_Kryetari-i-MitrovicesAvni-Kastrati.2-150x150.jpg\" class=\"attachment-thumbnail size-thumbnail\" alt=\"\" loading=\"lazy\" \/><\/a>\n\t\t\t<\/dt><\/dl><dl class='gallery-item'>\n\t\t\t<dt class='gallery-icon landscape'>\n\t\t\t\t<a href='https:\/\/www.visit-ulcinj.com\/blog\/wp-content\/uploads\/2012\/02\/Kryetari-UlqinitNazif-Cungu_Kryetari-i-MitrovicesAvni-Kastrati.1_picnik.jpg'><img width=\"150\" height=\"150\" src=\"https:\/\/www.visit-ulcinj.com\/blog\/wp-content\/uploads\/2012\/02\/Kryetari-UlqinitNazif-Cungu_Kryetari-i-MitrovicesAvni-Kastrati.1_picnik-150x150.jpg\" class=\"attachment-thumbnail size-thumbnail\" alt=\"\" loading=\"lazy\" \/><\/a>\n\t\t\t<\/dt><\/dl><br style=\"clear: both\" \/>\n\t\t<\/div>\n<br \/>\n<!--YouTube Error: bad URL entered--><br \/>\n<\/strong><\/p>\n","protected":false},"excerpt":{"rendered":"<p>Delegacioni i komunes se Mitrovices Sot, Komun\u00ebn e Ulqinit qendroi per nje vizite pune nj\u00eb delegacion nga Komuna e Mitrovic\u00ebs e kryesuar nga Kryetari Avni Kastrati. Ai u prit nga Kryetari i Komun\u00ebs s\u00eb Ulqinit Nazif Cungu dhe bashkepunetoret e tij iVizita kishte per qellim forcimin e bash\u00ebpunimit ndermjet Komun\u00ebs s\u00eb Mitrovic\u00ebs dhe asaj t\u00eb [&hellip;]<\/p>\n","protected":false},"author":1,"featured_media":0,"comment_status":"open","ping_status":"closed","sticky":false,"template":"","format":"standard","meta":{"spay_email":"","jetpack_publicize_message":"","jetpack_is_tweetstorm":false,"jetpack_publicize_feature_enabled":true},"categories":[14],"tags":[20064,20065,229,2303,118,200,18],"jetpack_publicize_connections":[],"yoast_head":"<!-- This site is optimized with the Yoast SEO plugin v19.1 - https:\/\/yoast.com\/wordpress\/plugins\/seo\/ -->\n<title>Iniciativa e binjak\u00ebzimit t\u00eb Mitrovic\u00ebs me Ulqinin - Lajme nga Ulqini<\/title>\n<meta name=\"description\" content=\"Delegacioni i komunes se Mitrovices Sot, Komun\u00ebn e Ulqinit qendroi per nje vizite pune nj\u00eb delegacion nga Komuna e Mitrovic\u00ebs e kryesuar nga Kryetari Avni\" \/>\n<meta name=\"robots\" content=\"index, follow, max-snippet:-1, max-image-preview:large, max-video-preview:-1\" \/>\n<link rel=\"canonical\" href=\"https:\/\/www.visit-ulcinj.com\/blog\/2012\/02\/22\/iniciativa-e-binjakezimit-te-mitrovices-me-ulqinin\/\" \/>\n<meta property=\"og:locale\" content=\"en_US\" \/>\n<meta property=\"og:type\" content=\"article\" \/>\n<meta property=\"og:title\" content=\"Iniciativa e binjak\u00ebzimit t\u00eb Mitrovic\u00ebs me Ulqinin - Lajme nga Ulqini\" \/>\n<meta property=\"og:description\" content=\"Delegacioni i komunes se Mitrovices Sot, Komun\u00ebn e Ulqinit qendroi per nje vizite pune nj\u00eb delegacion nga Komuna e Mitrovic\u00ebs e kryesuar nga Kryetari Avni\" \/>\n<meta property=\"og:url\" content=\"https:\/\/www.visit-ulcinj.com\/blog\/2012\/02\/22\/iniciativa-e-binjakezimit-te-mitrovices-me-ulqinin\/\" \/>\n<meta property=\"og:site_name\" content=\"Lajme nga Ulqini\" \/>\n<meta property=\"article:published_time\" content=\"2012-02-22T19:32:30+00:00\" \/>\n<meta property=\"article:modified_time\" content=\"2012-02-27T19:21:31+00:00\" \/>\n<meta property=\"og:image\" content=\"https:\/\/www.visit-ulcinj.com\/blog\/wp-content\/uploads\/2012\/02\/Kryetari-UlqinitNazif-Cungu_Kryetari-i-MitrovicesAvni-Kastrati-150x150.jpg\" \/>\n<meta name=\"twitter:label1\" content=\"Written by\" \/>\n\t<meta name=\"twitter:data1\" content=\"ulqini\" \/>\n\t<meta name=\"twitter:label2\" content=\"Est. reading time\" \/>\n\t<meta name=\"twitter:data2\" content=\"2 minutes\" \/>\n<script type=\"application\/ld+json\" class=\"yoast-schema-graph\">{\"@context\":\"https:\/\/schema.org\",\"@graph\":[{\"@type\":\"WebSite\",\"@id\":\"https:\/\/www.visit-ulcinj.com\/blog\/#website\",\"url\":\"https:\/\/www.visit-ulcinj.com\/blog\/\",\"name\":\"Lajme nga Ulqini\",\"description\":\"Lajme,Vijesti,Ulqini,Ulqin,Crna Gora,Mali i Zi\",\"potentialAction\":[{\"@type\":\"SearchAction\",\"target\":{\"@type\":\"EntryPoint\",\"urlTemplate\":\"https:\/\/www.visit-ulcinj.com\/blog\/?s={search_term_string}\"},\"query-input\":\"required name=search_term_string\"}],\"inLanguage\":\"en-US\"},{\"@type\":\"ImageObject\",\"inLanguage\":\"en-US\",\"@id\":\"https:\/\/www.visit-ulcinj.com\/blog\/2012\/02\/22\/iniciativa-e-binjakezimit-te-mitrovices-me-ulqinin\/#primaryimage\",\"url\":\"https:\/\/www.visit-ulcinj.com\/blog\/wp-content\/uploads\/2012\/02\/Kryetari-UlqinitNazif-Cungu_Kryetari-i-MitrovicesAvni-Kastrati.jpg\",\"contentUrl\":\"https:\/\/www.visit-ulcinj.com\/blog\/wp-content\/uploads\/2012\/02\/Kryetari-UlqinitNazif-Cungu_Kryetari-i-MitrovicesAvni-Kastrati.jpg\",\"width\":\"640\",\"height\":\"424\"},{\"@type\":\"WebPage\",\"@id\":\"https:\/\/www.visit-ulcinj.com\/blog\/2012\/02\/22\/iniciativa-e-binjakezimit-te-mitrovices-me-ulqinin\/#webpage\",\"url\":\"https:\/\/www.visit-ulcinj.com\/blog\/2012\/02\/22\/iniciativa-e-binjakezimit-te-mitrovices-me-ulqinin\/\",\"name\":\"Iniciativa e binjak\u00ebzimit t\u00eb Mitrovic\u00ebs me Ulqinin - Lajme nga Ulqini\",\"isPartOf\":{\"@id\":\"https:\/\/www.visit-ulcinj.com\/blog\/#website\"},\"primaryImageOfPage\":{\"@id\":\"https:\/\/www.visit-ulcinj.com\/blog\/2012\/02\/22\/iniciativa-e-binjakezimit-te-mitrovices-me-ulqinin\/#primaryimage\"},\"datePublished\":\"2012-02-22T19:32:30+00:00\",\"dateModified\":\"2012-02-27T19:21:31+00:00\",\"author\":{\"@id\":\"https:\/\/www.visit-ulcinj.com\/blog\/#\/schema\/person\/dcab619c614d3038751c63bc2aadc06d\"},\"description\":\"Delegacioni i komunes se Mitrovices Sot, Komun\u00ebn e Ulqinit qendroi per nje vizite pune nj\u00eb delegacion nga Komuna e Mitrovic\u00ebs e kryesuar nga Kryetari Avni\",\"breadcrumb\":{\"@id\":\"https:\/\/www.visit-ulcinj.com\/blog\/2012\/02\/22\/iniciativa-e-binjakezimit-te-mitrovices-me-ulqinin\/#breadcrumb\"},\"inLanguage\":\"en-US\",\"potentialAction\":[{\"@type\":\"ReadAction\",\"target\":[\"https:\/\/www.visit-ulcinj.com\/blog\/2012\/02\/22\/iniciativa-e-binjakezimit-te-mitrovices-me-ulqinin\/\"]}]},{\"@type\":\"BreadcrumbList\",\"@id\":\"https:\/\/www.visit-ulcinj.com\/blog\/2012\/02\/22\/iniciativa-e-binjakezimit-te-mitrovices-me-ulqinin\/#breadcrumb\",\"itemListElement\":[{\"@type\":\"ListItem\",\"position\":1,\"name\":\"Iniciativa e binjak\u00ebzimit t\u00eb Mitrovic\u00ebs me Ulqinin\"}]},{\"@type\":\"Person\",\"@id\":\"https:\/\/www.visit-ulcinj.com\/blog\/#\/schema\/person\/dcab619c614d3038751c63bc2aadc06d\",\"name\":\"ulqini\",\"sameAs\":[\"http:\/\/www.visit-ulcinj.com\"],\"url\":\"https:\/\/www.visit-ulcinj.com\/blog\/author\/admin\/\"}]}<\/script>\n<!-- \/ Yoast SEO plugin. -->","yoast_head_json":{"title":"Iniciativa e binjak\u00ebzimit t\u00eb Mitrovic\u00ebs me Ulqinin - Lajme nga Ulqini","description":"Delegacioni i komunes se Mitrovices Sot, Komun\u00ebn e Ulqinit qendroi per nje vizite pune nj\u00eb delegacion nga Komuna e Mitrovic\u00ebs e kryesuar nga Kryetari Avni","robots":{"index":"index","follow":"follow","max-snippet":"max-snippet:-1","max-image-preview":"max-image-preview:large","max-video-preview":"max-video-preview:-1"},"canonical":"https:\/\/www.visit-ulcinj.com\/blog\/2012\/02\/22\/iniciativa-e-binjakezimit-te-mitrovices-me-ulqinin\/","og_locale":"en_US","og_type":"article","og_title":"Iniciativa e binjak\u00ebzimit t\u00eb Mitrovic\u00ebs me Ulqinin - Lajme nga Ulqini","og_description":"Delegacioni i komunes se Mitrovices Sot, Komun\u00ebn e Ulqinit qendroi per nje vizite pune nj\u00eb delegacion nga Komuna e Mitrovic\u00ebs e kryesuar nga Kryetari Avni","og_url":"https:\/\/www.visit-ulcinj.com\/blog\/2012\/02\/22\/iniciativa-e-binjakezimit-te-mitrovices-me-ulqinin\/","og_site_name":"Lajme nga Ulqini","article_published_time":"2012-02-22T19:32:30+00:00","article_modified_time":"2012-02-27T19:21:31+00:00","og_image":[{"url":"https:\/\/www.visit-ulcinj.com\/blog\/wp-content\/uploads\/2012\/02\/Kryetari-UlqinitNazif-Cungu_Kryetari-i-MitrovicesAvni-Kastrati-150x150.jpg"}],"twitter_misc":{"Written by":"ulqini","Est. reading time":"2 minutes"},"schema":{"@context":"https:\/\/schema.org","@graph":[{"@type":"WebSite","@id":"https:\/\/www.visit-ulcinj.com\/blog\/#website","url":"https:\/\/www.visit-ulcinj.com\/blog\/","name":"Lajme nga Ulqini","description":"Lajme,Vijesti,Ulqini,Ulqin,Crna Gora,Mali i Zi","potentialAction":[{"@type":"SearchAction","target":{"@type":"EntryPoint","urlTemplate":"https:\/\/www.visit-ulcinj.com\/blog\/?s={search_term_string}"},"query-input":"required name=search_term_string"}],"inLanguage":"en-US"},{"@type":"ImageObject","inLanguage":"en-US","@id":"https:\/\/www.visit-ulcinj.com\/blog\/2012\/02\/22\/iniciativa-e-binjakezimit-te-mitrovices-me-ulqinin\/#primaryimage","url":"https:\/\/www.visit-ulcinj.com\/blog\/wp-content\/uploads\/2012\/02\/Kryetari-UlqinitNazif-Cungu_Kryetari-i-MitrovicesAvni-Kastrati.jpg","contentUrl":"https:\/\/www.visit-ulcinj.com\/blog\/wp-content\/uploads\/2012\/02\/Kryetari-UlqinitNazif-Cungu_Kryetari-i-MitrovicesAvni-Kastrati.jpg","width":"640","height":"424"},{"@type":"WebPage","@id":"https:\/\/www.visit-ulcinj.com\/blog\/2012\/02\/22\/iniciativa-e-binjakezimit-te-mitrovices-me-ulqinin\/#webpage","url":"https:\/\/www.visit-ulcinj.com\/blog\/2012\/02\/22\/iniciativa-e-binjakezimit-te-mitrovices-me-ulqinin\/","name":"Iniciativa e binjak\u00ebzimit t\u00eb Mitrovic\u00ebs me Ulqinin - Lajme nga Ulqini","isPartOf":{"@id":"https:\/\/www.visit-ulcinj.com\/blog\/#website"},"primaryImageOfPage":{"@id":"https:\/\/www.visit-ulcinj.com\/blog\/2012\/02\/22\/iniciativa-e-binjakezimit-te-mitrovices-me-ulqinin\/#primaryimage"},"datePublished":"2012-02-22T19:32:30+00:00","dateModified":"2012-02-27T19:21:31+00:00","author":{"@id":"https:\/\/www.visit-ulcinj.com\/blog\/#\/schema\/person\/dcab619c614d3038751c63bc2aadc06d"},"description":"Delegacioni i komunes se Mitrovices Sot, Komun\u00ebn e Ulqinit qendroi per nje vizite pune nj\u00eb delegacion nga Komuna e Mitrovic\u00ebs e kryesuar nga Kryetari Avni","breadcrumb":{"@id":"https:\/\/www.visit-ulcinj.com\/blog\/2012\/02\/22\/iniciativa-e-binjakezimit-te-mitrovices-me-ulqinin\/#breadcrumb"},"inLanguage":"en-US","potentialAction":[{"@type":"ReadAction","target":["https:\/\/www.visit-ulcinj.com\/blog\/2012\/02\/22\/iniciativa-e-binjakezimit-te-mitrovices-me-ulqinin\/"]}]},{"@type":"BreadcrumbList","@id":"https:\/\/www.visit-ulcinj.com\/blog\/2012\/02\/22\/iniciativa-e-binjakezimit-te-mitrovices-me-ulqinin\/#breadcrumb","itemListElement":[{"@type":"ListItem","position":1,"name":"Iniciativa e binjak\u00ebzimit t\u00eb Mitrovic\u00ebs me Ulqinin"}]},{"@type":"Person","@id":"https:\/\/www.visit-ulcinj.com\/blog\/#\/schema\/person\/dcab619c614d3038751c63bc2aadc06d","name":"ulqini","sameAs":["http:\/\/www.visit-ulcinj.com"],"url":"https:\/\/www.visit-ulcinj.com\/blog\/author\/admin\/"}]}},"jetpack_featured_media_url":"","jetpack_sharing_enabled":true,"jetpack_shortlink":"https:\/\/wp.me\/pe6lTn-eZ5","_links":{"self":[{"href":"https:\/\/www.visit-ulcinj.com\/blog\/wp-json\/wp\/v2\/posts\/57603"}],"collection":[{"href":"https:\/\/www.visit-ulcinj.com\/blog\/wp-json\/wp\/v2\/posts"}],"about":[{"href":"https:\/\/www.visit-ulcinj.com\/blog\/wp-json\/wp\/v2\/types\/post"}],"author":[{"embeddable":true,"href":"https:\/\/www.visit-ulcinj.com\/blog\/wp-json\/wp\/v2\/users\/1"}],"replies":[{"embeddable":true,"href":"https:\/\/www.visit-ulcinj.com\/blog\/wp-json\/wp\/v2\/comments?post=57603"}],"version-history":[{"count":5,"href":"https:\/\/www.visit-ulcinj.com\/blog\/wp-json\/wp\/v2\/posts\/57603\/revisions"}],"predecessor-version":[{"id":57741,"href":"https:\/\/www.visit-ulcinj.com\/blog\/wp-json\/wp\/v2\/posts\/57603\/revisions\/57741"}],"wp:attachment":[{"href":"https:\/\/www.visit-ulcinj.com\/blog\/wp-json\/wp\/v2\/media?parent=57603"}],"wp:term":[{"taxonomy":"category","embeddable":true,"href":"https:\/\/www.visit-ulcinj.com\/blog\/wp-json\/wp\/v2\/categories?post=57603"},{"taxonomy":"post_tag","embeddable":true,"href":"https:\/\/www.visit-ulcinj.com\/blog\/wp-json\/wp\/v2\/tags?post=57603"}],"curies":[{"name":"wp","href":"https:\/\/api.w.org\/{rel}","templated":true}]}}