{"id":57610,"date":"2012-02-22T20:40:59","date_gmt":"2012-02-22T19:40:59","guid":{"rendered":"http:\/\/www.visit-ulcinj.com\/blog\/?p=57610"},"modified":"2012-02-22T23:56:43","modified_gmt":"2012-02-22T22:56:43","slug":"ministar-tarzan-milosevic-boravio-u-radnoj-posjeti-opstini-ulcinj","status":"publish","type":"post","link":"https:\/\/www.visit-ulcinj.com\/blog\/2012\/02\/22\/ministar-tarzan-milosevic-boravio-u-radnoj-posjeti-opstini-ulcinj\/","title":{"rendered":"Ministar Tarzan Milo\u0161evi\u0107 boravio u radnoj posjeti op\u0161tini Ulcinj &#8211; Foto"},"content":{"rendered":"<p><a href=\"http:\/\/www.visit-ulcinj.com\/blog\/wp-content\/uploads\/2012\/02\/Ministar-Milosevic-je-sa-predsjednikom-opstine-Ulcinj-g-dinom-Nazifom-Cungu.jpg\"><img loading=\"lazy\" class=\"alignleft size-full wp-image-57611\" title=\"Ministar Milosevic je sa predsjednikom opstine Ulcinj, g-dinom Nazifom Cungu\" src=\"http:\/\/www.visit-ulcinj.com\/blog\/wp-content\/uploads\/2012\/02\/Ministar-Milosevic-je-sa-predsjednikom-opstine-Ulcinj-g-dinom-Nazifom-Cungu.jpg\" alt=\"\" width=\"508\" height=\"336\" srcset=\"https:\/\/www.visit-ulcinj.com\/blog\/wp-content\/uploads\/2012\/02\/Ministar-Milosevic-je-sa-predsjednikom-opstine-Ulcinj-g-dinom-Nazifom-Cungu.jpg 508w, https:\/\/www.visit-ulcinj.com\/blog\/wp-content\/uploads\/2012\/02\/Ministar-Milosevic-je-sa-predsjednikom-opstine-Ulcinj-g-dinom-Nazifom-Cungu-300x198.jpg 300w\" sizes=\"(max-width: 508px) 100vw, 508px\" \/><\/a><\/p>\n<p><strong><a href=\"http:\/\/www.opstinaulcinj.com\/images\/Tarzan_22022012.mp3\"><img src=\"http:\/\/www.opstinaulcinj.com\/media\/jce\/icons\/audio.png\" alt=\"mp3\" \/>Izjava minista Poljoprivrede Audio<\/a><\/strong><\/p>\n<p><strong><a href=\"http:\/\/www.opstinaulcinj.com\/images\/cungu_22022012.mp3\"><img src=\"http:\/\/www.opstinaulcinj.com\/media\/jce\/icons\/audio.png\" alt=\"mp3\" \/>Izjava predsjednika Opstine Audio<\/a><\/strong><\/p>\n<p>Ministar poljoprivrede i ruralnog razvoja Tarzan Milo\u0161evi\u0107 sa saradnicima boravio je danas, 22. februara 2012. godine, u radnoj posjeti op\u0161tini Ulcinj. Ministar Milo\u0161evi\u0107 je sa predsjednikom op\u0161tine Ulcinj, g-dinom Nazifom Cungu obi\u0161ao Sukobin \u2013 Vladimirsku Rijeku, \u0160todru \u2013 kanal \u0160todre i Pa\u0161in kanal, podru\u010dje Svetog Nikole \u00a0i u\u0161\u0107e rijeke Bojane gdje su po\u010dele aktivnosti druge faze hitnih mjera, tj obezbje\u0111enje proto\u010dnosti korita rijeke Bojane (desnog rukavca).<\/p>\n<p>Prilikom obilaska Bojanskih nasipa konstatovali su da su oni ura\u0111eni kvalitetno, u du\u017eini od oko 9 km i da je preostalo da se interveni\u0161e jo\u0161 na 400-500m, a radovi kasne zbog vremenskih neprilika i bi\u0107e zavr\u0161eni do kraja mjeseca. Geodetski je snimljena trasa nasipa oko 50% dok \u0107e se drugi dio snimiti u narednih nekoliko dana kako bi se ustanovilo na kojoj visini treba podi\u0107i krunu nasipa.<\/p>\n<p>Ministar Milo\u0161evi\u0107 i predsjednik Op\u0161tine, g-din Cungu obi\u0161li su radove na regulaciji Vladimirske rijeke gdje su izvr\u0161ene intervencije na potezu od 300m u cilju za\u0161tite obradivog poljoprivrednog zemlji\u0161ta.<\/p>\n<p>Prilikom obilaska kanala \u0160todre i Pa\u0161inog kanala dogovoreno je da se pristupi za\u0161titi nasipa, jer je na potezu od 200m rijeka Bojana potkopala nasipe.<\/p>\n<p>S obzirom na vremenske nepogode koje su zadesile Crnu Goru, Vlada Crne Gore i Operativni \u0161tab za vanredne situacije donijeli su odluku da se pristupi realizaciji II faze hitnih mjera , tj. obezbje\u0111enja proto\u010dnosti rijeke Bojane i u tom cilju Ministarstvo poljoprivrede i ruralnog razvoja preduzelo je odgovaraju\u0107e mjere i ve\u0107 je anga\u017eovano preduze\u0107e \u201cBemax\u201d koje \u0107e izvoditi radove na \u010di\u0161\u0107enju desnog rukavca rijeke Bojane (koji se nalazi na crnogorskoj strani rijeke). Isto tako, preduze\u0107e \u201cBemax\u201d je prihvatilo da na zahtjev Ministarstva poljoprivrede i ruralnog razvoja izvede radove i na grani\u010dnom dijelu u\u0161\u0107a rijeke Bojane, a po rije\u010dima direktora tog preduze\u0107a, g-dina Kova\u010devi\u0107a to \u0107e u\u010diniti bez ikakve nadoknade i to \u0107e biti njihov doprinos da se sprije\u010de \u0161tete od eventualnih poplava koje mogu biti izazvane otopljavanjem snije\u017enog pokriva\u010da.<\/p>\n<p>Ministar Milo\u0161evi\u0107 i g-din Cungu razgovarali su i o drugim aktivnostima kada je u pitanju valorizacija vodnih resursa rijeke Bojane, kako u ekonomskom tako i u turisti\u010dkom smislu.<\/p>\n<p>Ministar Milo\u0161evi\u0107 je obi\u0161ao i imanje porodice Perazi\u0107 koja se bavi plasteni\u010dkom proizvodnjom, na \u010dijim plastenicima su elementarne nepogode napravile veliku \u0161tetu i obe\u0107ao da \u0107e Ministarstvo poljoprivrede i ruralnog razvoja pru\u017eiti pomo\u0107 u okviru svojih mogu\u0107nosti u nabavci materijala za obnavljanje plastenika.<br \/>\n<a href=\"http:\/\/www.gov.me\/vijesti\/112052\/Ministar-poljoprivrede-i-ruralnog-razvoja-Tarzan-Milosevic-boravio-u-radnoj-posjeti-opstini-Ulcinj.html\" target=\"_blank\"><strong>Izvor: Vlada.me<\/strong><\/a><br \/>\n\n\t\t<style type=\"text\/css\">\n\t\t\t#gallery-1 {\n\t\t\t\tmargin: auto;\n\t\t\t}\n\t\t\t#gallery-1 .gallery-item {\n\t\t\t\tfloat: left;\n\t\t\t\tmargin-top: 10px;\n\t\t\t\ttext-align: center;\n\t\t\t\twidth: 33%;\n\t\t\t}\n\t\t\t#gallery-1 img {\n\t\t\t\tborder: 2px solid #cfcfcf;\n\t\t\t}\n\t\t\t#gallery-1 .gallery-caption {\n\t\t\t\tmargin-left: 0;\n\t\t\t}\n\t\t\t\/* see gallery_shortcode() in wp-includes\/media.php *\/\n\t\t<\/style>\n\t\t<div id='gallery-1' class='gallery galleryid-57610 gallery-columns-3 gallery-size-thumbnail'><dl class='gallery-item'>\n\t\t\t<dt class='gallery-icon landscape'>\n\t\t\t\t<a href='https:\/\/www.visit-ulcinj.com\/blog\/wp-content\/uploads\/2012\/02\/Ministar-Milosevic-je-sa-predsjednikom-opstine-Ulcinj-g-dinom-Nazifom-Cungu.jpg'><img width=\"150\" height=\"150\" src=\"https:\/\/www.visit-ulcinj.com\/blog\/wp-content\/uploads\/2012\/02\/Ministar-Milosevic-je-sa-predsjednikom-opstine-Ulcinj-g-dinom-Nazifom-Cungu-150x150.jpg\" class=\"attachment-thumbnail size-thumbnail\" alt=\"\" loading=\"lazy\" \/><\/a>\n\t\t\t<\/dt><\/dl><dl class='gallery-item'>\n\t\t\t<dt class='gallery-icon landscape'>\n\t\t\t\t<a href='https:\/\/www.visit-ulcinj.com\/blog\/wp-content\/uploads\/2012\/02\/Ministar-Milosevic-je-sa-predsjednikom-opstine-Ulcinj-g-dinom-Nazifom-Cungu.1.jpg'><img width=\"150\" height=\"150\" src=\"https:\/\/www.visit-ulcinj.com\/blog\/wp-content\/uploads\/2012\/02\/Ministar-Milosevic-je-sa-predsjednikom-opstine-Ulcinj-g-dinom-Nazifom-Cungu.1-150x150.jpg\" class=\"attachment-thumbnail size-thumbnail\" alt=\"\" loading=\"lazy\" \/><\/a>\n\t\t\t<\/dt><\/dl><dl class='gallery-item'>\n\t\t\t<dt class='gallery-icon landscape'>\n\t\t\t\t<a href='https:\/\/www.visit-ulcinj.com\/blog\/wp-content\/uploads\/2012\/02\/Ministar-Milosevic-je-sa-predsjednikom-opstine-Ulcinj-g-dinom-Nazifom-Cungu.2.jpg'><img width=\"150\" height=\"150\" src=\"https:\/\/www.visit-ulcinj.com\/blog\/wp-content\/uploads\/2012\/02\/Ministar-Milosevic-je-sa-predsjednikom-opstine-Ulcinj-g-dinom-Nazifom-Cungu.2-150x150.jpg\" class=\"attachment-thumbnail size-thumbnail\" alt=\"\" loading=\"lazy\" \/><\/a>\n\t\t\t<\/dt><\/dl><br style=\"clear: both\" \/><dl class='gallery-item'>\n\t\t\t<dt class='gallery-icon landscape'>\n\t\t\t\t<a href='https:\/\/www.visit-ulcinj.com\/blog\/wp-content\/uploads\/2012\/02\/Ministar-Milosevic-je-sa-predsjednikom-opstine-Ulcinj-g-dinom-Nazifom-Cungu.3.jpg'><img width=\"150\" height=\"150\" src=\"https:\/\/www.visit-ulcinj.com\/blog\/wp-content\/uploads\/2012\/02\/Ministar-Milosevic-je-sa-predsjednikom-opstine-Ulcinj-g-dinom-Nazifom-Cungu.3-150x150.jpg\" class=\"attachment-thumbnail size-thumbnail\" alt=\"\" loading=\"lazy\" \/><\/a>\n\t\t\t<\/dt><\/dl><dl class='gallery-item'>\n\t\t\t<dt class='gallery-icon landscape'>\n\t\t\t\t<a href='https:\/\/www.visit-ulcinj.com\/blog\/wp-content\/uploads\/2012\/02\/Ministar-Milosevic-je-sa-predsjednikom-opstine-Ulcinj-g-dinom-Nazifom-Cungu.4.jpg'><img width=\"150\" height=\"150\" src=\"https:\/\/www.visit-ulcinj.com\/blog\/wp-content\/uploads\/2012\/02\/Ministar-Milosevic-je-sa-predsjednikom-opstine-Ulcinj-g-dinom-Nazifom-Cungu.4-150x150.jpg\" class=\"attachment-thumbnail size-thumbnail\" alt=\"\" loading=\"lazy\" \/><\/a>\n\t\t\t<\/dt><\/dl><dl class='gallery-item'>\n\t\t\t<dt class='gallery-icon landscape'>\n\t\t\t\t<a href='https:\/\/www.visit-ulcinj.com\/blog\/wp-content\/uploads\/2012\/02\/Ministar-Milosevic-je-sa-predsjednikom-opstine-Ulcinj-g-dinom-Nazifom-Cungu.5.jpg'><img width=\"150\" height=\"150\" src=\"https:\/\/www.visit-ulcinj.com\/blog\/wp-content\/uploads\/2012\/02\/Ministar-Milosevic-je-sa-predsjednikom-opstine-Ulcinj-g-dinom-Nazifom-Cungu.5-150x150.jpg\" class=\"attachment-thumbnail size-thumbnail\" alt=\"\" loading=\"lazy\" \/><\/a>\n\t\t\t<\/dt><\/dl><br style=\"clear: both\" \/>\n\t\t<\/div>\n<\/p>\n<p><strong><\/strong><\/p>\n","protected":false},"excerpt":{"rendered":"<p>Izjava minista Poljoprivrede Audio Izjava predsjednika Opstine Audio Ministar poljoprivrede i ruralnog razvoja Tarzan Milo\u0161evi\u0107 sa saradnicima boravio je danas, 22. februara 2012. godine, u radnoj posjeti op\u0161tini Ulcinj. Ministar Milo\u0161evi\u0107 je sa predsjednikom op\u0161tine Ulcinj, g-dinom Nazifom Cungu obi\u0161ao Sukobin \u2013 Vladimirsku Rijeku, \u0160todru \u2013 kanal \u0160todre i Pa\u0161in kanal, podru\u010dje Svetog Nikole \u00a0i [&hellip;]<\/p>\n","protected":false},"author":1,"featured_media":0,"comment_status":"open","ping_status":"closed","sticky":false,"template":"","format":"standard","meta":{"spay_email":"","jetpack_publicize_message":"","jetpack_is_tweetstorm":false,"jetpack_publicize_feature_enabled":true},"categories":[8337],"tags":[20066,118,19],"jetpack_publicize_connections":[],"yoast_head":"<!-- This site is optimized with the Yoast SEO plugin v19.1 - https:\/\/yoast.com\/wordpress\/plugins\/seo\/ -->\n<title>Ministar Tarzan Milo\u0161evi\u0107 boravio u radnoj posjeti op\u0161tini Ulcinj - Foto - Lajme nga Ulqini<\/title>\n<meta name=\"description\" content=\"Izjava minista Poljoprivrede Audio Izjava predsjednika Opstine Audio Ministar poljoprivrede i ruralnog razvoja Tarzan Milo\u0161evi\u0107 sa saradnicima boravio je\" \/>\n<meta name=\"robots\" content=\"index, follow, max-snippet:-1, max-image-preview:large, max-video-preview:-1\" \/>\n<link rel=\"canonical\" href=\"https:\/\/www.visit-ulcinj.com\/blog\/2012\/02\/22\/ministar-tarzan-milosevic-boravio-u-radnoj-posjeti-opstini-ulcinj\/\" \/>\n<meta property=\"og:locale\" content=\"en_US\" \/>\n<meta property=\"og:type\" content=\"article\" \/>\n<meta property=\"og:title\" content=\"Ministar Tarzan Milo\u0161evi\u0107 boravio u radnoj posjeti op\u0161tini Ulcinj - Foto - Lajme nga Ulqini\" \/>\n<meta property=\"og:description\" content=\"Izjava minista Poljoprivrede Audio Izjava predsjednika Opstine Audio Ministar poljoprivrede i ruralnog razvoja Tarzan Milo\u0161evi\u0107 sa saradnicima boravio je\" \/>\n<meta property=\"og:url\" content=\"https:\/\/www.visit-ulcinj.com\/blog\/2012\/02\/22\/ministar-tarzan-milosevic-boravio-u-radnoj-posjeti-opstini-ulcinj\/\" \/>\n<meta property=\"og:site_name\" content=\"Lajme nga Ulqini\" \/>\n<meta property=\"article:published_time\" content=\"2012-02-22T19:40:59+00:00\" \/>\n<meta property=\"article:modified_time\" content=\"2012-02-22T22:56:43+00:00\" \/>\n<meta property=\"og:image\" content=\"https:\/\/www.visit-ulcinj.com\/blog\/wp-content\/uploads\/2012\/02\/Ministar-Milosevic-je-sa-predsjednikom-opstine-Ulcinj-g-dinom-Nazifom-Cungu-150x150.jpg\" \/>\n<meta name=\"twitter:label1\" content=\"Written by\" \/>\n\t<meta name=\"twitter:data1\" content=\"ulqini\" \/>\n\t<meta name=\"twitter:label2\" content=\"Est. reading time\" \/>\n\t<meta name=\"twitter:data2\" content=\"2 minutes\" \/>\n<script type=\"application\/ld+json\" class=\"yoast-schema-graph\">{\"@context\":\"https:\/\/schema.org\",\"@graph\":[{\"@type\":\"WebSite\",\"@id\":\"https:\/\/www.visit-ulcinj.com\/blog\/#website\",\"url\":\"https:\/\/www.visit-ulcinj.com\/blog\/\",\"name\":\"Lajme nga Ulqini\",\"description\":\"Lajme,Vijesti,Ulqini,Ulqin,Crna Gora,Mali i Zi\",\"potentialAction\":[{\"@type\":\"SearchAction\",\"target\":{\"@type\":\"EntryPoint\",\"urlTemplate\":\"https:\/\/www.visit-ulcinj.com\/blog\/?s={search_term_string}\"},\"query-input\":\"required name=search_term_string\"}],\"inLanguage\":\"en-US\"},{\"@type\":\"ImageObject\",\"inLanguage\":\"en-US\",\"@id\":\"https:\/\/www.visit-ulcinj.com\/blog\/2012\/02\/22\/ministar-tarzan-milosevic-boravio-u-radnoj-posjeti-opstini-ulcinj\/#primaryimage\",\"url\":\"https:\/\/www.visit-ulcinj.com\/blog\/wp-content\/uploads\/2012\/02\/Ministar-Milosevic-je-sa-predsjednikom-opstine-Ulcinj-g-dinom-Nazifom-Cungu.jpg\",\"contentUrl\":\"https:\/\/www.visit-ulcinj.com\/blog\/wp-content\/uploads\/2012\/02\/Ministar-Milosevic-je-sa-predsjednikom-opstine-Ulcinj-g-dinom-Nazifom-Cungu.jpg\",\"width\":\"508\",\"height\":\"336\"},{\"@type\":\"WebPage\",\"@id\":\"https:\/\/www.visit-ulcinj.com\/blog\/2012\/02\/22\/ministar-tarzan-milosevic-boravio-u-radnoj-posjeti-opstini-ulcinj\/#webpage\",\"url\":\"https:\/\/www.visit-ulcinj.com\/blog\/2012\/02\/22\/ministar-tarzan-milosevic-boravio-u-radnoj-posjeti-opstini-ulcinj\/\",\"name\":\"Ministar Tarzan Milo\u0161evi\u0107 boravio u radnoj posjeti op\u0161tini Ulcinj - Foto - Lajme nga Ulqini\",\"isPartOf\":{\"@id\":\"https:\/\/www.visit-ulcinj.com\/blog\/#website\"},\"primaryImageOfPage\":{\"@id\":\"https:\/\/www.visit-ulcinj.com\/blog\/2012\/02\/22\/ministar-tarzan-milosevic-boravio-u-radnoj-posjeti-opstini-ulcinj\/#primaryimage\"},\"datePublished\":\"2012-02-22T19:40:59+00:00\",\"dateModified\":\"2012-02-22T22:56:43+00:00\",\"author\":{\"@id\":\"https:\/\/www.visit-ulcinj.com\/blog\/#\/schema\/person\/dcab619c614d3038751c63bc2aadc06d\"},\"description\":\"Izjava minista Poljoprivrede Audio Izjava predsjednika Opstine Audio Ministar poljoprivrede i ruralnog razvoja Tarzan Milo\u0161evi\u0107 sa saradnicima boravio je\",\"breadcrumb\":{\"@id\":\"https:\/\/www.visit-ulcinj.com\/blog\/2012\/02\/22\/ministar-tarzan-milosevic-boravio-u-radnoj-posjeti-opstini-ulcinj\/#breadcrumb\"},\"inLanguage\":\"en-US\",\"potentialAction\":[{\"@type\":\"ReadAction\",\"target\":[\"https:\/\/www.visit-ulcinj.com\/blog\/2012\/02\/22\/ministar-tarzan-milosevic-boravio-u-radnoj-posjeti-opstini-ulcinj\/\"]}]},{\"@type\":\"BreadcrumbList\",\"@id\":\"https:\/\/www.visit-ulcinj.com\/blog\/2012\/02\/22\/ministar-tarzan-milosevic-boravio-u-radnoj-posjeti-opstini-ulcinj\/#breadcrumb\",\"itemListElement\":[{\"@type\":\"ListItem\",\"position\":1,\"name\":\"Ministar Tarzan Milo\u0161evi\u0107 boravio u radnoj posjeti op\u0161tini Ulcinj &#8211; Foto\"}]},{\"@type\":\"Person\",\"@id\":\"https:\/\/www.visit-ulcinj.com\/blog\/#\/schema\/person\/dcab619c614d3038751c63bc2aadc06d\",\"name\":\"ulqini\",\"sameAs\":[\"http:\/\/www.visit-ulcinj.com\"],\"url\":\"https:\/\/www.visit-ulcinj.com\/blog\/author\/admin\/\"}]}<\/script>\n<!-- \/ Yoast SEO plugin. -->","yoast_head_json":{"title":"Ministar Tarzan Milo\u0161evi\u0107 boravio u radnoj posjeti op\u0161tini Ulcinj - Foto - Lajme nga Ulqini","description":"Izjava minista Poljoprivrede Audio Izjava predsjednika Opstine Audio Ministar poljoprivrede i ruralnog razvoja Tarzan Milo\u0161evi\u0107 sa saradnicima boravio je","robots":{"index":"index","follow":"follow","max-snippet":"max-snippet:-1","max-image-preview":"max-image-preview:large","max-video-preview":"max-video-preview:-1"},"canonical":"https:\/\/www.visit-ulcinj.com\/blog\/2012\/02\/22\/ministar-tarzan-milosevic-boravio-u-radnoj-posjeti-opstini-ulcinj\/","og_locale":"en_US","og_type":"article","og_title":"Ministar Tarzan Milo\u0161evi\u0107 boravio u radnoj posjeti op\u0161tini Ulcinj - Foto - Lajme nga Ulqini","og_description":"Izjava minista Poljoprivrede Audio Izjava predsjednika Opstine Audio Ministar poljoprivrede i ruralnog razvoja Tarzan Milo\u0161evi\u0107 sa saradnicima boravio je","og_url":"https:\/\/www.visit-ulcinj.com\/blog\/2012\/02\/22\/ministar-tarzan-milosevic-boravio-u-radnoj-posjeti-opstini-ulcinj\/","og_site_name":"Lajme nga Ulqini","article_published_time":"2012-02-22T19:40:59+00:00","article_modified_time":"2012-02-22T22:56:43+00:00","og_image":[{"url":"https:\/\/www.visit-ulcinj.com\/blog\/wp-content\/uploads\/2012\/02\/Ministar-Milosevic-je-sa-predsjednikom-opstine-Ulcinj-g-dinom-Nazifom-Cungu-150x150.jpg"}],"twitter_misc":{"Written by":"ulqini","Est. reading time":"2 minutes"},"schema":{"@context":"https:\/\/schema.org","@graph":[{"@type":"WebSite","@id":"https:\/\/www.visit-ulcinj.com\/blog\/#website","url":"https:\/\/www.visit-ulcinj.com\/blog\/","name":"Lajme nga Ulqini","description":"Lajme,Vijesti,Ulqini,Ulqin,Crna Gora,Mali i Zi","potentialAction":[{"@type":"SearchAction","target":{"@type":"EntryPoint","urlTemplate":"https:\/\/www.visit-ulcinj.com\/blog\/?s={search_term_string}"},"query-input":"required name=search_term_string"}],"inLanguage":"en-US"},{"@type":"ImageObject","inLanguage":"en-US","@id":"https:\/\/www.visit-ulcinj.com\/blog\/2012\/02\/22\/ministar-tarzan-milosevic-boravio-u-radnoj-posjeti-opstini-ulcinj\/#primaryimage","url":"https:\/\/www.visit-ulcinj.com\/blog\/wp-content\/uploads\/2012\/02\/Ministar-Milosevic-je-sa-predsjednikom-opstine-Ulcinj-g-dinom-Nazifom-Cungu.jpg","contentUrl":"https:\/\/www.visit-ulcinj.com\/blog\/wp-content\/uploads\/2012\/02\/Ministar-Milosevic-je-sa-predsjednikom-opstine-Ulcinj-g-dinom-Nazifom-Cungu.jpg","width":"508","height":"336"},{"@type":"WebPage","@id":"https:\/\/www.visit-ulcinj.com\/blog\/2012\/02\/22\/ministar-tarzan-milosevic-boravio-u-radnoj-posjeti-opstini-ulcinj\/#webpage","url":"https:\/\/www.visit-ulcinj.com\/blog\/2012\/02\/22\/ministar-tarzan-milosevic-boravio-u-radnoj-posjeti-opstini-ulcinj\/","name":"Ministar Tarzan Milo\u0161evi\u0107 boravio u radnoj posjeti op\u0161tini Ulcinj - Foto - Lajme nga Ulqini","isPartOf":{"@id":"https:\/\/www.visit-ulcinj.com\/blog\/#website"},"primaryImageOfPage":{"@id":"https:\/\/www.visit-ulcinj.com\/blog\/2012\/02\/22\/ministar-tarzan-milosevic-boravio-u-radnoj-posjeti-opstini-ulcinj\/#primaryimage"},"datePublished":"2012-02-22T19:40:59+00:00","dateModified":"2012-02-22T22:56:43+00:00","author":{"@id":"https:\/\/www.visit-ulcinj.com\/blog\/#\/schema\/person\/dcab619c614d3038751c63bc2aadc06d"},"description":"Izjava minista Poljoprivrede Audio Izjava predsjednika Opstine Audio Ministar poljoprivrede i ruralnog razvoja Tarzan Milo\u0161evi\u0107 sa saradnicima boravio je","breadcrumb":{"@id":"https:\/\/www.visit-ulcinj.com\/blog\/2012\/02\/22\/ministar-tarzan-milosevic-boravio-u-radnoj-posjeti-opstini-ulcinj\/#breadcrumb"},"inLanguage":"en-US","potentialAction":[{"@type":"ReadAction","target":["https:\/\/www.visit-ulcinj.com\/blog\/2012\/02\/22\/ministar-tarzan-milosevic-boravio-u-radnoj-posjeti-opstini-ulcinj\/"]}]},{"@type":"BreadcrumbList","@id":"https:\/\/www.visit-ulcinj.com\/blog\/2012\/02\/22\/ministar-tarzan-milosevic-boravio-u-radnoj-posjeti-opstini-ulcinj\/#breadcrumb","itemListElement":[{"@type":"ListItem","position":1,"name":"Ministar Tarzan Milo\u0161evi\u0107 boravio u radnoj posjeti op\u0161tini Ulcinj &#8211; Foto"}]},{"@type":"Person","@id":"https:\/\/www.visit-ulcinj.com\/blog\/#\/schema\/person\/dcab619c614d3038751c63bc2aadc06d","name":"ulqini","sameAs":["http:\/\/www.visit-ulcinj.com"],"url":"https:\/\/www.visit-ulcinj.com\/blog\/author\/admin\/"}]}},"jetpack_featured_media_url":"","jetpack_sharing_enabled":true,"jetpack_shortlink":"https:\/\/wp.me\/pe6lTn-eZc","_links":{"self":[{"href":"https:\/\/www.visit-ulcinj.com\/blog\/wp-json\/wp\/v2\/posts\/57610"}],"collection":[{"href":"https:\/\/www.visit-ulcinj.com\/blog\/wp-json\/wp\/v2\/posts"}],"about":[{"href":"https:\/\/www.visit-ulcinj.com\/blog\/wp-json\/wp\/v2\/types\/post"}],"author":[{"embeddable":true,"href":"https:\/\/www.visit-ulcinj.com\/blog\/wp-json\/wp\/v2\/users\/1"}],"replies":[{"embeddable":true,"href":"https:\/\/www.visit-ulcinj.com\/blog\/wp-json\/wp\/v2\/comments?post=57610"}],"version-history":[{"count":10,"href":"https:\/\/www.visit-ulcinj.com\/blog\/wp-json\/wp\/v2\/posts\/57610\/revisions"}],"predecessor-version":[{"id":57644,"href":"https:\/\/www.visit-ulcinj.com\/blog\/wp-json\/wp\/v2\/posts\/57610\/revisions\/57644"}],"wp:attachment":[{"href":"https:\/\/www.visit-ulcinj.com\/blog\/wp-json\/wp\/v2\/media?parent=57610"}],"wp:term":[{"taxonomy":"category","embeddable":true,"href":"https:\/\/www.visit-ulcinj.com\/blog\/wp-json\/wp\/v2\/categories?post=57610"},{"taxonomy":"post_tag","embeddable":true,"href":"https:\/\/www.visit-ulcinj.com\/blog\/wp-json\/wp\/v2\/tags?post=57610"}],"curies":[{"name":"wp","href":"https:\/\/api.w.org\/{rel}","templated":true}]}}