{"id":57624,"date":"2012-02-22T23:11:21","date_gmt":"2012-02-22T22:11:21","guid":{"rendered":"http:\/\/www.visit-ulcinj.com\/blog\/?p=57624"},"modified":"2012-02-22T23:14:09","modified_gmt":"2012-02-22T22:14:09","slug":"dzamija-meraja-ulcinj-video","status":"publish","type":"post","link":"https:\/\/www.visit-ulcinj.com\/blog\/2012\/02\/22\/dzamija-meraja-ulcinj-video\/","title":{"rendered":"D\u017eamija \u201cMeraja\u201d Ulcinj &#8211; Video"},"content":{"rendered":"<p>&nbsp;<\/p>\n<p><strong><a href=\"http:\/\/www.visit-ulcinj.com\/blog\/wp-content\/uploads\/2012\/02\/Dzamija_Meraja_Ulcinj.jpg\"><img loading=\"lazy\" class=\"alignleft  wp-image-57625\" title=\"Dzamija_Meraja_Ulcinj\" src=\"http:\/\/www.visit-ulcinj.com\/blog\/wp-content\/uploads\/2012\/02\/Dzamija_Meraja_Ulcinj.jpg\" alt=\"\" width=\"508\" height=\"380\" \/><\/a>D\u017dAMIJA \u00bbMERAJA\u00ab<\/strong><br \/>\nDok gedam ovu fotografiju stare d\u017eamije \u00bbMeraja\u00ab, i turbeta pored nje, razmi\u0161ljam sa nostalgijom, o starim vremenima, razmi\u0161ljam o na\u0161oj pro\u0161losti, i o svemu onome, \u0161to je na\u0161 grad \u010dinilo tako privla\u010dnim i atraktivnim, posebno za strane turiste. \u0160esdesetih godina pro\u0161log vijeka, oni pravi \u00bbstrani gosti\u00ab po\u010deli su da otkrivaju, kako su oni tada govorili, \u00bbOrijent\u00ab u srcu \u00bbMediterana\u00ab. Mi smo rado prihvatili taj atribut, jer je on proneo famu na\u0161eg grada, a moramo priznati, i donosio nam one prave \u00bb Marke\u00ab. To je pobolj\u0161ao na\u0161 \u017eivotni standard, i bila je prava infuzija za nas, i na\u0161 grad. Na\u0161 komunisti\u010dki re\u017eim onog vremena, mora se priznati, uspio je da prepozna i \u00bbMarke\u00ab i te goste, tako da bez obzira na kapitalisti\u010dku ideologiju, dozvolio je otvaranje granica i liberalizovao mnoge stvari. To je i izgradilo poseban imid\u017e na\u0161oj zemlji u inostranstvu. Me\u0111utim, o\u010digledno je da nijesu mogli da svate, da te goste ne privla\u010di kod nas samo na\u0161e more i na\u0161e pla\u017ee, i ono malo hotela koje smo mi tada imali, ve\u0107, i jedno fantasti\u010dno kulturno nasle\u0111e. Posebno ovo orijentalno, kod nas u Ulcinju.<br \/>\nHo\u0107u da parafraziram jednu veliku re\u010denicu, velikog njema\u010dkog umjetnika i \u010dovjeka, i jednog od najve\u0107ih u istoriji \u010dovje\u010danstva, J. W. v. Goethea, koji je stalno govorio, da nikada nije dovoljno ponavljati, i \u00bbzato uvijek ponavljajte\u00ab, govorio je on&#8230; I zato se ja ponovo vra\u0107am toj famoznoj re\u010denici, jer je ona pronijela, i stvorila pravi imid\u017e na\u0161em gradu \u00abOrijent na takom malom prostoru, u srcu Evrope\u00ab. Me\u0111utim, zbog tih ideolo\u0161kih predrasuda, i jedne nesvatlive arogancije, i rekao bih ograni\u010denih umova, ti \u00bbmali\u00ab komunisti\u010dkih mo\u0107nici, donose odluke koje su bile fatalne za neke kulturno istorijske spomenike. Te odluke su bile kobne, za mnoge orijentalne spomenike na\u0161e pro\u0161losti, posebno se ru\u0161e i uklanjaju d\u017eamije , stare \u010desme i drugi vjerski muslimanski objekati.<br \/>\nPodsje\u0107anja radi, bilo bi dobro da neko i progovori i napi\u0161e ne\u0161to i na namjerno palenje \u010ditave arhivske gra\u0111e i dokumentacije istorije na\u0161eg grada 1954. Godine.<br \/>\nSve se to radil pod pla\u0161tom vlasti, u kojoj su na\u017ealost, sjedeli i oni, \u010diji su roditelji, ili bili poznati Imami ovog grada, ili klanjali u tim d\u017eamijama. Neznam, koliko bi bilo umjesno upotrebljavati rije\u010d \u00abmr\u017enja\u00ab prema vjeri i vjeskim objektima, posebno muslimanskim, jer je ovdje vi\u0161e od osamdeset odsto stanovni\u0161tva muslimanske vjeroispovjestiili, ali sigurno je da je bilo i toga. U svakom slu\u010daju, upravo i zbog toga, takva svatanja i takav odnos je bio jako izra\u017eajan, posebno ovdje, kod nas u Ulcinju.<br \/>\nDokaz, takvih mra\u010dnih svatanja i takvih djela, jeste permanentno uklanjanje i ru\u0161enje, a u nekim slu\u010dajevima i uzurpiranje i pretvaranje, vjerskih objekata, u objekte druge namjene. Me\u0111u tim mra\u010dnim umovima tog vremena, ostao je jo\u0161 poneko i danas me\u0111u nama, na\u017ealost, adaptirani novim uslovima i nekim novim politikama. Ne biraju\u0107i sredstva, samo za svoje pozicije, radili su tada, a i danas rade samo za svoj li\u010dni interes. Na\u017ealost, tada su bili sudionici te mra\u010dne komunisti\u010dke politike. Komunisti\u010dkom re\u017eimu, i na\u017ealost, i ljudima \u010diji su oni personifikacija, nije bilo mogu\u0107e svatanje, da se vjera ne mo\u017ee iskorijeniti uni\u0161tavanjem, uklanjanjem ili skrnavljenjem vjerskih objekata. Ru\u0161enje i uklanjanje i jeste gore od skrnavljanja. Vjerovatno im svemogu\u0107i Bog nije dao toliku pamet i toliki razum da bi to razumjeli. I dobro je \u0161to je tako.<br \/>\nPrimjeri suludih i krvavih ratova devedesetih godina pro\u0161log vijeka, su pravi dokaz da se ru\u0161enjem i uni\u0161tavanjem vjerskih i kulturnih objekata i spomenika, ne mo\u017ee uni\u0161titi vjera i vjerovanje u Boga, bez obzira na sve okolnosti. Ali se Na\u017ealost, istorija mnogo drasti\u010dnije ponovila na ovim prostorima. Raspala se jedna velika zemllja, stotine vjerskih objekata je razoreno i uni\u0161teno, ali vjera je postala samo ja\u010da, a i spomenici se ponovo obnavljaju i to na mjestima i temeljima gdje su i bili.<br \/>\nZa mnoge doma\u0107e i strane goste, koji danas dolaze na na\u0161oj zelenoj pijaci , posebno kada poku\u0161avaju da na\u0111u parking za automobil, izgleda malo neobi\u010dno da je parking na \u00bbStaroj autobuskoj stanici\u00ab skoro uvijek prazan. Oni i ne slute da mnogi Ulcinjani izbjegavaju da parkiraju na tom mjestu, i ako je on skoro uvijek poluprazan i relativno jeftin. Ulcinjani znaju, da je na tom mjestu nekada bila jedna prelijepa d\u017eamija i da se i dan danas na tom svetom mjestu, nalaze i tri poznata turbeta i groblje. Neznam, dali je to jedan od mnogih razloga, ali u svakom slu\u010daju to mjesto i ne donosi, ba\u0161 mnogo profita i sre\u0107e svima onima koji tu rade ili se tuda kre\u0107u.<br \/>\nJa nijesam prorok, ali znam jo\u0161 iz djetinjstva, a i kasnije da su se na tom mjestu \u010desto mijenjali i vlasnici i zanimanja, ali ne vidim da se ne\u0161to tu posebno de\u0161ava. Sada ima par lokala ili radnji ..dolazili su nekad i autobusi, jer je izgra\u0111ena i velika autobuska stanica, ali ju je zemljotres 1979 godine sru\u0161io. Neznam, vidim sada neki palme, ali se ni\u0161ta posebno ne de\u0161ava. Plaz koji su komunisti silom oduzeli Islamskoj zajednici, ne mo\u017ee donijeti bilo kome li\u010dno, niti bilo kojoj instituciji nikakvog profita, niti bilo kakvog uspjeha. Mislim da bi se i \u010duveni Kapetan Lika Kacemi, ili Lika Ceni, koji je dao plaz, i izgradio i d\u017eamiju 1779 godine, slo\u017eio samnom, da bi bilo dobro i pravedno, da se Islamskoj vjerskoj zajednici vrati njeno vlasni\u0161tvo. Ja nijesam pravnik, niti sudija ali pomalo \u010ditam, a i znam pone\u0161to o zakonu o \u00bbrestituciji\u00ab a i znam kao germanista, i kao \u010dovjek koji \u010dita i pi\u0161e na puno jezika, da nam je svima cilj Evropa, a u noj nema mjesta za ru\u0161enje i nepo\u0161tovanje vjere i vjerskih objekata.<br \/>\nD\u017eamija \u00bbMeraja\u00ab je ostala mnogima u sje\u0107anju, vjerovatno i zbog drvenog minareta, ali sam siguran, da je posebno ostala u sje\u0107anju zbog okoline i ostalih prate\u0107ih objekata. Zamislite tri turbeta, koja i danas postoje tu u blizini mjesta gdje je stajala d\u017eamija, kao nijemi svjedoci njihovog varvarstva. Ubije\u0111en sam, da ne samo iz sujevjerja, ve\u0107 i iz straha, ti silni junaci su se ipak upla\u0161ili, i zbog toga vjerujem i nijesu poru\u0161ili turbe. Mi\u0161ljenja sam, da bez obzira na mrak u njihovim du\u0161ama i umovima, strah je ljudska kategorija, i siguran sam da je to jedini razlog, \u0161to nijesu uklonili groblje ni turbe. Nema drugog obja\u0161njenja., jer njihova \u00bbnacionalizacija\u00ab je i\u0161la toliko daleko, da su \u010dak sve to i to ozvani\u010dili i raznim papirima. Znaju se i brojevi rije\u0161enja o nacionalizaciji i parcela u kvadratnim metrima i td..radili su oni po svojim zakonima, dok, o bo\u017ejim nijesu puno razmi\u0161ljalji. \u010cak su nagovarali i ljude, i neke vjernike da ka\u017eu, kako imamo dovoljno d\u017eamija.<br \/>\nAli bilo je oni drugih koji su i pru\u017eali otpor, takvoj politici i takvom varvarstvu. Zamislite, ogroman bager ispred \u00bbLamine\u00ab d\u017eamije, i jednog hrabrog imama, kome ho\u0107u, da sa posebnim po\u0161tovanjem i pijetetom pomenem i ime, imama Mulla Ibrahima, koji stoji ispred bagera i ka\u017ee\u00ab d\u017eamiju \u0107ete sru\u0161it , ali samo preko mene, mrtvog\u00ab I nijesu je uspjeli sru\u0161iti, opstala je ostala i danas slu\u017ei svojoj namjeni, upravo zahvaljuju\u0107i ovom hrabrom \u010dovjeku.<br \/>\nMe\u0111utim, d\u017eamija \u00bbMeraja\u00ab nije imala takvog imama, niti je iko tada mogao odbraniti. Komunisti su ugrabili momenat, kada je ona bila zatvorena zbog oronulosti, i veoma brzo su donijeli rije\u0161enje o njenoj nacionalizaciji . Nesvatlivo, \u00bbnacionalizovati\u00ab vjerski objekat, dakle d\u017eamiju i njenu okolinu, i mjesto koje je neko poklonio gradu i Islamskoj vjerskoj zajednici. Tako \u0107e ostati zapisano da je te 1968 godine sru\u0161ena i uklonjena jedna d\u017eamija koju je neko izgradio u svojoj mahali, kako bi se u njoj vr\u0161ili vjerski obredi i klanjao Namaz . Umjesto da se renovira i sa\u010duva, stigao je bager i ona je nestala , ali je ostala u sje\u0107anjima jo\u0161 uvijek \u017eivih ljudi koji su u njoj klanjali, ali i na nekim fotografijama..Ubrzo nakon toga po\u010dinje da se gradi famozna autobuska stanica, koja nakon desetak godina nestaje u zemljotresu ..<br \/>\nDanas se na njenom mjestu nalazi nekoliko lokala i radnji i parking , gdje se uglavnom nalaze automobili, koji tra\u017ee nove kupce. Vi\u0161e nema d\u017eamije, ali postoji nada da \u0107e se ona bo\u017ejom voljom, kao i ona na na\u0161em Pristanu opet uzdignuti, i da \u0107e se sa njenog minareta ponovo \u010duti glas mujezina. Nikad se nezna.Turbeta koja se nalaze u njenoj blizini i groblje, su opomena svima onima koji bi morali da razmisle o prolaznosti ovozemaljskog \u017eivota. Veliki Imami koji su klanjali u ovoj poznatoj d\u017eamiji, Mali\u0107 Pulti, Said Bojku i Jakub Mila i mnogi drugi koji su u njoj klanjali, tek tada bi na\u0161li svoj pravi mir. Ne bi bilo dobro, da se novim urbanisti\u010dkim planovima ne razmi\u0161lja i o d\u017eamiji na njenim temeljima. Islamska vjerska zajednica Ulcinja kao sastavni dio Me\u0161ihata islamske vjerske zajednice Crne Gore, bi morala preduzeti korake na povra\u0107aju svoje imovine.<br \/>\nTo je prvenstveno dug prema \u010dovjeku, koji je dao sredstva i podigao d\u017eamiju, ali i dug, prema svima onima koji su klanjali u njoj namaz. Bio bi to pravi civilizacijski korak ka Evropi, pravi korak ja\u010danja, su\u017eivota u jednoj multikonfesionalnoj zajednici, kao \u0161to je ova na\u0161a ovdje u Ulcinju.Takav korak bi pozdravili svi dobronamjerni ljudi \u0161irom Planete..bio bi to samo dokaz pravog puta na\u0161e zemlje prema evropskim integracijama.<\/p>\n<p><strong><a href=\"https:\/\/www.facebook.com\/photo.php?fbid=3352427413705&amp;set=a.1089990814204.2015521.1359492972&amp;type=1\" target=\"_blank\">Ulcinj, 2012. Ismet KARAMANGA <\/a>\u2013 \u00a0<a href=\"https:\/\/www.facebook.com\/profile.php?id=100000594260891\">Dali Lazoja<\/a> Facebook<\/strong><\/p>\n<p><strong><!--YouTube Error: bad URL entered--><\/strong><\/p>\n","protected":false},"excerpt":{"rendered":"<p>&nbsp; D\u017dAMIJA \u00bbMERAJA\u00ab Dok gedam ovu fotografiju stare d\u017eamije \u00bbMeraja\u00ab, i turbeta pored nje, razmi\u0161ljam sa nostalgijom, o starim vremenima, razmi\u0161ljam o na\u0161oj pro\u0161losti, i o svemu onome, \u0161to je na\u0161 grad \u010dinilo tako privla\u010dnim i atraktivnim, posebno za strane turiste. \u0160esdesetih godina pro\u0161log vijeka, oni pravi \u00bbstrani gosti\u00ab po\u010deli su da otkrivaju, kako su [&hellip;]<\/p>\n","protected":false},"author":1,"featured_media":0,"comment_status":"open","ping_status":"closed","sticky":false,"template":"","format":"standard","meta":{"spay_email":"","jetpack_publicize_message":"","jetpack_is_tweetstorm":false,"jetpack_publicize_feature_enabled":true},"categories":[8337],"tags":[20067,2759,437,20068],"jetpack_publicize_connections":[],"yoast_head":"<!-- This site is optimized with the Yoast SEO plugin v19.1 - https:\/\/yoast.com\/wordpress\/plugins\/seo\/ -->\n<title>D\u017eamija \u201cMeraja\u201d Ulcinj - Video - Lajme nga Ulqini<\/title>\n<meta name=\"description\" content=\"&nbsp; D\u017dAMIJA \u00bbMERAJA\u00ab Dok gedam ovu fotografiju stare d\u017eamije \u00bbMeraja\u00ab, i turbeta pored nje, razmi\u0161ljam sa nostalgijom, o starim vremenima, razmi\u0161ljam o\" \/>\n<meta name=\"robots\" content=\"index, follow, max-snippet:-1, max-image-preview:large, max-video-preview:-1\" \/>\n<link rel=\"canonical\" href=\"https:\/\/www.visit-ulcinj.com\/blog\/2012\/02\/22\/dzamija-meraja-ulcinj-video\/\" \/>\n<meta property=\"og:locale\" content=\"en_US\" \/>\n<meta property=\"og:type\" content=\"article\" \/>\n<meta property=\"og:title\" content=\"D\u017eamija \u201cMeraja\u201d Ulcinj - Video - Lajme nga Ulqini\" \/>\n<meta property=\"og:description\" content=\"&nbsp; D\u017dAMIJA \u00bbMERAJA\u00ab Dok gedam ovu fotografiju stare d\u017eamije \u00bbMeraja\u00ab, i turbeta pored nje, razmi\u0161ljam sa nostalgijom, o starim vremenima, razmi\u0161ljam o\" \/>\n<meta property=\"og:url\" content=\"https:\/\/www.visit-ulcinj.com\/blog\/2012\/02\/22\/dzamija-meraja-ulcinj-video\/\" \/>\n<meta property=\"og:site_name\" content=\"Lajme nga Ulqini\" \/>\n<meta property=\"article:published_time\" content=\"2012-02-22T22:11:21+00:00\" \/>\n<meta property=\"article:modified_time\" content=\"2012-02-22T22:14:09+00:00\" \/>\n<meta property=\"og:image\" content=\"http:\/\/www.visit-ulcinj.com\/blog\/wp-content\/uploads\/2012\/02\/Dzamija_Meraja_Ulcinj.jpg\" \/>\n<meta name=\"twitter:label1\" content=\"Written by\" \/>\n\t<meta name=\"twitter:data1\" content=\"ulqini\" \/>\n\t<meta name=\"twitter:label2\" content=\"Est. reading time\" \/>\n\t<meta name=\"twitter:data2\" content=\"8 minutes\" \/>\n<script type=\"application\/ld+json\" class=\"yoast-schema-graph\">{\"@context\":\"https:\/\/schema.org\",\"@graph\":[{\"@type\":\"WebSite\",\"@id\":\"https:\/\/www.visit-ulcinj.com\/blog\/#website\",\"url\":\"https:\/\/www.visit-ulcinj.com\/blog\/\",\"name\":\"Lajme nga Ulqini\",\"description\":\"Lajme,Vijesti,Ulqini,Ulqin,Crna Gora,Mali i Zi\",\"potentialAction\":[{\"@type\":\"SearchAction\",\"target\":{\"@type\":\"EntryPoint\",\"urlTemplate\":\"https:\/\/www.visit-ulcinj.com\/blog\/?s={search_term_string}\"},\"query-input\":\"required name=search_term_string\"}],\"inLanguage\":\"en-US\"},{\"@type\":\"ImageObject\",\"inLanguage\":\"en-US\",\"@id\":\"https:\/\/www.visit-ulcinj.com\/blog\/2012\/02\/22\/dzamija-meraja-ulcinj-video\/#primaryimage\",\"url\":\"https:\/\/www.visit-ulcinj.com\/blog\/wp-content\/uploads\/2012\/02\/Dzamija_Meraja_Ulcinj.jpg\",\"contentUrl\":\"https:\/\/www.visit-ulcinj.com\/blog\/wp-content\/uploads\/2012\/02\/Dzamija_Meraja_Ulcinj.jpg\",\"width\":\"619\",\"height\":\"465\"},{\"@type\":\"WebPage\",\"@id\":\"https:\/\/www.visit-ulcinj.com\/blog\/2012\/02\/22\/dzamija-meraja-ulcinj-video\/#webpage\",\"url\":\"https:\/\/www.visit-ulcinj.com\/blog\/2012\/02\/22\/dzamija-meraja-ulcinj-video\/\",\"name\":\"D\u017eamija \u201cMeraja\u201d Ulcinj - Video - Lajme nga Ulqini\",\"isPartOf\":{\"@id\":\"https:\/\/www.visit-ulcinj.com\/blog\/#website\"},\"primaryImageOfPage\":{\"@id\":\"https:\/\/www.visit-ulcinj.com\/blog\/2012\/02\/22\/dzamija-meraja-ulcinj-video\/#primaryimage\"},\"datePublished\":\"2012-02-22T22:11:21+00:00\",\"dateModified\":\"2012-02-22T22:14:09+00:00\",\"author\":{\"@id\":\"https:\/\/www.visit-ulcinj.com\/blog\/#\/schema\/person\/dcab619c614d3038751c63bc2aadc06d\"},\"description\":\"&nbsp; D\u017dAMIJA \u00bbMERAJA\u00ab Dok gedam ovu fotografiju stare d\u017eamije \u00bbMeraja\u00ab, i turbeta pored nje, razmi\u0161ljam sa nostalgijom, o starim vremenima, razmi\u0161ljam o\",\"breadcrumb\":{\"@id\":\"https:\/\/www.visit-ulcinj.com\/blog\/2012\/02\/22\/dzamija-meraja-ulcinj-video\/#breadcrumb\"},\"inLanguage\":\"en-US\",\"potentialAction\":[{\"@type\":\"ReadAction\",\"target\":[\"https:\/\/www.visit-ulcinj.com\/blog\/2012\/02\/22\/dzamija-meraja-ulcinj-video\/\"]}]},{\"@type\":\"BreadcrumbList\",\"@id\":\"https:\/\/www.visit-ulcinj.com\/blog\/2012\/02\/22\/dzamija-meraja-ulcinj-video\/#breadcrumb\",\"itemListElement\":[{\"@type\":\"ListItem\",\"position\":1,\"name\":\"D\u017eamija \u201cMeraja\u201d Ulcinj &#8211; Video\"}]},{\"@type\":\"Person\",\"@id\":\"https:\/\/www.visit-ulcinj.com\/blog\/#\/schema\/person\/dcab619c614d3038751c63bc2aadc06d\",\"name\":\"ulqini\",\"sameAs\":[\"http:\/\/www.visit-ulcinj.com\"],\"url\":\"https:\/\/www.visit-ulcinj.com\/blog\/author\/admin\/\"}]}<\/script>\n<!-- \/ Yoast SEO plugin. -->","yoast_head_json":{"title":"D\u017eamija \u201cMeraja\u201d Ulcinj - Video - Lajme nga Ulqini","description":"&nbsp; D\u017dAMIJA \u00bbMERAJA\u00ab Dok gedam ovu fotografiju stare d\u017eamije \u00bbMeraja\u00ab, i turbeta pored nje, razmi\u0161ljam sa nostalgijom, o starim vremenima, razmi\u0161ljam o","robots":{"index":"index","follow":"follow","max-snippet":"max-snippet:-1","max-image-preview":"max-image-preview:large","max-video-preview":"max-video-preview:-1"},"canonical":"https:\/\/www.visit-ulcinj.com\/blog\/2012\/02\/22\/dzamija-meraja-ulcinj-video\/","og_locale":"en_US","og_type":"article","og_title":"D\u017eamija \u201cMeraja\u201d Ulcinj - Video - Lajme nga Ulqini","og_description":"&nbsp; D\u017dAMIJA \u00bbMERAJA\u00ab Dok gedam ovu fotografiju stare d\u017eamije \u00bbMeraja\u00ab, i turbeta pored nje, razmi\u0161ljam sa nostalgijom, o starim vremenima, razmi\u0161ljam o","og_url":"https:\/\/www.visit-ulcinj.com\/blog\/2012\/02\/22\/dzamija-meraja-ulcinj-video\/","og_site_name":"Lajme nga Ulqini","article_published_time":"2012-02-22T22:11:21+00:00","article_modified_time":"2012-02-22T22:14:09+00:00","og_image":[{"url":"http:\/\/www.visit-ulcinj.com\/blog\/wp-content\/uploads\/2012\/02\/Dzamija_Meraja_Ulcinj.jpg"}],"twitter_misc":{"Written by":"ulqini","Est. reading time":"8 minutes"},"schema":{"@context":"https:\/\/schema.org","@graph":[{"@type":"WebSite","@id":"https:\/\/www.visit-ulcinj.com\/blog\/#website","url":"https:\/\/www.visit-ulcinj.com\/blog\/","name":"Lajme nga Ulqini","description":"Lajme,Vijesti,Ulqini,Ulqin,Crna Gora,Mali i Zi","potentialAction":[{"@type":"SearchAction","target":{"@type":"EntryPoint","urlTemplate":"https:\/\/www.visit-ulcinj.com\/blog\/?s={search_term_string}"},"query-input":"required name=search_term_string"}],"inLanguage":"en-US"},{"@type":"ImageObject","inLanguage":"en-US","@id":"https:\/\/www.visit-ulcinj.com\/blog\/2012\/02\/22\/dzamija-meraja-ulcinj-video\/#primaryimage","url":"https:\/\/www.visit-ulcinj.com\/blog\/wp-content\/uploads\/2012\/02\/Dzamija_Meraja_Ulcinj.jpg","contentUrl":"https:\/\/www.visit-ulcinj.com\/blog\/wp-content\/uploads\/2012\/02\/Dzamija_Meraja_Ulcinj.jpg","width":"619","height":"465"},{"@type":"WebPage","@id":"https:\/\/www.visit-ulcinj.com\/blog\/2012\/02\/22\/dzamija-meraja-ulcinj-video\/#webpage","url":"https:\/\/www.visit-ulcinj.com\/blog\/2012\/02\/22\/dzamija-meraja-ulcinj-video\/","name":"D\u017eamija \u201cMeraja\u201d Ulcinj - Video - Lajme nga Ulqini","isPartOf":{"@id":"https:\/\/www.visit-ulcinj.com\/blog\/#website"},"primaryImageOfPage":{"@id":"https:\/\/www.visit-ulcinj.com\/blog\/2012\/02\/22\/dzamija-meraja-ulcinj-video\/#primaryimage"},"datePublished":"2012-02-22T22:11:21+00:00","dateModified":"2012-02-22T22:14:09+00:00","author":{"@id":"https:\/\/www.visit-ulcinj.com\/blog\/#\/schema\/person\/dcab619c614d3038751c63bc2aadc06d"},"description":"&nbsp; D\u017dAMIJA \u00bbMERAJA\u00ab Dok gedam ovu fotografiju stare d\u017eamije \u00bbMeraja\u00ab, i turbeta pored nje, razmi\u0161ljam sa nostalgijom, o starim vremenima, razmi\u0161ljam o","breadcrumb":{"@id":"https:\/\/www.visit-ulcinj.com\/blog\/2012\/02\/22\/dzamija-meraja-ulcinj-video\/#breadcrumb"},"inLanguage":"en-US","potentialAction":[{"@type":"ReadAction","target":["https:\/\/www.visit-ulcinj.com\/blog\/2012\/02\/22\/dzamija-meraja-ulcinj-video\/"]}]},{"@type":"BreadcrumbList","@id":"https:\/\/www.visit-ulcinj.com\/blog\/2012\/02\/22\/dzamija-meraja-ulcinj-video\/#breadcrumb","itemListElement":[{"@type":"ListItem","position":1,"name":"D\u017eamija \u201cMeraja\u201d Ulcinj &#8211; Video"}]},{"@type":"Person","@id":"https:\/\/www.visit-ulcinj.com\/blog\/#\/schema\/person\/dcab619c614d3038751c63bc2aadc06d","name":"ulqini","sameAs":["http:\/\/www.visit-ulcinj.com"],"url":"https:\/\/www.visit-ulcinj.com\/blog\/author\/admin\/"}]}},"jetpack_featured_media_url":"","jetpack_sharing_enabled":true,"jetpack_shortlink":"https:\/\/wp.me\/pe6lTn-eZq","_links":{"self":[{"href":"https:\/\/www.visit-ulcinj.com\/blog\/wp-json\/wp\/v2\/posts\/57624"}],"collection":[{"href":"https:\/\/www.visit-ulcinj.com\/blog\/wp-json\/wp\/v2\/posts"}],"about":[{"href":"https:\/\/www.visit-ulcinj.com\/blog\/wp-json\/wp\/v2\/types\/post"}],"author":[{"embeddable":true,"href":"https:\/\/www.visit-ulcinj.com\/blog\/wp-json\/wp\/v2\/users\/1"}],"replies":[{"embeddable":true,"href":"https:\/\/www.visit-ulcinj.com\/blog\/wp-json\/wp\/v2\/comments?post=57624"}],"version-history":[{"count":2,"href":"https:\/\/www.visit-ulcinj.com\/blog\/wp-json\/wp\/v2\/posts\/57624\/revisions"}],"predecessor-version":[{"id":57629,"href":"https:\/\/www.visit-ulcinj.com\/blog\/wp-json\/wp\/v2\/posts\/57624\/revisions\/57629"}],"wp:attachment":[{"href":"https:\/\/www.visit-ulcinj.com\/blog\/wp-json\/wp\/v2\/media?parent=57624"}],"wp:term":[{"taxonomy":"category","embeddable":true,"href":"https:\/\/www.visit-ulcinj.com\/blog\/wp-json\/wp\/v2\/categories?post=57624"},{"taxonomy":"post_tag","embeddable":true,"href":"https:\/\/www.visit-ulcinj.com\/blog\/wp-json\/wp\/v2\/tags?post=57624"}],"curies":[{"name":"wp","href":"https:\/\/api.w.org\/{rel}","templated":true}]}}