{"id":57665,"date":"2012-02-23T12:49:03","date_gmt":"2012-02-23T11:49:03","guid":{"rendered":"http:\/\/www.visit-ulcinj.com\/blog\/?p=57665"},"modified":"2012-02-23T12:49:03","modified_gmt":"2012-02-23T11:49:03","slug":"ilaci-i-sabri-fejzullahut-video","status":"publish","type":"post","link":"https:\/\/www.visit-ulcinj.com\/blog\/2012\/02\/23\/ilaci-i-sabri-fejzullahut-video\/","title":{"rendered":"Ila\u00e7i i Sabri Fejzullahut &#8211; Video"},"content":{"rendered":"<p><a href=\"http:\/\/www.visit-ulcinj.com\/blog\/wp-content\/uploads\/2012\/02\/Ila\u00e7i-i-Sabri-Fejzullahut.jpg\"><img loading=\"lazy\" class=\"alignleft  wp-image-57666\" title=\"Ila\u00e7i i Sabri Fejzullahut\" src=\"http:\/\/www.visit-ulcinj.com\/blog\/wp-content\/uploads\/2012\/02\/Ila\u00e7i-i-Sabri-Fejzullahut.jpg\" alt=\"\" width=\"508\" height=\"367\" \/><\/a>Tiran\u00eb, 23 shkurt &#8211; Sapo ka ardhur edhe nj\u00eb video n\u00eb tregun muzikor shqiptar, dhe b\u00ebhet fjal\u00eb p\u00ebr nj\u00eb k\u00ebng\u00eb q\u00eb n\u00eb audio \u00ebsht\u00eb d\u00ebgjuar shum\u00eb. \u201cIla\u00e7i im\u201d \u00ebsht\u00eb kjo k\u00ebnga q\u00eb sapo \u00ebsht\u00eb promovuar me videoklip, k\u00ebnduar nga k\u00ebng\u00ebtari i njohur i muzik\u00ebs shqiptare Sabri Fejzullahu dhe k\u00ebng\u00ebtarja Vjollca Haxhiu. Teksti i k\u00ebng\u00ebs \u00ebsht\u00eb shkruar nga Fatmir Muja, nd\u00ebrsa muzika \u00ebsht\u00eb b\u00ebr\u00eb nga Alban Furtuna dhe video e xhiruar nga Max Production. K\u00ebnga e cila n\u00eb internet \u00ebsht\u00eb hedhur nj\u00eb muaj m\u00eb par\u00eb n\u00eb versionin audio, \u00ebsht\u00eb nj\u00eb prej k\u00ebng\u00ebve m\u00eb t\u00eb d\u00ebgjuara shqiptare, sidomos n\u00ebp\u00ebr radiostacione.<\/p>\n<p><strong>Koha Net<\/strong><\/p>\n<!--YouTube Error: bad URL entered-->\n","protected":false},"excerpt":{"rendered":"<p>Tiran\u00eb, 23 shkurt &#8211; Sapo ka ardhur edhe nj\u00eb video n\u00eb tregun muzikor shqiptar, dhe b\u00ebhet fjal\u00eb p\u00ebr nj\u00eb k\u00ebng\u00eb q\u00eb n\u00eb audio \u00ebsht\u00eb d\u00ebgjuar shum\u00eb. \u201cIla\u00e7i im\u201d \u00ebsht\u00eb kjo k\u00ebnga q\u00eb sapo \u00ebsht\u00eb promovuar me videoklip, k\u00ebnduar nga k\u00ebng\u00ebtari i njohur i muzik\u00ebs shqiptare Sabri Fejzullahu dhe k\u00ebng\u00ebtarja Vjollca Haxhiu. Teksti i k\u00ebng\u00ebs \u00ebsht\u00eb [&hellip;]<\/p>\n","protected":false},"author":1,"featured_media":0,"comment_status":"open","ping_status":"closed","sticky":false,"template":"","format":"standard","meta":{"spay_email":"","jetpack_publicize_message":"","jetpack_is_tweetstorm":false,"jetpack_publicize_feature_enabled":true},"categories":[1],"tags":[5047],"jetpack_publicize_connections":[],"yoast_head":"<!-- This site is optimized with the Yoast SEO plugin v19.1 - https:\/\/yoast.com\/wordpress\/plugins\/seo\/ -->\n<title>Ila\u00e7i i Sabri Fejzullahut - Video - Lajme nga Ulqini<\/title>\n<meta name=\"description\" content=\"Tiran\u00eb, 23 shkurt - Sapo ka ardhur edhe nj\u00eb video n\u00eb tregun muzikor shqiptar, dhe b\u00ebhet fjal\u00eb p\u00ebr nj\u00eb k\u00ebng\u00eb q\u00eb n\u00eb audio \u00ebsht\u00eb d\u00ebgjuar shum\u00eb. \u201cIla\u00e7i im\u201d\" \/>\n<meta name=\"robots\" content=\"index, follow, max-snippet:-1, max-image-preview:large, max-video-preview:-1\" \/>\n<link rel=\"canonical\" href=\"https:\/\/www.visit-ulcinj.com\/blog\/2012\/02\/23\/ilaci-i-sabri-fejzullahut-video\/\" \/>\n<meta property=\"og:locale\" content=\"en_US\" \/>\n<meta property=\"og:type\" content=\"article\" \/>\n<meta property=\"og:title\" content=\"Ila\u00e7i i Sabri Fejzullahut - Video - Lajme nga Ulqini\" \/>\n<meta property=\"og:description\" content=\"Tiran\u00eb, 23 shkurt - Sapo ka ardhur edhe nj\u00eb video n\u00eb tregun muzikor shqiptar, dhe b\u00ebhet fjal\u00eb p\u00ebr nj\u00eb k\u00ebng\u00eb q\u00eb n\u00eb audio \u00ebsht\u00eb d\u00ebgjuar shum\u00eb. \u201cIla\u00e7i im\u201d\" \/>\n<meta property=\"og:url\" content=\"https:\/\/www.visit-ulcinj.com\/blog\/2012\/02\/23\/ilaci-i-sabri-fejzullahut-video\/\" \/>\n<meta property=\"og:site_name\" content=\"Lajme nga Ulqini\" \/>\n<meta property=\"article:published_time\" content=\"2012-02-23T11:49:03+00:00\" \/>\n<meta name=\"twitter:label1\" content=\"Written by\" \/>\n\t<meta name=\"twitter:data1\" content=\"ulqini\" \/>\n\t<meta name=\"twitter:label2\" content=\"Est. reading time\" \/>\n\t<meta name=\"twitter:data2\" content=\"1 minute\" \/>\n<script type=\"application\/ld+json\" class=\"yoast-schema-graph\">{\"@context\":\"https:\/\/schema.org\",\"@graph\":[{\"@type\":\"WebSite\",\"@id\":\"https:\/\/www.visit-ulcinj.com\/blog\/#website\",\"url\":\"https:\/\/www.visit-ulcinj.com\/blog\/\",\"name\":\"Lajme nga Ulqini\",\"description\":\"Lajme,Vijesti,Ulqini,Ulqin,Crna Gora,Mali i Zi\",\"potentialAction\":[{\"@type\":\"SearchAction\",\"target\":{\"@type\":\"EntryPoint\",\"urlTemplate\":\"https:\/\/www.visit-ulcinj.com\/blog\/?s={search_term_string}\"},\"query-input\":\"required name=search_term_string\"}],\"inLanguage\":\"en-US\"},{\"@type\":\"WebPage\",\"@id\":\"https:\/\/www.visit-ulcinj.com\/blog\/2012\/02\/23\/ilaci-i-sabri-fejzullahut-video\/#webpage\",\"url\":\"https:\/\/www.visit-ulcinj.com\/blog\/2012\/02\/23\/ilaci-i-sabri-fejzullahut-video\/\",\"name\":\"Ila\u00e7i i Sabri Fejzullahut - Video - Lajme nga Ulqini\",\"isPartOf\":{\"@id\":\"https:\/\/www.visit-ulcinj.com\/blog\/#website\"},\"datePublished\":\"2012-02-23T11:49:03+00:00\",\"dateModified\":\"2012-02-23T11:49:03+00:00\",\"author\":{\"@id\":\"https:\/\/www.visit-ulcinj.com\/blog\/#\/schema\/person\/dcab619c614d3038751c63bc2aadc06d\"},\"description\":\"Tiran\u00eb, 23 shkurt - Sapo ka ardhur edhe nj\u00eb video n\u00eb tregun muzikor shqiptar, dhe b\u00ebhet fjal\u00eb p\u00ebr nj\u00eb k\u00ebng\u00eb q\u00eb n\u00eb audio \u00ebsht\u00eb d\u00ebgjuar shum\u00eb. \u201cIla\u00e7i im\u201d\",\"breadcrumb\":{\"@id\":\"https:\/\/www.visit-ulcinj.com\/blog\/2012\/02\/23\/ilaci-i-sabri-fejzullahut-video\/#breadcrumb\"},\"inLanguage\":\"en-US\",\"potentialAction\":[{\"@type\":\"ReadAction\",\"target\":[\"https:\/\/www.visit-ulcinj.com\/blog\/2012\/02\/23\/ilaci-i-sabri-fejzullahut-video\/\"]}]},{\"@type\":\"BreadcrumbList\",\"@id\":\"https:\/\/www.visit-ulcinj.com\/blog\/2012\/02\/23\/ilaci-i-sabri-fejzullahut-video\/#breadcrumb\",\"itemListElement\":[{\"@type\":\"ListItem\",\"position\":1,\"name\":\"Ila\u00e7i i Sabri Fejzullahut &#8211; Video\"}]},{\"@type\":\"Person\",\"@id\":\"https:\/\/www.visit-ulcinj.com\/blog\/#\/schema\/person\/dcab619c614d3038751c63bc2aadc06d\",\"name\":\"ulqini\",\"sameAs\":[\"http:\/\/www.visit-ulcinj.com\"],\"url\":\"https:\/\/www.visit-ulcinj.com\/blog\/author\/admin\/\"}]}<\/script>\n<!-- \/ Yoast SEO plugin. -->","yoast_head_json":{"title":"Ila\u00e7i i Sabri Fejzullahut - Video - Lajme nga Ulqini","description":"Tiran\u00eb, 23 shkurt - Sapo ka ardhur edhe nj\u00eb video n\u00eb tregun muzikor shqiptar, dhe b\u00ebhet fjal\u00eb p\u00ebr nj\u00eb k\u00ebng\u00eb q\u00eb n\u00eb audio \u00ebsht\u00eb d\u00ebgjuar shum\u00eb. \u201cIla\u00e7i im\u201d","robots":{"index":"index","follow":"follow","max-snippet":"max-snippet:-1","max-image-preview":"max-image-preview:large","max-video-preview":"max-video-preview:-1"},"canonical":"https:\/\/www.visit-ulcinj.com\/blog\/2012\/02\/23\/ilaci-i-sabri-fejzullahut-video\/","og_locale":"en_US","og_type":"article","og_title":"Ila\u00e7i i Sabri Fejzullahut - Video - Lajme nga Ulqini","og_description":"Tiran\u00eb, 23 shkurt - Sapo ka ardhur edhe nj\u00eb video n\u00eb tregun muzikor shqiptar, dhe b\u00ebhet fjal\u00eb p\u00ebr nj\u00eb k\u00ebng\u00eb q\u00eb n\u00eb audio \u00ebsht\u00eb d\u00ebgjuar shum\u00eb. \u201cIla\u00e7i im\u201d","og_url":"https:\/\/www.visit-ulcinj.com\/blog\/2012\/02\/23\/ilaci-i-sabri-fejzullahut-video\/","og_site_name":"Lajme nga Ulqini","article_published_time":"2012-02-23T11:49:03+00:00","twitter_misc":{"Written by":"ulqini","Est. reading time":"1 minute"},"schema":{"@context":"https:\/\/schema.org","@graph":[{"@type":"WebSite","@id":"https:\/\/www.visit-ulcinj.com\/blog\/#website","url":"https:\/\/www.visit-ulcinj.com\/blog\/","name":"Lajme nga Ulqini","description":"Lajme,Vijesti,Ulqini,Ulqin,Crna Gora,Mali i Zi","potentialAction":[{"@type":"SearchAction","target":{"@type":"EntryPoint","urlTemplate":"https:\/\/www.visit-ulcinj.com\/blog\/?s={search_term_string}"},"query-input":"required name=search_term_string"}],"inLanguage":"en-US"},{"@type":"WebPage","@id":"https:\/\/www.visit-ulcinj.com\/blog\/2012\/02\/23\/ilaci-i-sabri-fejzullahut-video\/#webpage","url":"https:\/\/www.visit-ulcinj.com\/blog\/2012\/02\/23\/ilaci-i-sabri-fejzullahut-video\/","name":"Ila\u00e7i i Sabri Fejzullahut - Video - Lajme nga Ulqini","isPartOf":{"@id":"https:\/\/www.visit-ulcinj.com\/blog\/#website"},"datePublished":"2012-02-23T11:49:03+00:00","dateModified":"2012-02-23T11:49:03+00:00","author":{"@id":"https:\/\/www.visit-ulcinj.com\/blog\/#\/schema\/person\/dcab619c614d3038751c63bc2aadc06d"},"description":"Tiran\u00eb, 23 shkurt - Sapo ka ardhur edhe nj\u00eb video n\u00eb tregun muzikor shqiptar, dhe b\u00ebhet fjal\u00eb p\u00ebr nj\u00eb k\u00ebng\u00eb q\u00eb n\u00eb audio \u00ebsht\u00eb d\u00ebgjuar shum\u00eb. \u201cIla\u00e7i im\u201d","breadcrumb":{"@id":"https:\/\/www.visit-ulcinj.com\/blog\/2012\/02\/23\/ilaci-i-sabri-fejzullahut-video\/#breadcrumb"},"inLanguage":"en-US","potentialAction":[{"@type":"ReadAction","target":["https:\/\/www.visit-ulcinj.com\/blog\/2012\/02\/23\/ilaci-i-sabri-fejzullahut-video\/"]}]},{"@type":"BreadcrumbList","@id":"https:\/\/www.visit-ulcinj.com\/blog\/2012\/02\/23\/ilaci-i-sabri-fejzullahut-video\/#breadcrumb","itemListElement":[{"@type":"ListItem","position":1,"name":"Ila\u00e7i i Sabri Fejzullahut &#8211; Video"}]},{"@type":"Person","@id":"https:\/\/www.visit-ulcinj.com\/blog\/#\/schema\/person\/dcab619c614d3038751c63bc2aadc06d","name":"ulqini","sameAs":["http:\/\/www.visit-ulcinj.com"],"url":"https:\/\/www.visit-ulcinj.com\/blog\/author\/admin\/"}]}},"jetpack_featured_media_url":"","jetpack_sharing_enabled":true,"jetpack_shortlink":"https:\/\/wp.me\/pe6lTn-f05","_links":{"self":[{"href":"https:\/\/www.visit-ulcinj.com\/blog\/wp-json\/wp\/v2\/posts\/57665"}],"collection":[{"href":"https:\/\/www.visit-ulcinj.com\/blog\/wp-json\/wp\/v2\/posts"}],"about":[{"href":"https:\/\/www.visit-ulcinj.com\/blog\/wp-json\/wp\/v2\/types\/post"}],"author":[{"embeddable":true,"href":"https:\/\/www.visit-ulcinj.com\/blog\/wp-json\/wp\/v2\/users\/1"}],"replies":[{"embeddable":true,"href":"https:\/\/www.visit-ulcinj.com\/blog\/wp-json\/wp\/v2\/comments?post=57665"}],"version-history":[{"count":1,"href":"https:\/\/www.visit-ulcinj.com\/blog\/wp-json\/wp\/v2\/posts\/57665\/revisions"}],"predecessor-version":[{"id":57667,"href":"https:\/\/www.visit-ulcinj.com\/blog\/wp-json\/wp\/v2\/posts\/57665\/revisions\/57667"}],"wp:attachment":[{"href":"https:\/\/www.visit-ulcinj.com\/blog\/wp-json\/wp\/v2\/media?parent=57665"}],"wp:term":[{"taxonomy":"category","embeddable":true,"href":"https:\/\/www.visit-ulcinj.com\/blog\/wp-json\/wp\/v2\/categories?post=57665"},{"taxonomy":"post_tag","embeddable":true,"href":"https:\/\/www.visit-ulcinj.com\/blog\/wp-json\/wp\/v2\/tags?post=57665"}],"curies":[{"name":"wp","href":"https:\/\/api.w.org\/{rel}","templated":true}]}}