{"id":57668,"date":"2012-02-23T12:57:05","date_gmt":"2012-02-23T11:57:05","guid":{"rendered":"http:\/\/www.visit-ulcinj.com\/blog\/?p=57668"},"modified":"2012-02-23T12:57:05","modified_gmt":"2012-02-23T11:57:05","slug":"flori-mumajesi-do-te-drejtoje-top-fest-9","status":"publish","type":"post","link":"https:\/\/www.visit-ulcinj.com\/blog\/2012\/02\/23\/flori-mumajesi-do-te-drejtoje-top-fest-9\/","title":{"rendered":"Flori Mumajesi do t\u00eb drejtoj\u00eb \u201cTop Fest 9\u201d"},"content":{"rendered":"<p><a href=\"http:\/\/www.visit-ulcinj.com\/blog\/wp-content\/uploads\/2012\/02\/Flori-Mumajesi.jpg\"><img loading=\"lazy\" class=\"alignleft  wp-image-57670\" title=\"Flori Mumajesi\" src=\"http:\/\/www.visit-ulcinj.com\/blog\/wp-content\/uploads\/2012\/02\/Flori-Mumajesi.jpg\" alt=\"\" width=\"508\" height=\"380\" \/><\/a>Tiran\u00eb, 22 shkurt \u2013 M\u00eb dat\u00ebn 27 shkurt do t\u00eb filloj\u00eb n\u00eb ekranin e Top Channel-it nj\u00eb nga festivalet m\u00eb moderne t\u00eb muzik\u00ebs shqiptare, pik\u00ebrisht \u201cTop Fest 9\u2033. Dihet deri m\u00eb tani q\u00eb p\u00ebrve\u00e7 emrave t\u00eb njohur dhe t\u00eb ri q\u00eb do marrin pjes\u00eb n\u00eb t\u00eb, do t\u00eb ket\u00eb vend edhe p\u00ebr talentet e spikatur n\u00eb talent-shown \u201cThe Voice\u201d, ku Lundrimi, Marsela, Enrika dhe Rina do p\u00ebrfaq\u00ebsohen me krijimet e tyre.<\/p>\n<p>Si\u00e7 shkruan gazeta Standard, ajo q\u00eb e b\u00ebn m\u00eb t\u00eb vecant\u00eb \u201cTop Fest\u201d-in\u00a0 e k\u00ebtij viti \u00ebsht\u00eb thashetheme q\u00eb po flitet lart\u00eb e posht\u00eb, do t\u00eb drejtohet ndryshe nga m\u00eb par\u00eb, nga nj\u00eb k\u00ebng\u00ebtar. Me sa duket producent\u00ebt po mendojn\u00eb q\u00eb emrat q\u00eb e kan\u00eb prezantuar nd\u00ebr vite \u201cTop Fest\u201d, si Arbana Osmani, Albana Osmani, Ledion Li\u00e7o dhe Alban Dudushi, t\u00eb z\u00ebvend\u00ebsohen k\u00ebsaj radhe nga nj\u00eb producent i ri, por shum\u00eb i njohur Flori Mumajesi.<\/p>\n<p>Natyrisht ky lajm \u00ebsht\u00eb ende i pakonfirmuar, ashtu si\u00e7 \u00ebsht\u00eb gati e sigurt q pjesa tjet\u00ebr e dyshesh Flori-Elvana nuk do t\u00eb marrin pjes\u00eb si k\u00ebng\u00ebtar.<\/p>\n<p><strong>Koha Net<\/strong><\/p>\n<!--YouTube Error: bad URL entered-->\n","protected":false},"excerpt":{"rendered":"<p>Tiran\u00eb, 22 shkurt \u2013 M\u00eb dat\u00ebn 27 shkurt do t\u00eb filloj\u00eb n\u00eb ekranin e Top Channel-it nj\u00eb nga festivalet m\u00eb moderne t\u00eb muzik\u00ebs shqiptare, pik\u00ebrisht \u201cTop Fest 9\u2033. Dihet deri m\u00eb tani q\u00eb p\u00ebrve\u00e7 emrave t\u00eb njohur dhe t\u00eb ri q\u00eb do marrin pjes\u00eb n\u00eb t\u00eb, do t\u00eb ket\u00eb vend edhe p\u00ebr talentet e spikatur [&hellip;]<\/p>\n","protected":false},"author":1,"featured_media":0,"comment_status":"open","ping_status":"closed","sticky":false,"template":"","format":"standard","meta":{"spay_email":"","jetpack_publicize_message":"","jetpack_is_tweetstorm":false,"jetpack_publicize_feature_enabled":true},"categories":[1],"tags":[6624],"jetpack_publicize_connections":[],"yoast_head":"<!-- This site is optimized with the Yoast SEO plugin v19.1 - https:\/\/yoast.com\/wordpress\/plugins\/seo\/ -->\n<title>Flori Mumajesi do t\u00eb drejtoj\u00eb \u201cTop Fest 9\u201d - Lajme nga Ulqini<\/title>\n<meta name=\"description\" content=\"Tiran\u00eb, 22 shkurt \u2013 M\u00eb dat\u00ebn 27 shkurt do t\u00eb filloj\u00eb n\u00eb ekranin e Top Channel-it nj\u00eb nga festivalet m\u00eb moderne t\u00eb muzik\u00ebs shqiptare, pik\u00ebrisht \u201cTop Fest\" \/>\n<meta name=\"robots\" content=\"index, follow, max-snippet:-1, max-image-preview:large, max-video-preview:-1\" \/>\n<link rel=\"canonical\" href=\"https:\/\/www.visit-ulcinj.com\/blog\/2012\/02\/23\/flori-mumajesi-do-te-drejtoje-top-fest-9\/\" \/>\n<meta property=\"og:locale\" content=\"en_US\" \/>\n<meta property=\"og:type\" content=\"article\" \/>\n<meta property=\"og:title\" content=\"Flori Mumajesi do t\u00eb drejtoj\u00eb \u201cTop Fest 9\u201d - Lajme nga Ulqini\" \/>\n<meta property=\"og:description\" content=\"Tiran\u00eb, 22 shkurt \u2013 M\u00eb dat\u00ebn 27 shkurt do t\u00eb filloj\u00eb n\u00eb ekranin e Top Channel-it nj\u00eb nga festivalet m\u00eb moderne t\u00eb muzik\u00ebs shqiptare, pik\u00ebrisht \u201cTop Fest\" \/>\n<meta property=\"og:url\" content=\"https:\/\/www.visit-ulcinj.com\/blog\/2012\/02\/23\/flori-mumajesi-do-te-drejtoje-top-fest-9\/\" \/>\n<meta property=\"og:site_name\" content=\"Lajme nga Ulqini\" \/>\n<meta property=\"article:published_time\" content=\"2012-02-23T11:57:05+00:00\" \/>\n<meta property=\"og:image\" content=\"http:\/\/www.visit-ulcinj.com\/blog\/wp-content\/uploads\/2012\/02\/Flori-Mumajesi.jpg\" \/>\n<meta name=\"twitter:label1\" content=\"Written by\" \/>\n\t<meta name=\"twitter:data1\" content=\"ulqini\" \/>\n\t<meta name=\"twitter:label2\" content=\"Est. reading time\" \/>\n\t<meta name=\"twitter:data2\" content=\"1 minute\" \/>\n<script type=\"application\/ld+json\" class=\"yoast-schema-graph\">{\"@context\":\"https:\/\/schema.org\",\"@graph\":[{\"@type\":\"WebSite\",\"@id\":\"https:\/\/www.visit-ulcinj.com\/blog\/#website\",\"url\":\"https:\/\/www.visit-ulcinj.com\/blog\/\",\"name\":\"Lajme nga Ulqini\",\"description\":\"Lajme,Vijesti,Ulqini,Ulqin,Crna Gora,Mali i Zi\",\"potentialAction\":[{\"@type\":\"SearchAction\",\"target\":{\"@type\":\"EntryPoint\",\"urlTemplate\":\"https:\/\/www.visit-ulcinj.com\/blog\/?s={search_term_string}\"},\"query-input\":\"required name=search_term_string\"}],\"inLanguage\":\"en-US\"},{\"@type\":\"ImageObject\",\"inLanguage\":\"en-US\",\"@id\":\"https:\/\/www.visit-ulcinj.com\/blog\/2012\/02\/23\/flori-mumajesi-do-te-drejtoje-top-fest-9\/#primaryimage\",\"url\":\"http:\/\/www.visit-ulcinj.com\/blog\/wp-content\/uploads\/2012\/02\/Flori-Mumajesi.jpg\",\"contentUrl\":\"http:\/\/www.visit-ulcinj.com\/blog\/wp-content\/uploads\/2012\/02\/Flori-Mumajesi.jpg\"},{\"@type\":\"WebPage\",\"@id\":\"https:\/\/www.visit-ulcinj.com\/blog\/2012\/02\/23\/flori-mumajesi-do-te-drejtoje-top-fest-9\/#webpage\",\"url\":\"https:\/\/www.visit-ulcinj.com\/blog\/2012\/02\/23\/flori-mumajesi-do-te-drejtoje-top-fest-9\/\",\"name\":\"Flori Mumajesi do t\u00eb drejtoj\u00eb \u201cTop Fest 9\u201d - Lajme nga Ulqini\",\"isPartOf\":{\"@id\":\"https:\/\/www.visit-ulcinj.com\/blog\/#website\"},\"primaryImageOfPage\":{\"@id\":\"https:\/\/www.visit-ulcinj.com\/blog\/2012\/02\/23\/flori-mumajesi-do-te-drejtoje-top-fest-9\/#primaryimage\"},\"datePublished\":\"2012-02-23T11:57:05+00:00\",\"dateModified\":\"2012-02-23T11:57:05+00:00\",\"author\":{\"@id\":\"https:\/\/www.visit-ulcinj.com\/blog\/#\/schema\/person\/dcab619c614d3038751c63bc2aadc06d\"},\"description\":\"Tiran\u00eb, 22 shkurt \u2013 M\u00eb dat\u00ebn 27 shkurt do t\u00eb filloj\u00eb n\u00eb ekranin e Top Channel-it nj\u00eb nga festivalet m\u00eb moderne t\u00eb muzik\u00ebs shqiptare, pik\u00ebrisht \u201cTop Fest\",\"breadcrumb\":{\"@id\":\"https:\/\/www.visit-ulcinj.com\/blog\/2012\/02\/23\/flori-mumajesi-do-te-drejtoje-top-fest-9\/#breadcrumb\"},\"inLanguage\":\"en-US\",\"potentialAction\":[{\"@type\":\"ReadAction\",\"target\":[\"https:\/\/www.visit-ulcinj.com\/blog\/2012\/02\/23\/flori-mumajesi-do-te-drejtoje-top-fest-9\/\"]}]},{\"@type\":\"BreadcrumbList\",\"@id\":\"https:\/\/www.visit-ulcinj.com\/blog\/2012\/02\/23\/flori-mumajesi-do-te-drejtoje-top-fest-9\/#breadcrumb\",\"itemListElement\":[{\"@type\":\"ListItem\",\"position\":1,\"name\":\"Flori Mumajesi do t\u00eb drejtoj\u00eb \u201cTop Fest 9\u201d\"}]},{\"@type\":\"Person\",\"@id\":\"https:\/\/www.visit-ulcinj.com\/blog\/#\/schema\/person\/dcab619c614d3038751c63bc2aadc06d\",\"name\":\"ulqini\",\"sameAs\":[\"http:\/\/www.visit-ulcinj.com\"],\"url\":\"https:\/\/www.visit-ulcinj.com\/blog\/author\/admin\/\"}]}<\/script>\n<!-- \/ Yoast SEO plugin. -->","yoast_head_json":{"title":"Flori Mumajesi do t\u00eb drejtoj\u00eb \u201cTop Fest 9\u201d - Lajme nga Ulqini","description":"Tiran\u00eb, 22 shkurt \u2013 M\u00eb dat\u00ebn 27 shkurt do t\u00eb filloj\u00eb n\u00eb ekranin e Top Channel-it nj\u00eb nga festivalet m\u00eb moderne t\u00eb muzik\u00ebs shqiptare, pik\u00ebrisht \u201cTop Fest","robots":{"index":"index","follow":"follow","max-snippet":"max-snippet:-1","max-image-preview":"max-image-preview:large","max-video-preview":"max-video-preview:-1"},"canonical":"https:\/\/www.visit-ulcinj.com\/blog\/2012\/02\/23\/flori-mumajesi-do-te-drejtoje-top-fest-9\/","og_locale":"en_US","og_type":"article","og_title":"Flori Mumajesi do t\u00eb drejtoj\u00eb \u201cTop Fest 9\u201d - Lajme nga Ulqini","og_description":"Tiran\u00eb, 22 shkurt \u2013 M\u00eb dat\u00ebn 27 shkurt do t\u00eb filloj\u00eb n\u00eb ekranin e Top Channel-it nj\u00eb nga festivalet m\u00eb moderne t\u00eb muzik\u00ebs shqiptare, pik\u00ebrisht \u201cTop Fest","og_url":"https:\/\/www.visit-ulcinj.com\/blog\/2012\/02\/23\/flori-mumajesi-do-te-drejtoje-top-fest-9\/","og_site_name":"Lajme nga Ulqini","article_published_time":"2012-02-23T11:57:05+00:00","og_image":[{"url":"http:\/\/www.visit-ulcinj.com\/blog\/wp-content\/uploads\/2012\/02\/Flori-Mumajesi.jpg"}],"twitter_misc":{"Written by":"ulqini","Est. reading time":"1 minute"},"schema":{"@context":"https:\/\/schema.org","@graph":[{"@type":"WebSite","@id":"https:\/\/www.visit-ulcinj.com\/blog\/#website","url":"https:\/\/www.visit-ulcinj.com\/blog\/","name":"Lajme nga Ulqini","description":"Lajme,Vijesti,Ulqini,Ulqin,Crna Gora,Mali i Zi","potentialAction":[{"@type":"SearchAction","target":{"@type":"EntryPoint","urlTemplate":"https:\/\/www.visit-ulcinj.com\/blog\/?s={search_term_string}"},"query-input":"required name=search_term_string"}],"inLanguage":"en-US"},{"@type":"ImageObject","inLanguage":"en-US","@id":"https:\/\/www.visit-ulcinj.com\/blog\/2012\/02\/23\/flori-mumajesi-do-te-drejtoje-top-fest-9\/#primaryimage","url":"http:\/\/www.visit-ulcinj.com\/blog\/wp-content\/uploads\/2012\/02\/Flori-Mumajesi.jpg","contentUrl":"http:\/\/www.visit-ulcinj.com\/blog\/wp-content\/uploads\/2012\/02\/Flori-Mumajesi.jpg"},{"@type":"WebPage","@id":"https:\/\/www.visit-ulcinj.com\/blog\/2012\/02\/23\/flori-mumajesi-do-te-drejtoje-top-fest-9\/#webpage","url":"https:\/\/www.visit-ulcinj.com\/blog\/2012\/02\/23\/flori-mumajesi-do-te-drejtoje-top-fest-9\/","name":"Flori Mumajesi do t\u00eb drejtoj\u00eb \u201cTop Fest 9\u201d - Lajme nga Ulqini","isPartOf":{"@id":"https:\/\/www.visit-ulcinj.com\/blog\/#website"},"primaryImageOfPage":{"@id":"https:\/\/www.visit-ulcinj.com\/blog\/2012\/02\/23\/flori-mumajesi-do-te-drejtoje-top-fest-9\/#primaryimage"},"datePublished":"2012-02-23T11:57:05+00:00","dateModified":"2012-02-23T11:57:05+00:00","author":{"@id":"https:\/\/www.visit-ulcinj.com\/blog\/#\/schema\/person\/dcab619c614d3038751c63bc2aadc06d"},"description":"Tiran\u00eb, 22 shkurt \u2013 M\u00eb dat\u00ebn 27 shkurt do t\u00eb filloj\u00eb n\u00eb ekranin e Top Channel-it nj\u00eb nga festivalet m\u00eb moderne t\u00eb muzik\u00ebs shqiptare, pik\u00ebrisht \u201cTop Fest","breadcrumb":{"@id":"https:\/\/www.visit-ulcinj.com\/blog\/2012\/02\/23\/flori-mumajesi-do-te-drejtoje-top-fest-9\/#breadcrumb"},"inLanguage":"en-US","potentialAction":[{"@type":"ReadAction","target":["https:\/\/www.visit-ulcinj.com\/blog\/2012\/02\/23\/flori-mumajesi-do-te-drejtoje-top-fest-9\/"]}]},{"@type":"BreadcrumbList","@id":"https:\/\/www.visit-ulcinj.com\/blog\/2012\/02\/23\/flori-mumajesi-do-te-drejtoje-top-fest-9\/#breadcrumb","itemListElement":[{"@type":"ListItem","position":1,"name":"Flori Mumajesi do t\u00eb drejtoj\u00eb \u201cTop Fest 9\u201d"}]},{"@type":"Person","@id":"https:\/\/www.visit-ulcinj.com\/blog\/#\/schema\/person\/dcab619c614d3038751c63bc2aadc06d","name":"ulqini","sameAs":["http:\/\/www.visit-ulcinj.com"],"url":"https:\/\/www.visit-ulcinj.com\/blog\/author\/admin\/"}]}},"jetpack_featured_media_url":"","jetpack_sharing_enabled":true,"jetpack_shortlink":"https:\/\/wp.me\/pe6lTn-f08","_links":{"self":[{"href":"https:\/\/www.visit-ulcinj.com\/blog\/wp-json\/wp\/v2\/posts\/57668"}],"collection":[{"href":"https:\/\/www.visit-ulcinj.com\/blog\/wp-json\/wp\/v2\/posts"}],"about":[{"href":"https:\/\/www.visit-ulcinj.com\/blog\/wp-json\/wp\/v2\/types\/post"}],"author":[{"embeddable":true,"href":"https:\/\/www.visit-ulcinj.com\/blog\/wp-json\/wp\/v2\/users\/1"}],"replies":[{"embeddable":true,"href":"https:\/\/www.visit-ulcinj.com\/blog\/wp-json\/wp\/v2\/comments?post=57668"}],"version-history":[{"count":2,"href":"https:\/\/www.visit-ulcinj.com\/blog\/wp-json\/wp\/v2\/posts\/57668\/revisions"}],"predecessor-version":[{"id":57672,"href":"https:\/\/www.visit-ulcinj.com\/blog\/wp-json\/wp\/v2\/posts\/57668\/revisions\/57672"}],"wp:attachment":[{"href":"https:\/\/www.visit-ulcinj.com\/blog\/wp-json\/wp\/v2\/media?parent=57668"}],"wp:term":[{"taxonomy":"category","embeddable":true,"href":"https:\/\/www.visit-ulcinj.com\/blog\/wp-json\/wp\/v2\/categories?post=57668"},{"taxonomy":"post_tag","embeddable":true,"href":"https:\/\/www.visit-ulcinj.com\/blog\/wp-json\/wp\/v2\/tags?post=57668"}],"curies":[{"name":"wp","href":"https:\/\/api.w.org\/{rel}","templated":true}]}}