{"id":57683,"date":"2012-02-23T14:08:43","date_gmt":"2012-02-23T13:08:43","guid":{"rendered":"http:\/\/www.visit-ulcinj.com\/blog\/?p=57683"},"modified":"2012-02-23T14:08:43","modified_gmt":"2012-02-23T13:08:43","slug":"hana-cakuli-kesaj-radhe-vete-e-2-ta","status":"publish","type":"post","link":"https:\/\/www.visit-ulcinj.com\/blog\/2012\/02\/23\/hana-cakuli-kesaj-radhe-vete-e-2-ta\/","title":{"rendered":"Hana Cakuli k\u00ebsaj radhe \u2018vet\u00eb e 2-ta\u2019 !"},"content":{"rendered":"<p><a href=\"http:\/\/www.visit-ulcinj.com\/blog\/wp-content\/uploads\/2012\/02\/Hana-Cakuli.jpg\"><img loading=\"lazy\" class=\"alignleft  wp-image-57685\" title=\"Hana Cakuli\" src=\"http:\/\/www.visit-ulcinj.com\/blog\/wp-content\/uploads\/2012\/02\/Hana-Cakuli.jpg\" alt=\"\" width=\"508\" height=\"360\" \/><\/a>K\u00ebng\u00ebtarja shqiptare nga Mali i zi, e cila koh\u00ebve t\u00eb fundit \u00ebsht\u00eb shfaqur edhe si moderatore, ka njoftuar se s\u00eb shpejti do t\u00eb filloj\u00eb realizimin e nj\u00eb k\u00ebnge t\u00eb re, mir\u00ebpo jo vet\u00ebm !<\/p>\n<p>N\u00eb profilin e saj n\u00eb rrjetin social \u2018Facebook\u2019, Cakuli ka zbuluar datat dhe protagonistin e duetit t\u00eb saj.<\/p>\n<p>\u201cMezi spres p\u00ebr 3 dhe 4 mars, xhirimet p\u00ebr videoklipin tim t\u00eb ri \u2013 duet me Kushtrim Hoxh\u00ebn\u201d, ka shkruar n\u00eb \u2018Facebook\u2019 Hana<\/p>\n<p>Info GLOBI<br \/>\n<!--YouTube Error: bad URL entered--><\/p>\n","protected":false},"excerpt":{"rendered":"<p>K\u00ebng\u00ebtarja shqiptare nga Mali i zi, e cila koh\u00ebve t\u00eb fundit \u00ebsht\u00eb shfaqur edhe si moderatore, ka njoftuar se s\u00eb shpejti do t\u00eb filloj\u00eb realizimin e nj\u00eb k\u00ebnge t\u00eb re, mir\u00ebpo jo vet\u00ebm ! N\u00eb profilin e saj n\u00eb rrjetin social \u2018Facebook\u2019, Cakuli ka zbuluar datat dhe protagonistin e duetit t\u00eb saj. \u201cMezi spres p\u00ebr [&hellip;]<\/p>\n","protected":false},"author":1,"featured_media":0,"comment_status":"open","ping_status":"closed","sticky":false,"template":"","format":"standard","meta":{"spay_email":"","jetpack_publicize_message":"","jetpack_is_tweetstorm":false,"jetpack_publicize_feature_enabled":true},"categories":[1],"tags":[19677,19806,16036,3201,19514,19511,19513,6693,4684,19460],"jetpack_publicize_connections":[],"yoast_head":"<!-- This site is optimized with the Yoast SEO plugin v19.1 - https:\/\/yoast.com\/wordpress\/plugins\/seo\/ -->\n<title>Hana Cakuli k\u00ebsaj radhe \u2018vet\u00eb e 2-ta\u2019 ! - Lajme nga Ulqini<\/title>\n<meta name=\"description\" content=\"K\u00ebng\u00ebtarja shqiptare nga Mali i zi, e cila koh\u00ebve t\u00eb fundit \u00ebsht\u00eb shfaqur edhe si moderatore, ka njoftuar se s\u00eb shpejti do t\u00eb filloj\u00eb realizimin e nj\u00eb\" \/>\n<meta name=\"robots\" content=\"index, follow, max-snippet:-1, max-image-preview:large, max-video-preview:-1\" \/>\n<link rel=\"canonical\" href=\"https:\/\/www.visit-ulcinj.com\/blog\/2012\/02\/23\/hana-cakuli-kesaj-radhe-vete-e-2-ta\/\" \/>\n<meta property=\"og:locale\" content=\"en_US\" \/>\n<meta property=\"og:type\" content=\"article\" \/>\n<meta property=\"og:title\" content=\"Hana Cakuli k\u00ebsaj radhe \u2018vet\u00eb e 2-ta\u2019 ! - Lajme nga Ulqini\" \/>\n<meta property=\"og:description\" content=\"K\u00ebng\u00ebtarja shqiptare nga Mali i zi, e cila koh\u00ebve t\u00eb fundit \u00ebsht\u00eb shfaqur edhe si moderatore, ka njoftuar se s\u00eb shpejti do t\u00eb filloj\u00eb realizimin e nj\u00eb\" \/>\n<meta property=\"og:url\" content=\"https:\/\/www.visit-ulcinj.com\/blog\/2012\/02\/23\/hana-cakuli-kesaj-radhe-vete-e-2-ta\/\" \/>\n<meta property=\"og:site_name\" content=\"Lajme nga Ulqini\" \/>\n<meta property=\"article:published_time\" content=\"2012-02-23T13:08:43+00:00\" \/>\n<meta property=\"og:image\" content=\"http:\/\/www.visit-ulcinj.com\/blog\/wp-content\/uploads\/2012\/02\/Hana-Cakuli.jpg\" \/>\n<meta name=\"twitter:label1\" content=\"Written by\" \/>\n\t<meta name=\"twitter:data1\" content=\"ulqini\" \/>\n<script type=\"application\/ld+json\" class=\"yoast-schema-graph\">{\"@context\":\"https:\/\/schema.org\",\"@graph\":[{\"@type\":\"WebSite\",\"@id\":\"https:\/\/www.visit-ulcinj.com\/blog\/#website\",\"url\":\"https:\/\/www.visit-ulcinj.com\/blog\/\",\"name\":\"Lajme nga Ulqini\",\"description\":\"Lajme,Vijesti,Ulqini,Ulqin,Crna Gora,Mali i Zi\",\"potentialAction\":[{\"@type\":\"SearchAction\",\"target\":{\"@type\":\"EntryPoint\",\"urlTemplate\":\"https:\/\/www.visit-ulcinj.com\/blog\/?s={search_term_string}\"},\"query-input\":\"required name=search_term_string\"}],\"inLanguage\":\"en-US\"},{\"@type\":\"ImageObject\",\"inLanguage\":\"en-US\",\"@id\":\"https:\/\/www.visit-ulcinj.com\/blog\/2012\/02\/23\/hana-cakuli-kesaj-radhe-vete-e-2-ta\/#primaryimage\",\"url\":\"https:\/\/www.visit-ulcinj.com\/blog\/wp-content\/uploads\/2012\/02\/Hana-Cakuli.jpg\",\"contentUrl\":\"https:\/\/www.visit-ulcinj.com\/blog\/wp-content\/uploads\/2012\/02\/Hana-Cakuli.jpg\",\"width\":\"550\",\"height\":\"360\"},{\"@type\":\"WebPage\",\"@id\":\"https:\/\/www.visit-ulcinj.com\/blog\/2012\/02\/23\/hana-cakuli-kesaj-radhe-vete-e-2-ta\/#webpage\",\"url\":\"https:\/\/www.visit-ulcinj.com\/blog\/2012\/02\/23\/hana-cakuli-kesaj-radhe-vete-e-2-ta\/\",\"name\":\"Hana Cakuli k\u00ebsaj radhe \u2018vet\u00eb e 2-ta\u2019 ! - Lajme nga Ulqini\",\"isPartOf\":{\"@id\":\"https:\/\/www.visit-ulcinj.com\/blog\/#website\"},\"primaryImageOfPage\":{\"@id\":\"https:\/\/www.visit-ulcinj.com\/blog\/2012\/02\/23\/hana-cakuli-kesaj-radhe-vete-e-2-ta\/#primaryimage\"},\"datePublished\":\"2012-02-23T13:08:43+00:00\",\"dateModified\":\"2012-02-23T13:08:43+00:00\",\"author\":{\"@id\":\"https:\/\/www.visit-ulcinj.com\/blog\/#\/schema\/person\/dcab619c614d3038751c63bc2aadc06d\"},\"description\":\"K\u00ebng\u00ebtarja shqiptare nga Mali i zi, e cila koh\u00ebve t\u00eb fundit \u00ebsht\u00eb shfaqur edhe si moderatore, ka njoftuar se s\u00eb shpejti do t\u00eb filloj\u00eb realizimin e nj\u00eb\",\"breadcrumb\":{\"@id\":\"https:\/\/www.visit-ulcinj.com\/blog\/2012\/02\/23\/hana-cakuli-kesaj-radhe-vete-e-2-ta\/#breadcrumb\"},\"inLanguage\":\"en-US\",\"potentialAction\":[{\"@type\":\"ReadAction\",\"target\":[\"https:\/\/www.visit-ulcinj.com\/blog\/2012\/02\/23\/hana-cakuli-kesaj-radhe-vete-e-2-ta\/\"]}]},{\"@type\":\"BreadcrumbList\",\"@id\":\"https:\/\/www.visit-ulcinj.com\/blog\/2012\/02\/23\/hana-cakuli-kesaj-radhe-vete-e-2-ta\/#breadcrumb\",\"itemListElement\":[{\"@type\":\"ListItem\",\"position\":1,\"name\":\"Hana Cakuli k\u00ebsaj radhe \u2018vet\u00eb e 2-ta\u2019 !\"}]},{\"@type\":\"Person\",\"@id\":\"https:\/\/www.visit-ulcinj.com\/blog\/#\/schema\/person\/dcab619c614d3038751c63bc2aadc06d\",\"name\":\"ulqini\",\"sameAs\":[\"http:\/\/www.visit-ulcinj.com\"],\"url\":\"https:\/\/www.visit-ulcinj.com\/blog\/author\/admin\/\"}]}<\/script>\n<!-- \/ Yoast SEO plugin. -->","yoast_head_json":{"title":"Hana Cakuli k\u00ebsaj radhe \u2018vet\u00eb e 2-ta\u2019 ! - Lajme nga Ulqini","description":"K\u00ebng\u00ebtarja shqiptare nga Mali i zi, e cila koh\u00ebve t\u00eb fundit \u00ebsht\u00eb shfaqur edhe si moderatore, ka njoftuar se s\u00eb shpejti do t\u00eb filloj\u00eb realizimin e nj\u00eb","robots":{"index":"index","follow":"follow","max-snippet":"max-snippet:-1","max-image-preview":"max-image-preview:large","max-video-preview":"max-video-preview:-1"},"canonical":"https:\/\/www.visit-ulcinj.com\/blog\/2012\/02\/23\/hana-cakuli-kesaj-radhe-vete-e-2-ta\/","og_locale":"en_US","og_type":"article","og_title":"Hana Cakuli k\u00ebsaj radhe \u2018vet\u00eb e 2-ta\u2019 ! - Lajme nga Ulqini","og_description":"K\u00ebng\u00ebtarja shqiptare nga Mali i zi, e cila koh\u00ebve t\u00eb fundit \u00ebsht\u00eb shfaqur edhe si moderatore, ka njoftuar se s\u00eb shpejti do t\u00eb filloj\u00eb realizimin e nj\u00eb","og_url":"https:\/\/www.visit-ulcinj.com\/blog\/2012\/02\/23\/hana-cakuli-kesaj-radhe-vete-e-2-ta\/","og_site_name":"Lajme nga Ulqini","article_published_time":"2012-02-23T13:08:43+00:00","og_image":[{"url":"http:\/\/www.visit-ulcinj.com\/blog\/wp-content\/uploads\/2012\/02\/Hana-Cakuli.jpg"}],"twitter_misc":{"Written by":"ulqini"},"schema":{"@context":"https:\/\/schema.org","@graph":[{"@type":"WebSite","@id":"https:\/\/www.visit-ulcinj.com\/blog\/#website","url":"https:\/\/www.visit-ulcinj.com\/blog\/","name":"Lajme nga Ulqini","description":"Lajme,Vijesti,Ulqini,Ulqin,Crna Gora,Mali i Zi","potentialAction":[{"@type":"SearchAction","target":{"@type":"EntryPoint","urlTemplate":"https:\/\/www.visit-ulcinj.com\/blog\/?s={search_term_string}"},"query-input":"required name=search_term_string"}],"inLanguage":"en-US"},{"@type":"ImageObject","inLanguage":"en-US","@id":"https:\/\/www.visit-ulcinj.com\/blog\/2012\/02\/23\/hana-cakuli-kesaj-radhe-vete-e-2-ta\/#primaryimage","url":"https:\/\/www.visit-ulcinj.com\/blog\/wp-content\/uploads\/2012\/02\/Hana-Cakuli.jpg","contentUrl":"https:\/\/www.visit-ulcinj.com\/blog\/wp-content\/uploads\/2012\/02\/Hana-Cakuli.jpg","width":"550","height":"360"},{"@type":"WebPage","@id":"https:\/\/www.visit-ulcinj.com\/blog\/2012\/02\/23\/hana-cakuli-kesaj-radhe-vete-e-2-ta\/#webpage","url":"https:\/\/www.visit-ulcinj.com\/blog\/2012\/02\/23\/hana-cakuli-kesaj-radhe-vete-e-2-ta\/","name":"Hana Cakuli k\u00ebsaj radhe \u2018vet\u00eb e 2-ta\u2019 ! - Lajme nga Ulqini","isPartOf":{"@id":"https:\/\/www.visit-ulcinj.com\/blog\/#website"},"primaryImageOfPage":{"@id":"https:\/\/www.visit-ulcinj.com\/blog\/2012\/02\/23\/hana-cakuli-kesaj-radhe-vete-e-2-ta\/#primaryimage"},"datePublished":"2012-02-23T13:08:43+00:00","dateModified":"2012-02-23T13:08:43+00:00","author":{"@id":"https:\/\/www.visit-ulcinj.com\/blog\/#\/schema\/person\/dcab619c614d3038751c63bc2aadc06d"},"description":"K\u00ebng\u00ebtarja shqiptare nga Mali i zi, e cila koh\u00ebve t\u00eb fundit \u00ebsht\u00eb shfaqur edhe si moderatore, ka njoftuar se s\u00eb shpejti do t\u00eb filloj\u00eb realizimin e nj\u00eb","breadcrumb":{"@id":"https:\/\/www.visit-ulcinj.com\/blog\/2012\/02\/23\/hana-cakuli-kesaj-radhe-vete-e-2-ta\/#breadcrumb"},"inLanguage":"en-US","potentialAction":[{"@type":"ReadAction","target":["https:\/\/www.visit-ulcinj.com\/blog\/2012\/02\/23\/hana-cakuli-kesaj-radhe-vete-e-2-ta\/"]}]},{"@type":"BreadcrumbList","@id":"https:\/\/www.visit-ulcinj.com\/blog\/2012\/02\/23\/hana-cakuli-kesaj-radhe-vete-e-2-ta\/#breadcrumb","itemListElement":[{"@type":"ListItem","position":1,"name":"Hana Cakuli k\u00ebsaj radhe \u2018vet\u00eb e 2-ta\u2019 !"}]},{"@type":"Person","@id":"https:\/\/www.visit-ulcinj.com\/blog\/#\/schema\/person\/dcab619c614d3038751c63bc2aadc06d","name":"ulqini","sameAs":["http:\/\/www.visit-ulcinj.com"],"url":"https:\/\/www.visit-ulcinj.com\/blog\/author\/admin\/"}]}},"jetpack_featured_media_url":"","jetpack_sharing_enabled":true,"jetpack_shortlink":"https:\/\/wp.me\/pe6lTn-f0n","_links":{"self":[{"href":"https:\/\/www.visit-ulcinj.com\/blog\/wp-json\/wp\/v2\/posts\/57683"}],"collection":[{"href":"https:\/\/www.visit-ulcinj.com\/blog\/wp-json\/wp\/v2\/posts"}],"about":[{"href":"https:\/\/www.visit-ulcinj.com\/blog\/wp-json\/wp\/v2\/types\/post"}],"author":[{"embeddable":true,"href":"https:\/\/www.visit-ulcinj.com\/blog\/wp-json\/wp\/v2\/users\/1"}],"replies":[{"embeddable":true,"href":"https:\/\/www.visit-ulcinj.com\/blog\/wp-json\/wp\/v2\/comments?post=57683"}],"version-history":[{"count":1,"href":"https:\/\/www.visit-ulcinj.com\/blog\/wp-json\/wp\/v2\/posts\/57683\/revisions"}],"predecessor-version":[{"id":57686,"href":"https:\/\/www.visit-ulcinj.com\/blog\/wp-json\/wp\/v2\/posts\/57683\/revisions\/57686"}],"wp:attachment":[{"href":"https:\/\/www.visit-ulcinj.com\/blog\/wp-json\/wp\/v2\/media?parent=57683"}],"wp:term":[{"taxonomy":"category","embeddable":true,"href":"https:\/\/www.visit-ulcinj.com\/blog\/wp-json\/wp\/v2\/categories?post=57683"},{"taxonomy":"post_tag","embeddable":true,"href":"https:\/\/www.visit-ulcinj.com\/blog\/wp-json\/wp\/v2\/tags?post=57683"}],"curies":[{"name":"wp","href":"https:\/\/api.w.org\/{rel}","templated":true}]}}