{"id":57694,"date":"2012-02-23T21:16:08","date_gmt":"2012-02-23T20:16:08","guid":{"rendered":"http:\/\/www.visit-ulcinj.com\/blog\/?p=57694"},"modified":"2012-02-23T21:16:08","modified_gmt":"2012-02-23T20:16:08","slug":"pm-luksic-launches-consultations-on-constitutional-amendments-with-opposition","status":"publish","type":"post","link":"https:\/\/www.visit-ulcinj.com\/blog\/2012\/02\/23\/pm-luksic-launches-consultations-on-constitutional-amendments-with-opposition\/","title":{"rendered":"PM Luk\u0161i\u0107 launches consultations on constitutional amendments with opposition"},"content":{"rendered":"<p><a href=\"http:\/\/www.visit-ulcinj.com\/blog\/wp-content\/uploads\/2012\/02\/Prime-Minister-Igor-Luksic-with-the-presidents-of-opposition-parties-in-Montenegro.png\"><img loading=\"lazy\" class=\"alignleft  wp-image-57695\" title=\"Prime Minister Igor Luksic with the presidents of opposition parties in Montenegro\" src=\"http:\/\/www.visit-ulcinj.com\/blog\/wp-content\/uploads\/2012\/02\/Prime-Minister-Igor-Luksic-with-the-presidents-of-opposition-parties-in-Montenegro.png\" alt=\"\" width=\"508\" height=\"380\" \/><\/a>Podgorica, Montenegro (22 February 2012) \u2013 Prime Minister Igor Luk\u0161i\u0107 launched yesterday the consultation on constitutional amendments with the presidents of opposition parties in Montenegro: Andrija Mandi\u0107 (Nova), Neboj\u0161a Medojevi\u0107 (PzP), Mehmet Bardhi (DSCG), Genci Nimanbegu (FORCA) and Vasel Sinishtaj (Koalicioni Shqiptar Perspektiva). The aim of the consultations is to reach an agreement on Constitutional amendments, as one of the key benchmarks for further Montenegro\u2019s progress towards the EU membership.<\/p>\n<p>PM Luk\u0161i\u0107 stressed the need for better understanding of all political stakeholders and reaching a broad consensus on issues essential for the further democratisation and overall development of the Montenegrin society.<\/p>\n<p>It was commonly agreed that the role of the judiciary is crucial in the European integration process, as one of the key priorities of Montenegro\u2019s foreign policy. In this regard, it is important to continue the activities towards strengthening judicial independence and autonomy and focus all available skills and capacities on meeting the demanding EU agenda, regardless of the different solutions to certain issues.<\/p>\n<p>Emphasising the necessity to continue the dialogue on constitutional amendments, the presidents of opposition parties pointed out the need for reaching an agreement on a set of requirements that deal with identity issues and the status of minorities in Montenegro.<\/p>\n<p>PM Luk\u0161i\u0107 confirmed the Government\u2019s openness to continue the dialogue on key issues significant for the Montenegrin society, stressing the role of each individual in the creation of a European future for the country and achieving a better standard of living for all its citizens.<\/p>\n<p><a href=\"http:\/\/www.gov.me\/en\/News\/112022\/PM-Luksic-launches-consultations-on-constitutional-amendments-with-opposition.html\" target=\"_blank\"><strong>Source: Vlada.me<\/strong><\/a><\/p>\n","protected":false},"excerpt":{"rendered":"<p>Podgorica, Montenegro (22 February 2012) \u2013 Prime Minister Igor Luk\u0161i\u0107 launched yesterday the consultation on constitutional amendments with the presidents of opposition parties in Montenegro: Andrija Mandi\u0107 (Nova), Neboj\u0161a Medojevi\u0107 (PzP), Mehmet Bardhi (DSCG), Genci Nimanbegu (FORCA) and Vasel Sinishtaj (Koalicioni Shqiptar Perspektiva). The aim of the consultations is to reach an agreement on Constitutional [&hellip;]<\/p>\n","protected":false},"author":1,"featured_media":0,"comment_status":"open","ping_status":"closed","sticky":false,"template":"","format":"standard","meta":{"spay_email":"","jetpack_publicize_message":"","jetpack_is_tweetstorm":false,"jetpack_publicize_feature_enabled":true},"categories":[6950],"tags":[20074,20073],"jetpack_publicize_connections":[],"yoast_head":"<!-- This site is optimized with the Yoast SEO plugin v19.1 - https:\/\/yoast.com\/wordpress\/plugins\/seo\/ -->\n<title>PM Luk\u0161i\u0107 launches consultations on constitutional amendments with opposition - Lajme nga Ulqini<\/title>\n<meta name=\"description\" content=\"Podgorica, Montenegro (22 February 2012) \u2013 Prime Minister Igor Luk\u0161i\u0107 launched yesterday the consultation on constitutional amendments with the presidents\" \/>\n<meta name=\"robots\" content=\"index, follow, max-snippet:-1, max-image-preview:large, max-video-preview:-1\" \/>\n<link rel=\"canonical\" href=\"https:\/\/www.visit-ulcinj.com\/blog\/2012\/02\/23\/pm-luksic-launches-consultations-on-constitutional-amendments-with-opposition\/\" \/>\n<meta property=\"og:locale\" content=\"en_US\" \/>\n<meta property=\"og:type\" content=\"article\" \/>\n<meta property=\"og:title\" content=\"PM Luk\u0161i\u0107 launches consultations on constitutional amendments with opposition - Lajme nga Ulqini\" \/>\n<meta property=\"og:description\" content=\"Podgorica, Montenegro (22 February 2012) \u2013 Prime Minister Igor Luk\u0161i\u0107 launched yesterday the consultation on constitutional amendments with the presidents\" \/>\n<meta property=\"og:url\" content=\"https:\/\/www.visit-ulcinj.com\/blog\/2012\/02\/23\/pm-luksic-launches-consultations-on-constitutional-amendments-with-opposition\/\" \/>\n<meta property=\"og:site_name\" content=\"Lajme nga Ulqini\" \/>\n<meta property=\"article:published_time\" content=\"2012-02-23T20:16:08+00:00\" \/>\n<meta property=\"og:image\" content=\"http:\/\/www.visit-ulcinj.com\/blog\/wp-content\/uploads\/2012\/02\/Prime-Minister-Igor-Luksic-with-the-presidents-of-opposition-parties-in-Montenegro.png\" \/>\n<meta name=\"twitter:label1\" content=\"Written by\" \/>\n\t<meta name=\"twitter:data1\" content=\"ulqini\" \/>\n\t<meta name=\"twitter:label2\" content=\"Est. reading time\" \/>\n\t<meta name=\"twitter:data2\" content=\"1 minute\" \/>\n<script type=\"application\/ld+json\" class=\"yoast-schema-graph\">{\"@context\":\"https:\/\/schema.org\",\"@graph\":[{\"@type\":\"WebSite\",\"@id\":\"https:\/\/www.visit-ulcinj.com\/blog\/#website\",\"url\":\"https:\/\/www.visit-ulcinj.com\/blog\/\",\"name\":\"Lajme nga Ulqini\",\"description\":\"Lajme,Vijesti,Ulqini,Ulqin,Crna Gora,Mali i Zi\",\"potentialAction\":[{\"@type\":\"SearchAction\",\"target\":{\"@type\":\"EntryPoint\",\"urlTemplate\":\"https:\/\/www.visit-ulcinj.com\/blog\/?s={search_term_string}\"},\"query-input\":\"required name=search_term_string\"}],\"inLanguage\":\"en-US\"},{\"@type\":\"ImageObject\",\"inLanguage\":\"en-US\",\"@id\":\"https:\/\/www.visit-ulcinj.com\/blog\/2012\/02\/23\/pm-luksic-launches-consultations-on-constitutional-amendments-with-opposition\/#primaryimage\",\"url\":\"https:\/\/www.visit-ulcinj.com\/blog\/wp-content\/uploads\/2012\/02\/Prime-Minister-Igor-Luksic-with-the-presidents-of-opposition-parties-in-Montenegro.png\",\"contentUrl\":\"https:\/\/www.visit-ulcinj.com\/blog\/wp-content\/uploads\/2012\/02\/Prime-Minister-Igor-Luksic-with-the-presidents-of-opposition-parties-in-Montenegro.png\",\"width\":\"796\",\"height\":\"449\"},{\"@type\":\"WebPage\",\"@id\":\"https:\/\/www.visit-ulcinj.com\/blog\/2012\/02\/23\/pm-luksic-launches-consultations-on-constitutional-amendments-with-opposition\/#webpage\",\"url\":\"https:\/\/www.visit-ulcinj.com\/blog\/2012\/02\/23\/pm-luksic-launches-consultations-on-constitutional-amendments-with-opposition\/\",\"name\":\"PM Luk\u0161i\u0107 launches consultations on constitutional amendments with opposition - Lajme nga Ulqini\",\"isPartOf\":{\"@id\":\"https:\/\/www.visit-ulcinj.com\/blog\/#website\"},\"primaryImageOfPage\":{\"@id\":\"https:\/\/www.visit-ulcinj.com\/blog\/2012\/02\/23\/pm-luksic-launches-consultations-on-constitutional-amendments-with-opposition\/#primaryimage\"},\"datePublished\":\"2012-02-23T20:16:08+00:00\",\"dateModified\":\"2012-02-23T20:16:08+00:00\",\"author\":{\"@id\":\"https:\/\/www.visit-ulcinj.com\/blog\/#\/schema\/person\/dcab619c614d3038751c63bc2aadc06d\"},\"description\":\"Podgorica, Montenegro (22 February 2012) \u2013 Prime Minister Igor Luk\u0161i\u0107 launched yesterday the consultation on constitutional amendments with the presidents\",\"breadcrumb\":{\"@id\":\"https:\/\/www.visit-ulcinj.com\/blog\/2012\/02\/23\/pm-luksic-launches-consultations-on-constitutional-amendments-with-opposition\/#breadcrumb\"},\"inLanguage\":\"en-US\",\"potentialAction\":[{\"@type\":\"ReadAction\",\"target\":[\"https:\/\/www.visit-ulcinj.com\/blog\/2012\/02\/23\/pm-luksic-launches-consultations-on-constitutional-amendments-with-opposition\/\"]}]},{\"@type\":\"BreadcrumbList\",\"@id\":\"https:\/\/www.visit-ulcinj.com\/blog\/2012\/02\/23\/pm-luksic-launches-consultations-on-constitutional-amendments-with-opposition\/#breadcrumb\",\"itemListElement\":[{\"@type\":\"ListItem\",\"position\":1,\"name\":\"PM Luk\u0161i\u0107 launches consultations on constitutional amendments with opposition\"}]},{\"@type\":\"Person\",\"@id\":\"https:\/\/www.visit-ulcinj.com\/blog\/#\/schema\/person\/dcab619c614d3038751c63bc2aadc06d\",\"name\":\"ulqini\",\"sameAs\":[\"http:\/\/www.visit-ulcinj.com\"],\"url\":\"https:\/\/www.visit-ulcinj.com\/blog\/author\/admin\/\"}]}<\/script>\n<!-- \/ Yoast SEO plugin. -->","yoast_head_json":{"title":"PM Luk\u0161i\u0107 launches consultations on constitutional amendments with opposition - Lajme nga Ulqini","description":"Podgorica, Montenegro (22 February 2012) \u2013 Prime Minister Igor Luk\u0161i\u0107 launched yesterday the consultation on constitutional amendments with the presidents","robots":{"index":"index","follow":"follow","max-snippet":"max-snippet:-1","max-image-preview":"max-image-preview:large","max-video-preview":"max-video-preview:-1"},"canonical":"https:\/\/www.visit-ulcinj.com\/blog\/2012\/02\/23\/pm-luksic-launches-consultations-on-constitutional-amendments-with-opposition\/","og_locale":"en_US","og_type":"article","og_title":"PM Luk\u0161i\u0107 launches consultations on constitutional amendments with opposition - Lajme nga Ulqini","og_description":"Podgorica, Montenegro (22 February 2012) \u2013 Prime Minister Igor Luk\u0161i\u0107 launched yesterday the consultation on constitutional amendments with the presidents","og_url":"https:\/\/www.visit-ulcinj.com\/blog\/2012\/02\/23\/pm-luksic-launches-consultations-on-constitutional-amendments-with-opposition\/","og_site_name":"Lajme nga Ulqini","article_published_time":"2012-02-23T20:16:08+00:00","og_image":[{"url":"http:\/\/www.visit-ulcinj.com\/blog\/wp-content\/uploads\/2012\/02\/Prime-Minister-Igor-Luksic-with-the-presidents-of-opposition-parties-in-Montenegro.png"}],"twitter_misc":{"Written by":"ulqini","Est. reading time":"1 minute"},"schema":{"@context":"https:\/\/schema.org","@graph":[{"@type":"WebSite","@id":"https:\/\/www.visit-ulcinj.com\/blog\/#website","url":"https:\/\/www.visit-ulcinj.com\/blog\/","name":"Lajme nga Ulqini","description":"Lajme,Vijesti,Ulqini,Ulqin,Crna Gora,Mali i Zi","potentialAction":[{"@type":"SearchAction","target":{"@type":"EntryPoint","urlTemplate":"https:\/\/www.visit-ulcinj.com\/blog\/?s={search_term_string}"},"query-input":"required name=search_term_string"}],"inLanguage":"en-US"},{"@type":"ImageObject","inLanguage":"en-US","@id":"https:\/\/www.visit-ulcinj.com\/blog\/2012\/02\/23\/pm-luksic-launches-consultations-on-constitutional-amendments-with-opposition\/#primaryimage","url":"https:\/\/www.visit-ulcinj.com\/blog\/wp-content\/uploads\/2012\/02\/Prime-Minister-Igor-Luksic-with-the-presidents-of-opposition-parties-in-Montenegro.png","contentUrl":"https:\/\/www.visit-ulcinj.com\/blog\/wp-content\/uploads\/2012\/02\/Prime-Minister-Igor-Luksic-with-the-presidents-of-opposition-parties-in-Montenegro.png","width":"796","height":"449"},{"@type":"WebPage","@id":"https:\/\/www.visit-ulcinj.com\/blog\/2012\/02\/23\/pm-luksic-launches-consultations-on-constitutional-amendments-with-opposition\/#webpage","url":"https:\/\/www.visit-ulcinj.com\/blog\/2012\/02\/23\/pm-luksic-launches-consultations-on-constitutional-amendments-with-opposition\/","name":"PM Luk\u0161i\u0107 launches consultations on constitutional amendments with opposition - Lajme nga Ulqini","isPartOf":{"@id":"https:\/\/www.visit-ulcinj.com\/blog\/#website"},"primaryImageOfPage":{"@id":"https:\/\/www.visit-ulcinj.com\/blog\/2012\/02\/23\/pm-luksic-launches-consultations-on-constitutional-amendments-with-opposition\/#primaryimage"},"datePublished":"2012-02-23T20:16:08+00:00","dateModified":"2012-02-23T20:16:08+00:00","author":{"@id":"https:\/\/www.visit-ulcinj.com\/blog\/#\/schema\/person\/dcab619c614d3038751c63bc2aadc06d"},"description":"Podgorica, Montenegro (22 February 2012) \u2013 Prime Minister Igor Luk\u0161i\u0107 launched yesterday the consultation on constitutional amendments with the presidents","breadcrumb":{"@id":"https:\/\/www.visit-ulcinj.com\/blog\/2012\/02\/23\/pm-luksic-launches-consultations-on-constitutional-amendments-with-opposition\/#breadcrumb"},"inLanguage":"en-US","potentialAction":[{"@type":"ReadAction","target":["https:\/\/www.visit-ulcinj.com\/blog\/2012\/02\/23\/pm-luksic-launches-consultations-on-constitutional-amendments-with-opposition\/"]}]},{"@type":"BreadcrumbList","@id":"https:\/\/www.visit-ulcinj.com\/blog\/2012\/02\/23\/pm-luksic-launches-consultations-on-constitutional-amendments-with-opposition\/#breadcrumb","itemListElement":[{"@type":"ListItem","position":1,"name":"PM Luk\u0161i\u0107 launches consultations on constitutional amendments with opposition"}]},{"@type":"Person","@id":"https:\/\/www.visit-ulcinj.com\/blog\/#\/schema\/person\/dcab619c614d3038751c63bc2aadc06d","name":"ulqini","sameAs":["http:\/\/www.visit-ulcinj.com"],"url":"https:\/\/www.visit-ulcinj.com\/blog\/author\/admin\/"}]}},"jetpack_featured_media_url":"","jetpack_sharing_enabled":true,"jetpack_shortlink":"https:\/\/wp.me\/pe6lTn-f0y","_links":{"self":[{"href":"https:\/\/www.visit-ulcinj.com\/blog\/wp-json\/wp\/v2\/posts\/57694"}],"collection":[{"href":"https:\/\/www.visit-ulcinj.com\/blog\/wp-json\/wp\/v2\/posts"}],"about":[{"href":"https:\/\/www.visit-ulcinj.com\/blog\/wp-json\/wp\/v2\/types\/post"}],"author":[{"embeddable":true,"href":"https:\/\/www.visit-ulcinj.com\/blog\/wp-json\/wp\/v2\/users\/1"}],"replies":[{"embeddable":true,"href":"https:\/\/www.visit-ulcinj.com\/blog\/wp-json\/wp\/v2\/comments?post=57694"}],"version-history":[{"count":1,"href":"https:\/\/www.visit-ulcinj.com\/blog\/wp-json\/wp\/v2\/posts\/57694\/revisions"}],"predecessor-version":[{"id":57696,"href":"https:\/\/www.visit-ulcinj.com\/blog\/wp-json\/wp\/v2\/posts\/57694\/revisions\/57696"}],"wp:attachment":[{"href":"https:\/\/www.visit-ulcinj.com\/blog\/wp-json\/wp\/v2\/media?parent=57694"}],"wp:term":[{"taxonomy":"category","embeddable":true,"href":"https:\/\/www.visit-ulcinj.com\/blog\/wp-json\/wp\/v2\/categories?post=57694"},{"taxonomy":"post_tag","embeddable":true,"href":"https:\/\/www.visit-ulcinj.com\/blog\/wp-json\/wp\/v2\/tags?post=57694"}],"curies":[{"name":"wp","href":"https:\/\/api.w.org\/{rel}","templated":true}]}}