{"id":577,"date":"2008-02-20T09:40:04","date_gmt":"2008-02-20T14:40:04","guid":{"rendered":"http:\/\/www.visit-ulcinj.com\/blog\/2008\/02\/20\/liberalisation-du-regime-des-visas-pour-montenegro\/"},"modified":"2008-07-02T13:12:53","modified_gmt":"2008-07-02T18:12:53","slug":"liberalisation-du-regime-des-visas-pour-montenegro","status":"publish","type":"post","link":"https:\/\/www.visit-ulcinj.com\/blog\/2008\/02\/20\/liberalisation-du-regime-des-visas-pour-montenegro\/","title":{"rendered":"Lib\u00e9ralisation du r\u00e9gime des visas pour Mont\u00e9n\u00e9gro"},"content":{"rendered":"<p><img loading=\"lazy\" src=\"http:\/\/blog.kievukraine.info\/uploaded_images\/4255-786138.jpg\" alt=\"\" width=\"274\" height=\"183\" align=\"left\" \/>M. Dragutin Mate, Ministre de l\u2019Int\u00e9rieur slov\u00e8ne, qui pr\u00e9side le Conseil de l\u2019UE dans le domaine des affaires int\u00e9rieures, participera \u00e0 la cinqui\u00e8me conf\u00e9rence minist\u00e9rielle annuelle sur la coop\u00e9ration dans le domaine de la s\u00e9curit\u00e9 frontali\u00e8re des Balkans occidentaux qui aura lieu du 21 au 23 f\u00e9vrier 2008 \u00e0 Budva, Mont\u00e9n\u00e9gro, \u00e0 l\u2019invitation de M. Jusuf Kalamperovi?, Ministre de l\u2019Int\u00e9rieur et de l\u2019administration publique du Mont\u00e9n\u00e9gro, et de M. dr. Theodor Winkler, Ambassadeur et Directeur du Centre pour le contr\u00f4le d\u00e9mocratique des forces arm\u00e9es (DCAF), Gen\u00e8ve. Le Ministre slov\u00e8ne prendra la parole au nom de la pr\u00e9sidence slov\u00e8ne du Conseil de l\u2019UE et signera un Accord de coop\u00e9ration et de partenariat entre le Minist\u00e8re de l\u2019Int\u00e9rieur de la R\u00e9publique de Slov\u00e9nie et le Centre pour le contr\u00f4le d\u00e9mocratique des forces arm\u00e9es de Gen\u00e8ve.<\/p>\n<p>D\u00e9j\u00e0 au d\u00e9but des pr\u00e9paratifs, les Balkans occidentaux ont \u00e9t\u00e9 identifi\u00e9s comme \u00e9tant un des domaines prioritaires de la pr\u00e9sidence slov\u00e8ne du Conseil de l\u2019UE, la s\u00e9curit\u00e9 des fronti\u00e8res nationales \u00e9tant en m\u00eame temps un des probl\u00e8mes cl\u00e9s pour l\u2019UE dans son ensemble. La stabilit\u00e9 dans cette r\u00e9gion est d\u2019importance majeure pour la Slov\u00e9nie et la pr\u00e9sidence slov\u00e8ne repr\u00e9sente une opportunit\u00e9 unique pour que la Slov\u00e9nie devienne le pont entre les pays de l\u2019Europe du Sud-est et l\u2019UE.<\/p>\n<p>La cinqui\u00e8me conf\u00e9rence minist\u00e9rielle sous l\u2019\u00e9gide de l\u2019organisation DCAF est destin\u00e9e \u00e0 l\u2019\u00e9laboration d\u2019une \u00e9valuation du progr\u00e8s et des activit\u00e9s r\u00e9alis\u00e9s en 2007 dans le cadre du Programme DCAF pour le domaine de la s\u00e9curit\u00e9 frontali\u00e8re 2008 &#8211; 2011. La conf\u00e9rence sera centr\u00e9e sur les th\u00e8mes, li\u00e9s aux d\u00e9fis auxquels sont confront\u00e9s les Etats et l\u2019UE dans le domaine de la s\u00e9curit\u00e9 des fronti\u00e8res. Les th\u00e8mes concern\u00e9s sont les suivants : les syst\u00e8mes de gestion des fronti\u00e8res nationales dans l\u2019Europe du Sud-est, l\u2019\u00e9valuation du progr\u00e8s des Etats dans le domaine de s\u00e9curit\u00e9 des fronti\u00e8res en 2007, les processus d\u2019impl\u00e9mentation et d\u2019\u00e9valuation des activit\u00e9s, effectu\u00e9es dans ce domaine, et le plan annuel d\u2019activit\u00e9s communes pour l\u2019ann\u00e9e 2008 et les lignes directrices strat\u00e9giques pour la p\u00e9riode du 2009 au 2011.<\/p>\n<p>A la conf\u00e9rence participeront des repr\u00e9sentants du Centre pour le contr\u00f4le d\u00e9mocratique des forces arm\u00e9es (DCAF) et des autorit\u00e9s locales, des ministres de l\u2019int\u00e9rieur et les autres hauts repr\u00e9sentants des Etats, de la Commission europ\u00e9enne et des agences de s\u00e9curit\u00e9 internationales. La conf\u00e9rence commencera le 21.2.2008 l\u2019apr\u00e8s-midi par une r\u00e9union d\u2019ouverture et les discours de bienvenue et durera jusqu\u2019au 23.2.2008. Pendant la conf\u00e9rence, quatre r\u00e9unions sont pr\u00e9vues.<\/p>\n<p>Pendant la visite, M. Mate, Ministre de l\u2019Int\u00e9rieur de la R\u00e9publique de Slov\u00e9nie, se joindra au vice-pr\u00e9sident de la Commission europ\u00e9enne et Commissaire europ\u00e9en pour justice, libert\u00e9 et s\u00e9curit\u00e9, M. Franco Frattini, qui, les 20 et 21 f\u00e9vrier 2008, \u00e0 Skopje et \u00e0 Podgorica, annoncera le d\u00e9but de dialogue relatif \u00e0 la lib\u00e9ralisation du r\u00e9gime des visas avec l\u2019Ancienne r\u00e9publique yougoslave de Mac\u00e9doine et le Mont\u00e9n\u00e9gro. La Slov\u00e9nie soutient le d\u00e9but de dialogue avec les pays des Balkans Occidentaux qui contribuera \u00e0 une association plus rapide des pays des Balkans Occidentaux \u00e0 l\u2019UE.<\/p>\n<p>www.spcm.org\/<\/p>\n","protected":false},"excerpt":{"rendered":"<p><img loading=\"lazy\" src=\"http:\/\/blog.kievukraine.info\/uploaded_images\/4255-786138.jpg\" align=\"left\" height=\"140\" width=\"140\" \/><\/p>\n","protected":false},"author":1,"featured_media":0,"comment_status":"open","ping_status":"closed","sticky":false,"template":"","format":"standard","meta":{"spay_email":"","jetpack_publicize_message":"","jetpack_is_tweetstorm":false,"jetpack_publicize_feature_enabled":true},"categories":[14],"tags":[1671,1674,1544,1594,567,21,1673,1670,1669,789,1075,1601,79,92,1503,1672],"jetpack_publicize_connections":[],"yoast_head":"<!-- This site is optimized with the Yoast SEO plugin v19.1 - https:\/\/yoast.com\/wordpress\/plugins\/seo\/ -->\n<title>Lib\u00e9ralisation du r\u00e9gime des visas pour Mont\u00e9n\u00e9gro - Lajme nga Ulqini<\/title>\n<meta name=\"robots\" content=\"index, follow, max-snippet:-1, max-image-preview:large, max-video-preview:-1\" \/>\n<link rel=\"canonical\" href=\"https:\/\/www.visit-ulcinj.com\/blog\/2008\/02\/20\/liberalisation-du-regime-des-visas-pour-montenegro\/\" \/>\n<meta property=\"og:locale\" content=\"en_US\" \/>\n<meta property=\"og:type\" content=\"article\" \/>\n<meta property=\"og:title\" content=\"Lib\u00e9ralisation du r\u00e9gime des visas pour Mont\u00e9n\u00e9gro - Lajme nga Ulqini\" \/>\n<meta property=\"og:url\" content=\"https:\/\/www.visit-ulcinj.com\/blog\/2008\/02\/20\/liberalisation-du-regime-des-visas-pour-montenegro\/\" \/>\n<meta property=\"og:site_name\" content=\"Lajme nga Ulqini\" \/>\n<meta property=\"article:published_time\" content=\"2008-02-20T14:40:04+00:00\" \/>\n<meta property=\"article:modified_time\" content=\"2008-07-02T18:12:53+00:00\" \/>\n<meta property=\"og:image\" content=\"http:\/\/blog.kievukraine.info\/uploaded_images\/4255-786138.jpg\" \/>\n<meta name=\"twitter:label1\" content=\"Written by\" \/>\n\t<meta name=\"twitter:data1\" content=\"ulqini\" \/>\n\t<meta name=\"twitter:label2\" content=\"Est. reading time\" \/>\n\t<meta name=\"twitter:data2\" content=\"3 minutes\" \/>\n<script type=\"application\/ld+json\" class=\"yoast-schema-graph\">{\"@context\":\"https:\/\/schema.org\",\"@graph\":[{\"@type\":\"WebSite\",\"@id\":\"https:\/\/www.visit-ulcinj.com\/blog\/#website\",\"url\":\"https:\/\/www.visit-ulcinj.com\/blog\/\",\"name\":\"Lajme nga Ulqini\",\"description\":\"Lajme,Vijesti,Ulqini,Ulqin,Crna Gora,Mali i Zi\",\"potentialAction\":[{\"@type\":\"SearchAction\",\"target\":{\"@type\":\"EntryPoint\",\"urlTemplate\":\"https:\/\/www.visit-ulcinj.com\/blog\/?s={search_term_string}\"},\"query-input\":\"required name=search_term_string\"}],\"inLanguage\":\"en-US\"},{\"@type\":\"ImageObject\",\"inLanguage\":\"en-US\",\"@id\":\"https:\/\/www.visit-ulcinj.com\/blog\/2008\/02\/20\/liberalisation-du-regime-des-visas-pour-montenegro\/#primaryimage\",\"url\":\"http:\/\/blog.kievukraine.info\/uploaded_images\/4255-786138.jpg\",\"contentUrl\":\"http:\/\/blog.kievukraine.info\/uploaded_images\/4255-786138.jpg\"},{\"@type\":\"WebPage\",\"@id\":\"https:\/\/www.visit-ulcinj.com\/blog\/2008\/02\/20\/liberalisation-du-regime-des-visas-pour-montenegro\/#webpage\",\"url\":\"https:\/\/www.visit-ulcinj.com\/blog\/2008\/02\/20\/liberalisation-du-regime-des-visas-pour-montenegro\/\",\"name\":\"Lib\u00e9ralisation du r\u00e9gime des visas pour Mont\u00e9n\u00e9gro - Lajme nga Ulqini\",\"isPartOf\":{\"@id\":\"https:\/\/www.visit-ulcinj.com\/blog\/#website\"},\"primaryImageOfPage\":{\"@id\":\"https:\/\/www.visit-ulcinj.com\/blog\/2008\/02\/20\/liberalisation-du-regime-des-visas-pour-montenegro\/#primaryimage\"},\"datePublished\":\"2008-02-20T14:40:04+00:00\",\"dateModified\":\"2008-07-02T18:12:53+00:00\",\"author\":{\"@id\":\"https:\/\/www.visit-ulcinj.com\/blog\/#\/schema\/person\/dcab619c614d3038751c63bc2aadc06d\"},\"breadcrumb\":{\"@id\":\"https:\/\/www.visit-ulcinj.com\/blog\/2008\/02\/20\/liberalisation-du-regime-des-visas-pour-montenegro\/#breadcrumb\"},\"inLanguage\":\"en-US\",\"potentialAction\":[{\"@type\":\"ReadAction\",\"target\":[\"https:\/\/www.visit-ulcinj.com\/blog\/2008\/02\/20\/liberalisation-du-regime-des-visas-pour-montenegro\/\"]}]},{\"@type\":\"BreadcrumbList\",\"@id\":\"https:\/\/www.visit-ulcinj.com\/blog\/2008\/02\/20\/liberalisation-du-regime-des-visas-pour-montenegro\/#breadcrumb\",\"itemListElement\":[{\"@type\":\"ListItem\",\"position\":1,\"name\":\"Lib\u00e9ralisation du r\u00e9gime des visas pour Mont\u00e9n\u00e9gro\"}]},{\"@type\":\"Person\",\"@id\":\"https:\/\/www.visit-ulcinj.com\/blog\/#\/schema\/person\/dcab619c614d3038751c63bc2aadc06d\",\"name\":\"ulqini\",\"sameAs\":[\"http:\/\/www.visit-ulcinj.com\"],\"url\":\"https:\/\/www.visit-ulcinj.com\/blog\/author\/admin\/\"}]}<\/script>\n<!-- \/ Yoast SEO plugin. -->","yoast_head_json":{"title":"Lib\u00e9ralisation du r\u00e9gime des visas pour Mont\u00e9n\u00e9gro - Lajme nga Ulqini","robots":{"index":"index","follow":"follow","max-snippet":"max-snippet:-1","max-image-preview":"max-image-preview:large","max-video-preview":"max-video-preview:-1"},"canonical":"https:\/\/www.visit-ulcinj.com\/blog\/2008\/02\/20\/liberalisation-du-regime-des-visas-pour-montenegro\/","og_locale":"en_US","og_type":"article","og_title":"Lib\u00e9ralisation du r\u00e9gime des visas pour Mont\u00e9n\u00e9gro - Lajme nga Ulqini","og_url":"https:\/\/www.visit-ulcinj.com\/blog\/2008\/02\/20\/liberalisation-du-regime-des-visas-pour-montenegro\/","og_site_name":"Lajme nga Ulqini","article_published_time":"2008-02-20T14:40:04+00:00","article_modified_time":"2008-07-02T18:12:53+00:00","og_image":[{"url":"http:\/\/blog.kievukraine.info\/uploaded_images\/4255-786138.jpg"}],"twitter_misc":{"Written by":"ulqini","Est. reading time":"3 minutes"},"schema":{"@context":"https:\/\/schema.org","@graph":[{"@type":"WebSite","@id":"https:\/\/www.visit-ulcinj.com\/blog\/#website","url":"https:\/\/www.visit-ulcinj.com\/blog\/","name":"Lajme nga Ulqini","description":"Lajme,Vijesti,Ulqini,Ulqin,Crna Gora,Mali i Zi","potentialAction":[{"@type":"SearchAction","target":{"@type":"EntryPoint","urlTemplate":"https:\/\/www.visit-ulcinj.com\/blog\/?s={search_term_string}"},"query-input":"required name=search_term_string"}],"inLanguage":"en-US"},{"@type":"ImageObject","inLanguage":"en-US","@id":"https:\/\/www.visit-ulcinj.com\/blog\/2008\/02\/20\/liberalisation-du-regime-des-visas-pour-montenegro\/#primaryimage","url":"http:\/\/blog.kievukraine.info\/uploaded_images\/4255-786138.jpg","contentUrl":"http:\/\/blog.kievukraine.info\/uploaded_images\/4255-786138.jpg"},{"@type":"WebPage","@id":"https:\/\/www.visit-ulcinj.com\/blog\/2008\/02\/20\/liberalisation-du-regime-des-visas-pour-montenegro\/#webpage","url":"https:\/\/www.visit-ulcinj.com\/blog\/2008\/02\/20\/liberalisation-du-regime-des-visas-pour-montenegro\/","name":"Lib\u00e9ralisation du r\u00e9gime des visas pour Mont\u00e9n\u00e9gro - Lajme nga Ulqini","isPartOf":{"@id":"https:\/\/www.visit-ulcinj.com\/blog\/#website"},"primaryImageOfPage":{"@id":"https:\/\/www.visit-ulcinj.com\/blog\/2008\/02\/20\/liberalisation-du-regime-des-visas-pour-montenegro\/#primaryimage"},"datePublished":"2008-02-20T14:40:04+00:00","dateModified":"2008-07-02T18:12:53+00:00","author":{"@id":"https:\/\/www.visit-ulcinj.com\/blog\/#\/schema\/person\/dcab619c614d3038751c63bc2aadc06d"},"breadcrumb":{"@id":"https:\/\/www.visit-ulcinj.com\/blog\/2008\/02\/20\/liberalisation-du-regime-des-visas-pour-montenegro\/#breadcrumb"},"inLanguage":"en-US","potentialAction":[{"@type":"ReadAction","target":["https:\/\/www.visit-ulcinj.com\/blog\/2008\/02\/20\/liberalisation-du-regime-des-visas-pour-montenegro\/"]}]},{"@type":"BreadcrumbList","@id":"https:\/\/www.visit-ulcinj.com\/blog\/2008\/02\/20\/liberalisation-du-regime-des-visas-pour-montenegro\/#breadcrumb","itemListElement":[{"@type":"ListItem","position":1,"name":"Lib\u00e9ralisation du r\u00e9gime des visas pour Mont\u00e9n\u00e9gro"}]},{"@type":"Person","@id":"https:\/\/www.visit-ulcinj.com\/blog\/#\/schema\/person\/dcab619c614d3038751c63bc2aadc06d","name":"ulqini","sameAs":["http:\/\/www.visit-ulcinj.com"],"url":"https:\/\/www.visit-ulcinj.com\/blog\/author\/admin\/"}]}},"jetpack_featured_media_url":"","jetpack_sharing_enabled":true,"jetpack_shortlink":"https:\/\/wp.me\/pe6lTn-9j","_links":{"self":[{"href":"https:\/\/www.visit-ulcinj.com\/blog\/wp-json\/wp\/v2\/posts\/577"}],"collection":[{"href":"https:\/\/www.visit-ulcinj.com\/blog\/wp-json\/wp\/v2\/posts"}],"about":[{"href":"https:\/\/www.visit-ulcinj.com\/blog\/wp-json\/wp\/v2\/types\/post"}],"author":[{"embeddable":true,"href":"https:\/\/www.visit-ulcinj.com\/blog\/wp-json\/wp\/v2\/users\/1"}],"replies":[{"embeddable":true,"href":"https:\/\/www.visit-ulcinj.com\/blog\/wp-json\/wp\/v2\/comments?post=577"}],"version-history":[{"count":0,"href":"https:\/\/www.visit-ulcinj.com\/blog\/wp-json\/wp\/v2\/posts\/577\/revisions"}],"wp:attachment":[{"href":"https:\/\/www.visit-ulcinj.com\/blog\/wp-json\/wp\/v2\/media?parent=577"}],"wp:term":[{"taxonomy":"category","embeddable":true,"href":"https:\/\/www.visit-ulcinj.com\/blog\/wp-json\/wp\/v2\/categories?post=577"},{"taxonomy":"post_tag","embeddable":true,"href":"https:\/\/www.visit-ulcinj.com\/blog\/wp-json\/wp\/v2\/tags?post=577"}],"curies":[{"name":"wp","href":"https:\/\/api.w.org\/{rel}","templated":true}]}}