{"id":57700,"date":"2012-02-23T21:56:58","date_gmt":"2012-02-23T20:56:58","guid":{"rendered":"http:\/\/www.visit-ulcinj.com\/blog\/?p=57700"},"modified":"2012-02-23T22:35:19","modified_gmt":"2012-02-23T21:35:19","slug":"komisioni-parlamentar-refuzon-kerkesen-e-mehmet-bardhit","status":"publish","type":"post","link":"https:\/\/www.visit-ulcinj.com\/blog\/2012\/02\/23\/komisioni-parlamentar-refuzon-kerkesen-e-mehmet-bardhit\/","title":{"rendered":"Komisioni parlamentar refuzon k\u00ebrkes\u00ebn e Mehmet Bardhit"},"content":{"rendered":"<p><a href=\"http:\/\/www.visit-ulcinj.com\/blog\/wp-content\/uploads\/2012\/02\/Komisioni-parlamentar-refuzon-k\u00ebrkes\u00ebn-e-Mehmet-Bardhit.jpg\"><img loading=\"lazy\" class=\"alignleft  wp-image-57701\" title=\"Komisioni parlamentar refuzon k\u00ebrkes\u00ebn e Mehmet Bardhit\" src=\"http:\/\/www.visit-ulcinj.com\/blog\/wp-content\/uploads\/2012\/02\/Komisioni-parlamentar-refuzon-k\u00ebrkes\u00ebn-e-Mehmet-Bardhit.jpg\" alt=\"\" width=\"508\" height=\"380\" \/><\/a>Komisioni Parlamentar p\u00ebr \u00e7\u00ebshtjet kushtetuese dhe legjislacion refuzoi nj\u00eb amendament t\u00eb deputetit t\u00eb Lidhjes Demokratike Mehmet Bardhit, ku k\u00ebrkohej q\u00eb n\u00eb zonat ku shqiptar\u00ebt p\u00ebrb\u00ebjn\u00eb popullsin\u00eb shumic\u00eb, n\u00eb uniformat e policave t\u00eb shkruhet emri i oficerit n\u00eb gjuh\u00ebn shqipe, njofton CDM.<\/p>\n<p>Miodrag Vukovic, deputet i PDS (DPS) shpjegoj se k\u00ebrkesa e Bardhit \u00ebsht\u00eb jokushtetuese me sqarimin se policia \u00ebsht\u00eb shtet\u00ebrore dhe jo lokale.<\/p>\n<p>Kryetari i Komisionit, Dzavid Sabovic tha se atij nuk i pengon n\u00ebse ne uniformat e policis\u00eb do t\u00eb p\u00ebrdoren shkronjat latine, cirilike apo gjuha shqipe.<br \/>\n\u201cKeni harruar transparentin e madh n\u00eb mitingun n\u00eb Podgoric\u00eb, para referendumit t\u00eb pavar\u00ebsis\u00eb s\u00eb Malit t\u00eb Zi, ne t\u00eb cilin me shkronja t\u00eb m\u00ebdha shkruante PO. Ndoshta gabohem dhe ajo ishte shkurtesa p\u00ebr Podgoric\u00ebn\u201d, tha Sabovic.<\/p>\n<p>Ky komision ka marr\u00eb n\u00eb konsiderat\u00eb amendamentin e partive shqiptare i cili k\u00ebrkon nj\u00eb num\u00ebr m\u00eb t\u00eb madh t\u00eb p\u00ebrfaq\u00ebsuesve t\u00eb komunitetit shqiptar n\u00eb strukturat e policis\u00eb.<\/p>\n<p>Malesia.Org<\/p>\n","protected":false},"excerpt":{"rendered":"<p>Komisioni Parlamentar p\u00ebr \u00e7\u00ebshtjet kushtetuese dhe legjislacion refuzoi nj\u00eb amendament t\u00eb deputetit t\u00eb Lidhjes Demokratike Mehmet Bardhit, ku k\u00ebrkohej q\u00eb n\u00eb zonat ku shqiptar\u00ebt p\u00ebrb\u00ebjn\u00eb popullsin\u00eb shumic\u00eb, n\u00eb uniformat e policave t\u00eb shkruhet emri i oficerit n\u00eb gjuh\u00ebn shqipe, njofton CDM. Miodrag Vukovic, deputet i PDS (DPS) shpjegoj se k\u00ebrkesa e Bardhit \u00ebsht\u00eb jokushtetuese me [&hellip;]<\/p>\n","protected":false},"author":1,"featured_media":0,"comment_status":"open","ping_status":"closed","sticky":false,"template":"","format":"standard","meta":{"spay_email":"","jetpack_publicize_message":"","jetpack_is_tweetstorm":false,"jetpack_publicize_feature_enabled":true},"categories":[11],"tags":[20075,347],"jetpack_publicize_connections":[],"yoast_head":"<!-- This site is optimized with the Yoast SEO plugin v19.1 - https:\/\/yoast.com\/wordpress\/plugins\/seo\/ -->\n<title>Komisioni parlamentar refuzon k\u00ebrkes\u00ebn e Mehmet Bardhit - Lajme nga Ulqini<\/title>\n<meta name=\"description\" content=\"Komisioni Parlamentar p\u00ebr \u00e7\u00ebshtjet kushtetuese dhe legjislacion refuzoi nj\u00eb amendament t\u00eb deputetit t\u00eb Lidhjes Demokratike Mehmet Bardhit, ku k\u00ebrkohej q\u00eb\" \/>\n<meta name=\"robots\" content=\"index, follow, max-snippet:-1, max-image-preview:large, max-video-preview:-1\" \/>\n<link rel=\"canonical\" href=\"https:\/\/www.visit-ulcinj.com\/blog\/2012\/02\/23\/komisioni-parlamentar-refuzon-kerkesen-e-mehmet-bardhit\/\" \/>\n<meta property=\"og:locale\" content=\"en_US\" \/>\n<meta property=\"og:type\" content=\"article\" \/>\n<meta property=\"og:title\" content=\"Komisioni parlamentar refuzon k\u00ebrkes\u00ebn e Mehmet Bardhit - Lajme nga Ulqini\" \/>\n<meta property=\"og:description\" content=\"Komisioni Parlamentar p\u00ebr \u00e7\u00ebshtjet kushtetuese dhe legjislacion refuzoi nj\u00eb amendament t\u00eb deputetit t\u00eb Lidhjes Demokratike Mehmet Bardhit, ku k\u00ebrkohej q\u00eb\" \/>\n<meta property=\"og:url\" content=\"https:\/\/www.visit-ulcinj.com\/blog\/2012\/02\/23\/komisioni-parlamentar-refuzon-kerkesen-e-mehmet-bardhit\/\" \/>\n<meta property=\"og:site_name\" content=\"Lajme nga Ulqini\" \/>\n<meta property=\"article:published_time\" content=\"2012-02-23T20:56:58+00:00\" \/>\n<meta property=\"article:modified_time\" content=\"2012-02-23T21:35:19+00:00\" \/>\n<meta name=\"twitter:label1\" content=\"Written by\" \/>\n\t<meta name=\"twitter:data1\" content=\"ulqini\" \/>\n\t<meta name=\"twitter:label2\" content=\"Est. reading time\" \/>\n\t<meta name=\"twitter:data2\" content=\"1 minute\" \/>\n<script type=\"application\/ld+json\" class=\"yoast-schema-graph\">{\"@context\":\"https:\/\/schema.org\",\"@graph\":[{\"@type\":\"WebSite\",\"@id\":\"https:\/\/www.visit-ulcinj.com\/blog\/#website\",\"url\":\"https:\/\/www.visit-ulcinj.com\/blog\/\",\"name\":\"Lajme nga Ulqini\",\"description\":\"Lajme,Vijesti,Ulqini,Ulqin,Crna Gora,Mali i Zi\",\"potentialAction\":[{\"@type\":\"SearchAction\",\"target\":{\"@type\":\"EntryPoint\",\"urlTemplate\":\"https:\/\/www.visit-ulcinj.com\/blog\/?s={search_term_string}\"},\"query-input\":\"required name=search_term_string\"}],\"inLanguage\":\"en-US\"},{\"@type\":\"WebPage\",\"@id\":\"https:\/\/www.visit-ulcinj.com\/blog\/2012\/02\/23\/komisioni-parlamentar-refuzon-kerkesen-e-mehmet-bardhit\/#webpage\",\"url\":\"https:\/\/www.visit-ulcinj.com\/blog\/2012\/02\/23\/komisioni-parlamentar-refuzon-kerkesen-e-mehmet-bardhit\/\",\"name\":\"Komisioni parlamentar refuzon k\u00ebrkes\u00ebn e Mehmet Bardhit - Lajme nga Ulqini\",\"isPartOf\":{\"@id\":\"https:\/\/www.visit-ulcinj.com\/blog\/#website\"},\"datePublished\":\"2012-02-23T20:56:58+00:00\",\"dateModified\":\"2012-02-23T21:35:19+00:00\",\"author\":{\"@id\":\"https:\/\/www.visit-ulcinj.com\/blog\/#\/schema\/person\/dcab619c614d3038751c63bc2aadc06d\"},\"description\":\"Komisioni Parlamentar p\u00ebr \u00e7\u00ebshtjet kushtetuese dhe legjislacion refuzoi nj\u00eb amendament t\u00eb deputetit t\u00eb Lidhjes Demokratike Mehmet Bardhit, ku k\u00ebrkohej q\u00eb\",\"breadcrumb\":{\"@id\":\"https:\/\/www.visit-ulcinj.com\/blog\/2012\/02\/23\/komisioni-parlamentar-refuzon-kerkesen-e-mehmet-bardhit\/#breadcrumb\"},\"inLanguage\":\"en-US\",\"potentialAction\":[{\"@type\":\"ReadAction\",\"target\":[\"https:\/\/www.visit-ulcinj.com\/blog\/2012\/02\/23\/komisioni-parlamentar-refuzon-kerkesen-e-mehmet-bardhit\/\"]}]},{\"@type\":\"BreadcrumbList\",\"@id\":\"https:\/\/www.visit-ulcinj.com\/blog\/2012\/02\/23\/komisioni-parlamentar-refuzon-kerkesen-e-mehmet-bardhit\/#breadcrumb\",\"itemListElement\":[{\"@type\":\"ListItem\",\"position\":1,\"name\":\"Komisioni parlamentar refuzon k\u00ebrkes\u00ebn e Mehmet Bardhit\"}]},{\"@type\":\"Person\",\"@id\":\"https:\/\/www.visit-ulcinj.com\/blog\/#\/schema\/person\/dcab619c614d3038751c63bc2aadc06d\",\"name\":\"ulqini\",\"sameAs\":[\"http:\/\/www.visit-ulcinj.com\"],\"url\":\"https:\/\/www.visit-ulcinj.com\/blog\/author\/admin\/\"}]}<\/script>\n<!-- \/ Yoast SEO plugin. -->","yoast_head_json":{"title":"Komisioni parlamentar refuzon k\u00ebrkes\u00ebn e Mehmet Bardhit - Lajme nga Ulqini","description":"Komisioni Parlamentar p\u00ebr \u00e7\u00ebshtjet kushtetuese dhe legjislacion refuzoi nj\u00eb amendament t\u00eb deputetit t\u00eb Lidhjes Demokratike Mehmet Bardhit, ku k\u00ebrkohej q\u00eb","robots":{"index":"index","follow":"follow","max-snippet":"max-snippet:-1","max-image-preview":"max-image-preview:large","max-video-preview":"max-video-preview:-1"},"canonical":"https:\/\/www.visit-ulcinj.com\/blog\/2012\/02\/23\/komisioni-parlamentar-refuzon-kerkesen-e-mehmet-bardhit\/","og_locale":"en_US","og_type":"article","og_title":"Komisioni parlamentar refuzon k\u00ebrkes\u00ebn e Mehmet Bardhit - Lajme nga Ulqini","og_description":"Komisioni Parlamentar p\u00ebr \u00e7\u00ebshtjet kushtetuese dhe legjislacion refuzoi nj\u00eb amendament t\u00eb deputetit t\u00eb Lidhjes Demokratike Mehmet Bardhit, ku k\u00ebrkohej q\u00eb","og_url":"https:\/\/www.visit-ulcinj.com\/blog\/2012\/02\/23\/komisioni-parlamentar-refuzon-kerkesen-e-mehmet-bardhit\/","og_site_name":"Lajme nga Ulqini","article_published_time":"2012-02-23T20:56:58+00:00","article_modified_time":"2012-02-23T21:35:19+00:00","twitter_misc":{"Written by":"ulqini","Est. reading time":"1 minute"},"schema":{"@context":"https:\/\/schema.org","@graph":[{"@type":"WebSite","@id":"https:\/\/www.visit-ulcinj.com\/blog\/#website","url":"https:\/\/www.visit-ulcinj.com\/blog\/","name":"Lajme nga Ulqini","description":"Lajme,Vijesti,Ulqini,Ulqin,Crna Gora,Mali i Zi","potentialAction":[{"@type":"SearchAction","target":{"@type":"EntryPoint","urlTemplate":"https:\/\/www.visit-ulcinj.com\/blog\/?s={search_term_string}"},"query-input":"required name=search_term_string"}],"inLanguage":"en-US"},{"@type":"WebPage","@id":"https:\/\/www.visit-ulcinj.com\/blog\/2012\/02\/23\/komisioni-parlamentar-refuzon-kerkesen-e-mehmet-bardhit\/#webpage","url":"https:\/\/www.visit-ulcinj.com\/blog\/2012\/02\/23\/komisioni-parlamentar-refuzon-kerkesen-e-mehmet-bardhit\/","name":"Komisioni parlamentar refuzon k\u00ebrkes\u00ebn e Mehmet Bardhit - Lajme nga Ulqini","isPartOf":{"@id":"https:\/\/www.visit-ulcinj.com\/blog\/#website"},"datePublished":"2012-02-23T20:56:58+00:00","dateModified":"2012-02-23T21:35:19+00:00","author":{"@id":"https:\/\/www.visit-ulcinj.com\/blog\/#\/schema\/person\/dcab619c614d3038751c63bc2aadc06d"},"description":"Komisioni Parlamentar p\u00ebr \u00e7\u00ebshtjet kushtetuese dhe legjislacion refuzoi nj\u00eb amendament t\u00eb deputetit t\u00eb Lidhjes Demokratike Mehmet Bardhit, ku k\u00ebrkohej q\u00eb","breadcrumb":{"@id":"https:\/\/www.visit-ulcinj.com\/blog\/2012\/02\/23\/komisioni-parlamentar-refuzon-kerkesen-e-mehmet-bardhit\/#breadcrumb"},"inLanguage":"en-US","potentialAction":[{"@type":"ReadAction","target":["https:\/\/www.visit-ulcinj.com\/blog\/2012\/02\/23\/komisioni-parlamentar-refuzon-kerkesen-e-mehmet-bardhit\/"]}]},{"@type":"BreadcrumbList","@id":"https:\/\/www.visit-ulcinj.com\/blog\/2012\/02\/23\/komisioni-parlamentar-refuzon-kerkesen-e-mehmet-bardhit\/#breadcrumb","itemListElement":[{"@type":"ListItem","position":1,"name":"Komisioni parlamentar refuzon k\u00ebrkes\u00ebn e Mehmet Bardhit"}]},{"@type":"Person","@id":"https:\/\/www.visit-ulcinj.com\/blog\/#\/schema\/person\/dcab619c614d3038751c63bc2aadc06d","name":"ulqini","sameAs":["http:\/\/www.visit-ulcinj.com"],"url":"https:\/\/www.visit-ulcinj.com\/blog\/author\/admin\/"}]}},"jetpack_featured_media_url":"","jetpack_sharing_enabled":true,"jetpack_shortlink":"https:\/\/wp.me\/pe6lTn-f0E","_links":{"self":[{"href":"https:\/\/www.visit-ulcinj.com\/blog\/wp-json\/wp\/v2\/posts\/57700"}],"collection":[{"href":"https:\/\/www.visit-ulcinj.com\/blog\/wp-json\/wp\/v2\/posts"}],"about":[{"href":"https:\/\/www.visit-ulcinj.com\/blog\/wp-json\/wp\/v2\/types\/post"}],"author":[{"embeddable":true,"href":"https:\/\/www.visit-ulcinj.com\/blog\/wp-json\/wp\/v2\/users\/1"}],"replies":[{"embeddable":true,"href":"https:\/\/www.visit-ulcinj.com\/blog\/wp-json\/wp\/v2\/comments?post=57700"}],"version-history":[{"count":3,"href":"https:\/\/www.visit-ulcinj.com\/blog\/wp-json\/wp\/v2\/posts\/57700\/revisions"}],"predecessor-version":[{"id":57704,"href":"https:\/\/www.visit-ulcinj.com\/blog\/wp-json\/wp\/v2\/posts\/57700\/revisions\/57704"}],"wp:attachment":[{"href":"https:\/\/www.visit-ulcinj.com\/blog\/wp-json\/wp\/v2\/media?parent=57700"}],"wp:term":[{"taxonomy":"category","embeddable":true,"href":"https:\/\/www.visit-ulcinj.com\/blog\/wp-json\/wp\/v2\/categories?post=57700"},{"taxonomy":"post_tag","embeddable":true,"href":"https:\/\/www.visit-ulcinj.com\/blog\/wp-json\/wp\/v2\/tags?post=57700"}],"curies":[{"name":"wp","href":"https:\/\/api.w.org\/{rel}","templated":true}]}}