{"id":57705,"date":"2012-02-23T22:25:03","date_gmt":"2012-02-23T21:25:03","guid":{"rendered":"http:\/\/www.visit-ulcinj.com\/blog\/?p=57705"},"modified":"2012-02-23T22:34:14","modified_gmt":"2012-02-23T21:34:14","slug":"nderrimet-kushtetuese-ne-mal-te-zinuk-shkojne-ne-favor-te-shqiptareve","status":"publish","type":"post","link":"https:\/\/www.visit-ulcinj.com\/blog\/2012\/02\/23\/nderrimet-kushtetuese-ne-mal-te-zinuk-shkojne-ne-favor-te-shqiptareve\/","title":{"rendered":"Nd\u00ebrrimet kushtetuese n\u00eb Mal t\u00eb Zi,nuk shkojn\u00eb n\u00eb favor t\u00eb  shqiptar\u00ebve"},"content":{"rendered":"<p><a href=\"http:\/\/www.visit-ulcinj.com\/blog\/wp-content\/uploads\/2012\/02\/Igor-Llukshiq-me-p\u00ebrfaq\u00ebsuesit-e-partive-shqiptareMehmet-BardhiVasel-SinishtajGenci-Nimanbegu.11.jpg\"><img loading=\"lazy\" class=\"alignleft size-full wp-image-57706\" title=\"Igor-Llukshiq-me-p\u00ebrfaq\u00ebsuesit-e-partive-shqiptareMehmet-BardhiVasel-SinishtajGenci-Nimanbegu.1\" src=\"http:\/\/www.visit-ulcinj.com\/blog\/wp-content\/uploads\/2012\/02\/Igor-Llukshiq-me-p\u00ebrfaq\u00ebsuesit-e-partive-shqiptareMehmet-BardhiVasel-SinishtajGenci-Nimanbegu.11.jpg\" alt=\"\" width=\"794\" height=\"451\" srcset=\"https:\/\/www.visit-ulcinj.com\/blog\/wp-content\/uploads\/2012\/02\/Igor-Llukshiq-me-p\u00ebrfaq\u00ebsuesit-e-partive-shqiptareMehmet-BardhiVasel-SinishtajGenci-Nimanbegu.11.jpg 794w, https:\/\/www.visit-ulcinj.com\/blog\/wp-content\/uploads\/2012\/02\/Igor-Llukshiq-me-p\u00ebrfaq\u00ebsuesit-e-partive-shqiptareMehmet-BardhiVasel-SinishtajGenci-Nimanbegu.11-300x170.jpg 300w\" sizes=\"(max-width: 794px) 100vw, 794px\" \/><\/a>Kryeministri i Malit t\u00eb Zi, Igor Luksic sot ka nisur bisedimet me partit\u00eb opozitare n\u00eb lidhje me nd\u00ebrrimet kushtetuese q\u00eb duhet b\u00ebr\u00eb p\u00ebr rrug\u00ebn e m\u00ebtejme n\u00eb Bashkimin Evropian.<\/p>\n<p>Ai po ashtu pati takim me deputet\u00ebt e klubit shqiptar\u00eb q\u00eb gjinden n\u00eb opozit\u00eb, t\u00eb cil\u00ebt mbas takimit me Luksic deklaruan se k\u00ebto nd\u00ebrrime nuk shkojn\u00eb n\u00eb favor t\u00eb p\u00ebrmir\u00ebsimit t\u00eb gjendjes s\u00eb shqiptar\u00ebve.<\/p>\n<p>Deputetit i Forc\u00ebs <strong>Genci Nimanbegu<\/strong> tha se shfryt\u00ebzuan rastin t\u00eb shtrojn\u00eb shum\u00eb pyetje t\u00eb cilat kan\u00eb t\u00eb b\u00ebjn\u00eb me shqiptar\u00ebt n\u00eb Mal t\u00eb Zi, raporton MINA.<br \/>\nSipas Nimanbegut duhet t\u00eb shqyrtohen shum\u00eb probleme me t\u00eb cilat shqiptar\u00ebt ballafaqohen, si\u00e7 jan\u00eb procesi i privatizimit, Ligji p\u00ebr p\u00ebrdorimin e simboleve komb\u00ebtare, rishikimi i rregullores p\u00ebr t\u00eb mirat detare dhe statusi i komun\u00ebs s\u00eb Tuzit \u2013 Mal\u00ebsis\u00eb.<\/p>\n<p>Deputeti i koalicionit Perspektiva <strong>Vasel Sinishtaj<\/strong> tha se shqiptar\u00ebt q\u00eb nga pavar\u00ebsimi i Mali t\u00eb Zi kan\u00eb probleme, e sidomos nga aspekti i tri ligjeve t\u00eb cilat t\u00eb cilat jan\u00eb aprovuar gjat\u00eb vitit t\u00eb kaluar. E ato jan\u00eb Ligji zgjedhor, Ligji p\u00ebr organizimin territorial si dhe Ligji p\u00ebr p\u00ebrdorimin e simboleve komb\u00ebtare.<br \/>\nSipas tij, propozimet p\u00ebr nd\u00ebrrimet kushtetuese nuk p\u00ebrmir\u00ebsojn\u00eb pozit\u00ebn e shqiptar\u00ebve.<br \/>\nSinishtaj shton q\u00eb p\u00ebrmes dialogut problemet e shqiptar\u00ebve duhet t\u00eb rregullohen sa m\u00eb par\u00eb.<br \/>\n\u201cNj\u00eb nd\u00ebr pyetjet me r\u00ebnd\u00ebsi \u00ebsht\u00eb edhe decentralizimi\u201d, shtoi Sinishtaj.<br \/>\n<a href=\"http:\/\/www.visit-ulcinj.com\/blog\/wp-content\/uploads\/2012\/02\/Prime-Minister-Igor-Luksic-with-the-presidents-of-opposition-parties-in-Montenegro1.png\"><img loading=\"lazy\" class=\"alignleft  wp-image-57707\" title=\"Prime Minister Igor Luksic with the presidents of opposition parties in Montenegro\" src=\"http:\/\/www.visit-ulcinj.com\/blog\/wp-content\/uploads\/2012\/02\/Prime-Minister-Igor-Luksic-with-the-presidents-of-opposition-parties-in-Montenegro1.png\" alt=\"\" width=\"508\" height=\"300\" \/><\/a><br \/>\nLideri i Lidhjes Demokratike n\u00eb Mal t\u00eb Zi <strong>Mehmet Bardhi<\/strong> tha se partit\u00eb opozitare shqiptare nuk votuan p\u00ebr Kushtetut\u00ebn e mbas pavar\u00ebsimit t\u00eb Mali t\u00eb Zi, pasi k\u00ebrkesat e shqiptar\u00ebve nuk jan\u00eb pranuar nga Qeveria malazeze.<br \/>\n\u201cV\u00ebshtir\u00eb se do t\u00eb mund t\u00eb nd\u00ebrrojm\u00eb di\u00e7ka as k\u00ebsaj her\u00eb p\u00ebrmes amendamenteve tona\u201d, tha Bardhi.<\/p>\n<p><strong>Malesia.Org<\/strong><\/p>\n<p>&nbsp;<\/p>\n","protected":false},"excerpt":{"rendered":"<p>Kryeministri i Malit t\u00eb Zi, Igor Luksic sot ka nisur bisedimet me partit\u00eb opozitare n\u00eb lidhje me nd\u00ebrrimet kushtetuese q\u00eb duhet b\u00ebr\u00eb p\u00ebr rrug\u00ebn e m\u00ebtejme n\u00eb Bashkimin Evropian. Ai po ashtu pati takim me deputet\u00ebt e klubit shqiptar\u00eb q\u00eb gjinden n\u00eb opozit\u00eb, t\u00eb cil\u00ebt mbas takimit me Luksic deklaruan se k\u00ebto nd\u00ebrrime nuk shkojn\u00eb [&hellip;]<\/p>\n","protected":false},"author":1,"featured_media":0,"comment_status":"open","ping_status":"closed","sticky":false,"template":"","format":"standard","meta":{"spay_email":"","jetpack_publicize_message":"","jetpack_is_tweetstorm":false,"jetpack_publicize_feature_enabled":true},"categories":[6],"tags":[1073,20076,347,348],"jetpack_publicize_connections":[],"yoast_head":"<!-- This site is optimized with the Yoast SEO plugin v19.1 - https:\/\/yoast.com\/wordpress\/plugins\/seo\/ -->\n<title>Nd\u00ebrrimet kushtetuese n\u00eb Mal t\u00eb Zi,nuk shkojn\u00eb n\u00eb favor t\u00eb shqiptar\u00ebve - Lajme nga Ulqini<\/title>\n<meta name=\"description\" content=\"Kryeministri i Malit t\u00eb Zi, Igor Luksic sot ka nisur bisedimet me partit\u00eb opozitare n\u00eb lidhje me nd\u00ebrrimet kushtetuese q\u00eb duhet b\u00ebr\u00eb p\u00ebr rrug\u00ebn e m\u00ebtejme\" \/>\n<meta name=\"robots\" content=\"index, follow, max-snippet:-1, max-image-preview:large, max-video-preview:-1\" \/>\n<link rel=\"canonical\" href=\"https:\/\/www.visit-ulcinj.com\/blog\/2012\/02\/23\/nderrimet-kushtetuese-ne-mal-te-zinuk-shkojne-ne-favor-te-shqiptareve\/\" \/>\n<meta property=\"og:locale\" content=\"en_US\" \/>\n<meta property=\"og:type\" content=\"article\" \/>\n<meta property=\"og:title\" content=\"Nd\u00ebrrimet kushtetuese n\u00eb Mal t\u00eb Zi,nuk shkojn\u00eb n\u00eb favor t\u00eb shqiptar\u00ebve - Lajme nga Ulqini\" \/>\n<meta property=\"og:description\" content=\"Kryeministri i Malit t\u00eb Zi, Igor Luksic sot ka nisur bisedimet me partit\u00eb opozitare n\u00eb lidhje me nd\u00ebrrimet kushtetuese q\u00eb duhet b\u00ebr\u00eb p\u00ebr rrug\u00ebn e m\u00ebtejme\" \/>\n<meta property=\"og:url\" content=\"https:\/\/www.visit-ulcinj.com\/blog\/2012\/02\/23\/nderrimet-kushtetuese-ne-mal-te-zinuk-shkojne-ne-favor-te-shqiptareve\/\" \/>\n<meta property=\"og:site_name\" content=\"Lajme nga Ulqini\" \/>\n<meta property=\"article:published_time\" content=\"2012-02-23T21:25:03+00:00\" \/>\n<meta property=\"article:modified_time\" content=\"2012-02-23T21:34:14+00:00\" \/>\n<meta property=\"og:image\" content=\"http:\/\/www.visit-ulcinj.com\/blog\/wp-content\/uploads\/2012\/02\/Prime-Minister-Igor-Luksic-with-the-presidents-of-opposition-parties-in-Montenegro1.png\" \/>\n<meta name=\"twitter:label1\" content=\"Written by\" \/>\n\t<meta name=\"twitter:data1\" content=\"ulqini\" \/>\n\t<meta name=\"twitter:label2\" content=\"Est. reading time\" \/>\n\t<meta name=\"twitter:data2\" content=\"2 minutes\" \/>\n<script type=\"application\/ld+json\" class=\"yoast-schema-graph\">{\"@context\":\"https:\/\/schema.org\",\"@graph\":[{\"@type\":\"WebSite\",\"@id\":\"https:\/\/www.visit-ulcinj.com\/blog\/#website\",\"url\":\"https:\/\/www.visit-ulcinj.com\/blog\/\",\"name\":\"Lajme nga Ulqini\",\"description\":\"Lajme,Vijesti,Ulqini,Ulqin,Crna Gora,Mali i Zi\",\"potentialAction\":[{\"@type\":\"SearchAction\",\"target\":{\"@type\":\"EntryPoint\",\"urlTemplate\":\"https:\/\/www.visit-ulcinj.com\/blog\/?s={search_term_string}\"},\"query-input\":\"required name=search_term_string\"}],\"inLanguage\":\"en-US\"},{\"@type\":\"ImageObject\",\"inLanguage\":\"en-US\",\"@id\":\"https:\/\/www.visit-ulcinj.com\/blog\/2012\/02\/23\/nderrimet-kushtetuese-ne-mal-te-zinuk-shkojne-ne-favor-te-shqiptareve\/#primaryimage\",\"url\":\"https:\/\/www.visit-ulcinj.com\/blog\/wp-content\/uploads\/2012\/02\/Prime-Minister-Igor-Luksic-with-the-presidents-of-opposition-parties-in-Montenegro1.png\",\"contentUrl\":\"https:\/\/www.visit-ulcinj.com\/blog\/wp-content\/uploads\/2012\/02\/Prime-Minister-Igor-Luksic-with-the-presidents-of-opposition-parties-in-Montenegro1.png\",\"width\":\"796\",\"height\":\"449\"},{\"@type\":\"WebPage\",\"@id\":\"https:\/\/www.visit-ulcinj.com\/blog\/2012\/02\/23\/nderrimet-kushtetuese-ne-mal-te-zinuk-shkojne-ne-favor-te-shqiptareve\/#webpage\",\"url\":\"https:\/\/www.visit-ulcinj.com\/blog\/2012\/02\/23\/nderrimet-kushtetuese-ne-mal-te-zinuk-shkojne-ne-favor-te-shqiptareve\/\",\"name\":\"Nd\u00ebrrimet kushtetuese n\u00eb Mal t\u00eb Zi,nuk shkojn\u00eb n\u00eb favor t\u00eb shqiptar\u00ebve - Lajme nga Ulqini\",\"isPartOf\":{\"@id\":\"https:\/\/www.visit-ulcinj.com\/blog\/#website\"},\"primaryImageOfPage\":{\"@id\":\"https:\/\/www.visit-ulcinj.com\/blog\/2012\/02\/23\/nderrimet-kushtetuese-ne-mal-te-zinuk-shkojne-ne-favor-te-shqiptareve\/#primaryimage\"},\"datePublished\":\"2012-02-23T21:25:03+00:00\",\"dateModified\":\"2012-02-23T21:34:14+00:00\",\"author\":{\"@id\":\"https:\/\/www.visit-ulcinj.com\/blog\/#\/schema\/person\/dcab619c614d3038751c63bc2aadc06d\"},\"description\":\"Kryeministri i Malit t\u00eb Zi, Igor Luksic sot ka nisur bisedimet me partit\u00eb opozitare n\u00eb lidhje me nd\u00ebrrimet kushtetuese q\u00eb duhet b\u00ebr\u00eb p\u00ebr rrug\u00ebn e m\u00ebtejme\",\"breadcrumb\":{\"@id\":\"https:\/\/www.visit-ulcinj.com\/blog\/2012\/02\/23\/nderrimet-kushtetuese-ne-mal-te-zinuk-shkojne-ne-favor-te-shqiptareve\/#breadcrumb\"},\"inLanguage\":\"en-US\",\"potentialAction\":[{\"@type\":\"ReadAction\",\"target\":[\"https:\/\/www.visit-ulcinj.com\/blog\/2012\/02\/23\/nderrimet-kushtetuese-ne-mal-te-zinuk-shkojne-ne-favor-te-shqiptareve\/\"]}]},{\"@type\":\"BreadcrumbList\",\"@id\":\"https:\/\/www.visit-ulcinj.com\/blog\/2012\/02\/23\/nderrimet-kushtetuese-ne-mal-te-zinuk-shkojne-ne-favor-te-shqiptareve\/#breadcrumb\",\"itemListElement\":[{\"@type\":\"ListItem\",\"position\":1,\"name\":\"Nd\u00ebrrimet kushtetuese n\u00eb Mal t\u00eb Zi,nuk shkojn\u00eb n\u00eb favor t\u00eb shqiptar\u00ebve\"}]},{\"@type\":\"Person\",\"@id\":\"https:\/\/www.visit-ulcinj.com\/blog\/#\/schema\/person\/dcab619c614d3038751c63bc2aadc06d\",\"name\":\"ulqini\",\"sameAs\":[\"http:\/\/www.visit-ulcinj.com\"],\"url\":\"https:\/\/www.visit-ulcinj.com\/blog\/author\/admin\/\"}]}<\/script>\n<!-- \/ Yoast SEO plugin. -->","yoast_head_json":{"title":"Nd\u00ebrrimet kushtetuese n\u00eb Mal t\u00eb Zi,nuk shkojn\u00eb n\u00eb favor t\u00eb shqiptar\u00ebve - Lajme nga Ulqini","description":"Kryeministri i Malit t\u00eb Zi, Igor Luksic sot ka nisur bisedimet me partit\u00eb opozitare n\u00eb lidhje me nd\u00ebrrimet kushtetuese q\u00eb duhet b\u00ebr\u00eb p\u00ebr rrug\u00ebn e m\u00ebtejme","robots":{"index":"index","follow":"follow","max-snippet":"max-snippet:-1","max-image-preview":"max-image-preview:large","max-video-preview":"max-video-preview:-1"},"canonical":"https:\/\/www.visit-ulcinj.com\/blog\/2012\/02\/23\/nderrimet-kushtetuese-ne-mal-te-zinuk-shkojne-ne-favor-te-shqiptareve\/","og_locale":"en_US","og_type":"article","og_title":"Nd\u00ebrrimet kushtetuese n\u00eb Mal t\u00eb Zi,nuk shkojn\u00eb n\u00eb favor t\u00eb shqiptar\u00ebve - Lajme nga Ulqini","og_description":"Kryeministri i Malit t\u00eb Zi, Igor Luksic sot ka nisur bisedimet me partit\u00eb opozitare n\u00eb lidhje me nd\u00ebrrimet kushtetuese q\u00eb duhet b\u00ebr\u00eb p\u00ebr rrug\u00ebn e m\u00ebtejme","og_url":"https:\/\/www.visit-ulcinj.com\/blog\/2012\/02\/23\/nderrimet-kushtetuese-ne-mal-te-zinuk-shkojne-ne-favor-te-shqiptareve\/","og_site_name":"Lajme nga Ulqini","article_published_time":"2012-02-23T21:25:03+00:00","article_modified_time":"2012-02-23T21:34:14+00:00","og_image":[{"url":"http:\/\/www.visit-ulcinj.com\/blog\/wp-content\/uploads\/2012\/02\/Prime-Minister-Igor-Luksic-with-the-presidents-of-opposition-parties-in-Montenegro1.png"}],"twitter_misc":{"Written by":"ulqini","Est. reading time":"2 minutes"},"schema":{"@context":"https:\/\/schema.org","@graph":[{"@type":"WebSite","@id":"https:\/\/www.visit-ulcinj.com\/blog\/#website","url":"https:\/\/www.visit-ulcinj.com\/blog\/","name":"Lajme nga Ulqini","description":"Lajme,Vijesti,Ulqini,Ulqin,Crna Gora,Mali i Zi","potentialAction":[{"@type":"SearchAction","target":{"@type":"EntryPoint","urlTemplate":"https:\/\/www.visit-ulcinj.com\/blog\/?s={search_term_string}"},"query-input":"required name=search_term_string"}],"inLanguage":"en-US"},{"@type":"ImageObject","inLanguage":"en-US","@id":"https:\/\/www.visit-ulcinj.com\/blog\/2012\/02\/23\/nderrimet-kushtetuese-ne-mal-te-zinuk-shkojne-ne-favor-te-shqiptareve\/#primaryimage","url":"https:\/\/www.visit-ulcinj.com\/blog\/wp-content\/uploads\/2012\/02\/Prime-Minister-Igor-Luksic-with-the-presidents-of-opposition-parties-in-Montenegro1.png","contentUrl":"https:\/\/www.visit-ulcinj.com\/blog\/wp-content\/uploads\/2012\/02\/Prime-Minister-Igor-Luksic-with-the-presidents-of-opposition-parties-in-Montenegro1.png","width":"796","height":"449"},{"@type":"WebPage","@id":"https:\/\/www.visit-ulcinj.com\/blog\/2012\/02\/23\/nderrimet-kushtetuese-ne-mal-te-zinuk-shkojne-ne-favor-te-shqiptareve\/#webpage","url":"https:\/\/www.visit-ulcinj.com\/blog\/2012\/02\/23\/nderrimet-kushtetuese-ne-mal-te-zinuk-shkojne-ne-favor-te-shqiptareve\/","name":"Nd\u00ebrrimet kushtetuese n\u00eb Mal t\u00eb Zi,nuk shkojn\u00eb n\u00eb favor t\u00eb shqiptar\u00ebve - Lajme nga Ulqini","isPartOf":{"@id":"https:\/\/www.visit-ulcinj.com\/blog\/#website"},"primaryImageOfPage":{"@id":"https:\/\/www.visit-ulcinj.com\/blog\/2012\/02\/23\/nderrimet-kushtetuese-ne-mal-te-zinuk-shkojne-ne-favor-te-shqiptareve\/#primaryimage"},"datePublished":"2012-02-23T21:25:03+00:00","dateModified":"2012-02-23T21:34:14+00:00","author":{"@id":"https:\/\/www.visit-ulcinj.com\/blog\/#\/schema\/person\/dcab619c614d3038751c63bc2aadc06d"},"description":"Kryeministri i Malit t\u00eb Zi, Igor Luksic sot ka nisur bisedimet me partit\u00eb opozitare n\u00eb lidhje me nd\u00ebrrimet kushtetuese q\u00eb duhet b\u00ebr\u00eb p\u00ebr rrug\u00ebn e m\u00ebtejme","breadcrumb":{"@id":"https:\/\/www.visit-ulcinj.com\/blog\/2012\/02\/23\/nderrimet-kushtetuese-ne-mal-te-zinuk-shkojne-ne-favor-te-shqiptareve\/#breadcrumb"},"inLanguage":"en-US","potentialAction":[{"@type":"ReadAction","target":["https:\/\/www.visit-ulcinj.com\/blog\/2012\/02\/23\/nderrimet-kushtetuese-ne-mal-te-zinuk-shkojne-ne-favor-te-shqiptareve\/"]}]},{"@type":"BreadcrumbList","@id":"https:\/\/www.visit-ulcinj.com\/blog\/2012\/02\/23\/nderrimet-kushtetuese-ne-mal-te-zinuk-shkojne-ne-favor-te-shqiptareve\/#breadcrumb","itemListElement":[{"@type":"ListItem","position":1,"name":"Nd\u00ebrrimet kushtetuese n\u00eb Mal t\u00eb Zi,nuk shkojn\u00eb n\u00eb favor t\u00eb shqiptar\u00ebve"}]},{"@type":"Person","@id":"https:\/\/www.visit-ulcinj.com\/blog\/#\/schema\/person\/dcab619c614d3038751c63bc2aadc06d","name":"ulqini","sameAs":["http:\/\/www.visit-ulcinj.com"],"url":"https:\/\/www.visit-ulcinj.com\/blog\/author\/admin\/"}]}},"jetpack_featured_media_url":"","jetpack_sharing_enabled":true,"jetpack_shortlink":"https:\/\/wp.me\/pe6lTn-f0J","_links":{"self":[{"href":"https:\/\/www.visit-ulcinj.com\/blog\/wp-json\/wp\/v2\/posts\/57705"}],"collection":[{"href":"https:\/\/www.visit-ulcinj.com\/blog\/wp-json\/wp\/v2\/posts"}],"about":[{"href":"https:\/\/www.visit-ulcinj.com\/blog\/wp-json\/wp\/v2\/types\/post"}],"author":[{"embeddable":true,"href":"https:\/\/www.visit-ulcinj.com\/blog\/wp-json\/wp\/v2\/users\/1"}],"replies":[{"embeddable":true,"href":"https:\/\/www.visit-ulcinj.com\/blog\/wp-json\/wp\/v2\/comments?post=57705"}],"version-history":[{"count":3,"href":"https:\/\/www.visit-ulcinj.com\/blog\/wp-json\/wp\/v2\/posts\/57705\/revisions"}],"predecessor-version":[{"id":57709,"href":"https:\/\/www.visit-ulcinj.com\/blog\/wp-json\/wp\/v2\/posts\/57705\/revisions\/57709"}],"wp:attachment":[{"href":"https:\/\/www.visit-ulcinj.com\/blog\/wp-json\/wp\/v2\/media?parent=57705"}],"wp:term":[{"taxonomy":"category","embeddable":true,"href":"https:\/\/www.visit-ulcinj.com\/blog\/wp-json\/wp\/v2\/categories?post=57705"},{"taxonomy":"post_tag","embeddable":true,"href":"https:\/\/www.visit-ulcinj.com\/blog\/wp-json\/wp\/v2\/tags?post=57705"}],"curies":[{"name":"wp","href":"https:\/\/api.w.org\/{rel}","templated":true}]}}