{"id":57713,"date":"2012-02-25T18:25:41","date_gmt":"2012-02-25T17:25:41","guid":{"rendered":"http:\/\/www.visit-ulcinj.com\/blog\/?p=57713"},"modified":"2012-02-27T09:02:51","modified_gmt":"2012-02-27T08:02:51","slug":"javet-e-biznesit-kombetar-prezantohen-ne-ulqin","status":"publish","type":"post","link":"https:\/\/www.visit-ulcinj.com\/blog\/2012\/02\/25\/javet-e-biznesit-kombetar-prezantohen-ne-ulqin\/","title":{"rendered":"\u201cJav\u00ebt e Biznesit Komb\u00ebtar\u201d prezantohen n\u00eb Ulqin"},"content":{"rendered":"<p><strong><a href=\"http:\/\/www.visit-ulcinj.com\/blog\/wp-content\/uploads\/2012\/02\/Jav\u00ebt-e-Biznesit-Komb\u00ebtar-prezantohet-n\u00eb-Ulqin.jpg\"><img loading=\"lazy\" class=\"alignleft  wp-image-57715\" title=\"Jav\u00ebt e Biznesit Komb\u00ebtar, prezantohet n\u00eb Ulqin\" src=\"http:\/\/www.visit-ulcinj.com\/blog\/wp-content\/uploads\/2012\/02\/Jav\u00ebt-e-Biznesit-Komb\u00ebtar-prezantohet-n\u00eb-Ulqin.jpg\" alt=\"\" width=\"300\" height=\"300\" srcset=\"https:\/\/www.visit-ulcinj.com\/blog\/wp-content\/uploads\/2012\/02\/Jav\u00ebt-e-Biznesit-Komb\u00ebtar-prezantohet-n\u00eb-Ulqin.jpg 210w, https:\/\/www.visit-ulcinj.com\/blog\/wp-content\/uploads\/2012\/02\/Jav\u00ebt-e-Biznesit-Komb\u00ebtar-prezantohet-n\u00eb-Ulqin-150x150.jpg 150w\" sizes=\"(max-width: 300px) 100vw, 300px\" \/><\/a>Projekti \u201cJav\u00ebt e Biznesit Komb\u00ebtar\u201d, i organizuar nga Aleanca e Bizneseve t\u00eb Kosov\u00ebs (AKB), ka vazhduar me prezantimin e projektit komb\u00ebtar edhe n\u00eb Mal t\u00eb Zi, p\u00ebrkat\u00ebsisht n\u00eb Ulqin. Xhaudet Cakuli, n\u00ebnkryetari i Komun\u00ebs s\u00eb Ulqinit, tha se ky projekt ka gjetur mb\u00ebshtetje nga t\u00eb gjitha trevat shqiptare, n\u00eb k\u00ebt\u00eb rast edhe nga Komuna e Ulqinit. Besojm\u00eb se sukseset nuk do t\u00eb jen\u00eb t\u00eb vogla, por shum\u00eb t\u00eb m\u00ebdha. <\/strong><\/p>\n<p>Nd\u00ebrsa Nazif Cungu, kryetar i Komun\u00ebs s\u00eb Ulqinit, tha se ndihet i k\u00ebnaqur q\u00eb edhe Ulqini \u00ebsht\u00eb pjes\u00eb e projektit komb\u00ebtar n\u00eb kuad\u00ebr t\u00eb pavar\u00ebsis\u00eb. Ai fal\u00ebnderoi t\u00eb gjith\u00eb shqiptar\u00ebt q\u00eb pushojn\u00eb n\u00eb Ulqin edhe pse ka kriza. &#8220;Pavar\u00ebsia e Kosov\u00ebs ishte m\u00eb r\u00ebnd\u00ebsi dhe q\u00eb u festua edhe n\u00eb Ulqin po ashtu edhe 100 vjetorin e pavar\u00ebsis\u00eb s\u00eb Shqip\u00ebris\u00eb&#8221; tha Cungu.<\/p>\n<p>Agim Shahini, kryetar i AKB-s\u00eb, tha se \u201cJav\u00ebt e Biznesit Komb\u00ebtar\u201d, \u00ebsht\u00eb nj\u00eb projekt gjith\u00eb komb\u00ebtar n\u00eb kuad\u00ebr t\u00eb 100 vjetorit t\u00eb pavar\u00ebsis\u00eb s\u00eb Shqip\u00ebris\u00eb. \u201cProjekti ka p\u00ebr q\u00ebllim rritjen dhe konsumimin e prodhimeve shqiptare. T\u00eb gjitha bizneset mbar\u00ebshqiptare do t\u00eb ofrojn\u00eb prodhime cil\u00ebsore p\u00ebr konsumator\u00ebt. Projekti po realizohet n\u00eb t\u00eb gjitha trevat shqiptare, konkretisht n\u00eb pes\u00eb shtete. Prodhimet tona t\u00eb shk\u00ebmbehen nd\u00ebrmjet shteteve tona\u201d, tha Shahini.<\/p>\n<p>Enver Ferizaj, president i K\u00ebshillit t\u00eb Agro Biznesit Shqiptar, tha se prodhimet vendore jan\u00eb cil\u00ebsore dhe duhet konsumuar. Sipas tij me k\u00ebto aktivitete do t\u00eb zgjerohen horizontet e reja jo vet\u00ebm nd\u00ebrmjet prodhuesve shqiptar por edhe atyre rajonal e m\u00eb gjer\u00eb. Ky projekt do t\u00eb p\u00ebrmbaj\u00eb aktivitet t\u00eb shum\u00ebllojshme. \u201cNe kemi p\u00ebr detyr\u00eb t\u00eb kontribuojm\u00eb me k\u00ebt\u00eb eveniment. Arritjet jan\u00eb njohja, konsumi, zgjerimi, shije, shitje, lidhje kontratash etj. Q\u00ebllim i saj \u00ebsht\u00eb p\u00ebr nj\u00eb treg nd\u00ebrkomb\u00ebtar\u201d, tha Ferizaj.<br \/>\nNd\u00ebrsa Ibrahim Milla, kryetar i Aleanc\u00ebs s\u00eb Bizneseve t\u00eb Ulqinit, i dha mb\u00ebshtetje projektit Jav\u00ebt e Biznesit Komb\u00ebtar, duke premtuar se mb\u00ebshtetje p\u00ebr prodhuesit shqiptar. <em><\/em><\/p>\n<p><strong>Telegrafi<br \/>\n<!--YouTube Error: bad URL entered--><br \/>\n<\/strong><\/p>\n","protected":false},"excerpt":{"rendered":"<p>Projekti \u201cJav\u00ebt e Biznesit Komb\u00ebtar\u201d, i organizuar nga Aleanca e Bizneseve t\u00eb Kosov\u00ebs (AKB), ka vazhduar me prezantimin e projektit komb\u00ebtar edhe n\u00eb Mal t\u00eb Zi, p\u00ebrkat\u00ebsisht n\u00eb Ulqin. Xhaudet Cakuli, n\u00ebnkryetari i Komun\u00ebs s\u00eb Ulqinit, tha se ky projekt ka gjetur mb\u00ebshtetje nga t\u00eb gjitha trevat shqiptare, n\u00eb k\u00ebt\u00eb rast edhe nga Komuna e [&hellip;]<\/p>\n","protected":false},"author":1,"featured_media":0,"comment_status":"open","ping_status":"closed","sticky":false,"template":"","format":"standard","meta":{"spay_email":"","jetpack_publicize_message":"","jetpack_is_tweetstorm":false,"jetpack_publicize_feature_enabled":true},"categories":[10],"tags":[20077,297,200,18],"jetpack_publicize_connections":[],"yoast_head":"<!-- This site is optimized with the Yoast SEO plugin v19.1 - https:\/\/yoast.com\/wordpress\/plugins\/seo\/ -->\n<title>\u201cJav\u00ebt e Biznesit Komb\u00ebtar\u201d prezantohen n\u00eb Ulqin - Lajme nga Ulqini<\/title>\n<meta name=\"description\" content=\"Projekti \u201cJav\u00ebt e Biznesit Komb\u00ebtar\u201d, i organizuar nga Aleanca e Bizneseve t\u00eb Kosov\u00ebs (AKB), ka vazhduar me prezantimin e projektit komb\u00ebtar edhe n\u00eb Mal\" \/>\n<meta name=\"robots\" content=\"index, follow, max-snippet:-1, max-image-preview:large, max-video-preview:-1\" \/>\n<link rel=\"canonical\" href=\"https:\/\/www.visit-ulcinj.com\/blog\/2012\/02\/25\/javet-e-biznesit-kombetar-prezantohen-ne-ulqin\/\" \/>\n<meta property=\"og:locale\" content=\"en_US\" \/>\n<meta property=\"og:type\" content=\"article\" \/>\n<meta property=\"og:title\" content=\"\u201cJav\u00ebt e Biznesit Komb\u00ebtar\u201d prezantohen n\u00eb Ulqin - Lajme nga Ulqini\" \/>\n<meta property=\"og:description\" content=\"Projekti \u201cJav\u00ebt e Biznesit Komb\u00ebtar\u201d, i organizuar nga Aleanca e Bizneseve t\u00eb Kosov\u00ebs (AKB), ka vazhduar me prezantimin e projektit komb\u00ebtar edhe n\u00eb Mal\" \/>\n<meta property=\"og:url\" content=\"https:\/\/www.visit-ulcinj.com\/blog\/2012\/02\/25\/javet-e-biznesit-kombetar-prezantohen-ne-ulqin\/\" \/>\n<meta property=\"og:site_name\" content=\"Lajme nga Ulqini\" \/>\n<meta property=\"article:published_time\" content=\"2012-02-25T17:25:41+00:00\" \/>\n<meta property=\"article:modified_time\" content=\"2012-02-27T08:02:51+00:00\" \/>\n<meta name=\"twitter:label1\" content=\"Written by\" \/>\n\t<meta name=\"twitter:data1\" content=\"ulqini\" \/>\n\t<meta name=\"twitter:label2\" content=\"Est. reading time\" \/>\n\t<meta name=\"twitter:data2\" content=\"2 minutes\" \/>\n<script type=\"application\/ld+json\" class=\"yoast-schema-graph\">{\"@context\":\"https:\/\/schema.org\",\"@graph\":[{\"@type\":\"WebSite\",\"@id\":\"https:\/\/www.visit-ulcinj.com\/blog\/#website\",\"url\":\"https:\/\/www.visit-ulcinj.com\/blog\/\",\"name\":\"Lajme nga Ulqini\",\"description\":\"Lajme,Vijesti,Ulqini,Ulqin,Crna Gora,Mali i Zi\",\"potentialAction\":[{\"@type\":\"SearchAction\",\"target\":{\"@type\":\"EntryPoint\",\"urlTemplate\":\"https:\/\/www.visit-ulcinj.com\/blog\/?s={search_term_string}\"},\"query-input\":\"required name=search_term_string\"}],\"inLanguage\":\"en-US\"},{\"@type\":\"WebPage\",\"@id\":\"https:\/\/www.visit-ulcinj.com\/blog\/2012\/02\/25\/javet-e-biznesit-kombetar-prezantohen-ne-ulqin\/#webpage\",\"url\":\"https:\/\/www.visit-ulcinj.com\/blog\/2012\/02\/25\/javet-e-biznesit-kombetar-prezantohen-ne-ulqin\/\",\"name\":\"\u201cJav\u00ebt e Biznesit Komb\u00ebtar\u201d prezantohen n\u00eb Ulqin - Lajme nga Ulqini\",\"isPartOf\":{\"@id\":\"https:\/\/www.visit-ulcinj.com\/blog\/#website\"},\"datePublished\":\"2012-02-25T17:25:41+00:00\",\"dateModified\":\"2012-02-27T08:02:51+00:00\",\"author\":{\"@id\":\"https:\/\/www.visit-ulcinj.com\/blog\/#\/schema\/person\/dcab619c614d3038751c63bc2aadc06d\"},\"description\":\"Projekti \u201cJav\u00ebt e Biznesit Komb\u00ebtar\u201d, i organizuar nga Aleanca e Bizneseve t\u00eb Kosov\u00ebs (AKB), ka vazhduar me prezantimin e projektit komb\u00ebtar edhe n\u00eb Mal\",\"breadcrumb\":{\"@id\":\"https:\/\/www.visit-ulcinj.com\/blog\/2012\/02\/25\/javet-e-biznesit-kombetar-prezantohen-ne-ulqin\/#breadcrumb\"},\"inLanguage\":\"en-US\",\"potentialAction\":[{\"@type\":\"ReadAction\",\"target\":[\"https:\/\/www.visit-ulcinj.com\/blog\/2012\/02\/25\/javet-e-biznesit-kombetar-prezantohen-ne-ulqin\/\"]}]},{\"@type\":\"BreadcrumbList\",\"@id\":\"https:\/\/www.visit-ulcinj.com\/blog\/2012\/02\/25\/javet-e-biznesit-kombetar-prezantohen-ne-ulqin\/#breadcrumb\",\"itemListElement\":[{\"@type\":\"ListItem\",\"position\":1,\"name\":\"\u201cJav\u00ebt e Biznesit Komb\u00ebtar\u201d prezantohen n\u00eb Ulqin\"}]},{\"@type\":\"Person\",\"@id\":\"https:\/\/www.visit-ulcinj.com\/blog\/#\/schema\/person\/dcab619c614d3038751c63bc2aadc06d\",\"name\":\"ulqini\",\"sameAs\":[\"http:\/\/www.visit-ulcinj.com\"],\"url\":\"https:\/\/www.visit-ulcinj.com\/blog\/author\/admin\/\"}]}<\/script>\n<!-- \/ Yoast SEO plugin. -->","yoast_head_json":{"title":"\u201cJav\u00ebt e Biznesit Komb\u00ebtar\u201d prezantohen n\u00eb Ulqin - Lajme nga Ulqini","description":"Projekti \u201cJav\u00ebt e Biznesit Komb\u00ebtar\u201d, i organizuar nga Aleanca e Bizneseve t\u00eb Kosov\u00ebs (AKB), ka vazhduar me prezantimin e projektit komb\u00ebtar edhe n\u00eb Mal","robots":{"index":"index","follow":"follow","max-snippet":"max-snippet:-1","max-image-preview":"max-image-preview:large","max-video-preview":"max-video-preview:-1"},"canonical":"https:\/\/www.visit-ulcinj.com\/blog\/2012\/02\/25\/javet-e-biznesit-kombetar-prezantohen-ne-ulqin\/","og_locale":"en_US","og_type":"article","og_title":"\u201cJav\u00ebt e Biznesit Komb\u00ebtar\u201d prezantohen n\u00eb Ulqin - Lajme nga Ulqini","og_description":"Projekti \u201cJav\u00ebt e Biznesit Komb\u00ebtar\u201d, i organizuar nga Aleanca e Bizneseve t\u00eb Kosov\u00ebs (AKB), ka vazhduar me prezantimin e projektit komb\u00ebtar edhe n\u00eb Mal","og_url":"https:\/\/www.visit-ulcinj.com\/blog\/2012\/02\/25\/javet-e-biznesit-kombetar-prezantohen-ne-ulqin\/","og_site_name":"Lajme nga Ulqini","article_published_time":"2012-02-25T17:25:41+00:00","article_modified_time":"2012-02-27T08:02:51+00:00","twitter_misc":{"Written by":"ulqini","Est. reading time":"2 minutes"},"schema":{"@context":"https:\/\/schema.org","@graph":[{"@type":"WebSite","@id":"https:\/\/www.visit-ulcinj.com\/blog\/#website","url":"https:\/\/www.visit-ulcinj.com\/blog\/","name":"Lajme nga Ulqini","description":"Lajme,Vijesti,Ulqini,Ulqin,Crna Gora,Mali i Zi","potentialAction":[{"@type":"SearchAction","target":{"@type":"EntryPoint","urlTemplate":"https:\/\/www.visit-ulcinj.com\/blog\/?s={search_term_string}"},"query-input":"required name=search_term_string"}],"inLanguage":"en-US"},{"@type":"WebPage","@id":"https:\/\/www.visit-ulcinj.com\/blog\/2012\/02\/25\/javet-e-biznesit-kombetar-prezantohen-ne-ulqin\/#webpage","url":"https:\/\/www.visit-ulcinj.com\/blog\/2012\/02\/25\/javet-e-biznesit-kombetar-prezantohen-ne-ulqin\/","name":"\u201cJav\u00ebt e Biznesit Komb\u00ebtar\u201d prezantohen n\u00eb Ulqin - Lajme nga Ulqini","isPartOf":{"@id":"https:\/\/www.visit-ulcinj.com\/blog\/#website"},"datePublished":"2012-02-25T17:25:41+00:00","dateModified":"2012-02-27T08:02:51+00:00","author":{"@id":"https:\/\/www.visit-ulcinj.com\/blog\/#\/schema\/person\/dcab619c614d3038751c63bc2aadc06d"},"description":"Projekti \u201cJav\u00ebt e Biznesit Komb\u00ebtar\u201d, i organizuar nga Aleanca e Bizneseve t\u00eb Kosov\u00ebs (AKB), ka vazhduar me prezantimin e projektit komb\u00ebtar edhe n\u00eb Mal","breadcrumb":{"@id":"https:\/\/www.visit-ulcinj.com\/blog\/2012\/02\/25\/javet-e-biznesit-kombetar-prezantohen-ne-ulqin\/#breadcrumb"},"inLanguage":"en-US","potentialAction":[{"@type":"ReadAction","target":["https:\/\/www.visit-ulcinj.com\/blog\/2012\/02\/25\/javet-e-biznesit-kombetar-prezantohen-ne-ulqin\/"]}]},{"@type":"BreadcrumbList","@id":"https:\/\/www.visit-ulcinj.com\/blog\/2012\/02\/25\/javet-e-biznesit-kombetar-prezantohen-ne-ulqin\/#breadcrumb","itemListElement":[{"@type":"ListItem","position":1,"name":"\u201cJav\u00ebt e Biznesit Komb\u00ebtar\u201d prezantohen n\u00eb Ulqin"}]},{"@type":"Person","@id":"https:\/\/www.visit-ulcinj.com\/blog\/#\/schema\/person\/dcab619c614d3038751c63bc2aadc06d","name":"ulqini","sameAs":["http:\/\/www.visit-ulcinj.com"],"url":"https:\/\/www.visit-ulcinj.com\/blog\/author\/admin\/"}]}},"jetpack_featured_media_url":"","jetpack_sharing_enabled":true,"jetpack_shortlink":"https:\/\/wp.me\/pe6lTn-f0R","_links":{"self":[{"href":"https:\/\/www.visit-ulcinj.com\/blog\/wp-json\/wp\/v2\/posts\/57713"}],"collection":[{"href":"https:\/\/www.visit-ulcinj.com\/blog\/wp-json\/wp\/v2\/posts"}],"about":[{"href":"https:\/\/www.visit-ulcinj.com\/blog\/wp-json\/wp\/v2\/types\/post"}],"author":[{"embeddable":true,"href":"https:\/\/www.visit-ulcinj.com\/blog\/wp-json\/wp\/v2\/users\/1"}],"replies":[{"embeddable":true,"href":"https:\/\/www.visit-ulcinj.com\/blog\/wp-json\/wp\/v2\/comments?post=57713"}],"version-history":[{"count":4,"href":"https:\/\/www.visit-ulcinj.com\/blog\/wp-json\/wp\/v2\/posts\/57713\/revisions"}],"predecessor-version":[{"id":57755,"href":"https:\/\/www.visit-ulcinj.com\/blog\/wp-json\/wp\/v2\/posts\/57713\/revisions\/57755"}],"wp:attachment":[{"href":"https:\/\/www.visit-ulcinj.com\/blog\/wp-json\/wp\/v2\/media?parent=57713"}],"wp:term":[{"taxonomy":"category","embeddable":true,"href":"https:\/\/www.visit-ulcinj.com\/blog\/wp-json\/wp\/v2\/categories?post=57713"},{"taxonomy":"post_tag","embeddable":true,"href":"https:\/\/www.visit-ulcinj.com\/blog\/wp-json\/wp\/v2\/tags?post=57713"}],"curies":[{"name":"wp","href":"https:\/\/api.w.org\/{rel}","templated":true}]}}