{"id":5772,"date":"2008-11-10T14:21:54","date_gmt":"2008-11-10T19:21:54","guid":{"rendered":"http:\/\/www.visit-ulcinj.com\/blog\/?p=5772"},"modified":"2008-11-10T15:36:26","modified_gmt":"2008-11-10T20:36:26","slug":"gazetaret-dhe-politika-ne-mal-te-zi-video","status":"publish","type":"post","link":"https:\/\/www.visit-ulcinj.com\/blog\/2008\/11\/10\/gazetaret-dhe-politika-ne-mal-te-zi-video\/","title":{"rendered":"Gazetar\u00ebt dhe politika n\u00eb Mal t\u00eb Zi &#8211; Video"},"content":{"rendered":"<p><a href=\"http:\/\/www.visit-ulcinj.com\/blog\/wp-content\/uploads\/2008\/11\/ali-salaj.jpg\"><img loading=\"lazy\" class=\"alignleft size-medium wp-image-5773\" title=\"ali-salaj\" src=\"http:\/\/www.visit-ulcinj.com\/blog\/wp-content\/uploads\/2008\/11\/ali-salaj-300x298.jpg\" alt=\"\" width=\"300\" height=\"298\" srcset=\"https:\/\/www.visit-ulcinj.com\/blog\/wp-content\/uploads\/2008\/11\/ali-salaj-300x298.jpg 300w, https:\/\/www.visit-ulcinj.com\/blog\/wp-content\/uploads\/2008\/11\/ali-salaj-150x150.jpg 150w, https:\/\/www.visit-ulcinj.com\/blog\/wp-content\/uploads\/2008\/11\/ali-salaj.jpg 476w\" sizes=\"(max-width: 300px) 100vw, 300px\" \/><\/a><strong>Tundimi i politikanit dhe mediat n\u00eb gjuh\u00ebn shqipe<\/strong><br \/>\nKualifikimet emocionale dhe deri diku euforike t\u00eb z.Dinosha jan\u00eb t\u00eb ngjashme me recidivat e mend\u00ebsis\u00eb lokaliste dhe krahinore ku njer\u00ebzit ndahen n\u00eb dy kategori stereotipe: n\u00eb at\u00eb patriotike dhe tradhtare, duke p\u00ebrjashtuar \u00e7do kategori tjet\u00ebr q\u00eb duhet t\u00eb jet\u00eb pjes\u00eb e nj\u00eb shoq\u00ebrie me prirje qytet\u00ebruese.<br \/>\nTundimi p\u00ebr t`i kritikuar mediat ose p\u00ebr t`i v\u00ebn\u00eb n\u00ebn kontrroll ato nuk \u00ebsht\u00eb asgj\u00eb e re. Kjo \u00ebsht\u00eb praktik\u00eb e nj\u00eb mentaliteti t\u00eb trash\u00ebguar nga e kaluara, por q\u00eb vazhdon t\u00eb ushtrohet edhe sot nga disa struktura t\u00eb politik\u00ebs n\u00eb Mal t\u00eb Zi. Risia e k\u00ebtij tundimi q\u00ebndron te fakti se disa politikan\u00eb nuk ngurrojn\u00eb t\u00eb marrin rolin e redaktorit dhe at\u00eb t\u00eb nj\u00eb redaktori t\u00eb specializuar p\u00ebr tituj, mestituj dhe anterfile, si\u00e7 \u00ebsht\u00eb rasti me kryetarin e UDSH-s\u00eb Ferhat Dinosha.<br \/>\nDuke marr\u00eb si shkas titullin e nj\u00eb shkrimi n\u00eb gazet\u00ebn &#8220;Koha javore&#8221; (&#8220;Mali i Zi i jep goditje tjet\u00ebr Serbis\u00eb&#8221;), z. Dinosha krijon konotacione t\u00eb skajshme jo vet\u00ebm p\u00ebr gazet\u00ebn, por edhe p\u00ebr disa gazetar\u00eb shqiptar\u00eb duke i spostuar ata p\u00ebrkrah nacionalist\u00ebve serb\u00eb. K\u00ebt\u00eb spostim ai e b\u00ebn n\u00eb shkrimin &#8220;Loj\u00ebn e kujt e do media shqipe?&#8221; duke sinjalizuar, me stilin afektiv, devijimin e k\u00ebtyre mediave dhe duke konkluduar n\u00eb favor t\u00eb k\u00ebsaj me dy pasazhet n\u00eb vijim: &#8220;Ky titull sikur t\u00eb ishte marr\u00eb nga deklaratat e udh\u00ebheq\u00ebsve m\u00eb radikal\u00eb politik\u00eb e fetar\u00eb serb\u00eb&#8221; dhe p\u00ebr t\u00eb vazhduar me t\u00eb nj\u00ebjtin stil &#8220;\u2026nga ana e disa gazetar\u00ebve, t\u00eb cil\u00ebt, p\u00ebr ta b\u00ebr\u00eb k\u00ebt\u00eb, favorizojn\u00eb edhe qasjet e ish-bashk\u00ebpun\u00ebtor\u00ebve t\u00eb sh\u00ebrbimeve t\u00eb sigurimit t\u00eb sistemit t\u00eb vjet\u00ebr t\u00eb cil\u00ebt tash ofrojn\u00eb alternatiava p\u00ebr shqiptar\u00ebt&#8221;.<br \/>\nK\u00ebto kualifikime emocionale dhe deri diku euforike t\u00eb z.Dinosha jan\u00eb t\u00eb ngjashme me recidivat e mend\u00ebsis\u00eb lokaliste dhe krahinore ku njer\u00ebzit ndahen n\u00eb dy kategori stereotipe: n\u00eb at\u00eb patriotike dhe tradhtare, duke p\u00ebrjashtuar \u00e7do kategori tjet\u00ebr q\u00eb duhet t\u00eb jet\u00eb pjes\u00eb e nj\u00eb shoq\u00ebrie me prirje qytet\u00ebruese. Ky k\u00ebndv\u00ebshtrim me gjykime t\u00eb nj\u00ebanshme, t\u00eb paargumentuara dhe subjektive nuk do t\u00eb ishte i pranuesh\u00ebm p\u00ebr asnj\u00eb kategori t\u00eb shoq\u00ebris\u00eb e aq m\u00eb pak p\u00ebr nj\u00eb lider shqiptar, i cili pretendon t\u00eb jet\u00eb shembull i toleranc\u00ebs dhe mir\u00ebkuptimit dhe p\u00ebrfaq\u00ebsues i denj\u00eb i elektoratit t\u00eb vet.<br \/>\nEdhe pse reagimi i z. Dinosha fillimisht duket se \u00ebsht\u00eb nxitur nga titulli i shkrimit &#8220;Mali i Zi i jep goditje tjet\u00ebr Serbis\u00eb&#8221;, n\u00eb t\u00eb v\u00ebrtet\u00eb atij i pengon anterfilea n\u00eb kuad\u00ebr t\u00eb tekstit me titull &#8220;Shqiptar\u00ebt n\u00eb Mal t\u00eb Zi jasht\u00eb loje&#8221; e ve\u00e7an\u00ebrisht fjalia e fundit ku thuhet se &#8220;\u2026vendimi u mor n\u00eb qarqet m\u00eb t\u00eb ngushta t\u00eb pushtetit dhe shqiptar\u00ebt ishin pothuajse jasht\u00eb loje dhe t\u00eb panjoftuar deri pak \u00e7aste para marrjes s\u00eb vendimit&#8221;. Ky pasazh i artikullit b\u00ebhet objekt i sulmit t\u00eb ashp\u00ebr t\u00eb z. Dinosha duke e cil\u00ebsuar gazetarin si &#8221; tendencioz&#8221; dhe &#8220;dezinformues&#8221;. Mir\u00ebpo, n\u00eb realitet, nuk duhet t\u00eb jesh ndonj\u00eb analist politik p\u00ebr t\u00eb kuptuar se lider\u00ebt shqiptar\u00eb ishin t\u00eb panjoftuar p\u00ebr dat\u00ebn e sakt\u00eb t\u00eb marrjes s\u00eb vendimit p\u00ebr njohjen e pavar\u00ebsis\u00eb s\u00eb Kosov\u00ebs nga ana e Qeveris\u00eb s\u00eb Malit t\u00eb Zi. K\u00ebt\u00eb e d\u00ebshmojn\u00eb edhe prononcimet e vazhdueshme t\u00eb vet\u00eb z. Dinosha n\u00ebp\u00ebr media, i cili paralajm\u00ebronte se pavar\u00ebsia e Kosov\u00ebs do t\u00eb njihej brenda k\u00ebtij apo atij muaji, para ver\u00ebs ose brenda vitit. K\u00ebt\u00eb e p\u00ebrs\u00ebrit edhe n\u00eb intervist\u00ebn dh\u00ebn\u00eb gazet\u00ebs &#8220;Koha javore&#8221;, t\u00eb botuar m\u00eb 9 tetor 2008, n\u00eb dit\u00ebn e njohjes s\u00eb pavar\u00ebsis\u00eb s\u00eb Kosov\u00ebs, ku z. Dinosha n\u00eb pyetjen e gazetarit se &#8220;\u2026kur prisni q\u00eb Mali i Zi ta njoh\u00eb pavar\u00ebsin\u00eb e Kosov\u00ebs&#8221; p\u00ebrgjigjet: &#8220;Mendoj se kjo do t\u00eb ngjaj\u00eb s\u00eb shpejti. Kur them s\u00eb shpejti, mendoj se ky vit po se po do t\u00eb jap\u00eb p\u00ebrgjigje n\u00eb k\u00ebt\u00eb drejtim, por mund t\u00eb ngjaj\u00eb q\u00eb kjo t\u00eb ndodh\u00eb brenda k\u00ebtij muaji&#8221;.<br \/>\nP\u00ebrse at\u00ebher\u00eb ky pulsim aq emocional ndaj &#8220;Koh\u00ebs javore&#8221; kur kjo gazet\u00eb p\u00ebr hir\u00eb t\u00eb aktualitetit p\u00ebr \u00e7\u00ebshtjen e Kosov\u00ebs i rezervon dy faqe intervist\u00eb duke e &#8220;favorizuar&#8221; z. Dinosha q\u00eb lirsh\u00ebm t\u00eb shpreh\u00eb pik\u00ebpamjet e tij politike dhe shoq\u00ebrore.<br \/>\nP\u00ebrse at\u00ebher\u00eb ky reagim i nxituar i z. Dinosha kur dihet se faqet e &#8221; Koh\u00ebs javore&#8221; ishin dhe mbeten t\u00eb hapura p\u00ebr t\u00eb gjitha pik\u00ebpamjet e spektrit politik shqiptar n\u00eb Mal t\u00eb Zi. Apo zhurma e tij ka p\u00ebr q\u00ebllim disiplinimin e mundsh\u00ebm t\u00eb gazetar\u00ebve dhe mbylljen e goj\u00ebs mediave n\u00eb gjuh\u00ebn shqipe p\u00ebr t\u00eb krijuar nj\u00eb klim\u00eb vet\u00ebcensure.<br \/>\nSidoqoft\u00eb , le t`i kthehemi edhe nj\u00eb her\u00eb artikullit t\u00eb p\u00ebrfolur nga z. Dinosha &#8220;Mali i Zi i jep goditje tjet\u00ebr Serbise&#8221;, t\u00eb shkruar nga gazetari i &#8220;Koh\u00ebs javore&#8221; Ismet Kallaba. N\u00eb k\u00ebt\u00eb shkrim t\u00eb gjat\u00eb, z. Dinosha fokusohet vet\u00ebm te titulli dhe anterfilea pa hyr\u00eb fare n\u00eb p\u00ebrmbajtje. Edhe lexuesi m\u00eb i r\u00ebndomt\u00eb do t\u00eb hetonte se artikulli p\u00ebrmban informacione t\u00eb shumta, burime t\u00eb ndryshme, citime dhe personazhe politike. I gjith\u00eb artikulli ka nj\u00eb qasje t\u00eb balancuar, ku p\u00ebrfshihen, pa asnj\u00eb p\u00ebrjashtim, t\u00eb gjith\u00eb aktor\u00ebt e nj\u00eb ngjarjeje me r\u00ebnd\u00ebsi t\u00eb ve\u00e7ant\u00eb p\u00ebr rajonin dhe Europ\u00ebn, si\u00e7 \u00ebsht\u00eb njohja e pavar\u00ebsis\u00eb s\u00eb Kosov\u00ebs. N\u00ebse b\u00ebjm\u00eb nj\u00eb monitorim t\u00eb thuk\u00ebt t\u00eb tekstit do t\u00eb v\u00ebrejm\u00eb se p\u00ebr asnj\u00eb \u00e7ast at\u00eb nuk e p\u00ebrshkon euforia, patetika, nj\u00ebanshm\u00ebria apo pseudopatriotizmi, por n\u00eb m\u00ebnyr\u00ebn m\u00eb t\u00eb mir\u00eb u p\u00ebrmbahet standardeve profesionale t\u00eb gazetaris\u00eb. Tek e fundit n\u00eb gazetari \u00ebsht\u00eb i njohur parimi se &#8220;Asgj\u00eb reale nuk mund t\u00eb jet\u00eb shpifje e asnj\u00eb e v\u00ebrtet\u00eb nuk mund t\u00eb sjell\u00eb c\u00ebnim t\u00eb personalitetit&#8221;.<br \/>\nMir\u00ebpo, k\u00ebtij parimi nuk i p\u00ebrmbahet vet\u00eb z. Dinosha i cili n\u00eb faqet e gazet\u00ebs &#8220;Koha javore&#8221; p\u00ebrgojon dy gazetar\u00ebt e mir\u00ebnjohur shqiptar\u00eb, Ibrahim Berjashi dhe Musa Gjoka. Nuk \u00ebsht\u00eb etike dhe e drejt\u00eb q\u00eb n\u00eb faqet e k\u00ebsaj gazete t\u00eb sulmohen gazetar\u00ebt p\u00ebr shkrimet e botuara ose t\u00eb transmetuara n\u00eb mediat tjera. Kjo, n\u00eb nj\u00eb far\u00eb m\u00ebnyre, paraqet c\u00ebnim t\u00eb personalitetit pasi versioni origjinal i shkrimeve t\u00eb tyre \u00ebsht\u00eb i panjohur p\u00ebr lexuesit e &#8220;Koh\u00ebs javore&#8221;, kurse autor\u00ebt, ndoshta jan\u00eb t\u00eb hendikepuar nga versioni i p\u00ebrshkruar dhe i cituar nga z. Dinosha. N\u00eb k\u00ebt\u00eb kuad\u00ebr, z. Dinosha \u00ebsht\u00eb dashur t\u00eb reagoj\u00eb n\u00eb mediat p\u00ebrkat\u00ebse, kuptohet n\u00ebse reagimin e tij do ta p\u00ebrfillnin redaktor\u00ebt e atyre mediave.<br \/>\nMegjithat\u00eb, un\u00eb pajtohem vet\u00ebm me nj\u00eb konstatim t\u00eb z. Dinosha kur thot\u00eb se gazetar\u00ebt shqiptar\u00eb nuk kan\u00eb sens analitik. N\u00eb t\u00eb v\u00ebrtet\u00eb, ata me analizat e panevojshme politike e zhvendosin v\u00ebmendjen nga problemet e tjera t\u00eb r\u00ebnd\u00ebsishme dhe jetike, si\u00e7 jan\u00eb p\u00ebrfitimet nepotike, pun\u00ebsimet p\u00ebrmes linjave partiake dhe familjare, p\u00ebrfitimet e tjera t\u00eb pamerituara, t\u00eb drejtat dhe lirit\u00eb e njeriut, etj. Sikur gazetar\u00ebt e mediave shqipe n\u00eb Mal t\u00eb Zi t\u00eb merreshin me shkrime hulumtuese mbi korrupsionin, abuzimin dhe pap\u00ebrgjegjshm\u00ebrin\u00eb, at\u00ebher\u00eb misioni i tyre do t\u00eb ishte i plot\u00eb dhe me siguri nuk do t\u00eb &#8220;shesin gogla p\u00ebr dushk&#8221; (dushk per gogla), por do t\u00eb g\u00ebzonin respektin e strukturave politike shqiptare, ashtu si\u00e7 e g\u00ebzojn\u00eb koleg\u00ebt e tyre gazetar\u00eb n\u00eb Tiran\u00eb, Prishtin\u00eb dhe Shkup.<br \/>\n<strong>Ali Salaj<br \/>\nKoha Javore<\/strong><\/p>\n<!--YouTube Error: bad URL entered-->\n","protected":false},"excerpt":{"rendered":"<p>Tundimi i politikanit dhe mediat n\u00eb gjuh\u00ebn shqipe Kualifikimet emocionale dhe deri diku euforike t\u00eb z.Dinosha jan\u00eb t\u00eb ngjashme me recidivat e mend\u00ebsis\u00eb lokaliste dhe krahinore ku njer\u00ebzit ndahen n\u00eb dy kategori stereotipe: n\u00eb at\u00eb patriotike dhe tradhtare, duke p\u00ebrjashtuar \u00e7do kategori tjet\u00ebr q\u00eb duhet t\u00eb jet\u00eb pjes\u00eb e nj\u00eb shoq\u00ebrie me prirje qytet\u00ebruese. Tundimi [&hellip;]<\/p>\n","protected":false},"author":1,"featured_media":0,"comment_status":"open","ping_status":"closed","sticky":false,"template":"","format":"standard","meta":{"spay_email":"","jetpack_publicize_message":"","jetpack_is_tweetstorm":false,"jetpack_publicize_feature_enabled":true},"categories":[4],"tags":[4995,216],"jetpack_publicize_connections":[],"yoast_head":"<!-- This site is optimized with the Yoast SEO plugin v19.1 - https:\/\/yoast.com\/wordpress\/plugins\/seo\/ -->\n<title>Gazetar\u00ebt dhe politika n\u00eb Mal t\u00eb Zi - Video - Lajme nga Ulqini<\/title>\n<meta name=\"description\" content=\"Tundimi i politikanit dhe mediat n\u00eb gjuh\u00ebn shqipe Kualifikimet emocionale dhe deri diku euforike t\u00eb z.Dinosha jan\u00eb t\u00eb ngjashme me recidivat e mend\u00ebsis\u00eb\" \/>\n<meta name=\"robots\" content=\"index, follow, max-snippet:-1, max-image-preview:large, max-video-preview:-1\" \/>\n<link rel=\"canonical\" href=\"https:\/\/www.visit-ulcinj.com\/blog\/2008\/11\/10\/gazetaret-dhe-politika-ne-mal-te-zi-video\/\" \/>\n<meta property=\"og:locale\" content=\"en_US\" \/>\n<meta property=\"og:type\" content=\"article\" \/>\n<meta property=\"og:title\" content=\"Gazetar\u00ebt dhe politika n\u00eb Mal t\u00eb Zi - Video - Lajme nga Ulqini\" \/>\n<meta property=\"og:description\" content=\"Tundimi i politikanit dhe mediat n\u00eb gjuh\u00ebn shqipe Kualifikimet emocionale dhe deri diku euforike t\u00eb z.Dinosha jan\u00eb t\u00eb ngjashme me recidivat e mend\u00ebsis\u00eb\" \/>\n<meta property=\"og:url\" content=\"https:\/\/www.visit-ulcinj.com\/blog\/2008\/11\/10\/gazetaret-dhe-politika-ne-mal-te-zi-video\/\" \/>\n<meta property=\"og:site_name\" content=\"Lajme nga Ulqini\" \/>\n<meta property=\"article:published_time\" content=\"2008-11-10T19:21:54+00:00\" \/>\n<meta property=\"article:modified_time\" content=\"2008-11-10T20:36:26+00:00\" \/>\n<meta property=\"og:image\" content=\"http:\/\/www.visit-ulcinj.com\/blog\/wp-content\/uploads\/2008\/11\/ali-salaj-300x298.jpg\" \/>\n<meta name=\"twitter:label1\" content=\"Written by\" \/>\n\t<meta name=\"twitter:data1\" content=\"ulqini\" \/>\n\t<meta name=\"twitter:label2\" content=\"Est. reading time\" \/>\n\t<meta name=\"twitter:data2\" content=\"7 minutes\" \/>\n<script type=\"application\/ld+json\" class=\"yoast-schema-graph\">{\"@context\":\"https:\/\/schema.org\",\"@graph\":[{\"@type\":\"WebSite\",\"@id\":\"https:\/\/www.visit-ulcinj.com\/blog\/#website\",\"url\":\"https:\/\/www.visit-ulcinj.com\/blog\/\",\"name\":\"Lajme nga Ulqini\",\"description\":\"Lajme,Vijesti,Ulqini,Ulqin,Crna Gora,Mali i Zi\",\"potentialAction\":[{\"@type\":\"SearchAction\",\"target\":{\"@type\":\"EntryPoint\",\"urlTemplate\":\"https:\/\/www.visit-ulcinj.com\/blog\/?s={search_term_string}\"},\"query-input\":\"required name=search_term_string\"}],\"inLanguage\":\"en-US\"},{\"@type\":\"ImageObject\",\"inLanguage\":\"en-US\",\"@id\":\"https:\/\/www.visit-ulcinj.com\/blog\/2008\/11\/10\/gazetaret-dhe-politika-ne-mal-te-zi-video\/#primaryimage\",\"url\":\"http:\/\/www.visit-ulcinj.com\/blog\/wp-content\/uploads\/2008\/11\/ali-salaj-300x298.jpg\",\"contentUrl\":\"http:\/\/www.visit-ulcinj.com\/blog\/wp-content\/uploads\/2008\/11\/ali-salaj-300x298.jpg\"},{\"@type\":\"WebPage\",\"@id\":\"https:\/\/www.visit-ulcinj.com\/blog\/2008\/11\/10\/gazetaret-dhe-politika-ne-mal-te-zi-video\/#webpage\",\"url\":\"https:\/\/www.visit-ulcinj.com\/blog\/2008\/11\/10\/gazetaret-dhe-politika-ne-mal-te-zi-video\/\",\"name\":\"Gazetar\u00ebt dhe politika n\u00eb Mal t\u00eb Zi - Video - Lajme nga Ulqini\",\"isPartOf\":{\"@id\":\"https:\/\/www.visit-ulcinj.com\/blog\/#website\"},\"primaryImageOfPage\":{\"@id\":\"https:\/\/www.visit-ulcinj.com\/blog\/2008\/11\/10\/gazetaret-dhe-politika-ne-mal-te-zi-video\/#primaryimage\"},\"datePublished\":\"2008-11-10T19:21:54+00:00\",\"dateModified\":\"2008-11-10T20:36:26+00:00\",\"author\":{\"@id\":\"https:\/\/www.visit-ulcinj.com\/blog\/#\/schema\/person\/dcab619c614d3038751c63bc2aadc06d\"},\"description\":\"Tundimi i politikanit dhe mediat n\u00eb gjuh\u00ebn shqipe Kualifikimet emocionale dhe deri diku euforike t\u00eb z.Dinosha jan\u00eb t\u00eb ngjashme me recidivat e mend\u00ebsis\u00eb\",\"breadcrumb\":{\"@id\":\"https:\/\/www.visit-ulcinj.com\/blog\/2008\/11\/10\/gazetaret-dhe-politika-ne-mal-te-zi-video\/#breadcrumb\"},\"inLanguage\":\"en-US\",\"potentialAction\":[{\"@type\":\"ReadAction\",\"target\":[\"https:\/\/www.visit-ulcinj.com\/blog\/2008\/11\/10\/gazetaret-dhe-politika-ne-mal-te-zi-video\/\"]}]},{\"@type\":\"BreadcrumbList\",\"@id\":\"https:\/\/www.visit-ulcinj.com\/blog\/2008\/11\/10\/gazetaret-dhe-politika-ne-mal-te-zi-video\/#breadcrumb\",\"itemListElement\":[{\"@type\":\"ListItem\",\"position\":1,\"name\":\"Gazetar\u00ebt dhe politika n\u00eb Mal t\u00eb Zi &#8211; Video\"}]},{\"@type\":\"Person\",\"@id\":\"https:\/\/www.visit-ulcinj.com\/blog\/#\/schema\/person\/dcab619c614d3038751c63bc2aadc06d\",\"name\":\"ulqini\",\"sameAs\":[\"http:\/\/www.visit-ulcinj.com\"],\"url\":\"https:\/\/www.visit-ulcinj.com\/blog\/author\/admin\/\"}]}<\/script>\n<!-- \/ Yoast SEO plugin. -->","yoast_head_json":{"title":"Gazetar\u00ebt dhe politika n\u00eb Mal t\u00eb Zi - Video - Lajme nga Ulqini","description":"Tundimi i politikanit dhe mediat n\u00eb gjuh\u00ebn shqipe Kualifikimet emocionale dhe deri diku euforike t\u00eb z.Dinosha jan\u00eb t\u00eb ngjashme me recidivat e mend\u00ebsis\u00eb","robots":{"index":"index","follow":"follow","max-snippet":"max-snippet:-1","max-image-preview":"max-image-preview:large","max-video-preview":"max-video-preview:-1"},"canonical":"https:\/\/www.visit-ulcinj.com\/blog\/2008\/11\/10\/gazetaret-dhe-politika-ne-mal-te-zi-video\/","og_locale":"en_US","og_type":"article","og_title":"Gazetar\u00ebt dhe politika n\u00eb Mal t\u00eb Zi - Video - Lajme nga Ulqini","og_description":"Tundimi i politikanit dhe mediat n\u00eb gjuh\u00ebn shqipe Kualifikimet emocionale dhe deri diku euforike t\u00eb z.Dinosha jan\u00eb t\u00eb ngjashme me recidivat e mend\u00ebsis\u00eb","og_url":"https:\/\/www.visit-ulcinj.com\/blog\/2008\/11\/10\/gazetaret-dhe-politika-ne-mal-te-zi-video\/","og_site_name":"Lajme nga Ulqini","article_published_time":"2008-11-10T19:21:54+00:00","article_modified_time":"2008-11-10T20:36:26+00:00","og_image":[{"url":"http:\/\/www.visit-ulcinj.com\/blog\/wp-content\/uploads\/2008\/11\/ali-salaj-300x298.jpg"}],"twitter_misc":{"Written by":"ulqini","Est. reading time":"7 minutes"},"schema":{"@context":"https:\/\/schema.org","@graph":[{"@type":"WebSite","@id":"https:\/\/www.visit-ulcinj.com\/blog\/#website","url":"https:\/\/www.visit-ulcinj.com\/blog\/","name":"Lajme nga Ulqini","description":"Lajme,Vijesti,Ulqini,Ulqin,Crna Gora,Mali i Zi","potentialAction":[{"@type":"SearchAction","target":{"@type":"EntryPoint","urlTemplate":"https:\/\/www.visit-ulcinj.com\/blog\/?s={search_term_string}"},"query-input":"required name=search_term_string"}],"inLanguage":"en-US"},{"@type":"ImageObject","inLanguage":"en-US","@id":"https:\/\/www.visit-ulcinj.com\/blog\/2008\/11\/10\/gazetaret-dhe-politika-ne-mal-te-zi-video\/#primaryimage","url":"http:\/\/www.visit-ulcinj.com\/blog\/wp-content\/uploads\/2008\/11\/ali-salaj-300x298.jpg","contentUrl":"http:\/\/www.visit-ulcinj.com\/blog\/wp-content\/uploads\/2008\/11\/ali-salaj-300x298.jpg"},{"@type":"WebPage","@id":"https:\/\/www.visit-ulcinj.com\/blog\/2008\/11\/10\/gazetaret-dhe-politika-ne-mal-te-zi-video\/#webpage","url":"https:\/\/www.visit-ulcinj.com\/blog\/2008\/11\/10\/gazetaret-dhe-politika-ne-mal-te-zi-video\/","name":"Gazetar\u00ebt dhe politika n\u00eb Mal t\u00eb Zi - Video - Lajme nga Ulqini","isPartOf":{"@id":"https:\/\/www.visit-ulcinj.com\/blog\/#website"},"primaryImageOfPage":{"@id":"https:\/\/www.visit-ulcinj.com\/blog\/2008\/11\/10\/gazetaret-dhe-politika-ne-mal-te-zi-video\/#primaryimage"},"datePublished":"2008-11-10T19:21:54+00:00","dateModified":"2008-11-10T20:36:26+00:00","author":{"@id":"https:\/\/www.visit-ulcinj.com\/blog\/#\/schema\/person\/dcab619c614d3038751c63bc2aadc06d"},"description":"Tundimi i politikanit dhe mediat n\u00eb gjuh\u00ebn shqipe Kualifikimet emocionale dhe deri diku euforike t\u00eb z.Dinosha jan\u00eb t\u00eb ngjashme me recidivat e mend\u00ebsis\u00eb","breadcrumb":{"@id":"https:\/\/www.visit-ulcinj.com\/blog\/2008\/11\/10\/gazetaret-dhe-politika-ne-mal-te-zi-video\/#breadcrumb"},"inLanguage":"en-US","potentialAction":[{"@type":"ReadAction","target":["https:\/\/www.visit-ulcinj.com\/blog\/2008\/11\/10\/gazetaret-dhe-politika-ne-mal-te-zi-video\/"]}]},{"@type":"BreadcrumbList","@id":"https:\/\/www.visit-ulcinj.com\/blog\/2008\/11\/10\/gazetaret-dhe-politika-ne-mal-te-zi-video\/#breadcrumb","itemListElement":[{"@type":"ListItem","position":1,"name":"Gazetar\u00ebt dhe politika n\u00eb Mal t\u00eb Zi &#8211; Video"}]},{"@type":"Person","@id":"https:\/\/www.visit-ulcinj.com\/blog\/#\/schema\/person\/dcab619c614d3038751c63bc2aadc06d","name":"ulqini","sameAs":["http:\/\/www.visit-ulcinj.com"],"url":"https:\/\/www.visit-ulcinj.com\/blog\/author\/admin\/"}]}},"jetpack_featured_media_url":"","jetpack_sharing_enabled":true,"jetpack_shortlink":"https:\/\/wp.me\/pe6lTn-1v6","_links":{"self":[{"href":"https:\/\/www.visit-ulcinj.com\/blog\/wp-json\/wp\/v2\/posts\/5772"}],"collection":[{"href":"https:\/\/www.visit-ulcinj.com\/blog\/wp-json\/wp\/v2\/posts"}],"about":[{"href":"https:\/\/www.visit-ulcinj.com\/blog\/wp-json\/wp\/v2\/types\/post"}],"author":[{"embeddable":true,"href":"https:\/\/www.visit-ulcinj.com\/blog\/wp-json\/wp\/v2\/users\/1"}],"replies":[{"embeddable":true,"href":"https:\/\/www.visit-ulcinj.com\/blog\/wp-json\/wp\/v2\/comments?post=5772"}],"version-history":[{"count":0,"href":"https:\/\/www.visit-ulcinj.com\/blog\/wp-json\/wp\/v2\/posts\/5772\/revisions"}],"wp:attachment":[{"href":"https:\/\/www.visit-ulcinj.com\/blog\/wp-json\/wp\/v2\/media?parent=5772"}],"wp:term":[{"taxonomy":"category","embeddable":true,"href":"https:\/\/www.visit-ulcinj.com\/blog\/wp-json\/wp\/v2\/categories?post=5772"},{"taxonomy":"post_tag","embeddable":true,"href":"https:\/\/www.visit-ulcinj.com\/blog\/wp-json\/wp\/v2\/tags?post=5772"}],"curies":[{"name":"wp","href":"https:\/\/api.w.org\/{rel}","templated":true}]}}