{"id":57734,"date":"2012-02-26T19:51:21","date_gmt":"2012-02-26T18:51:21","guid":{"rendered":"http:\/\/www.visit-ulcinj.com\/blog\/?p=57734"},"modified":"2012-02-26T19:51:21","modified_gmt":"2012-02-26T18:51:21","slug":"ot-e-ulqinit-merr-pjes-ne-panairin-e-turizmit-ne-beograd-video","status":"publish","type":"post","link":"https:\/\/www.visit-ulcinj.com\/blog\/2012\/02\/26\/ot-e-ulqinit-merr-pjes-ne-panairin-e-turizmit-ne-beograd-video\/","title":{"rendered":"OT e Ulqinit merr pjes n\u00eb panairin e turizmit n\u00eb Beograd &#8211; Video"},"content":{"rendered":"<p><a href=\"http:\/\/www.visit-ulcinj.com\/blog\/wp-content\/uploads\/2012\/02\/OT-e-Ulqinit-merr-pjes-n\u00eb-panairin-e-turizmit-n\u00eb-Beograd.jpg\"><img loading=\"lazy\" class=\"alignleft  wp-image-57735\" title=\"OT e Ulqinit merr pjes n\u00eb panairin e turizmit n\u00eb Beograd\" src=\"http:\/\/www.visit-ulcinj.com\/blog\/wp-content\/uploads\/2012\/02\/OT-e-Ulqinit-merr-pjes-n\u00eb-panairin-e-turizmit-n\u00eb-Beograd.jpg\" alt=\"\" width=\"508\" height=\"321\" \/><\/a>Delegacioni i Malit t\u00eb Zi, i p\u00ebrb\u00ebr\u00eb\u00a0nga p\u00ebrfaq\u00ebsuesi Predrag Sekuliq minist\u00ebr i zhvillimit t\u00eb qendruesh\u00ebm dhe turizmit,drejtori i Organizat\u00ebs turistike t\u00eb Malit t\u00eb Zi,Sasha Radoviq dhe nga p\u00ebrfaq\u00ebsues t\u00eb\u00a0komunitetit t\u00eb\u00a0biznesit,morr\u00ebn pjes\u00eb n\u00eb panairin nd\u00ebrkomb\u00ebtar t\u00eb turizmit \u201cIFT 2012\u201d, q\u00eb u mbajt\u00eb n\u00eb Beograd\u00eb.<\/p>\n<p>Pjes\u00ebmarrja e p\u00ebrfaq\u00ebsuesve Malazez\u00eb n\u00eb k\u00ebt\u00eb panair \u00ebsht\u00eb me r\u00ebnd\u00ebsi, sepse po mund\u00ebsohet prezantimi i vlerave turistike t\u00eb Malit t\u00eb Zi.<\/p>\n<p>Q\u00eb nga dita e par\u00eb e hapjes s\u00eb panairit, stenda e Malit t\u00eb Zi ka zgjuar interesim t\u00eb madh tek t\u00eb pranishmit dhe vizitor\u00ebt p\u00ebr industrin\u00eb turistike t\u00eb Malit t\u00eb Zi, p\u00ebr shkak t\u00eb prezantimit atraktiv t\u00eb resurseve turistike t\u00eb Malit t\u00eb Zi.<\/p>\n<p>Me ndihm\u00ebn e ministris\u00eb t\u00eb zhvillimit t\u00eb qendruesh\u00ebm dhe turizmit, n\u00eb k\u00ebt\u00eb panair,morri pjes\u00eb edhe komuniteti i biznesit nga Mali I Zi, t\u00eb cil\u00ebt po paraqesin ofertat e tyre turistike, si dhe po shk\u00ebmbejn\u00eb informata dhe p\u00ebrvoja me afarist\u00eb t\u00eb ndrysh\u00ebm.<\/p>\n<p>N\u00eb stendat e Malit t\u00eb Zi do jen\u00eb p\u00ebrfaqsuesit t\u00eb hoteleve \u201cThe Queen of Montenegro\u201d, \u201eBeppler &amp; Jacobson\u201c, HG \u201eBudvanska Rivijera\u201c, Hotels Group \u201eMontenegro Stars\u201c,agjensia \u201cAdriatic Express\u201d,morren pjes\u00eb edhe Organizata turistike te bashkume t\u00eb Plevjes,Shavnikut,Pluzhines,Zhablakut si dhe Organizata turistike e Budves,Tivarit,Tivatit,Kotorit,Herceg Novit dhe Ulqinit.Delegacionin e Ulqinit e p\u00ebrfaq\u00ebsoje drejtori i organizat\u00ebs turistike t\u00eb Ulqinit z.Ali Rexha,ku u p\u00ebrfaqesua edhe Riviera e Ulqinit dhe Hotel Mediterani nga Ulqini.<\/p>\n<p>Panairi mbylli dyert sot me 26 shkurt\u00eb 2012<\/p>\n<p>Kurse n\u00eb Ulqin n\u00eb qend\u00ebr t\u00eb v\u00ebmendjes esht\u00eb afera e Organiza\u00ebs Turistike t\u00eb Ulqinit ku p\u00ebr TV Teuta,Minir Karamanga e b\u00ebn\u00eb me dije i ka dh\u00ebn\u00eb afat deri t\u00eb h\u00ebn\u00ebn Ali Rexh\u00ebs q\u00eb t\u00eb liroj\u00eb zyrat.<\/p>\n<!--YouTube Error: bad URL entered-->\n","protected":false},"excerpt":{"rendered":"<p>Delegacioni i Malit t\u00eb Zi, i p\u00ebrb\u00ebr\u00eb\u00a0nga p\u00ebrfaq\u00ebsuesi Predrag Sekuliq minist\u00ebr i zhvillimit t\u00eb qendruesh\u00ebm dhe turizmit,drejtori i Organizat\u00ebs turistike t\u00eb Malit t\u00eb Zi,Sasha Radoviq dhe nga p\u00ebrfaq\u00ebsues t\u00eb\u00a0komunitetit t\u00eb\u00a0biznesit,morr\u00ebn pjes\u00eb n\u00eb panairin nd\u00ebrkomb\u00ebtar t\u00eb turizmit \u201cIFT 2012\u201d, q\u00eb u mbajt\u00eb n\u00eb Beograd\u00eb. Pjes\u00ebmarrja e p\u00ebrfaq\u00ebsuesve Malazez\u00eb n\u00eb k\u00ebt\u00eb panair \u00ebsht\u00eb me r\u00ebnd\u00ebsi, sepse po [&hellip;]<\/p>\n","protected":false},"author":1,"featured_media":0,"comment_status":"open","ping_status":"closed","sticky":false,"template":"","format":"standard","meta":{"spay_email":"","jetpack_publicize_message":"","jetpack_is_tweetstorm":false,"jetpack_publicize_feature_enabled":true},"categories":[15],"tags":[15892,540,671,20082,200,18],"jetpack_publicize_connections":[],"yoast_head":"<!-- This site is optimized with the Yoast SEO plugin v19.1 - https:\/\/yoast.com\/wordpress\/plugins\/seo\/ -->\n<title>OT e Ulqinit merr pjes n\u00eb panairin e turizmit n\u00eb Beograd - Video - Lajme nga Ulqini<\/title>\n<meta name=\"description\" content=\"Delegacioni i Malit t\u00eb Zi, i p\u00ebrb\u00ebr\u00eb\u00a0nga p\u00ebrfaq\u00ebsuesi Predrag Sekuliq minist\u00ebr i zhvillimit t\u00eb qendruesh\u00ebm dhe turizmit,drejtori i Organizat\u00ebs turistike\" \/>\n<meta name=\"robots\" content=\"index, follow, max-snippet:-1, max-image-preview:large, max-video-preview:-1\" \/>\n<link rel=\"canonical\" href=\"https:\/\/www.visit-ulcinj.com\/blog\/2012\/02\/26\/ot-e-ulqinit-merr-pjes-ne-panairin-e-turizmit-ne-beograd-video\/\" \/>\n<meta property=\"og:locale\" content=\"en_US\" \/>\n<meta property=\"og:type\" content=\"article\" \/>\n<meta property=\"og:title\" content=\"OT e Ulqinit merr pjes n\u00eb panairin e turizmit n\u00eb Beograd - Video - Lajme nga Ulqini\" \/>\n<meta property=\"og:description\" content=\"Delegacioni i Malit t\u00eb Zi, i p\u00ebrb\u00ebr\u00eb\u00a0nga p\u00ebrfaq\u00ebsuesi Predrag Sekuliq minist\u00ebr i zhvillimit t\u00eb qendruesh\u00ebm dhe turizmit,drejtori i Organizat\u00ebs turistike\" \/>\n<meta property=\"og:url\" content=\"https:\/\/www.visit-ulcinj.com\/blog\/2012\/02\/26\/ot-e-ulqinit-merr-pjes-ne-panairin-e-turizmit-ne-beograd-video\/\" \/>\n<meta property=\"og:site_name\" content=\"Lajme nga Ulqini\" \/>\n<meta property=\"article:published_time\" content=\"2012-02-26T18:51:21+00:00\" \/>\n<meta name=\"twitter:label1\" content=\"Written by\" \/>\n\t<meta name=\"twitter:data1\" content=\"ulqini\" \/>\n\t<meta name=\"twitter:label2\" content=\"Est. reading time\" \/>\n\t<meta name=\"twitter:data2\" content=\"2 minutes\" \/>\n<script type=\"application\/ld+json\" class=\"yoast-schema-graph\">{\"@context\":\"https:\/\/schema.org\",\"@graph\":[{\"@type\":\"WebSite\",\"@id\":\"https:\/\/www.visit-ulcinj.com\/blog\/#website\",\"url\":\"https:\/\/www.visit-ulcinj.com\/blog\/\",\"name\":\"Lajme nga Ulqini\",\"description\":\"Lajme,Vijesti,Ulqini,Ulqin,Crna Gora,Mali i Zi\",\"potentialAction\":[{\"@type\":\"SearchAction\",\"target\":{\"@type\":\"EntryPoint\",\"urlTemplate\":\"https:\/\/www.visit-ulcinj.com\/blog\/?s={search_term_string}\"},\"query-input\":\"required name=search_term_string\"}],\"inLanguage\":\"en-US\"},{\"@type\":\"WebPage\",\"@id\":\"https:\/\/www.visit-ulcinj.com\/blog\/2012\/02\/26\/ot-e-ulqinit-merr-pjes-ne-panairin-e-turizmit-ne-beograd-video\/#webpage\",\"url\":\"https:\/\/www.visit-ulcinj.com\/blog\/2012\/02\/26\/ot-e-ulqinit-merr-pjes-ne-panairin-e-turizmit-ne-beograd-video\/\",\"name\":\"OT e Ulqinit merr pjes n\u00eb panairin e turizmit n\u00eb Beograd - Video - Lajme nga Ulqini\",\"isPartOf\":{\"@id\":\"https:\/\/www.visit-ulcinj.com\/blog\/#website\"},\"datePublished\":\"2012-02-26T18:51:21+00:00\",\"dateModified\":\"2012-02-26T18:51:21+00:00\",\"author\":{\"@id\":\"https:\/\/www.visit-ulcinj.com\/blog\/#\/schema\/person\/dcab619c614d3038751c63bc2aadc06d\"},\"description\":\"Delegacioni i Malit t\u00eb Zi, i p\u00ebrb\u00ebr\u00eb\u00a0nga p\u00ebrfaq\u00ebsuesi Predrag Sekuliq minist\u00ebr i zhvillimit t\u00eb qendruesh\u00ebm dhe turizmit,drejtori i Organizat\u00ebs turistike\",\"breadcrumb\":{\"@id\":\"https:\/\/www.visit-ulcinj.com\/blog\/2012\/02\/26\/ot-e-ulqinit-merr-pjes-ne-panairin-e-turizmit-ne-beograd-video\/#breadcrumb\"},\"inLanguage\":\"en-US\",\"potentialAction\":[{\"@type\":\"ReadAction\",\"target\":[\"https:\/\/www.visit-ulcinj.com\/blog\/2012\/02\/26\/ot-e-ulqinit-merr-pjes-ne-panairin-e-turizmit-ne-beograd-video\/\"]}]},{\"@type\":\"BreadcrumbList\",\"@id\":\"https:\/\/www.visit-ulcinj.com\/blog\/2012\/02\/26\/ot-e-ulqinit-merr-pjes-ne-panairin-e-turizmit-ne-beograd-video\/#breadcrumb\",\"itemListElement\":[{\"@type\":\"ListItem\",\"position\":1,\"name\":\"OT e Ulqinit merr pjes n\u00eb panairin e turizmit n\u00eb Beograd &#8211; Video\"}]},{\"@type\":\"Person\",\"@id\":\"https:\/\/www.visit-ulcinj.com\/blog\/#\/schema\/person\/dcab619c614d3038751c63bc2aadc06d\",\"name\":\"ulqini\",\"sameAs\":[\"http:\/\/www.visit-ulcinj.com\"],\"url\":\"https:\/\/www.visit-ulcinj.com\/blog\/author\/admin\/\"}]}<\/script>\n<!-- \/ Yoast SEO plugin. -->","yoast_head_json":{"title":"OT e Ulqinit merr pjes n\u00eb panairin e turizmit n\u00eb Beograd - Video - Lajme nga Ulqini","description":"Delegacioni i Malit t\u00eb Zi, i p\u00ebrb\u00ebr\u00eb\u00a0nga p\u00ebrfaq\u00ebsuesi Predrag Sekuliq minist\u00ebr i zhvillimit t\u00eb qendruesh\u00ebm dhe turizmit,drejtori i Organizat\u00ebs turistike","robots":{"index":"index","follow":"follow","max-snippet":"max-snippet:-1","max-image-preview":"max-image-preview:large","max-video-preview":"max-video-preview:-1"},"canonical":"https:\/\/www.visit-ulcinj.com\/blog\/2012\/02\/26\/ot-e-ulqinit-merr-pjes-ne-panairin-e-turizmit-ne-beograd-video\/","og_locale":"en_US","og_type":"article","og_title":"OT e Ulqinit merr pjes n\u00eb panairin e turizmit n\u00eb Beograd - Video - Lajme nga Ulqini","og_description":"Delegacioni i Malit t\u00eb Zi, i p\u00ebrb\u00ebr\u00eb\u00a0nga p\u00ebrfaq\u00ebsuesi Predrag Sekuliq minist\u00ebr i zhvillimit t\u00eb qendruesh\u00ebm dhe turizmit,drejtori i Organizat\u00ebs turistike","og_url":"https:\/\/www.visit-ulcinj.com\/blog\/2012\/02\/26\/ot-e-ulqinit-merr-pjes-ne-panairin-e-turizmit-ne-beograd-video\/","og_site_name":"Lajme nga Ulqini","article_published_time":"2012-02-26T18:51:21+00:00","twitter_misc":{"Written by":"ulqini","Est. reading time":"2 minutes"},"schema":{"@context":"https:\/\/schema.org","@graph":[{"@type":"WebSite","@id":"https:\/\/www.visit-ulcinj.com\/blog\/#website","url":"https:\/\/www.visit-ulcinj.com\/blog\/","name":"Lajme nga Ulqini","description":"Lajme,Vijesti,Ulqini,Ulqin,Crna Gora,Mali i Zi","potentialAction":[{"@type":"SearchAction","target":{"@type":"EntryPoint","urlTemplate":"https:\/\/www.visit-ulcinj.com\/blog\/?s={search_term_string}"},"query-input":"required name=search_term_string"}],"inLanguage":"en-US"},{"@type":"WebPage","@id":"https:\/\/www.visit-ulcinj.com\/blog\/2012\/02\/26\/ot-e-ulqinit-merr-pjes-ne-panairin-e-turizmit-ne-beograd-video\/#webpage","url":"https:\/\/www.visit-ulcinj.com\/blog\/2012\/02\/26\/ot-e-ulqinit-merr-pjes-ne-panairin-e-turizmit-ne-beograd-video\/","name":"OT e Ulqinit merr pjes n\u00eb panairin e turizmit n\u00eb Beograd - Video - Lajme nga Ulqini","isPartOf":{"@id":"https:\/\/www.visit-ulcinj.com\/blog\/#website"},"datePublished":"2012-02-26T18:51:21+00:00","dateModified":"2012-02-26T18:51:21+00:00","author":{"@id":"https:\/\/www.visit-ulcinj.com\/blog\/#\/schema\/person\/dcab619c614d3038751c63bc2aadc06d"},"description":"Delegacioni i Malit t\u00eb Zi, i p\u00ebrb\u00ebr\u00eb\u00a0nga p\u00ebrfaq\u00ebsuesi Predrag Sekuliq minist\u00ebr i zhvillimit t\u00eb qendruesh\u00ebm dhe turizmit,drejtori i Organizat\u00ebs turistike","breadcrumb":{"@id":"https:\/\/www.visit-ulcinj.com\/blog\/2012\/02\/26\/ot-e-ulqinit-merr-pjes-ne-panairin-e-turizmit-ne-beograd-video\/#breadcrumb"},"inLanguage":"en-US","potentialAction":[{"@type":"ReadAction","target":["https:\/\/www.visit-ulcinj.com\/blog\/2012\/02\/26\/ot-e-ulqinit-merr-pjes-ne-panairin-e-turizmit-ne-beograd-video\/"]}]},{"@type":"BreadcrumbList","@id":"https:\/\/www.visit-ulcinj.com\/blog\/2012\/02\/26\/ot-e-ulqinit-merr-pjes-ne-panairin-e-turizmit-ne-beograd-video\/#breadcrumb","itemListElement":[{"@type":"ListItem","position":1,"name":"OT e Ulqinit merr pjes n\u00eb panairin e turizmit n\u00eb Beograd &#8211; Video"}]},{"@type":"Person","@id":"https:\/\/www.visit-ulcinj.com\/blog\/#\/schema\/person\/dcab619c614d3038751c63bc2aadc06d","name":"ulqini","sameAs":["http:\/\/www.visit-ulcinj.com"],"url":"https:\/\/www.visit-ulcinj.com\/blog\/author\/admin\/"}]}},"jetpack_featured_media_url":"","jetpack_sharing_enabled":true,"jetpack_shortlink":"https:\/\/wp.me\/pe6lTn-f1c","_links":{"self":[{"href":"https:\/\/www.visit-ulcinj.com\/blog\/wp-json\/wp\/v2\/posts\/57734"}],"collection":[{"href":"https:\/\/www.visit-ulcinj.com\/blog\/wp-json\/wp\/v2\/posts"}],"about":[{"href":"https:\/\/www.visit-ulcinj.com\/blog\/wp-json\/wp\/v2\/types\/post"}],"author":[{"embeddable":true,"href":"https:\/\/www.visit-ulcinj.com\/blog\/wp-json\/wp\/v2\/users\/1"}],"replies":[{"embeddable":true,"href":"https:\/\/www.visit-ulcinj.com\/blog\/wp-json\/wp\/v2\/comments?post=57734"}],"version-history":[{"count":1,"href":"https:\/\/www.visit-ulcinj.com\/blog\/wp-json\/wp\/v2\/posts\/57734\/revisions"}],"predecessor-version":[{"id":57736,"href":"https:\/\/www.visit-ulcinj.com\/blog\/wp-json\/wp\/v2\/posts\/57734\/revisions\/57736"}],"wp:attachment":[{"href":"https:\/\/www.visit-ulcinj.com\/blog\/wp-json\/wp\/v2\/media?parent=57734"}],"wp:term":[{"taxonomy":"category","embeddable":true,"href":"https:\/\/www.visit-ulcinj.com\/blog\/wp-json\/wp\/v2\/categories?post=57734"},{"taxonomy":"post_tag","embeddable":true,"href":"https:\/\/www.visit-ulcinj.com\/blog\/wp-json\/wp\/v2\/tags?post=57734"}],"curies":[{"name":"wp","href":"https:\/\/api.w.org\/{rel}","templated":true}]}}