{"id":57744,"date":"2012-02-27T18:39:31","date_gmt":"2012-02-27T17:39:31","guid":{"rendered":"http:\/\/www.visit-ulcinj.com\/blog\/?p=57744"},"modified":"2012-02-27T20:57:58","modified_gmt":"2012-02-27T19:57:58","slug":"turisticka-organizacija-ulcinja-na-sajmu-u-beogradu","status":"publish","type":"post","link":"https:\/\/www.visit-ulcinj.com\/blog\/2012\/02\/27\/turisticka-organizacija-ulcinja-na-sajmu-u-beogradu\/","title":{"rendered":"Turisti\u010dka organizacija Ulcinja na sajmu u Beogradu"},"content":{"rendered":"<p><a href=\"http:\/\/www.visit-ulcinj.com\/blog\/wp-content\/uploads\/2012\/02\/Turisticka-organizacija-Ulcinjaulcinjska-rivijerahotel-Mediteran-na-sajmu-u-Beogradu.1.jpg\"><img loading=\"lazy\" class=\"alignleft  wp-image-57746\" title=\"Turisticka organizacija Ulcinja,ulcinjska rivijera,hotel Mediteran na sajmu u Beogradu.1\" src=\"http:\/\/www.visit-ulcinj.com\/blog\/wp-content\/uploads\/2012\/02\/Turisticka-organizacija-Ulcinjaulcinjska-rivijerahotel-Mediteran-na-sajmu-u-Beogradu.1.jpg\" alt=\"\" width=\"508\" height=\"400\" \/><\/a>Nacionalna turisti\u010dka organizacija Crne Gore, Ministarstvo odr\u017eivog razvoja i turizma i predstavni\u0161tvo NTO CG u Beogradu u saradnji sa lokalnim turisti\u010dkim organizacijama, strate\u0161kim partnerima i turisti\u010dkom privredom predstavljali crnogorsku turisti\u010dku ponudu na sajmu turizma \u201cIFT 2012\u201d u Beogradu.<\/p>\n<p>Na 34. me\u0111unarodnom sajmu turizma \u201cIFT 2012\u201d koji se odr\u017eavala 23 do 26 februara u Beogradu nastupile su turisti\u010dke organizacije Budve, Bara, Tivta, Kotora i Ulcinja. Rije\u010d je o zajedni\u010dkom nastupu na kojem su bile predstavljena turisti\u010dka ponuda \u00a0op\u0161tina pomenutih gradova, a ujedno i predstavljena Crna Gora kao tursiti\u010dka destinacija, sa akcentom na primorski region.<\/p>\n<p>Prvog dana sajma odr\u017eana je promocija kulture i gastronomije \u00a0crnogorskog primorja, te su predstavnici tursiti\u010dkih organizacija Budve, Bara, Tivta, Kotora i Ulcinja, uz vino i lokalne specijalitete, upoznali brojne posjetioce i akreditovane medije sa kultrom i tradicijom na\u0161eg primorja kao i o aktuelnoj ponudi za ljeto 2012. godine.<\/p>\n<p>Na \u0161tandu NTO CG svoju ponudu predstavili su i strate\u0161ki partneri: JP \u201eMorsko dobro\u201c, hotel \u201eQueen of Montenegro\u201c, \u201eMontenegro Airlines\u201c, \u201eR-Tours\u201c, lokalna turisti\u010dka organizacija Cetinja, Regionalna turisti\u010dka organizacija Bjelasice i Komova, zatim hotel \u201cPolar Star\u201d i \u201cPer Astra\u201d kao i turisti\u010dka agencija \u201eTara Tour\u201c. Na sajmu nastup imaju i lokalne turisti\u010dke organizacije Bara, Buve, Ulcinja, Tivta, Kotora i Herceg Novog kao i \u201cMontenegro Stars Hotels Group\u201d, hotel \u201cMaestral\u201d i HG \u201cBudvanska rivijera\u201d,HTP\u201dUlcinjska rivijera\u201d, dok je u okviru zajedni\u010dkog \u0161tanda predstavljena ponuda turisti\u010dkih organizacija Pljevalja, \u0160avnika, Plu\u017eina i \u017dabljaka.<\/p>\n<p>HTP &#8220;Ulcinjska rivijera&#8221; Na 34. me\u0111unarodnom sajmu turizma \u201cIFT 2012\u201d koji se odr\u017eavala u Beogradu od 23. do 26. februara su bili u okviru \u0161tanda Turisti\u010dke organizacije Ulcinja u hali 1A.<\/p>\n<p>U okviru \u0161tanda Turisti\u010dke organizacije Ulcinja, svoju ponudu predstavljali i Hotel Mediteran Ulcinj. Sagledavaju\u0107i strukturu gostiju, Hotel Mediteran Ulcinj i Ulcinjska Rivijera se mo\u017ee pohvaliti raznoliko\u0161\u0107u iste s obzirom na prisustvo \u0161irokih emitivnih tr\u017ei\u0161ta, dok tr\u017ei\u0161te Srbije ve\u0107 tradicionalno zauzima\u00a0 petu poziciju po ostvarenom broju no\u0107enja.<\/p>\n<p>Na ovogodi\u0161njem Sajmu u Beogradu osim \u0161to su potpisani brojni ugovori za predstoje\u0107u sezonu sa dugogodi\u0161njim i nekim novim poslovnim partnerima, uspostavljena je kvalitetna saradnja sa dobavlja\u010dima tog tr\u017ei\u0161ta. Prema utiscima i vibracijama sa ovogodi\u0161njeg sajma turizma o\u010dekuje se jo\u0161 bolja posje\u010denost gostiju sa tr\u017ei\u0161ta Republike Srbije, smje\u0161tajnih kapaciteta hotelske grupe Ulcinjska rivijera.<\/p>\n<p>Za Hotel Mediteran i HTP \u201cUlcinjska rivijera\u201d ovogodi\u0161nja turisti\u010dka sezona po\u010dinje ranije, kada \u0107e hoteli ugostiti prve turiste sa tr\u017ei\u0161ta ,Polske,Ceske,Francuske i Njema\u010dke itd.<\/p>\n<!--YouTube Error: bad URL entered-->\n","protected":false},"excerpt":{"rendered":"<p>Nacionalna turisti\u010dka organizacija Crne Gore, Ministarstvo odr\u017eivog razvoja i turizma i predstavni\u0161tvo NTO CG u Beogradu u saradnji sa lokalnim turisti\u010dkim organizacijama, strate\u0161kim partnerima i turisti\u010dkom privredom predstavljali crnogorsku turisti\u010dku ponudu na sajmu turizma \u201cIFT 2012\u201d u Beogradu. Na 34. me\u0111unarodnom sajmu turizma \u201cIFT 2012\u201d koji se odr\u017eavala 23 do 26 februara u Beogradu nastupile [&hellip;]<\/p>\n","protected":false},"author":1,"featured_media":0,"comment_status":"open","ping_status":"closed","sticky":false,"template":"","format":"standard","meta":{"spay_email":"","jetpack_publicize_message":"","jetpack_is_tweetstorm":false,"jetpack_publicize_feature_enabled":true},"categories":[6950],"tags":[13382,250,20083,572,12420],"jetpack_publicize_connections":[],"yoast_head":"<!-- This site is optimized with the Yoast SEO plugin v19.1 - https:\/\/yoast.com\/wordpress\/plugins\/seo\/ -->\n<title>Turisti\u010dka organizacija Ulcinja na sajmu u Beogradu - Lajme nga Ulqini<\/title>\n<meta name=\"description\" content=\"Nacionalna turisti\u010dka organizacija Crne Gore, Ministarstvo odr\u017eivog razvoja i turizma i predstavni\u0161tvo NTO CG u Beogradu u saradnji sa lokalnim\" \/>\n<meta name=\"robots\" content=\"index, follow, max-snippet:-1, max-image-preview:large, max-video-preview:-1\" \/>\n<link rel=\"canonical\" href=\"https:\/\/www.visit-ulcinj.com\/blog\/2012\/02\/27\/turisticka-organizacija-ulcinja-na-sajmu-u-beogradu\/\" \/>\n<meta property=\"og:locale\" content=\"en_US\" \/>\n<meta property=\"og:type\" content=\"article\" \/>\n<meta property=\"og:title\" content=\"Turisti\u010dka organizacija Ulcinja na sajmu u Beogradu - Lajme nga Ulqini\" \/>\n<meta property=\"og:description\" content=\"Nacionalna turisti\u010dka organizacija Crne Gore, Ministarstvo odr\u017eivog razvoja i turizma i predstavni\u0161tvo NTO CG u Beogradu u saradnji sa lokalnim\" \/>\n<meta property=\"og:url\" content=\"https:\/\/www.visit-ulcinj.com\/blog\/2012\/02\/27\/turisticka-organizacija-ulcinja-na-sajmu-u-beogradu\/\" \/>\n<meta property=\"og:site_name\" content=\"Lajme nga Ulqini\" \/>\n<meta property=\"article:published_time\" content=\"2012-02-27T17:39:31+00:00\" \/>\n<meta property=\"article:modified_time\" content=\"2012-02-27T19:57:58+00:00\" \/>\n<meta property=\"og:image\" content=\"http:\/\/www.visit-ulcinj.com\/blog\/wp-content\/uploads\/2012\/02\/Turisticka-organizacija-Ulcinjaulcinjska-rivijerahotel-Mediteran-na-sajmu-u-Beogradu.1.jpg\" \/>\n<meta name=\"twitter:label1\" content=\"Written by\" \/>\n\t<meta name=\"twitter:data1\" content=\"ulqini\" \/>\n\t<meta name=\"twitter:label2\" content=\"Est. reading time\" \/>\n\t<meta name=\"twitter:data2\" content=\"2 minutes\" \/>\n<script type=\"application\/ld+json\" class=\"yoast-schema-graph\">{\"@context\":\"https:\/\/schema.org\",\"@graph\":[{\"@type\":\"WebSite\",\"@id\":\"https:\/\/www.visit-ulcinj.com\/blog\/#website\",\"url\":\"https:\/\/www.visit-ulcinj.com\/blog\/\",\"name\":\"Lajme nga Ulqini\",\"description\":\"Lajme,Vijesti,Ulqini,Ulqin,Crna Gora,Mali i Zi\",\"potentialAction\":[{\"@type\":\"SearchAction\",\"target\":{\"@type\":\"EntryPoint\",\"urlTemplate\":\"https:\/\/www.visit-ulcinj.com\/blog\/?s={search_term_string}\"},\"query-input\":\"required name=search_term_string\"}],\"inLanguage\":\"en-US\"},{\"@type\":\"ImageObject\",\"inLanguage\":\"en-US\",\"@id\":\"https:\/\/www.visit-ulcinj.com\/blog\/2012\/02\/27\/turisticka-organizacija-ulcinja-na-sajmu-u-beogradu\/#primaryimage\",\"url\":\"https:\/\/www.visit-ulcinj.com\/blog\/wp-content\/uploads\/2012\/02\/Turisticka-organizacija-Ulcinjaulcinjska-rivijerahotel-Mediteran-na-sajmu-u-Beogradu.1.jpg\",\"contentUrl\":\"https:\/\/www.visit-ulcinj.com\/blog\/wp-content\/uploads\/2012\/02\/Turisticka-organizacija-Ulcinjaulcinjska-rivijerahotel-Mediteran-na-sajmu-u-Beogradu.1.jpg\",\"width\":\"601\",\"height\":\"601\"},{\"@type\":\"WebPage\",\"@id\":\"https:\/\/www.visit-ulcinj.com\/blog\/2012\/02\/27\/turisticka-organizacija-ulcinja-na-sajmu-u-beogradu\/#webpage\",\"url\":\"https:\/\/www.visit-ulcinj.com\/blog\/2012\/02\/27\/turisticka-organizacija-ulcinja-na-sajmu-u-beogradu\/\",\"name\":\"Turisti\u010dka organizacija Ulcinja na sajmu u Beogradu - Lajme nga Ulqini\",\"isPartOf\":{\"@id\":\"https:\/\/www.visit-ulcinj.com\/blog\/#website\"},\"primaryImageOfPage\":{\"@id\":\"https:\/\/www.visit-ulcinj.com\/blog\/2012\/02\/27\/turisticka-organizacija-ulcinja-na-sajmu-u-beogradu\/#primaryimage\"},\"datePublished\":\"2012-02-27T17:39:31+00:00\",\"dateModified\":\"2012-02-27T19:57:58+00:00\",\"author\":{\"@id\":\"https:\/\/www.visit-ulcinj.com\/blog\/#\/schema\/person\/dcab619c614d3038751c63bc2aadc06d\"},\"description\":\"Nacionalna turisti\u010dka organizacija Crne Gore, Ministarstvo odr\u017eivog razvoja i turizma i predstavni\u0161tvo NTO CG u Beogradu u saradnji sa lokalnim\",\"breadcrumb\":{\"@id\":\"https:\/\/www.visit-ulcinj.com\/blog\/2012\/02\/27\/turisticka-organizacija-ulcinja-na-sajmu-u-beogradu\/#breadcrumb\"},\"inLanguage\":\"en-US\",\"potentialAction\":[{\"@type\":\"ReadAction\",\"target\":[\"https:\/\/www.visit-ulcinj.com\/blog\/2012\/02\/27\/turisticka-organizacija-ulcinja-na-sajmu-u-beogradu\/\"]}]},{\"@type\":\"BreadcrumbList\",\"@id\":\"https:\/\/www.visit-ulcinj.com\/blog\/2012\/02\/27\/turisticka-organizacija-ulcinja-na-sajmu-u-beogradu\/#breadcrumb\",\"itemListElement\":[{\"@type\":\"ListItem\",\"position\":1,\"name\":\"Turisti\u010dka organizacija Ulcinja na sajmu u Beogradu\"}]},{\"@type\":\"Person\",\"@id\":\"https:\/\/www.visit-ulcinj.com\/blog\/#\/schema\/person\/dcab619c614d3038751c63bc2aadc06d\",\"name\":\"ulqini\",\"sameAs\":[\"http:\/\/www.visit-ulcinj.com\"],\"url\":\"https:\/\/www.visit-ulcinj.com\/blog\/author\/admin\/\"}]}<\/script>\n<!-- \/ Yoast SEO plugin. -->","yoast_head_json":{"title":"Turisti\u010dka organizacija Ulcinja na sajmu u Beogradu - Lajme nga Ulqini","description":"Nacionalna turisti\u010dka organizacija Crne Gore, Ministarstvo odr\u017eivog razvoja i turizma i predstavni\u0161tvo NTO CG u Beogradu u saradnji sa lokalnim","robots":{"index":"index","follow":"follow","max-snippet":"max-snippet:-1","max-image-preview":"max-image-preview:large","max-video-preview":"max-video-preview:-1"},"canonical":"https:\/\/www.visit-ulcinj.com\/blog\/2012\/02\/27\/turisticka-organizacija-ulcinja-na-sajmu-u-beogradu\/","og_locale":"en_US","og_type":"article","og_title":"Turisti\u010dka organizacija Ulcinja na sajmu u Beogradu - Lajme nga Ulqini","og_description":"Nacionalna turisti\u010dka organizacija Crne Gore, Ministarstvo odr\u017eivog razvoja i turizma i predstavni\u0161tvo NTO CG u Beogradu u saradnji sa lokalnim","og_url":"https:\/\/www.visit-ulcinj.com\/blog\/2012\/02\/27\/turisticka-organizacija-ulcinja-na-sajmu-u-beogradu\/","og_site_name":"Lajme nga Ulqini","article_published_time":"2012-02-27T17:39:31+00:00","article_modified_time":"2012-02-27T19:57:58+00:00","og_image":[{"url":"http:\/\/www.visit-ulcinj.com\/blog\/wp-content\/uploads\/2012\/02\/Turisticka-organizacija-Ulcinjaulcinjska-rivijerahotel-Mediteran-na-sajmu-u-Beogradu.1.jpg"}],"twitter_misc":{"Written by":"ulqini","Est. reading time":"2 minutes"},"schema":{"@context":"https:\/\/schema.org","@graph":[{"@type":"WebSite","@id":"https:\/\/www.visit-ulcinj.com\/blog\/#website","url":"https:\/\/www.visit-ulcinj.com\/blog\/","name":"Lajme nga Ulqini","description":"Lajme,Vijesti,Ulqini,Ulqin,Crna Gora,Mali i Zi","potentialAction":[{"@type":"SearchAction","target":{"@type":"EntryPoint","urlTemplate":"https:\/\/www.visit-ulcinj.com\/blog\/?s={search_term_string}"},"query-input":"required name=search_term_string"}],"inLanguage":"en-US"},{"@type":"ImageObject","inLanguage":"en-US","@id":"https:\/\/www.visit-ulcinj.com\/blog\/2012\/02\/27\/turisticka-organizacija-ulcinja-na-sajmu-u-beogradu\/#primaryimage","url":"https:\/\/www.visit-ulcinj.com\/blog\/wp-content\/uploads\/2012\/02\/Turisticka-organizacija-Ulcinjaulcinjska-rivijerahotel-Mediteran-na-sajmu-u-Beogradu.1.jpg","contentUrl":"https:\/\/www.visit-ulcinj.com\/blog\/wp-content\/uploads\/2012\/02\/Turisticka-organizacija-Ulcinjaulcinjska-rivijerahotel-Mediteran-na-sajmu-u-Beogradu.1.jpg","width":"601","height":"601"},{"@type":"WebPage","@id":"https:\/\/www.visit-ulcinj.com\/blog\/2012\/02\/27\/turisticka-organizacija-ulcinja-na-sajmu-u-beogradu\/#webpage","url":"https:\/\/www.visit-ulcinj.com\/blog\/2012\/02\/27\/turisticka-organizacija-ulcinja-na-sajmu-u-beogradu\/","name":"Turisti\u010dka organizacija Ulcinja na sajmu u Beogradu - Lajme nga Ulqini","isPartOf":{"@id":"https:\/\/www.visit-ulcinj.com\/blog\/#website"},"primaryImageOfPage":{"@id":"https:\/\/www.visit-ulcinj.com\/blog\/2012\/02\/27\/turisticka-organizacija-ulcinja-na-sajmu-u-beogradu\/#primaryimage"},"datePublished":"2012-02-27T17:39:31+00:00","dateModified":"2012-02-27T19:57:58+00:00","author":{"@id":"https:\/\/www.visit-ulcinj.com\/blog\/#\/schema\/person\/dcab619c614d3038751c63bc2aadc06d"},"description":"Nacionalna turisti\u010dka organizacija Crne Gore, Ministarstvo odr\u017eivog razvoja i turizma i predstavni\u0161tvo NTO CG u Beogradu u saradnji sa lokalnim","breadcrumb":{"@id":"https:\/\/www.visit-ulcinj.com\/blog\/2012\/02\/27\/turisticka-organizacija-ulcinja-na-sajmu-u-beogradu\/#breadcrumb"},"inLanguage":"en-US","potentialAction":[{"@type":"ReadAction","target":["https:\/\/www.visit-ulcinj.com\/blog\/2012\/02\/27\/turisticka-organizacija-ulcinja-na-sajmu-u-beogradu\/"]}]},{"@type":"BreadcrumbList","@id":"https:\/\/www.visit-ulcinj.com\/blog\/2012\/02\/27\/turisticka-organizacija-ulcinja-na-sajmu-u-beogradu\/#breadcrumb","itemListElement":[{"@type":"ListItem","position":1,"name":"Turisti\u010dka organizacija Ulcinja na sajmu u Beogradu"}]},{"@type":"Person","@id":"https:\/\/www.visit-ulcinj.com\/blog\/#\/schema\/person\/dcab619c614d3038751c63bc2aadc06d","name":"ulqini","sameAs":["http:\/\/www.visit-ulcinj.com"],"url":"https:\/\/www.visit-ulcinj.com\/blog\/author\/admin\/"}]}},"jetpack_featured_media_url":"","jetpack_sharing_enabled":true,"jetpack_shortlink":"https:\/\/wp.me\/pe6lTn-f1m","_links":{"self":[{"href":"https:\/\/www.visit-ulcinj.com\/blog\/wp-json\/wp\/v2\/posts\/57744"}],"collection":[{"href":"https:\/\/www.visit-ulcinj.com\/blog\/wp-json\/wp\/v2\/posts"}],"about":[{"href":"https:\/\/www.visit-ulcinj.com\/blog\/wp-json\/wp\/v2\/types\/post"}],"author":[{"embeddable":true,"href":"https:\/\/www.visit-ulcinj.com\/blog\/wp-json\/wp\/v2\/users\/1"}],"replies":[{"embeddable":true,"href":"https:\/\/www.visit-ulcinj.com\/blog\/wp-json\/wp\/v2\/comments?post=57744"}],"version-history":[{"count":3,"href":"https:\/\/www.visit-ulcinj.com\/blog\/wp-json\/wp\/v2\/posts\/57744\/revisions"}],"predecessor-version":[{"id":57748,"href":"https:\/\/www.visit-ulcinj.com\/blog\/wp-json\/wp\/v2\/posts\/57744\/revisions\/57748"}],"wp:attachment":[{"href":"https:\/\/www.visit-ulcinj.com\/blog\/wp-json\/wp\/v2\/media?parent=57744"}],"wp:term":[{"taxonomy":"category","embeddable":true,"href":"https:\/\/www.visit-ulcinj.com\/blog\/wp-json\/wp\/v2\/categories?post=57744"},{"taxonomy":"post_tag","embeddable":true,"href":"https:\/\/www.visit-ulcinj.com\/blog\/wp-json\/wp\/v2\/tags?post=57744"}],"curies":[{"name":"wp","href":"https:\/\/api.w.org\/{rel}","templated":true}]}}