{"id":57749,"date":"2012-02-27T18:49:38","date_gmt":"2012-02-27T17:49:38","guid":{"rendered":"http:\/\/www.visit-ulcinj.com\/blog\/?p=57749"},"modified":"2012-02-27T18:49:38","modified_gmt":"2012-02-27T17:49:38","slug":"konferencija-za-medije-predsjednika-opstine-ulcinj","status":"publish","type":"post","link":"https:\/\/www.visit-ulcinj.com\/blog\/2012\/02\/27\/konferencija-za-medije-predsjednika-opstine-ulcinj\/","title":{"rendered":"Konferencija za medije predsjednika Op\u0161tine Ulcinj"},"content":{"rendered":"<p><strong><a href=\"http:\/\/www.visit-ulcinj.com\/blog\/wp-content\/uploads\/2012\/02\/Nazif-Cungu_Konferencija-za-medije_Opstina-Ulcinj.jpg\"><img loading=\"lazy\" class=\"alignleft  wp-image-57750\" title=\"Nazif Cungu_Konferencija za medije_Opstina Ulcinj\" src=\"http:\/\/www.visit-ulcinj.com\/blog\/wp-content\/uploads\/2012\/02\/Nazif-Cungu_Konferencija-za-medije_Opstina-Ulcinj.jpg\" alt=\"\" width=\"508\" height=\"380\" \/><\/a>Konferencija za medije<\/strong><\/p>\n<p>Rje\u0161enjem broj 01\u2013613\/1\u201312 od 17.02.2012. godine, postupaju\u0107i po zahtjevu vlasnika ogro\u017eenih objekata, a na osnovu Zakona o za\u0161titi i spa\u0161avanju (Sl.list CG br.13&#8243;007, 5\/208 i 32\/2011), te zaklju\u010dka stru\u010dnog kolegijuma Predsjednika Op\u0161tine od 16.02.2012 godine, dozvoljeno je Red\u017ea Ibrahimu da na katastarskoj parceli 1111 KO Ulcinj, u blizini restorana \u201eAlfa&#8221;, sanira zemljano klizi\u0161te nastalo nedozvoljenim iskopom zemlje na ovoj parceli, na na\u010din \u0161to je trebao biti izgra\u0111en armirano betonski &#8211; potporni zid, po prethodno ura\u0111enom projektu. Na taj nacin je trebalo biti izvr\u0161ena sanacija i zaustavljeno \u0161irenje zemljanog klizi\u0161ta i istovremeno otklonjene \u0161tetne posledice koje su mogle nastupiti po ljude i imovinska dobra na susjednim parcelama i ku\u0107ama. Investitor je navedene radove trebao izvr\u0161iti od 17.02.2012. do 27.02.2012. godine.<\/p>\n<p>Komunalna policija Op\u0161tine Ulcinj je, vr\u0161e\u0107i nadzor nad radovima iz ovog rje\u0161enja, u vise navrata utvrdila da investitor vr\u0161i radove u suprotnosti sa datim rje\u0161enjem, te je u skladu sa zakonom obavijestila nadle\u017ene dr\u017eavne institucije, i zabranila dalje radove. Time su iscrpljene sve zakonske mogu\u0107nosti koje komunalna policija ima, kada je u pitanju nedozvoljena gradnja.<\/p>\n<p>Na lice mjesta, je tako\u0111e iza\u0161la i insprektorka Ministarstva za\u0161tite \u017eivotne sredine, koja je tako\u0111e utvrdila ove nepravilnosti, zabranila radove, i predmet proslijedila Osnovnom dr\u017eavnom tu\u017eiocu u Ulcinju, radi pokretanja krivi\u010dnog postupka protiv investitora, zbog krivi\u010dnog djela nedozvoljene gradnje iz \u010dl 326. Krivi\u010dnog zakonika Crne Gore. Me\u0111utim, investitor je, uprkos svim ovim preduzetim mjerama i nalozima, permanentno nastavio sa radovima suprotno rje\u0161enju.<\/p>\n<p>Nadleznosti opstine su ogranicene i stoga su obavjesteni republicki organi,kao jedino nadlezni, da preduzmu mjere radi sprecavanja daljnjih nezakonitih radnji na predmetnoj parceli.<\/p>\n<p><strong>Op\u0161tina Ulcinj<\/strong><\/p>\n","protected":false},"excerpt":{"rendered":"<p>Konferencija za medije Rje\u0161enjem broj 01\u2013613\/1\u201312 od 17.02.2012. godine, postupaju\u0107i po zahtjevu vlasnika ogro\u017eenih objekata, a na osnovu Zakona o za\u0161titi i spa\u0161avanju (Sl.list CG br.13&#8243;007, 5\/208 i 32\/2011), te zaklju\u010dka stru\u010dnog kolegijuma Predsjednika Op\u0161tine od 16.02.2012 godine, dozvoljeno je Red\u017ea Ibrahimu da na katastarskoj parceli 1111 KO Ulcinj, u blizini restorana \u201eAlfa&#8221;, sanira zemljano [&hellip;]<\/p>\n","protected":false},"author":1,"featured_media":0,"comment_status":"open","ping_status":"closed","sticky":false,"template":"","format":"standard","meta":{"spay_email":"","jetpack_publicize_message":"","jetpack_is_tweetstorm":false,"jetpack_publicize_feature_enabled":true},"categories":[6950],"tags":[118,264],"jetpack_publicize_connections":[],"yoast_head":"<!-- This site is optimized with the Yoast SEO plugin v19.1 - https:\/\/yoast.com\/wordpress\/plugins\/seo\/ -->\n<title>Konferencija za medije predsjednika Op\u0161tine Ulcinj - Lajme nga Ulqini<\/title>\n<meta name=\"description\" content=\"Konferencija za medije Rje\u0161enjem broj 01\u2013613\/1\u201312 od 17.02.2012. godine, postupaju\u0107i po zahtjevu vlasnika ogro\u017eenih objekata, a na osnovu Zakona o za\u0161titi\" \/>\n<meta name=\"robots\" content=\"index, follow, max-snippet:-1, max-image-preview:large, max-video-preview:-1\" \/>\n<link rel=\"canonical\" href=\"https:\/\/www.visit-ulcinj.com\/blog\/2012\/02\/27\/konferencija-za-medije-predsjednika-opstine-ulcinj\/\" \/>\n<meta property=\"og:locale\" content=\"en_US\" \/>\n<meta property=\"og:type\" content=\"article\" \/>\n<meta property=\"og:title\" content=\"Konferencija za medije predsjednika Op\u0161tine Ulcinj - Lajme nga Ulqini\" \/>\n<meta property=\"og:description\" content=\"Konferencija za medije Rje\u0161enjem broj 01\u2013613\/1\u201312 od 17.02.2012. godine, postupaju\u0107i po zahtjevu vlasnika ogro\u017eenih objekata, a na osnovu Zakona o za\u0161titi\" \/>\n<meta property=\"og:url\" content=\"https:\/\/www.visit-ulcinj.com\/blog\/2012\/02\/27\/konferencija-za-medije-predsjednika-opstine-ulcinj\/\" \/>\n<meta property=\"og:site_name\" content=\"Lajme nga Ulqini\" \/>\n<meta property=\"article:published_time\" content=\"2012-02-27T17:49:38+00:00\" \/>\n<meta property=\"og:image\" content=\"http:\/\/www.visit-ulcinj.com\/blog\/wp-content\/uploads\/2012\/02\/Nazif-Cungu_Konferencija-za-medije_Opstina-Ulcinj.jpg\" \/>\n<meta name=\"twitter:label1\" content=\"Written by\" \/>\n\t<meta name=\"twitter:data1\" content=\"ulqini\" \/>\n\t<meta name=\"twitter:label2\" content=\"Est. reading time\" \/>\n\t<meta name=\"twitter:data2\" content=\"1 minute\" \/>\n<script type=\"application\/ld+json\" class=\"yoast-schema-graph\">{\"@context\":\"https:\/\/schema.org\",\"@graph\":[{\"@type\":\"WebSite\",\"@id\":\"https:\/\/www.visit-ulcinj.com\/blog\/#website\",\"url\":\"https:\/\/www.visit-ulcinj.com\/blog\/\",\"name\":\"Lajme nga Ulqini\",\"description\":\"Lajme,Vijesti,Ulqini,Ulqin,Crna Gora,Mali i Zi\",\"potentialAction\":[{\"@type\":\"SearchAction\",\"target\":{\"@type\":\"EntryPoint\",\"urlTemplate\":\"https:\/\/www.visit-ulcinj.com\/blog\/?s={search_term_string}\"},\"query-input\":\"required name=search_term_string\"}],\"inLanguage\":\"en-US\"},{\"@type\":\"ImageObject\",\"inLanguage\":\"en-US\",\"@id\":\"https:\/\/www.visit-ulcinj.com\/blog\/2012\/02\/27\/konferencija-za-medije-predsjednika-opstine-ulcinj\/#primaryimage\",\"url\":\"https:\/\/www.visit-ulcinj.com\/blog\/wp-content\/uploads\/2012\/02\/Nazif-Cungu_Konferencija-za-medije_Opstina-Ulcinj.jpg\",\"contentUrl\":\"https:\/\/www.visit-ulcinj.com\/blog\/wp-content\/uploads\/2012\/02\/Nazif-Cungu_Konferencija-za-medije_Opstina-Ulcinj.jpg\",\"width\":\"640\",\"height\":\"424\"},{\"@type\":\"WebPage\",\"@id\":\"https:\/\/www.visit-ulcinj.com\/blog\/2012\/02\/27\/konferencija-za-medije-predsjednika-opstine-ulcinj\/#webpage\",\"url\":\"https:\/\/www.visit-ulcinj.com\/blog\/2012\/02\/27\/konferencija-za-medije-predsjednika-opstine-ulcinj\/\",\"name\":\"Konferencija za medije predsjednika Op\u0161tine Ulcinj - Lajme nga Ulqini\",\"isPartOf\":{\"@id\":\"https:\/\/www.visit-ulcinj.com\/blog\/#website\"},\"primaryImageOfPage\":{\"@id\":\"https:\/\/www.visit-ulcinj.com\/blog\/2012\/02\/27\/konferencija-za-medije-predsjednika-opstine-ulcinj\/#primaryimage\"},\"datePublished\":\"2012-02-27T17:49:38+00:00\",\"dateModified\":\"2012-02-27T17:49:38+00:00\",\"author\":{\"@id\":\"https:\/\/www.visit-ulcinj.com\/blog\/#\/schema\/person\/dcab619c614d3038751c63bc2aadc06d\"},\"description\":\"Konferencija za medije Rje\u0161enjem broj 01\u2013613\/1\u201312 od 17.02.2012. godine, postupaju\u0107i po zahtjevu vlasnika ogro\u017eenih objekata, a na osnovu Zakona o za\u0161titi\",\"breadcrumb\":{\"@id\":\"https:\/\/www.visit-ulcinj.com\/blog\/2012\/02\/27\/konferencija-za-medije-predsjednika-opstine-ulcinj\/#breadcrumb\"},\"inLanguage\":\"en-US\",\"potentialAction\":[{\"@type\":\"ReadAction\",\"target\":[\"https:\/\/www.visit-ulcinj.com\/blog\/2012\/02\/27\/konferencija-za-medije-predsjednika-opstine-ulcinj\/\"]}]},{\"@type\":\"BreadcrumbList\",\"@id\":\"https:\/\/www.visit-ulcinj.com\/blog\/2012\/02\/27\/konferencija-za-medije-predsjednika-opstine-ulcinj\/#breadcrumb\",\"itemListElement\":[{\"@type\":\"ListItem\",\"position\":1,\"name\":\"Konferencija za medije predsjednika Op\u0161tine Ulcinj\"}]},{\"@type\":\"Person\",\"@id\":\"https:\/\/www.visit-ulcinj.com\/blog\/#\/schema\/person\/dcab619c614d3038751c63bc2aadc06d\",\"name\":\"ulqini\",\"sameAs\":[\"http:\/\/www.visit-ulcinj.com\"],\"url\":\"https:\/\/www.visit-ulcinj.com\/blog\/author\/admin\/\"}]}<\/script>\n<!-- \/ Yoast SEO plugin. -->","yoast_head_json":{"title":"Konferencija za medije predsjednika Op\u0161tine Ulcinj - Lajme nga Ulqini","description":"Konferencija za medije Rje\u0161enjem broj 01\u2013613\/1\u201312 od 17.02.2012. godine, postupaju\u0107i po zahtjevu vlasnika ogro\u017eenih objekata, a na osnovu Zakona o za\u0161titi","robots":{"index":"index","follow":"follow","max-snippet":"max-snippet:-1","max-image-preview":"max-image-preview:large","max-video-preview":"max-video-preview:-1"},"canonical":"https:\/\/www.visit-ulcinj.com\/blog\/2012\/02\/27\/konferencija-za-medije-predsjednika-opstine-ulcinj\/","og_locale":"en_US","og_type":"article","og_title":"Konferencija za medije predsjednika Op\u0161tine Ulcinj - Lajme nga Ulqini","og_description":"Konferencija za medije Rje\u0161enjem broj 01\u2013613\/1\u201312 od 17.02.2012. godine, postupaju\u0107i po zahtjevu vlasnika ogro\u017eenih objekata, a na osnovu Zakona o za\u0161titi","og_url":"https:\/\/www.visit-ulcinj.com\/blog\/2012\/02\/27\/konferencija-za-medije-predsjednika-opstine-ulcinj\/","og_site_name":"Lajme nga Ulqini","article_published_time":"2012-02-27T17:49:38+00:00","og_image":[{"url":"http:\/\/www.visit-ulcinj.com\/blog\/wp-content\/uploads\/2012\/02\/Nazif-Cungu_Konferencija-za-medije_Opstina-Ulcinj.jpg"}],"twitter_misc":{"Written by":"ulqini","Est. reading time":"1 minute"},"schema":{"@context":"https:\/\/schema.org","@graph":[{"@type":"WebSite","@id":"https:\/\/www.visit-ulcinj.com\/blog\/#website","url":"https:\/\/www.visit-ulcinj.com\/blog\/","name":"Lajme nga Ulqini","description":"Lajme,Vijesti,Ulqini,Ulqin,Crna Gora,Mali i Zi","potentialAction":[{"@type":"SearchAction","target":{"@type":"EntryPoint","urlTemplate":"https:\/\/www.visit-ulcinj.com\/blog\/?s={search_term_string}"},"query-input":"required name=search_term_string"}],"inLanguage":"en-US"},{"@type":"ImageObject","inLanguage":"en-US","@id":"https:\/\/www.visit-ulcinj.com\/blog\/2012\/02\/27\/konferencija-za-medije-predsjednika-opstine-ulcinj\/#primaryimage","url":"https:\/\/www.visit-ulcinj.com\/blog\/wp-content\/uploads\/2012\/02\/Nazif-Cungu_Konferencija-za-medije_Opstina-Ulcinj.jpg","contentUrl":"https:\/\/www.visit-ulcinj.com\/blog\/wp-content\/uploads\/2012\/02\/Nazif-Cungu_Konferencija-za-medije_Opstina-Ulcinj.jpg","width":"640","height":"424"},{"@type":"WebPage","@id":"https:\/\/www.visit-ulcinj.com\/blog\/2012\/02\/27\/konferencija-za-medije-predsjednika-opstine-ulcinj\/#webpage","url":"https:\/\/www.visit-ulcinj.com\/blog\/2012\/02\/27\/konferencija-za-medije-predsjednika-opstine-ulcinj\/","name":"Konferencija za medije predsjednika Op\u0161tine Ulcinj - Lajme nga Ulqini","isPartOf":{"@id":"https:\/\/www.visit-ulcinj.com\/blog\/#website"},"primaryImageOfPage":{"@id":"https:\/\/www.visit-ulcinj.com\/blog\/2012\/02\/27\/konferencija-za-medije-predsjednika-opstine-ulcinj\/#primaryimage"},"datePublished":"2012-02-27T17:49:38+00:00","dateModified":"2012-02-27T17:49:38+00:00","author":{"@id":"https:\/\/www.visit-ulcinj.com\/blog\/#\/schema\/person\/dcab619c614d3038751c63bc2aadc06d"},"description":"Konferencija za medije Rje\u0161enjem broj 01\u2013613\/1\u201312 od 17.02.2012. godine, postupaju\u0107i po zahtjevu vlasnika ogro\u017eenih objekata, a na osnovu Zakona o za\u0161titi","breadcrumb":{"@id":"https:\/\/www.visit-ulcinj.com\/blog\/2012\/02\/27\/konferencija-za-medije-predsjednika-opstine-ulcinj\/#breadcrumb"},"inLanguage":"en-US","potentialAction":[{"@type":"ReadAction","target":["https:\/\/www.visit-ulcinj.com\/blog\/2012\/02\/27\/konferencija-za-medije-predsjednika-opstine-ulcinj\/"]}]},{"@type":"BreadcrumbList","@id":"https:\/\/www.visit-ulcinj.com\/blog\/2012\/02\/27\/konferencija-za-medije-predsjednika-opstine-ulcinj\/#breadcrumb","itemListElement":[{"@type":"ListItem","position":1,"name":"Konferencija za medije predsjednika Op\u0161tine Ulcinj"}]},{"@type":"Person","@id":"https:\/\/www.visit-ulcinj.com\/blog\/#\/schema\/person\/dcab619c614d3038751c63bc2aadc06d","name":"ulqini","sameAs":["http:\/\/www.visit-ulcinj.com"],"url":"https:\/\/www.visit-ulcinj.com\/blog\/author\/admin\/"}]}},"jetpack_featured_media_url":"","jetpack_sharing_enabled":true,"jetpack_shortlink":"https:\/\/wp.me\/pe6lTn-f1r","_links":{"self":[{"href":"https:\/\/www.visit-ulcinj.com\/blog\/wp-json\/wp\/v2\/posts\/57749"}],"collection":[{"href":"https:\/\/www.visit-ulcinj.com\/blog\/wp-json\/wp\/v2\/posts"}],"about":[{"href":"https:\/\/www.visit-ulcinj.com\/blog\/wp-json\/wp\/v2\/types\/post"}],"author":[{"embeddable":true,"href":"https:\/\/www.visit-ulcinj.com\/blog\/wp-json\/wp\/v2\/users\/1"}],"replies":[{"embeddable":true,"href":"https:\/\/www.visit-ulcinj.com\/blog\/wp-json\/wp\/v2\/comments?post=57749"}],"version-history":[{"count":1,"href":"https:\/\/www.visit-ulcinj.com\/blog\/wp-json\/wp\/v2\/posts\/57749\/revisions"}],"predecessor-version":[{"id":57751,"href":"https:\/\/www.visit-ulcinj.com\/blog\/wp-json\/wp\/v2\/posts\/57749\/revisions\/57751"}],"wp:attachment":[{"href":"https:\/\/www.visit-ulcinj.com\/blog\/wp-json\/wp\/v2\/media?parent=57749"}],"wp:term":[{"taxonomy":"category","embeddable":true,"href":"https:\/\/www.visit-ulcinj.com\/blog\/wp-json\/wp\/v2\/categories?post=57749"},{"taxonomy":"post_tag","embeddable":true,"href":"https:\/\/www.visit-ulcinj.com\/blog\/wp-json\/wp\/v2\/tags?post=57749"}],"curies":[{"name":"wp","href":"https:\/\/api.w.org\/{rel}","templated":true}]}}