{"id":57752,"date":"2012-02-27T19:19:10","date_gmt":"2012-02-27T18:19:10","guid":{"rendered":"http:\/\/www.visit-ulcinj.com\/blog\/?p=57752"},"modified":"2012-02-27T19:19:10","modified_gmt":"2012-02-27T18:19:10","slug":"konference-per-media-e-kryetarit-te-komunes-se-ulqinit","status":"publish","type":"post","link":"https:\/\/www.visit-ulcinj.com\/blog\/2012\/02\/27\/konference-per-media-e-kryetarit-te-komunes-se-ulqinit\/","title":{"rendered":"Konference per media e kryetarit t\u00eb Komun\u00ebs s\u00eb Ulqinit"},"content":{"rendered":"<p><strong><a href=\"http:\/\/www.visit-ulcinj.com\/blog\/wp-content\/uploads\/2012\/02\/Konference-per-media-e-kryetarit-t\u00eb-Komun\u00ebs-s\u00eb-UlqinitNazif-Cungu.jpg\"><img loading=\"lazy\" class=\"alignleft  wp-image-57753\" title=\"Konference per media e kryetarit t\u00eb Komun\u00ebs s\u00eb Ulqinit,Nazif Cungu\" src=\"http:\/\/www.visit-ulcinj.com\/blog\/wp-content\/uploads\/2012\/02\/Konference-per-media-e-kryetarit-t\u00eb-Komun\u00ebs-s\u00eb-UlqinitNazif-Cungu.jpg\" alt=\"\" width=\"508\" height=\"380\" \/><\/a>Konference per media<\/strong><\/p>\n<p>Me Vendimin num\u00ebr 01\u2013613\/1\u201312 t\u00eb dat\u00ebs 17. 02. 2012, duke proceduar sipas k\u00ebrkes\u00ebs s\u00eb pronarit t\u00eb objektit t\u00eb rrezikuar, e n\u00eb baz\u00eb t\u00eb Ligjit p\u00ebr mbrojtje dhe shp\u00ebtim (Fl. zyr. MZ&#8221; nr. 13\/07, 5\/208 dhe 32\/2011, si dhe p\u00ebrfundimeve t\u00eb kolegjiumit profesional t\u00eb Kryetarit t\u00eb Komun\u00ebs t\u00eb dat\u00ebs 16. 02. 2012 i \u00ebsht\u00eb lejuar Rexha Ibrahimit q\u00eb n\u00eb parcel\u00ebn kadastrave 1111 KK Ulqin, n\u00eb af\u00ebrsi t\u00eb restorantit &#8220;Alfa&#8221;, t\u00eb rregulloj\u00eb dheun e rr\u00ebshqitsh\u00ebm q\u00eb ka ardhur si pasoj\u00eb e g\u00ebrmimeve pa leje t\u00eb tok\u00ebs n\u00eb k\u00ebt\u00eb parcel\u00eb, e q\u00eb \u00ebsht\u00eb dashur t\u00eb nd\u00ebrtohet muri mbrojt\u00ebs prej beton armes\u00eb, sipas projektit paraprak. N\u00eb k\u00ebt\u00eb m\u00ebnyr\u00eb \u00ebsht\u00eb dashur t\u00eb b\u00ebhet rregullimi dhe t\u00eb ndalet rr\u00ebshqitja e m\u00ebtutjeshme e dheut dhe nj\u00ebkoh\u00ebsisht t\u00eb shmangeshin pasojat negative q\u00eb kan\u00eb mundur t\u00eb jen\u00eb p\u00ebr njer\u00ebzit dhe t\u00eb mirat materiale n\u00eb parcelat fsinje dhe sht\u00ebpit\u00eb p\u00ebrreth. Investitori k\u00ebto pun\u00eb \u00ebsht\u00eb dashur t&#8217;i kryej\u00eb prej, m\u00eb 17. 02. 2012 deri, m\u00eb 27. 02. 2012.<\/p>\n<p>Policia komunale e Komun\u00ebs s\u00eb Ulqinit, duke b\u00ebr\u00eb mbik\u00ebqyrjen e pun\u00ebve nga ky aktvendim, disa her\u00eb ka konfirmuar q\u00eb investitori \u00ebsht\u00eb duke punuar n\u00eb kund\u00ebrshtim me aktvendimin e l\u00ebshuar, e n\u00eb pajtim me Ligjin i ka lajm\u00ebruar organet kompetente shtet\u00ebrore dhe ka ndaluar vazhdimin e punimeve. Me k\u00ebt\u00eb jan\u00eb konsumuar t\u00eb gjitha mund\u00ebsit\u00eb ligjore q\u00eb policia komunale ka, kur b\u00ebhet fjal\u00eb p\u00ebr nd\u00ebrtimet e paligjshme.<\/p>\n<p>N\u00eb vendin e ngjarjes gjithashtu ka dal\u00eb inspektorja e Ministris\u00eb s\u00eb mbrojtjes s\u00eb mjedisit e cila po ashtu ka v\u00ebrtetuar k\u00ebto parregullsi, ka ndaluar punimet dhe l\u00ebnd\u00ebn ia ka p\u00ebrcjell\u00eb Prokuroris\u00eb themelore shtet\u00ebrore n\u00eb Ulqin, me q\u00ebllim t\u00eb nisjes s\u00eb procedur\u00ebs penale ndaj investitorit, p\u00ebr vepr\u00ebn penale nd\u00ebrtim pa leje nga neni 326 i Kodit penal t\u00eb Malit t\u00eb Zi. Megjithat\u00eb investitori edhe p\u00ebrkund\u00ebr t\u00eb gjitha masave t\u00eb nd\u00ebrmarra dhe urdh\u00ebresave, i ka vazhduar punimet n\u00eb m\u00ebnyr\u00eb permanente n\u00eb kund\u00ebrshtim me aktvendimin.<\/p>\n<p>Kompetencat e Komun\u00ebs jan\u00eb t\u00eb kufizuara dhe p\u00ebr k\u00ebt\u00eb arsye jan\u00eb lajm\u00ebruar organet republikane, si t\u00eb vetmit kompetent\u00eb, q\u00eb t\u00eb nd\u00ebrmarrin masa me q\u00ebllim t\u00eb nd\u00ebrprerjes s\u00eb veprimeve t\u00eb m\u00ebtejshme t\u00eb paligjshme n\u00eb parcel\u00ebn n\u00eb fjal\u00eb.<\/p>\n<p><strong>Komuna Ulqinit<br \/>\n<strong><!--YouTube Error: bad URL entered--><\/strong><br \/>\n<\/strong><\/p>\n","protected":false},"excerpt":{"rendered":"<p>Konference per media Me Vendimin num\u00ebr 01\u2013613\/1\u201312 t\u00eb dat\u00ebs 17. 02. 2012, duke proceduar sipas k\u00ebrkes\u00ebs s\u00eb pronarit t\u00eb objektit t\u00eb rrezikuar, e n\u00eb baz\u00eb t\u00eb Ligjit p\u00ebr mbrojtje dhe shp\u00ebtim (Fl. zyr. MZ&#8221; nr. 13\/07, 5\/208 dhe 32\/2011, si dhe p\u00ebrfundimeve t\u00eb kolegjiumit profesional t\u00eb Kryetarit t\u00eb Komun\u00ebs t\u00eb dat\u00ebs 16. 02. 2012 i [&hellip;]<\/p>\n","protected":false},"author":1,"featured_media":0,"comment_status":"open","ping_status":"closed","sticky":false,"template":"","format":"standard","meta":{"spay_email":"","jetpack_publicize_message":"","jetpack_is_tweetstorm":false,"jetpack_publicize_feature_enabled":true},"categories":[1],"tags":[16426,229,27,118,18],"jetpack_publicize_connections":[],"yoast_head":"<!-- This site is optimized with the Yoast SEO plugin v19.1 - https:\/\/yoast.com\/wordpress\/plugins\/seo\/ -->\n<title>Konference per media e kryetarit t\u00eb Komun\u00ebs s\u00eb Ulqinit - Lajme nga Ulqini<\/title>\n<meta name=\"description\" content=\"Konference per media Me Vendimin num\u00ebr 01\u2013613\/1\u201312 t\u00eb dat\u00ebs 17. 02. 2012, duke proceduar sipas k\u00ebrkes\u00ebs s\u00eb pronarit t\u00eb objektit t\u00eb rrezikuar, e n\u00eb baz\u00eb t\u00eb\" \/>\n<meta name=\"robots\" content=\"index, follow, max-snippet:-1, max-image-preview:large, max-video-preview:-1\" \/>\n<link rel=\"canonical\" href=\"https:\/\/www.visit-ulcinj.com\/blog\/2012\/02\/27\/konference-per-media-e-kryetarit-te-komunes-se-ulqinit\/\" \/>\n<meta property=\"og:locale\" content=\"en_US\" \/>\n<meta property=\"og:type\" content=\"article\" \/>\n<meta property=\"og:title\" content=\"Konference per media e kryetarit t\u00eb Komun\u00ebs s\u00eb Ulqinit - Lajme nga Ulqini\" \/>\n<meta property=\"og:description\" content=\"Konference per media Me Vendimin num\u00ebr 01\u2013613\/1\u201312 t\u00eb dat\u00ebs 17. 02. 2012, duke proceduar sipas k\u00ebrkes\u00ebs s\u00eb pronarit t\u00eb objektit t\u00eb rrezikuar, e n\u00eb baz\u00eb t\u00eb\" \/>\n<meta property=\"og:url\" content=\"https:\/\/www.visit-ulcinj.com\/blog\/2012\/02\/27\/konference-per-media-e-kryetarit-te-komunes-se-ulqinit\/\" \/>\n<meta property=\"og:site_name\" content=\"Lajme nga Ulqini\" \/>\n<meta property=\"article:published_time\" content=\"2012-02-27T18:19:10+00:00\" \/>\n<meta name=\"twitter:label1\" content=\"Written by\" \/>\n\t<meta name=\"twitter:data1\" content=\"ulqini\" \/>\n\t<meta name=\"twitter:label2\" content=\"Est. reading time\" \/>\n\t<meta name=\"twitter:data2\" content=\"2 minutes\" \/>\n<script type=\"application\/ld+json\" class=\"yoast-schema-graph\">{\"@context\":\"https:\/\/schema.org\",\"@graph\":[{\"@type\":\"WebSite\",\"@id\":\"https:\/\/www.visit-ulcinj.com\/blog\/#website\",\"url\":\"https:\/\/www.visit-ulcinj.com\/blog\/\",\"name\":\"Lajme nga Ulqini\",\"description\":\"Lajme,Vijesti,Ulqini,Ulqin,Crna Gora,Mali i Zi\",\"potentialAction\":[{\"@type\":\"SearchAction\",\"target\":{\"@type\":\"EntryPoint\",\"urlTemplate\":\"https:\/\/www.visit-ulcinj.com\/blog\/?s={search_term_string}\"},\"query-input\":\"required name=search_term_string\"}],\"inLanguage\":\"en-US\"},{\"@type\":\"WebPage\",\"@id\":\"https:\/\/www.visit-ulcinj.com\/blog\/2012\/02\/27\/konference-per-media-e-kryetarit-te-komunes-se-ulqinit\/#webpage\",\"url\":\"https:\/\/www.visit-ulcinj.com\/blog\/2012\/02\/27\/konference-per-media-e-kryetarit-te-komunes-se-ulqinit\/\",\"name\":\"Konference per media e kryetarit t\u00eb Komun\u00ebs s\u00eb Ulqinit - Lajme nga Ulqini\",\"isPartOf\":{\"@id\":\"https:\/\/www.visit-ulcinj.com\/blog\/#website\"},\"datePublished\":\"2012-02-27T18:19:10+00:00\",\"dateModified\":\"2012-02-27T18:19:10+00:00\",\"author\":{\"@id\":\"https:\/\/www.visit-ulcinj.com\/blog\/#\/schema\/person\/dcab619c614d3038751c63bc2aadc06d\"},\"description\":\"Konference per media Me Vendimin num\u00ebr 01\u2013613\/1\u201312 t\u00eb dat\u00ebs 17. 02. 2012, duke proceduar sipas k\u00ebrkes\u00ebs s\u00eb pronarit t\u00eb objektit t\u00eb rrezikuar, e n\u00eb baz\u00eb t\u00eb\",\"breadcrumb\":{\"@id\":\"https:\/\/www.visit-ulcinj.com\/blog\/2012\/02\/27\/konference-per-media-e-kryetarit-te-komunes-se-ulqinit\/#breadcrumb\"},\"inLanguage\":\"en-US\",\"potentialAction\":[{\"@type\":\"ReadAction\",\"target\":[\"https:\/\/www.visit-ulcinj.com\/blog\/2012\/02\/27\/konference-per-media-e-kryetarit-te-komunes-se-ulqinit\/\"]}]},{\"@type\":\"BreadcrumbList\",\"@id\":\"https:\/\/www.visit-ulcinj.com\/blog\/2012\/02\/27\/konference-per-media-e-kryetarit-te-komunes-se-ulqinit\/#breadcrumb\",\"itemListElement\":[{\"@type\":\"ListItem\",\"position\":1,\"name\":\"Konference per media e kryetarit t\u00eb Komun\u00ebs s\u00eb Ulqinit\"}]},{\"@type\":\"Person\",\"@id\":\"https:\/\/www.visit-ulcinj.com\/blog\/#\/schema\/person\/dcab619c614d3038751c63bc2aadc06d\",\"name\":\"ulqini\",\"sameAs\":[\"http:\/\/www.visit-ulcinj.com\"],\"url\":\"https:\/\/www.visit-ulcinj.com\/blog\/author\/admin\/\"}]}<\/script>\n<!-- \/ Yoast SEO plugin. -->","yoast_head_json":{"title":"Konference per media e kryetarit t\u00eb Komun\u00ebs s\u00eb Ulqinit - Lajme nga Ulqini","description":"Konference per media Me Vendimin num\u00ebr 01\u2013613\/1\u201312 t\u00eb dat\u00ebs 17. 02. 2012, duke proceduar sipas k\u00ebrkes\u00ebs s\u00eb pronarit t\u00eb objektit t\u00eb rrezikuar, e n\u00eb baz\u00eb t\u00eb","robots":{"index":"index","follow":"follow","max-snippet":"max-snippet:-1","max-image-preview":"max-image-preview:large","max-video-preview":"max-video-preview:-1"},"canonical":"https:\/\/www.visit-ulcinj.com\/blog\/2012\/02\/27\/konference-per-media-e-kryetarit-te-komunes-se-ulqinit\/","og_locale":"en_US","og_type":"article","og_title":"Konference per media e kryetarit t\u00eb Komun\u00ebs s\u00eb Ulqinit - Lajme nga Ulqini","og_description":"Konference per media Me Vendimin num\u00ebr 01\u2013613\/1\u201312 t\u00eb dat\u00ebs 17. 02. 2012, duke proceduar sipas k\u00ebrkes\u00ebs s\u00eb pronarit t\u00eb objektit t\u00eb rrezikuar, e n\u00eb baz\u00eb t\u00eb","og_url":"https:\/\/www.visit-ulcinj.com\/blog\/2012\/02\/27\/konference-per-media-e-kryetarit-te-komunes-se-ulqinit\/","og_site_name":"Lajme nga Ulqini","article_published_time":"2012-02-27T18:19:10+00:00","twitter_misc":{"Written by":"ulqini","Est. reading time":"2 minutes"},"schema":{"@context":"https:\/\/schema.org","@graph":[{"@type":"WebSite","@id":"https:\/\/www.visit-ulcinj.com\/blog\/#website","url":"https:\/\/www.visit-ulcinj.com\/blog\/","name":"Lajme nga Ulqini","description":"Lajme,Vijesti,Ulqini,Ulqin,Crna Gora,Mali i Zi","potentialAction":[{"@type":"SearchAction","target":{"@type":"EntryPoint","urlTemplate":"https:\/\/www.visit-ulcinj.com\/blog\/?s={search_term_string}"},"query-input":"required name=search_term_string"}],"inLanguage":"en-US"},{"@type":"WebPage","@id":"https:\/\/www.visit-ulcinj.com\/blog\/2012\/02\/27\/konference-per-media-e-kryetarit-te-komunes-se-ulqinit\/#webpage","url":"https:\/\/www.visit-ulcinj.com\/blog\/2012\/02\/27\/konference-per-media-e-kryetarit-te-komunes-se-ulqinit\/","name":"Konference per media e kryetarit t\u00eb Komun\u00ebs s\u00eb Ulqinit - Lajme nga Ulqini","isPartOf":{"@id":"https:\/\/www.visit-ulcinj.com\/blog\/#website"},"datePublished":"2012-02-27T18:19:10+00:00","dateModified":"2012-02-27T18:19:10+00:00","author":{"@id":"https:\/\/www.visit-ulcinj.com\/blog\/#\/schema\/person\/dcab619c614d3038751c63bc2aadc06d"},"description":"Konference per media Me Vendimin num\u00ebr 01\u2013613\/1\u201312 t\u00eb dat\u00ebs 17. 02. 2012, duke proceduar sipas k\u00ebrkes\u00ebs s\u00eb pronarit t\u00eb objektit t\u00eb rrezikuar, e n\u00eb baz\u00eb t\u00eb","breadcrumb":{"@id":"https:\/\/www.visit-ulcinj.com\/blog\/2012\/02\/27\/konference-per-media-e-kryetarit-te-komunes-se-ulqinit\/#breadcrumb"},"inLanguage":"en-US","potentialAction":[{"@type":"ReadAction","target":["https:\/\/www.visit-ulcinj.com\/blog\/2012\/02\/27\/konference-per-media-e-kryetarit-te-komunes-se-ulqinit\/"]}]},{"@type":"BreadcrumbList","@id":"https:\/\/www.visit-ulcinj.com\/blog\/2012\/02\/27\/konference-per-media-e-kryetarit-te-komunes-se-ulqinit\/#breadcrumb","itemListElement":[{"@type":"ListItem","position":1,"name":"Konference per media e kryetarit t\u00eb Komun\u00ebs s\u00eb Ulqinit"}]},{"@type":"Person","@id":"https:\/\/www.visit-ulcinj.com\/blog\/#\/schema\/person\/dcab619c614d3038751c63bc2aadc06d","name":"ulqini","sameAs":["http:\/\/www.visit-ulcinj.com"],"url":"https:\/\/www.visit-ulcinj.com\/blog\/author\/admin\/"}]}},"jetpack_featured_media_url":"","jetpack_sharing_enabled":true,"jetpack_shortlink":"https:\/\/wp.me\/pe6lTn-f1u","_links":{"self":[{"href":"https:\/\/www.visit-ulcinj.com\/blog\/wp-json\/wp\/v2\/posts\/57752"}],"collection":[{"href":"https:\/\/www.visit-ulcinj.com\/blog\/wp-json\/wp\/v2\/posts"}],"about":[{"href":"https:\/\/www.visit-ulcinj.com\/blog\/wp-json\/wp\/v2\/types\/post"}],"author":[{"embeddable":true,"href":"https:\/\/www.visit-ulcinj.com\/blog\/wp-json\/wp\/v2\/users\/1"}],"replies":[{"embeddable":true,"href":"https:\/\/www.visit-ulcinj.com\/blog\/wp-json\/wp\/v2\/comments?post=57752"}],"version-history":[{"count":1,"href":"https:\/\/www.visit-ulcinj.com\/blog\/wp-json\/wp\/v2\/posts\/57752\/revisions"}],"predecessor-version":[{"id":57754,"href":"https:\/\/www.visit-ulcinj.com\/blog\/wp-json\/wp\/v2\/posts\/57752\/revisions\/57754"}],"wp:attachment":[{"href":"https:\/\/www.visit-ulcinj.com\/blog\/wp-json\/wp\/v2\/media?parent=57752"}],"wp:term":[{"taxonomy":"category","embeddable":true,"href":"https:\/\/www.visit-ulcinj.com\/blog\/wp-json\/wp\/v2\/categories?post=57752"},{"taxonomy":"post_tag","embeddable":true,"href":"https:\/\/www.visit-ulcinj.com\/blog\/wp-json\/wp\/v2\/tags?post=57752"}],"curies":[{"name":"wp","href":"https:\/\/api.w.org\/{rel}","templated":true}]}}