{"id":57757,"date":"2012-02-27T20:16:26","date_gmt":"2012-02-27T19:16:26","guid":{"rendered":"http:\/\/www.visit-ulcinj.com\/blog\/?p=57757"},"modified":"2012-02-27T20:17:44","modified_gmt":"2012-02-27T19:17:44","slug":"sinishtaj-cka-u-bisedua-me-kryeministrin-llukshiq-video","status":"publish","type":"post","link":"https:\/\/www.visit-ulcinj.com\/blog\/2012\/02\/27\/sinishtaj-cka-u-bisedua-me-kryeministrin-llukshiq-video\/","title":{"rendered":"Sinishtaj: \u00c7ka u bisedua me Kryeministrin Llukshiq &#8211; Video"},"content":{"rendered":"<p><strong><a href=\"http:\/\/www.visit-ulcinj.com\/blog\/wp-content\/uploads\/2012\/02\/Vasel-Sinishtaj_\u00c7ka-u-bisedua-me-Kryeministrin-Llukshiq.jpg\"><img loading=\"lazy\" class=\"alignleft  wp-image-57758\" title=\"Vasel Sinishtaj_\u00c7ka u bisedua me Kryeministrin Llukshiq\" src=\"http:\/\/www.visit-ulcinj.com\/blog\/wp-content\/uploads\/2012\/02\/Vasel-Sinishtaj_\u00c7ka-u-bisedua-me-Kryeministrin-Llukshiq.jpg\" alt=\"\" width=\"508\" height=\"316\" \/><\/a>N\u00eb bised\u00ebn me deputetin Vasel Sinishtaj n\u00eb lidhje me bisedimet dhe k\u00ebrkesat e klubit parlamentar\u00eb shqiptar\u00eb me Kryeministrin Llukshiq, q\u00eb u zhvilluan jav\u00ebn e kaluar, deputeti Sinishtaj p\u00ebr Malesia.Org tregon rrjedh\u00ebn e bisedimeve dhe k\u00ebrkesat q\u00eb i paraqit\u00ebn Kryeministrit. <\/strong><br \/>\n<strong>N\u00eb klubin parlamentar\u00eb shqiptar\u00eb p\u00ebrpos Sinishtajt, jan\u00eb edhe Mehmet Bardhi nga LDn\u00ebMZ dhe Genci Nimanbegu nga Forca. <\/strong><strong><br \/>\n<strong>N\u00eb klubin shqiptar\u00eb nuk \u00ebsht\u00eb Mehmet Zenka nga UDSH parti e cila \u00ebsht\u00eb pjes\u00eb e koalicionit qeveritar\u00eb.<\/strong><\/strong><\/p>\n<p>&nbsp;<\/p>\n<p>Takimi i grupit parlamentar shqiptar\u00eb me kryeministrin Llukshiq dhe ministrin e drejt\u00ebsis\u00eb Dushko Markoviq, u shfryt\u00ebzua p\u00ebr ti p\u00ebrkujtuar zot\u00ebrit me problemet e shumta me t\u00eb cilat po ballafaqohemi dhe se ne, si pakic\u00eb komb\u00ebtare autoktone n\u00eb Malin e Zi t\u00eb pavarur, po humbasin edhe ato t\u00eb drejta q\u00eb i g\u00ebzonim n\u00eb bashk\u00ebsin\u00eb Serbi Mal t\u00eb Zi.<br \/>\nI p\u00ebrkujtuam edhe nj\u00ebher\u00eb se p\u00ebr kushtetut\u00ebn e shtetit t\u00eb Malit t\u00eb Zi s\u2019ka votuar asnj\u00eb deputet shqiptar\u00eb, ngase ajo n\u00eb vete nuk p\u00ebrmban dy normat m\u00eb me r\u00ebnd\u00ebsi q\u00eb kan\u00eb t\u00eb b\u00ebjn\u00eb me garantimin e lirive dhe t\u00eb drejtave t\u00eb arritura dhe interpretimin e lirive dhe t\u00eb drejtave t\u00eb pakicave dhe nuk siguron barazi n\u00eb mes popujve.<br \/>\nMe mos inkorporimin e k\u00ebtyre dy normave n\u00eb aktin m\u00eb t\u00eb lart t\u00eb shtetit, shumica parlamentare nuk respektoi k\u00ebrkes\u00ebn e K\u00ebshillit t\u00eb Evrop\u00ebs q\u00eb kushtetuta n\u00eb minimum duhej t\u00eb p\u00ebrmbante n\u00eb vete pik\u00ebrisht edhe k\u00ebto norma. Pra, dy normat e lartp\u00ebrmendura dhe garantimi i p\u00ebrfaq\u00ebsimit autentik n\u00eb parlamentin shtet\u00ebror dhe kuvendet lokale, ku ne jemi num\u00ebr i duksh\u00ebm i popullat\u00ebs (Tivar, Podgoric\u00eb, Plav\u00eb dhe Rozhaj\u00eb).<br \/>\nU fol edhe p\u00ebr anashkalimin e deputet\u00ebve shqiptar\u00eb n\u00eb takimin e tij me opozit\u00ebn, gjat\u00eb koh\u00ebs s\u00eb hartimit t\u00eb ligjit zgjedhor dhe tregtis\u00eb politike t\u00eb qeveris\u00eb me at\u00eb pjes\u00eb t\u00eb opozit\u00ebs q\u00eb ishte dhe mbeti kund\u00ebr pavar\u00ebsimit, rreth p\u00ebrdorimit t\u00eb gjuh\u00ebs n\u00eb procesin m\u00ebsimor n\u00ebp\u00ebr shkollat fillore dhe t\u00eb mesme n\u00eb Mal t\u00eb Zi, por gjithsesi tregti politike n\u00eb d\u00ebmin e shqiptar\u00ebve. Ishte momenti p\u00ebr t\u2019ju th\u00ebn\u00eb se pas pavar\u00ebsimit t\u00eb shtetit, p\u00ebr t\u00eb cilin vendosi pik\u00ebrisht vota shqiptare, me ligjin zgjedhor, shqiptar\u00ebt humben pes\u00eb mandatet e garantuara dhe vendet e posa\u00e7me zgjedhore. Po ashtu gjat\u00eb vitit t\u00eb kaluar, me ligjin p\u00ebr organizimin territorial Mal\u00ebsia edhe nj\u00eb her\u00eb u la pa komun\u00eb t\u00eb plot\u00eb dhe se \u00ebsht\u00eb koha q\u00eb qeveria t\u00eb heq dor\u00eb nga obligimi ligjor p\u00ebr organizimin e referendumit konsultativ, ngase n\u00eb k\u00ebt\u00eb m\u00ebnyr\u00eb nuk \u00ebsht\u00eb themeluar asnj\u00eb komun\u00eb n\u00eb Mal t\u00eb Zi deri m\u00eb sot, dhe se referendumi i till\u00eb \u00ebsht\u00eb vet\u00ebm mekaniz\u00ebm, q\u00eb n\u00eb minimum, polarizon votuesit n\u00eb Mal\u00ebsi. N\u00eb k\u00ebt\u00eb intervenoi kryeministri duke th\u00ebn\u00eb se mendon se Mal\u00ebsia i plot\u00ebson t\u00eb gjitha kushtet p\u00ebr komun\u00eb t\u00eb plot\u00eb, mir\u00ebpo referendumi, gjoja \u00ebsht\u00eb l\u00ebn\u00eb si mund\u00ebsi p\u00ebr ti anuluar k\u00ebrkesat e mjediseve t\u00eb tjera p\u00ebr komun\u00eb t\u00eb plot\u00eb. K\u00ebt\u00eb, si\u00e7 tha ai ja ka th\u00ebn\u00eb edhe Berish\u00ebs n\u00eb takimin e m\u00ebparsh\u00ebm.<br \/>\nE p\u00ebrkujtuam se po zvarrisin sjelljen e akteve n\u00ebnligjore p\u00ebr hartimin e elaboratit p\u00ebr ar\u00ebsyetueshm\u00ebrin ekonomiko\/politike p\u00ebr komun\u00eb t\u00eb plot\u00eb.<br \/>\nProblemi i tentimit p\u00ebr t\u00eb parandaluar p\u00ebrdorimin e simbolit nacional shqiptar, pra flamurit, u potencua edhe n\u00eb k\u00ebt\u00eb takim, duke i njoftuar se shqiptar\u00ebt kudo q\u00eb gjinden n\u00eb rruzullin tok\u00ebsor, kan\u00eb vet\u00ebm nj\u00eb simbol nacional e q\u00eb p\u00ebrdoret plot 560 vite me radh\u00eb. N\u00eb lidhje me k\u00ebt\u00eb kryeministri tha se n\u00eb qeveri ju paska &#8220;rr\u00ebshqit&#8221; ky problem nga moskujdesi dhe se n\u00eb jet\u00ebn shoq\u00ebrore dhe politike n\u00eb Mal t\u00eb Zi shqiptaret nuk kan\u00eb dhe nuk do t\u00eb ken\u00eb pasoja p\u00ebr p\u00ebrdorimin e lir\u00eb t\u00eb flamurit.<br \/>\nNgase votat tona nuk vendosin p\u00ebr fatin e sigurimit t\u00eb shumic\u00ebs parlamentare nga 2\/3 p\u00ebr amendamentet kushtetuese q\u00eb kan\u00eb t\u00eb b\u00ebjn\u00eb me problemin e gjyq\u00ebsis\u00eb, ne k\u00ebrkuam q\u00eb Mal\u00ebsis\u00eb me kryeqendr\u00ebn e saj Tuzin ti njihet e drejta n\u00eb komun\u00eb t\u00eb plot\u00eb; q\u00eb t\u00eb ndalohen proceset e privatizimeve n\u00eb mjediset shqiptare dhe q\u00eb t\u00eb b\u00ebhet revidimi i privatizimeve t\u00eb dyshimta q\u00eb jan\u00eb kryer deri m\u00eb tani; q\u00eb t\u00eb kemi p\u00ebrfaq\u00ebsim proporcional n\u00eb organet shtet\u00ebrore dhe ato t\u00eb vet\u00ebqeverisjes lokale n\u00eb pun\u00ebsim; t\u00eb definohet \u00e7\u00ebshtja e praktikanteve dhe vonter\u00ebve gjat\u00eb pun\u00ebsimit t\u00eb shqiptar\u00ebve; q\u00eb em\u00ebrimi i drejtor\u00ebve t\u00eb shkollave, ku m\u00ebsimi kryek\u00ebput zhvillohet n\u00eb gjuhen shqipe, t\u00eb b\u00ebhet vet\u00ebm me p\u00eblqimin e k\u00ebshillit nacional dhe q\u00eb kjo procedur\u00eb n\u00eb t\u00eb ardhmen t\u00eb jet\u00eb kompetenc\u00eb e komun\u00ebs; Kuadrat n\u00eb arsim t\u00eb zgjidhen sipas nenit 18 t\u00eb ligjit mbi lirit\u00eb dhe t\u00eb drejtat e pakicave, pra nga shqiptar\u00ebt e jo t\u00eb sjell\u00ebn ata q\u00eb nuk e njohin gjuhen shqipe; q\u00eb t\u00eb zgjidhet problemi i sh\u00ebrbimit publik (RT t\u00eb Malit t\u00eb Zi) ku duhet pasur program adekuat e jo lajme bajate dhe t\u00eb titulluara dhe t\u00eb rritet minutazha e jo t\u00eb zvog\u00eblohet dhe t\u00eb jepen termine jokorrekte; q\u00eb p\u00ebr &#8220;Kohen javore&#8221; t\u00eb sigurohen mjetet financiare, qoft\u00eb p\u00ebrmes K\u00ebshillit nacional apo parlamentit e mos t\u00eb lihet n\u00eb fatin e dikujt q\u00eb do t\u00eb privatizoi &#8220;Pobjeden&#8221;; q\u00eb t\u00eb sigurohen mjetet financiare p\u00ebr stacionet private televizive q\u00eb kan\u00eb program n\u00eb gjuhen shqipe, si\u00e7 jan\u00eb TV Boin, TV Teuta e t\u00eb tjera; q\u00eb t\u00eb nd\u00ebrpritet praktika e fshirjes nga librat am\u00ebz t\u00eb shtet\u00ebsis\u00eb p\u00ebr shqiptar\u00ebt q\u00eb gjinden jasht\u00eb Malit t\u00eb Zi; q\u00eb t\u00eb zgjidhet urgjentisht problemi i sigurimit social p\u00ebr ata shqiptar\u00eb q\u00eb kan\u00eb punuar n\u00eb Kosov\u00eb apo firmat nga Kosova n\u00eb Mal t\u00eb Zi dhe kosovar\u00ebt q\u00eb kan\u00eb punuar n\u00eb Mal t\u00eb Zi apo firmat malazeze n\u00eb Kosov\u00eb; q\u00eb t\u00eb aprovohet ligji mbi p\u00ebrdorimin e gjuh\u00ebve n\u00eb p\u00ebrdorim zyrtar dhe t\u00eb respektohen normat kushtetuese t\u00eb nenit 79 paragrafi 1 prej pik\u00ebs 1 deri n\u00eb 13 dhe q\u00eb n\u00eb t\u00ebr\u00ebsi t\u00eb b\u00ebhet decentralizimi i pushtetit si kusht p\u00ebr demokratizim.<\/p>\n<p>Ngase deri m\u00eb sot, pushteti s\u2019ka respektuar asnj\u00eb marr\u00ebveshje politike t\u00eb arritur dhe t\u00eb n\u00ebnshkruar, un\u00eb pik\u00ebrisht ju tha\u00e7 se s\u2019kemi gatishm\u00ebri p\u00ebr marr\u00ebveshje t\u00eb ndryshme dhe premtime t\u00eb thata. N\u00ebse ju duhet vota e deputet\u00ebve shqiptar\u00eb, at\u00ebher\u00eb \u00ebsht\u00eb koha q\u00eb t\u00eb veproni dhe t\u00eb na njihni t\u00eb drejtat q\u00eb na takojn\u00eb e jo q\u00eb ta na i jepni apo t\u00eb na i falni. Deri at\u00ebher\u00eb mos llogaritni q\u00eb me vot\u00ebn ton\u00eb mund t\u00eb fitoni mund\u00ebsin\u00eb p\u00ebr integrimet e m\u00ebtutjeshme evropiane apo euroatlantike.<\/p>\n<p>S\u00eb fundi, ngase as amendamentet e qeveris\u00eb as ato t\u00eb opozit\u00ebs nuk p\u00ebrmir\u00ebsojn\u00eb gjendjen e shqiptar\u00ebve n\u00eb k\u00ebt\u00eb shtet dhe se p\u00ebr neve nd\u00ebrrimet n\u00eb gjyq\u00ebsi dhe gjoja sundimi i ligjit dhe paan\u00ebsia dhe pavar\u00ebsia e gjykatave, q\u00eb propozon qeveria n\u00eb rastin konkret me amendamentet e veta, vet\u00ebm p\u00ebrforcon pozit\u00ebn dhe ndikimin e kryetarit t\u00eb shtetit n\u00eb t\u00eb ardhmen, si n\u00eb gjykat\u00ebn kushtetuese, gjykat\u00eb supreme, k\u00ebshill gjyq\u00ebsor dhe prokurori e q\u00eb p\u00ebr momentin kryetari i shtetit \u00ebsht\u00eb edhe n\u00ebnkryetar i subjektit politik m\u00eb t\u00eb fort\u00eb, at\u00ebher\u00eb p\u00ebr neve \u00ebsht\u00eb i qart\u00eb q\u00ebllimi i k\u00ebsaj &#8220;fasade&#8221; gjoja juridike. Si ilustrim u tha se n\u00eb Podgoric\u00eb, prej gjykat\u00ebs komunale e deri n\u00eb at\u00eb kushtetuese, deri m\u00eb sot s\u2019kemi asnj\u00eb gjyqtar shqiptar dhe se nuk mund t\u00eb flitet p\u00ebr kapitullin 23 dhe 24, si kusht i integrimeve t\u00eb m\u00ebtutjeshme t\u00eb Malit t\u00eb Zi, e mos t\u00eb flitet p\u00ebr lirit\u00eb dhe t\u00eb drejtat elementare njer\u00ebzore dhe qytetare, individuale dhe kolektive, t\u00eb shqiptar\u00ebve n\u00eb Mal t\u00eb Zi dhe pjes\u00ebmarrjen ton\u00eb n\u00eb organet policore (polici lokale ende nuk ka n\u00eb k\u00ebt\u00eb shtet), si dhe n\u00eb prokurori dhe gjyq\u00ebsi e t\u00eb flitet p\u00ebr sundimin e ligjit. \/<strong>Malesia.Org<\/strong>\/<\/p>\n<!-- vimeo error: not a vimeo video -->\n","protected":false},"excerpt":{"rendered":"<p>N\u00eb bised\u00ebn me deputetin Vasel Sinishtaj n\u00eb lidhje me bisedimet dhe k\u00ebrkesat e klubit parlamentar\u00eb shqiptar\u00eb me Kryeministrin Llukshiq, q\u00eb u zhvilluan jav\u00ebn e kaluar, deputeti Sinishtaj p\u00ebr Malesia.Org tregon rrjedh\u00ebn e bisedimeve dhe k\u00ebrkesat q\u00eb i paraqit\u00ebn Kryeministrit. N\u00eb klubin parlamentar\u00eb shqiptar\u00eb p\u00ebrpos Sinishtajt, jan\u00eb edhe Mehmet Bardhi nga LDn\u00ebMZ dhe Genci Nimanbegu nga [&hellip;]<\/p>\n","protected":false},"author":1,"featured_media":0,"comment_status":"open","ping_status":"closed","sticky":false,"template":"","format":"standard","meta":{"spay_email":"","jetpack_publicize_message":"","jetpack_is_tweetstorm":false,"jetpack_publicize_feature_enabled":true},"categories":[6],"tags":[95,20084,348],"jetpack_publicize_connections":[],"yoast_head":"<!-- This site is optimized with the Yoast SEO plugin v19.1 - https:\/\/yoast.com\/wordpress\/plugins\/seo\/ -->\n<title>Sinishtaj: \u00c7ka u bisedua me Kryeministrin Llukshiq - Video - Lajme nga Ulqini<\/title>\n<meta name=\"description\" content=\"N\u00eb bised\u00ebn me deputetin Vasel Sinishtaj n\u00eb lidhje me bisedimet dhe k\u00ebrkesat e klubit parlamentar\u00eb shqiptar\u00eb me Kryeministrin Llukshiq, q\u00eb u zhvilluan\" \/>\n<meta name=\"robots\" content=\"index, follow, max-snippet:-1, max-image-preview:large, max-video-preview:-1\" \/>\n<link rel=\"canonical\" href=\"https:\/\/www.visit-ulcinj.com\/blog\/2012\/02\/27\/sinishtaj-cka-u-bisedua-me-kryeministrin-llukshiq-video\/\" \/>\n<meta property=\"og:locale\" content=\"en_US\" \/>\n<meta property=\"og:type\" content=\"article\" \/>\n<meta property=\"og:title\" content=\"Sinishtaj: \u00c7ka u bisedua me Kryeministrin Llukshiq - Video - Lajme nga Ulqini\" \/>\n<meta property=\"og:description\" content=\"N\u00eb bised\u00ebn me deputetin Vasel Sinishtaj n\u00eb lidhje me bisedimet dhe k\u00ebrkesat e klubit parlamentar\u00eb shqiptar\u00eb me Kryeministrin Llukshiq, q\u00eb u zhvilluan\" \/>\n<meta property=\"og:url\" content=\"https:\/\/www.visit-ulcinj.com\/blog\/2012\/02\/27\/sinishtaj-cka-u-bisedua-me-kryeministrin-llukshiq-video\/\" \/>\n<meta property=\"og:site_name\" content=\"Lajme nga Ulqini\" \/>\n<meta property=\"article:published_time\" content=\"2012-02-27T19:16:26+00:00\" \/>\n<meta property=\"article:modified_time\" content=\"2012-02-27T19:17:44+00:00\" \/>\n<meta name=\"twitter:label1\" content=\"Written by\" \/>\n\t<meta name=\"twitter:data1\" content=\"ulqini\" \/>\n\t<meta name=\"twitter:label2\" content=\"Est. reading time\" \/>\n\t<meta name=\"twitter:data2\" content=\"7 minutes\" \/>\n<script type=\"application\/ld+json\" class=\"yoast-schema-graph\">{\"@context\":\"https:\/\/schema.org\",\"@graph\":[{\"@type\":\"WebSite\",\"@id\":\"https:\/\/www.visit-ulcinj.com\/blog\/#website\",\"url\":\"https:\/\/www.visit-ulcinj.com\/blog\/\",\"name\":\"Lajme nga Ulqini\",\"description\":\"Lajme,Vijesti,Ulqini,Ulqin,Crna Gora,Mali i Zi\",\"potentialAction\":[{\"@type\":\"SearchAction\",\"target\":{\"@type\":\"EntryPoint\",\"urlTemplate\":\"https:\/\/www.visit-ulcinj.com\/blog\/?s={search_term_string}\"},\"query-input\":\"required name=search_term_string\"}],\"inLanguage\":\"en-US\"},{\"@type\":\"WebPage\",\"@id\":\"https:\/\/www.visit-ulcinj.com\/blog\/2012\/02\/27\/sinishtaj-cka-u-bisedua-me-kryeministrin-llukshiq-video\/#webpage\",\"url\":\"https:\/\/www.visit-ulcinj.com\/blog\/2012\/02\/27\/sinishtaj-cka-u-bisedua-me-kryeministrin-llukshiq-video\/\",\"name\":\"Sinishtaj: \u00c7ka u bisedua me Kryeministrin Llukshiq - Video - Lajme nga Ulqini\",\"isPartOf\":{\"@id\":\"https:\/\/www.visit-ulcinj.com\/blog\/#website\"},\"datePublished\":\"2012-02-27T19:16:26+00:00\",\"dateModified\":\"2012-02-27T19:17:44+00:00\",\"author\":{\"@id\":\"https:\/\/www.visit-ulcinj.com\/blog\/#\/schema\/person\/dcab619c614d3038751c63bc2aadc06d\"},\"description\":\"N\u00eb bised\u00ebn me deputetin Vasel Sinishtaj n\u00eb lidhje me bisedimet dhe k\u00ebrkesat e klubit parlamentar\u00eb shqiptar\u00eb me Kryeministrin Llukshiq, q\u00eb u zhvilluan\",\"breadcrumb\":{\"@id\":\"https:\/\/www.visit-ulcinj.com\/blog\/2012\/02\/27\/sinishtaj-cka-u-bisedua-me-kryeministrin-llukshiq-video\/#breadcrumb\"},\"inLanguage\":\"en-US\",\"potentialAction\":[{\"@type\":\"ReadAction\",\"target\":[\"https:\/\/www.visit-ulcinj.com\/blog\/2012\/02\/27\/sinishtaj-cka-u-bisedua-me-kryeministrin-llukshiq-video\/\"]}]},{\"@type\":\"BreadcrumbList\",\"@id\":\"https:\/\/www.visit-ulcinj.com\/blog\/2012\/02\/27\/sinishtaj-cka-u-bisedua-me-kryeministrin-llukshiq-video\/#breadcrumb\",\"itemListElement\":[{\"@type\":\"ListItem\",\"position\":1,\"name\":\"Sinishtaj: \u00c7ka u bisedua me Kryeministrin Llukshiq &#8211; Video\"}]},{\"@type\":\"Person\",\"@id\":\"https:\/\/www.visit-ulcinj.com\/blog\/#\/schema\/person\/dcab619c614d3038751c63bc2aadc06d\",\"name\":\"ulqini\",\"sameAs\":[\"http:\/\/www.visit-ulcinj.com\"],\"url\":\"https:\/\/www.visit-ulcinj.com\/blog\/author\/admin\/\"}]}<\/script>\n<!-- \/ Yoast SEO plugin. -->","yoast_head_json":{"title":"Sinishtaj: \u00c7ka u bisedua me Kryeministrin Llukshiq - Video - Lajme nga Ulqini","description":"N\u00eb bised\u00ebn me deputetin Vasel Sinishtaj n\u00eb lidhje me bisedimet dhe k\u00ebrkesat e klubit parlamentar\u00eb shqiptar\u00eb me Kryeministrin Llukshiq, q\u00eb u zhvilluan","robots":{"index":"index","follow":"follow","max-snippet":"max-snippet:-1","max-image-preview":"max-image-preview:large","max-video-preview":"max-video-preview:-1"},"canonical":"https:\/\/www.visit-ulcinj.com\/blog\/2012\/02\/27\/sinishtaj-cka-u-bisedua-me-kryeministrin-llukshiq-video\/","og_locale":"en_US","og_type":"article","og_title":"Sinishtaj: \u00c7ka u bisedua me Kryeministrin Llukshiq - Video - Lajme nga Ulqini","og_description":"N\u00eb bised\u00ebn me deputetin Vasel Sinishtaj n\u00eb lidhje me bisedimet dhe k\u00ebrkesat e klubit parlamentar\u00eb shqiptar\u00eb me Kryeministrin Llukshiq, q\u00eb u zhvilluan","og_url":"https:\/\/www.visit-ulcinj.com\/blog\/2012\/02\/27\/sinishtaj-cka-u-bisedua-me-kryeministrin-llukshiq-video\/","og_site_name":"Lajme nga Ulqini","article_published_time":"2012-02-27T19:16:26+00:00","article_modified_time":"2012-02-27T19:17:44+00:00","twitter_misc":{"Written by":"ulqini","Est. reading time":"7 minutes"},"schema":{"@context":"https:\/\/schema.org","@graph":[{"@type":"WebSite","@id":"https:\/\/www.visit-ulcinj.com\/blog\/#website","url":"https:\/\/www.visit-ulcinj.com\/blog\/","name":"Lajme nga Ulqini","description":"Lajme,Vijesti,Ulqini,Ulqin,Crna Gora,Mali i Zi","potentialAction":[{"@type":"SearchAction","target":{"@type":"EntryPoint","urlTemplate":"https:\/\/www.visit-ulcinj.com\/blog\/?s={search_term_string}"},"query-input":"required name=search_term_string"}],"inLanguage":"en-US"},{"@type":"WebPage","@id":"https:\/\/www.visit-ulcinj.com\/blog\/2012\/02\/27\/sinishtaj-cka-u-bisedua-me-kryeministrin-llukshiq-video\/#webpage","url":"https:\/\/www.visit-ulcinj.com\/blog\/2012\/02\/27\/sinishtaj-cka-u-bisedua-me-kryeministrin-llukshiq-video\/","name":"Sinishtaj: \u00c7ka u bisedua me Kryeministrin Llukshiq - Video - Lajme nga Ulqini","isPartOf":{"@id":"https:\/\/www.visit-ulcinj.com\/blog\/#website"},"datePublished":"2012-02-27T19:16:26+00:00","dateModified":"2012-02-27T19:17:44+00:00","author":{"@id":"https:\/\/www.visit-ulcinj.com\/blog\/#\/schema\/person\/dcab619c614d3038751c63bc2aadc06d"},"description":"N\u00eb bised\u00ebn me deputetin Vasel Sinishtaj n\u00eb lidhje me bisedimet dhe k\u00ebrkesat e klubit parlamentar\u00eb shqiptar\u00eb me Kryeministrin Llukshiq, q\u00eb u zhvilluan","breadcrumb":{"@id":"https:\/\/www.visit-ulcinj.com\/blog\/2012\/02\/27\/sinishtaj-cka-u-bisedua-me-kryeministrin-llukshiq-video\/#breadcrumb"},"inLanguage":"en-US","potentialAction":[{"@type":"ReadAction","target":["https:\/\/www.visit-ulcinj.com\/blog\/2012\/02\/27\/sinishtaj-cka-u-bisedua-me-kryeministrin-llukshiq-video\/"]}]},{"@type":"BreadcrumbList","@id":"https:\/\/www.visit-ulcinj.com\/blog\/2012\/02\/27\/sinishtaj-cka-u-bisedua-me-kryeministrin-llukshiq-video\/#breadcrumb","itemListElement":[{"@type":"ListItem","position":1,"name":"Sinishtaj: \u00c7ka u bisedua me Kryeministrin Llukshiq &#8211; Video"}]},{"@type":"Person","@id":"https:\/\/www.visit-ulcinj.com\/blog\/#\/schema\/person\/dcab619c614d3038751c63bc2aadc06d","name":"ulqini","sameAs":["http:\/\/www.visit-ulcinj.com"],"url":"https:\/\/www.visit-ulcinj.com\/blog\/author\/admin\/"}]}},"jetpack_featured_media_url":"","jetpack_sharing_enabled":true,"jetpack_shortlink":"https:\/\/wp.me\/pe6lTn-f1z","_links":{"self":[{"href":"https:\/\/www.visit-ulcinj.com\/blog\/wp-json\/wp\/v2\/posts\/57757"}],"collection":[{"href":"https:\/\/www.visit-ulcinj.com\/blog\/wp-json\/wp\/v2\/posts"}],"about":[{"href":"https:\/\/www.visit-ulcinj.com\/blog\/wp-json\/wp\/v2\/types\/post"}],"author":[{"embeddable":true,"href":"https:\/\/www.visit-ulcinj.com\/blog\/wp-json\/wp\/v2\/users\/1"}],"replies":[{"embeddable":true,"href":"https:\/\/www.visit-ulcinj.com\/blog\/wp-json\/wp\/v2\/comments?post=57757"}],"version-history":[{"count":6,"href":"https:\/\/www.visit-ulcinj.com\/blog\/wp-json\/wp\/v2\/posts\/57757\/revisions"}],"predecessor-version":[{"id":57772,"href":"https:\/\/www.visit-ulcinj.com\/blog\/wp-json\/wp\/v2\/posts\/57757\/revisions\/57772"}],"wp:attachment":[{"href":"https:\/\/www.visit-ulcinj.com\/blog\/wp-json\/wp\/v2\/media?parent=57757"}],"wp:term":[{"taxonomy":"category","embeddable":true,"href":"https:\/\/www.visit-ulcinj.com\/blog\/wp-json\/wp\/v2\/categories?post=57757"},{"taxonomy":"post_tag","embeddable":true,"href":"https:\/\/www.visit-ulcinj.com\/blog\/wp-json\/wp\/v2\/tags?post=57757"}],"curies":[{"name":"wp","href":"https:\/\/api.w.org\/{rel}","templated":true}]}}