{"id":57774,"date":"2012-02-27T20:44:45","date_gmt":"2012-02-27T19:44:45","guid":{"rendered":"http:\/\/www.visit-ulcinj.com\/blog\/?p=57774"},"modified":"2012-02-27T20:46:03","modified_gmt":"2012-02-27T19:46:03","slug":"redza-ne-da-fotelju-to-ulcinj-karamanagi","status":"publish","type":"post","link":"https:\/\/www.visit-ulcinj.com\/blog\/2012\/02\/27\/redza-ne-da-fotelju-to-ulcinj-karamanagi\/","title":{"rendered":"Red\u017ea ne da fotelju TO Ulcinj Karamanagi &#8211; Video"},"content":{"rendered":"<div id=\"attachment_57775\" style=\"width: 518px\" class=\"wp-caption alignleft\"><a href=\"http:\/\/www.visit-ulcinj.com\/blog\/wp-content\/uploads\/2012\/02\/Ali-Redza-_direktor-TO-Ulcinj_picnik.jpg\"><img aria-describedby=\"caption-attachment-57775\" loading=\"lazy\" class=\" wp-image-57775 \" title=\"Ali Redza _direktor TO Ulcinj_picnik\" src=\"http:\/\/www.visit-ulcinj.com\/blog\/wp-content\/uploads\/2012\/02\/Ali-Redza-_direktor-TO-Ulcinj_picnik.jpg\" alt=\"\" width=\"508\" height=\"380\" srcset=\"https:\/\/www.visit-ulcinj.com\/blog\/wp-content\/uploads\/2012\/02\/Ali-Redza-_direktor-TO-Ulcinj_picnik.jpg 1000w, https:\/\/www.visit-ulcinj.com\/blog\/wp-content\/uploads\/2012\/02\/Ali-Redza-_direktor-TO-Ulcinj_picnik-300x225.jpg 300w\" sizes=\"(max-width: 508px) 100vw, 508px\" \/><\/a><p id=\"caption-attachment-57775\" class=\"wp-caption-text\">Foto: Samir Adrovi\u0107 - Vijesti<\/p><\/div>\n<p>SKANDAL: Zbog sva\u0111e oko toga ko je prvi \u010dovjek TO Ulcinj, morala da interveni\u0161e policija.<br \/>\nUlcinjska policija, sa komandirom na \u010delu, bila je na specijalnom, vanrednom zadatku \u2013 mirila je dvije zara\u0107ene strane koje se bore za prostorije i funkcije u lokalnoj turisti\u010dkoj organizaciji i jednako tvrde da pola\u017eu pravo na to.<\/p>\n<p>Sjedi\u0161te Turisti\u010dke organizacije i bukvalno je bilo pod opsadom \u2013 ispred zgrade u kojoj je smje\u0161teno sjedi\u0161te \u201cOtrant komerca\u201d, ali i u hodnicima, bilo je i policije i privatnog obezbje\u0111enja koji nijesu dozvoljavali pristup kancelariji TO, gdje se odr\u017eavao sastanak dviju strana, uz prisustvo inspektora.<\/p>\n<p><a href=\"http:\/\/www.vijesti.me\/vijesti\/redza-ne-da-fotelju-to-ulcinj-karamanagi-clanak-62498\" target=\"_blank\"><strong><strong>Pro\u010ditaj vijest do kraja &gt;&gt; Vijesti Online &gt;&gt;Samir Adrovi\u0107<\/strong><\/strong><\/a><\/p>\n<!--YouTube Error: bad URL entered-->\n","protected":false},"excerpt":{"rendered":"<p>SKANDAL: Zbog sva\u0111e oko toga ko je prvi \u010dovjek TO Ulcinj, morala da interveni\u0161e policija. Ulcinjska policija, sa komandirom na \u010delu, bila je na specijalnom, vanrednom zadatku \u2013 mirila je dvije zara\u0107ene strane koje se bore za prostorije i funkcije u lokalnoj turisti\u010dkoj organizaciji i jednako tvrde da pola\u017eu pravo na to. Sjedi\u0161te Turisti\u010dke organizacije [&hellip;]<\/p>\n","protected":false},"author":1,"featured_media":0,"comment_status":"open","ping_status":"closed","sticky":false,"template":"","format":"standard","meta":{"spay_email":"","jetpack_publicize_message":"","jetpack_is_tweetstorm":false,"jetpack_publicize_feature_enabled":true},"categories":[8337],"tags":[9724,700,15750,118,264,572,19],"jetpack_publicize_connections":[],"yoast_head":"<!-- This site is optimized with the Yoast SEO plugin v19.1 - https:\/\/yoast.com\/wordpress\/plugins\/seo\/ -->\n<title>Red\u017ea ne da fotelju TO Ulcinj Karamanagi - Video - Lajme nga Ulqini<\/title>\n<meta name=\"description\" content=\"SKANDAL: Zbog sva\u0111e oko toga ko je prvi \u010dovjek TO Ulcinj, morala da interveni\u0161e policija. Ulcinjska policija, sa komandirom na \u010delu, bila je na\" \/>\n<meta name=\"robots\" content=\"index, follow, max-snippet:-1, max-image-preview:large, max-video-preview:-1\" \/>\n<link rel=\"canonical\" href=\"https:\/\/www.visit-ulcinj.com\/blog\/2012\/02\/27\/redza-ne-da-fotelju-to-ulcinj-karamanagi\/\" \/>\n<meta property=\"og:locale\" content=\"en_US\" \/>\n<meta property=\"og:type\" content=\"article\" \/>\n<meta property=\"og:title\" content=\"Red\u017ea ne da fotelju TO Ulcinj Karamanagi - Video - Lajme nga Ulqini\" \/>\n<meta property=\"og:description\" content=\"SKANDAL: Zbog sva\u0111e oko toga ko je prvi \u010dovjek TO Ulcinj, morala da interveni\u0161e policija. Ulcinjska policija, sa komandirom na \u010delu, bila je na\" \/>\n<meta property=\"og:url\" content=\"https:\/\/www.visit-ulcinj.com\/blog\/2012\/02\/27\/redza-ne-da-fotelju-to-ulcinj-karamanagi\/\" \/>\n<meta property=\"og:site_name\" content=\"Lajme nga Ulqini\" \/>\n<meta property=\"article:published_time\" content=\"2012-02-27T19:44:45+00:00\" \/>\n<meta property=\"article:modified_time\" content=\"2012-02-27T19:46:03+00:00\" \/>\n<meta property=\"og:image\" content=\"http:\/\/www.visit-ulcinj.com\/blog\/wp-content\/uploads\/2012\/02\/Ali-Redza-_direktor-TO-Ulcinj_picnik.jpg\" \/>\n<meta name=\"twitter:label1\" content=\"Written by\" \/>\n\t<meta name=\"twitter:data1\" content=\"ulqini\" \/>\n\t<meta name=\"twitter:label2\" content=\"Est. reading time\" \/>\n\t<meta name=\"twitter:data2\" content=\"1 minute\" \/>\n<script type=\"application\/ld+json\" class=\"yoast-schema-graph\">{\"@context\":\"https:\/\/schema.org\",\"@graph\":[{\"@type\":\"WebSite\",\"@id\":\"https:\/\/www.visit-ulcinj.com\/blog\/#website\",\"url\":\"https:\/\/www.visit-ulcinj.com\/blog\/\",\"name\":\"Lajme nga Ulqini\",\"description\":\"Lajme,Vijesti,Ulqini,Ulqin,Crna Gora,Mali i Zi\",\"potentialAction\":[{\"@type\":\"SearchAction\",\"target\":{\"@type\":\"EntryPoint\",\"urlTemplate\":\"https:\/\/www.visit-ulcinj.com\/blog\/?s={search_term_string}\"},\"query-input\":\"required name=search_term_string\"}],\"inLanguage\":\"en-US\"},{\"@type\":\"ImageObject\",\"inLanguage\":\"en-US\",\"@id\":\"https:\/\/www.visit-ulcinj.com\/blog\/2012\/02\/27\/redza-ne-da-fotelju-to-ulcinj-karamanagi\/#primaryimage\",\"url\":\"https:\/\/www.visit-ulcinj.com\/blog\/wp-content\/uploads\/2012\/02\/Ali-Redza-_direktor-TO-Ulcinj_picnik.jpg\",\"contentUrl\":\"https:\/\/www.visit-ulcinj.com\/blog\/wp-content\/uploads\/2012\/02\/Ali-Redza-_direktor-TO-Ulcinj_picnik.jpg\",\"width\":\"1000\",\"height\":\"750\"},{\"@type\":\"WebPage\",\"@id\":\"https:\/\/www.visit-ulcinj.com\/blog\/2012\/02\/27\/redza-ne-da-fotelju-to-ulcinj-karamanagi\/#webpage\",\"url\":\"https:\/\/www.visit-ulcinj.com\/blog\/2012\/02\/27\/redza-ne-da-fotelju-to-ulcinj-karamanagi\/\",\"name\":\"Red\u017ea ne da fotelju TO Ulcinj Karamanagi - Video - Lajme nga Ulqini\",\"isPartOf\":{\"@id\":\"https:\/\/www.visit-ulcinj.com\/blog\/#website\"},\"primaryImageOfPage\":{\"@id\":\"https:\/\/www.visit-ulcinj.com\/blog\/2012\/02\/27\/redza-ne-da-fotelju-to-ulcinj-karamanagi\/#primaryimage\"},\"datePublished\":\"2012-02-27T19:44:45+00:00\",\"dateModified\":\"2012-02-27T19:46:03+00:00\",\"author\":{\"@id\":\"https:\/\/www.visit-ulcinj.com\/blog\/#\/schema\/person\/dcab619c614d3038751c63bc2aadc06d\"},\"description\":\"SKANDAL: Zbog sva\u0111e oko toga ko je prvi \u010dovjek TO Ulcinj, morala da interveni\u0161e policija. Ulcinjska policija, sa komandirom na \u010delu, bila je na\",\"breadcrumb\":{\"@id\":\"https:\/\/www.visit-ulcinj.com\/blog\/2012\/02\/27\/redza-ne-da-fotelju-to-ulcinj-karamanagi\/#breadcrumb\"},\"inLanguage\":\"en-US\",\"potentialAction\":[{\"@type\":\"ReadAction\",\"target\":[\"https:\/\/www.visit-ulcinj.com\/blog\/2012\/02\/27\/redza-ne-da-fotelju-to-ulcinj-karamanagi\/\"]}]},{\"@type\":\"BreadcrumbList\",\"@id\":\"https:\/\/www.visit-ulcinj.com\/blog\/2012\/02\/27\/redza-ne-da-fotelju-to-ulcinj-karamanagi\/#breadcrumb\",\"itemListElement\":[{\"@type\":\"ListItem\",\"position\":1,\"name\":\"Red\u017ea ne da fotelju TO Ulcinj Karamanagi &#8211; Video\"}]},{\"@type\":\"Person\",\"@id\":\"https:\/\/www.visit-ulcinj.com\/blog\/#\/schema\/person\/dcab619c614d3038751c63bc2aadc06d\",\"name\":\"ulqini\",\"sameAs\":[\"http:\/\/www.visit-ulcinj.com\"],\"url\":\"https:\/\/www.visit-ulcinj.com\/blog\/author\/admin\/\"}]}<\/script>\n<!-- \/ Yoast SEO plugin. -->","yoast_head_json":{"title":"Red\u017ea ne da fotelju TO Ulcinj Karamanagi - Video - Lajme nga Ulqini","description":"SKANDAL: Zbog sva\u0111e oko toga ko je prvi \u010dovjek TO Ulcinj, morala da interveni\u0161e policija. Ulcinjska policija, sa komandirom na \u010delu, bila je na","robots":{"index":"index","follow":"follow","max-snippet":"max-snippet:-1","max-image-preview":"max-image-preview:large","max-video-preview":"max-video-preview:-1"},"canonical":"https:\/\/www.visit-ulcinj.com\/blog\/2012\/02\/27\/redza-ne-da-fotelju-to-ulcinj-karamanagi\/","og_locale":"en_US","og_type":"article","og_title":"Red\u017ea ne da fotelju TO Ulcinj Karamanagi - Video - Lajme nga Ulqini","og_description":"SKANDAL: Zbog sva\u0111e oko toga ko je prvi \u010dovjek TO Ulcinj, morala da interveni\u0161e policija. Ulcinjska policija, sa komandirom na \u010delu, bila je na","og_url":"https:\/\/www.visit-ulcinj.com\/blog\/2012\/02\/27\/redza-ne-da-fotelju-to-ulcinj-karamanagi\/","og_site_name":"Lajme nga Ulqini","article_published_time":"2012-02-27T19:44:45+00:00","article_modified_time":"2012-02-27T19:46:03+00:00","og_image":[{"url":"http:\/\/www.visit-ulcinj.com\/blog\/wp-content\/uploads\/2012\/02\/Ali-Redza-_direktor-TO-Ulcinj_picnik.jpg"}],"twitter_misc":{"Written by":"ulqini","Est. reading time":"1 minute"},"schema":{"@context":"https:\/\/schema.org","@graph":[{"@type":"WebSite","@id":"https:\/\/www.visit-ulcinj.com\/blog\/#website","url":"https:\/\/www.visit-ulcinj.com\/blog\/","name":"Lajme nga Ulqini","description":"Lajme,Vijesti,Ulqini,Ulqin,Crna Gora,Mali i Zi","potentialAction":[{"@type":"SearchAction","target":{"@type":"EntryPoint","urlTemplate":"https:\/\/www.visit-ulcinj.com\/blog\/?s={search_term_string}"},"query-input":"required name=search_term_string"}],"inLanguage":"en-US"},{"@type":"ImageObject","inLanguage":"en-US","@id":"https:\/\/www.visit-ulcinj.com\/blog\/2012\/02\/27\/redza-ne-da-fotelju-to-ulcinj-karamanagi\/#primaryimage","url":"https:\/\/www.visit-ulcinj.com\/blog\/wp-content\/uploads\/2012\/02\/Ali-Redza-_direktor-TO-Ulcinj_picnik.jpg","contentUrl":"https:\/\/www.visit-ulcinj.com\/blog\/wp-content\/uploads\/2012\/02\/Ali-Redza-_direktor-TO-Ulcinj_picnik.jpg","width":"1000","height":"750"},{"@type":"WebPage","@id":"https:\/\/www.visit-ulcinj.com\/blog\/2012\/02\/27\/redza-ne-da-fotelju-to-ulcinj-karamanagi\/#webpage","url":"https:\/\/www.visit-ulcinj.com\/blog\/2012\/02\/27\/redza-ne-da-fotelju-to-ulcinj-karamanagi\/","name":"Red\u017ea ne da fotelju TO Ulcinj Karamanagi - Video - Lajme nga Ulqini","isPartOf":{"@id":"https:\/\/www.visit-ulcinj.com\/blog\/#website"},"primaryImageOfPage":{"@id":"https:\/\/www.visit-ulcinj.com\/blog\/2012\/02\/27\/redza-ne-da-fotelju-to-ulcinj-karamanagi\/#primaryimage"},"datePublished":"2012-02-27T19:44:45+00:00","dateModified":"2012-02-27T19:46:03+00:00","author":{"@id":"https:\/\/www.visit-ulcinj.com\/blog\/#\/schema\/person\/dcab619c614d3038751c63bc2aadc06d"},"description":"SKANDAL: Zbog sva\u0111e oko toga ko je prvi \u010dovjek TO Ulcinj, morala da interveni\u0161e policija. Ulcinjska policija, sa komandirom na \u010delu, bila je na","breadcrumb":{"@id":"https:\/\/www.visit-ulcinj.com\/blog\/2012\/02\/27\/redza-ne-da-fotelju-to-ulcinj-karamanagi\/#breadcrumb"},"inLanguage":"en-US","potentialAction":[{"@type":"ReadAction","target":["https:\/\/www.visit-ulcinj.com\/blog\/2012\/02\/27\/redza-ne-da-fotelju-to-ulcinj-karamanagi\/"]}]},{"@type":"BreadcrumbList","@id":"https:\/\/www.visit-ulcinj.com\/blog\/2012\/02\/27\/redza-ne-da-fotelju-to-ulcinj-karamanagi\/#breadcrumb","itemListElement":[{"@type":"ListItem","position":1,"name":"Red\u017ea ne da fotelju TO Ulcinj Karamanagi &#8211; Video"}]},{"@type":"Person","@id":"https:\/\/www.visit-ulcinj.com\/blog\/#\/schema\/person\/dcab619c614d3038751c63bc2aadc06d","name":"ulqini","sameAs":["http:\/\/www.visit-ulcinj.com"],"url":"https:\/\/www.visit-ulcinj.com\/blog\/author\/admin\/"}]}},"jetpack_featured_media_url":"","jetpack_sharing_enabled":true,"jetpack_shortlink":"https:\/\/wp.me\/pe6lTn-f1Q","_links":{"self":[{"href":"https:\/\/www.visit-ulcinj.com\/blog\/wp-json\/wp\/v2\/posts\/57774"}],"collection":[{"href":"https:\/\/www.visit-ulcinj.com\/blog\/wp-json\/wp\/v2\/posts"}],"about":[{"href":"https:\/\/www.visit-ulcinj.com\/blog\/wp-json\/wp\/v2\/types\/post"}],"author":[{"embeddable":true,"href":"https:\/\/www.visit-ulcinj.com\/blog\/wp-json\/wp\/v2\/users\/1"}],"replies":[{"embeddable":true,"href":"https:\/\/www.visit-ulcinj.com\/blog\/wp-json\/wp\/v2\/comments?post=57774"}],"version-history":[{"count":2,"href":"https:\/\/www.visit-ulcinj.com\/blog\/wp-json\/wp\/v2\/posts\/57774\/revisions"}],"predecessor-version":[{"id":57777,"href":"https:\/\/www.visit-ulcinj.com\/blog\/wp-json\/wp\/v2\/posts\/57774\/revisions\/57777"}],"wp:attachment":[{"href":"https:\/\/www.visit-ulcinj.com\/blog\/wp-json\/wp\/v2\/media?parent=57774"}],"wp:term":[{"taxonomy":"category","embeddable":true,"href":"https:\/\/www.visit-ulcinj.com\/blog\/wp-json\/wp\/v2\/categories?post=57774"},{"taxonomy":"post_tag","embeddable":true,"href":"https:\/\/www.visit-ulcinj.com\/blog\/wp-json\/wp\/v2\/tags?post=57774"}],"curies":[{"name":"wp","href":"https:\/\/api.w.org\/{rel}","templated":true}]}}