{"id":57779,"date":"2012-02-27T22:12:01","date_gmt":"2012-02-27T21:12:01","guid":{"rendered":"http:\/\/www.visit-ulcinj.com\/blog\/?p=57779"},"modified":"2012-02-27T22:12:01","modified_gmt":"2012-02-27T21:12:01","slug":"nora-istrefi-famen-ia-dedikoj-babait-tim","status":"publish","type":"post","link":"https:\/\/www.visit-ulcinj.com\/blog\/2012\/02\/27\/nora-istrefi-famen-ia-dedikoj-babait-tim\/","title":{"rendered":"Nora Istrefi: Fam\u00ebn ia dedikoj babait tim"},"content":{"rendered":"<p><a href=\"http:\/\/www.visit-ulcinj.com\/blog\/wp-content\/uploads\/2012\/02\/Nora-Istrefi.3.jpg\"><img loading=\"lazy\" class=\"alignleft  wp-image-57780\" title=\"Nora Istrefi.3\" src=\"http:\/\/www.visit-ulcinj.com\/blog\/wp-content\/uploads\/2012\/02\/Nora-Istrefi.3.jpg\" alt=\"\" width=\"508\" height=\"380\" \/><\/a>K\u00ebng\u00ebtarja e bukur kosovare Nora Istrefi, e cila \u00ebsht\u00eb shum\u00eb e njohur p\u00ebr publikun vjen n\u00eb k\u00ebt\u00eb intervist\u00eb duke na rr\u00ebfyer m\u00eb shum\u00eb p\u00ebr k\u00ebng\u00ebn e saj m\u00eb t\u00eb re, por edhe p\u00ebr Robertin dhe planet p\u00ebr t\u00eb ardhmen. Nora tregon p\u00ebr problemet n\u00eb muzik\u00eb, por nj\u00ebkoh\u00ebsisht u p\u00ebrgjigjet edhe thashethemeve sipas t\u00eb cilave shpesh ajo imiton k\u00ebng\u00ebtare t\u00eb tjera. \u201cUn\u00eb ende nuk kam b\u00ebr\u00eb asnj\u00eb operacion plastik q\u00eb t\u00eb p\u00ebrpiqem t\u2019i ngjaj dikujt tjet\u00ebr, \u2013 thot\u00eb Nora, nd\u00ebrsa shton se n\u00ebse do t\u00eb p\u00ebrpiqej t\u00eb krahasohej me k\u00ebng\u00ebtare t\u00eb tjera, kjo do t\u00eb ishte e v\u00ebrtet\u00eb vet\u00ebm me ato per\u00ebndimore dhe josllave.<\/p>\n<p>Nj\u00ebkoh\u00ebsisht Nora, e cila po jeton prej 6 vitesh nj\u00eb histori t\u00eb lumtur me t\u00eb fejuarin e saj Robertin, tregon se shum\u00eb shpejt do t\u00eb vishet me fustan t\u00eb bardh\u00eb, nd\u00ebrsa pyetjes son\u00eb n\u00ebse e sheh veten n\u00ebn\u00eb s\u00eb shpejti i p\u00ebrgjigjet \u201cnuk i dihet kurr\u00eb\u201d. Nd\u00ebrkoh\u00eb q\u00eb k\u00ebnga e saj e re \u201cS\u2019ke me ik\u201d po korr mjaft sukses, Nora premton edhe shum\u00eb surpriza t\u00eb tjera gjat\u00eb k\u00ebtij viti.<\/p>\n<p><strong>Nora, si ka nisur p\u00ebr ju 2012-ta? Cilat jan\u00eb projektet q\u00eb kan\u00eb marr\u00eb start k\u00ebt\u00eb vit?<\/strong><\/p>\n<p>Si fillim e nisa me nj\u00eb projekt t\u00eb ri dhe sigurisht do t\u00eb jen\u00eb edhe disa k\u00ebng\u00eb t\u00eb tjera q\u00eb do t\u00eb lan\u00e7ohen k\u00ebt\u00eb vit. Do t\u00eb ket\u00eb edhe nj\u00eb surpriz\u00eb tjet\u00ebr, t\u00eb cil\u00ebn nuk dua ta them pa u afruar momenti i duhur.<\/p>\n<p><strong>S\u00eb fundi, vet\u00ebm pak dit\u00eb para Sh\u00ebn Valentinit keni lan\u00e7uar k\u00ebng\u00ebn tuaj m\u00eb t\u00eb re. Ishte kjo nj\u00eb zgjedhje e q\u00ebllimshme?<\/strong><\/p>\n<p>(Qesh). Jo, nuk ishte e q\u00ebllimshme. N\u00eb fakt u v\u00ebshtir\u00ebsuan gj\u00ebrat p\u00ebr shkak t\u00eb motit t\u00eb keq dhe u vonuam pak. Por ndoshta doli n\u00eb koh\u00ebn e duhur, kur njer\u00ebzit pushuan pak nga festat.<\/p>\n<p><strong>Me k\u00eb keni bashk\u00ebpunuar p\u00ebr k\u00ebt\u00eb k\u00ebng\u00eb?<br \/>\n<a href=\"http:\/\/www.visit-ulcinj.com\/blog\/wp-content\/uploads\/2012\/02\/Nora-Istrefi.1.jpg\"><img loading=\"lazy\" class=\"alignleft  wp-image-57781\" title=\"Nora Istrefi.1\" src=\"http:\/\/www.visit-ulcinj.com\/blog\/wp-content\/uploads\/2012\/02\/Nora-Istrefi.1.jpg\" alt=\"\" width=\"508\" height=\"300\" \/><\/a><br \/>\n<\/strong><\/p>\n<p>P\u00ebr k\u00ebng\u00ebn \u201cS\u2019ke me ik\u201d kam bashk\u00ebpunuar me \u201cZzap &amp; chriss\u201d, t\u00eb cil\u00ebt kan\u00eb b\u00ebr\u00eb muzik\u00ebn, nd\u00ebrsa teksti \u00ebsht\u00eb nj\u00eb krijim i \u201cBim bimma\u201d.<\/p>\n<p><strong>N\u00eb k\u00ebt\u00eb klip shfaqeni me pamje t\u00eb ndryshme. <\/strong><strong>Ju p\u00eblqen t\u00eb eksperimentoni shum\u00eb me look-un tuaj<\/strong>?<\/p>\n<p>Jam pro ndryshimeve, por deri n\u00eb nj\u00eb mas\u00eb. Nuk dua t\u00eb eksperimentoj shum\u00eb, t\u00eb dal shum\u00eb nga vetja\u2026i dua ndryshimet sa p\u00ebr nj\u00eb freskim!<\/p>\n<p><strong>Kujt i thot\u00eb Nora \u201cS\u2019ke me ik\u201d?<\/strong><\/p>\n<p>Robertit(qesh).<\/p>\n<p><strong>Sa e v\u00ebshtir\u00eb \u00ebsht\u00eb t\u00eb ruash fam\u00ebn dhe suksesin n\u00eb nj\u00eb treg q\u00eb duket se \u00e7do dit\u00eb e m\u00eb shum\u00eb po b\u00ebhet m\u00eb i fort\u00eb?<\/strong><\/p>\n<p>Hmm, pyetje me vend. M\u00eb vjen mir\u00eb q\u00eb tregu yn\u00eb po p\u00ebrparon dhe jemi m\u00eb t\u00eb mir\u00ebt n\u00eb Ballkan, p\u00ebr mendimin tim! \u00cbsht\u00eb mjaft e v\u00ebshtir\u00eb p\u00ebr ta ruajtur fam\u00ebn ose ta \u00e7osh edhe m\u00eb lart. Duhet shum\u00eb, shum\u00eb pun\u00eb. T\u00eb gjitha gj\u00ebrat duhet t\u00eb jen\u00eb n\u00eb vendin e vet. Interpretimi: duhet t\u00eb ve\u00e7ohesh patjet\u00ebr, t\u00eb dallosh nga t\u00eb tjerat! K\u00ebnga dhe teksti duhet t\u00eb zgjidhen me shum\u00eb kujdes, pastaj sigurisht t\u2019i hap\u00ebsh syt\u00eb mir\u00eb p\u00ebr gj\u00ebrat e tjera me radh\u00eb, si klipi, k\u00ebrcimi, stili etj. Duhet q\u00eb t\u00eb gjitha t\u00eb jen\u00eb n\u00eb nivelin e duhur. Dhe pothuajse t\u00eb gjitha gj\u00ebrat duhet t\u2019i mendosh dhe t\u2019i kryesh vet\u00eb.<\/p>\n<p><strong>Si ia keni dal\u00eb t\u00eb menaxhoni fam\u00ebn deri tani?<\/strong><\/p>\n<p>Them se mir\u00eb. Jam munduar q\u00eb \u00e7do gj\u00eb ta mbaj n\u00ebn kontroll. Gjithmon\u00eb kam punuar shum\u00eb p\u00ebr k\u00ebt\u00eb gj\u00eb. Nuk kam p\u00ebrtuar p\u00ebr asnj\u00eb gj\u00eb. E kam dashur fam\u00ebn, por edhe kam jetuar jet\u00ebn time. Nuk mendoj q\u00eb m\u00eb ka penguar.<\/p>\n<p><strong>\u00c7far\u00eb b\u00ebni kur d\u00ebgjoni thashetheme p\u00ebr veten tuaj? Si reagoni?<\/strong><\/p>\n<p>Varet. Ndonj\u00ebher\u00eb v\u00ebrtet e teprojn\u00eb goj\u00ebt e liga dhe shtypi, shkruajn\u00eb gj\u00ebra komplet t\u00eb pav\u00ebrteta. T\u00eb them t\u00eb drejt\u00ebn mjafton q\u00eb un\u00eb t\u00eb ndihem mir\u00eb, t\u00eb kem nd\u00ebrgjegje t\u00eb past\u00ebr.<\/p>\n<p><a href=\"http:\/\/www.visit-ulcinj.com\/blog\/wp-content\/uploads\/2012\/02\/Nora-Istrefi.jpg\"><img loading=\"lazy\" class=\"alignleft  wp-image-57783\" title=\"Nora Istrefi\" src=\"http:\/\/www.visit-ulcinj.com\/blog\/wp-content\/uploads\/2012\/02\/Nora-Istrefi.jpg\" alt=\"\" width=\"508\" height=\"300\" \/><\/a><\/p>\n<p><strong>Nora, si e kaluat dit\u00ebn e t\u00eb dashuruarve me Robertin?<\/strong><\/p>\n<p>Nuk dua ta b\u00ebj bajat Sh\u00ebn Valentinin, por v\u00ebrtet nuk e kam festuar asnj\u00ebher\u00eb. Me Robertin kemi gjasht\u00eb vjet bashk\u00eb dhe asnj\u00ebher\u00eb nuk na ka bashkuar kjo fest\u00eb, p\u00ebr shkak t\u00eb profesionit q\u00eb kemi. Sa her\u00eb q\u00eb k\u00ebndoj p\u00ebr k\u00ebt\u00eb rast dhe shoh \u00e7iftet t\u00eb bashkuara se si k\u00ebnaqen, un\u00eb i kam zili (qesh)<\/p>\n<p><strong>A e ka gjetur zemra juaj dashurin\u00eb e v\u00ebrtet\u00eb, at\u00eb \u2018t\u00eb madhen\u2019? <\/strong><strong>\u00cbsht\u00eb Roberti mashkulli juaj ideal?<\/strong><\/p>\n<p>Them po, absolutisht. N\u00eb fillim p\u00ebrpara se t\u00eb lidheshim nuk ka qen\u00eb mashkulli ideal. Kemi qen\u00eb shok\u00eb, pastaj filluan t\u00eb ndryshojn\u00eb gj\u00ebrat dhe nuk e nd\u00ebrroj me ask\u00ebnd n\u00eb bot\u00eb. \u00cbsht\u00eb v\u00ebrtet shum\u00eb, shum\u00eb i mir\u00eb.<\/p>\n<p><strong>Kur e shihni veten t\u00eb veshur me fustan t\u00eb bardh\u00eb, apo n\u00ebn\u00eb? \u00cbsht\u00eb kjo n\u00eb planet tuaja t\u00eb af\u00ebrta, krijimi i nj\u00eb familjeje?<\/strong><\/p>\n<p>Me fustan t\u00eb bardh\u00eb nuk \u00ebsht\u00eb shum\u00eb e larg\u00ebt, nd\u00ebrsa k\u00ebsaj t\u00eb dyt\u00ebs nuk i dihet kurr\u00eb\u2026<\/p>\n<p><strong>Nora, \u00e7far\u00eb nuk din\u00eb njer\u00ebzit nga jeta juaj? <\/strong><strong>Si jeni n\u00eb nj\u00eb dit\u00eb t\u00eb zakonshme?<\/strong><\/p>\n<p>Kam nj\u00eb jet\u00eb shum\u00eb t\u00eb thjesht\u00eb, si t\u00eb gjith\u00eb prishtinasit. Nuk dallon asgj\u00eb ndryshe.<\/p>\n<p><strong>Kujt ia dedikon fam\u00ebn, talentit apo pun\u00ebs?<\/strong><\/p>\n<p>Babait tim.<\/p>\n<p><a href=\"http:\/\/www.visit-ulcinj.com\/blog\/wp-content\/uploads\/2012\/02\/Nora-Istrefi.2.jpg\"><img loading=\"lazy\" class=\"alignleft  wp-image-57782\" title=\"Nora Istrefi.2\" src=\"http:\/\/www.visit-ulcinj.com\/blog\/wp-content\/uploads\/2012\/02\/Nora-Istrefi.2.jpg\" alt=\"\" width=\"508\" height=\"300\" \/><\/a><\/p>\n<p><strong>Shpeshher\u00eb ju kan\u00eb akuzuar se imitoni look-un e k\u00ebng\u00ebtareve t\u00eb tjera\u2026..<\/strong><\/p>\n<p>Zakonisht njer\u00ebzit (ata q\u00eb nuk ta duan t\u00eb mir\u00ebn, q\u00eb xhelozojn\u00eb p\u00ebr arsye kot), gjithmon\u00eb kapen diku. Un\u00eb ende nuk kam asnj\u00eb operacion plastik q\u00eb t\u00eb mundohem t\u2019i ngjasoj ndokujt. Jam kjo q\u00eb m\u00eb ka falur n\u00ebna natyr\u00eb. Sa i p\u00ebrket look-ut dua gjithmon\u00eb t\u00eb vesh rroba t\u00eb dizenjuesve t\u00eb njohur. E dua mod\u00ebn, trendin\u2026Edhe yjet e Hollivudit shpesh i shohim me gj\u00ebra t\u00eb nj\u00ebjta, t\u00eb dizenjuesve q\u00eb jan\u00eb n\u00eb trend. Ku ka m\u00eb mir\u00eb q\u00eb ne t\u00eb mund t\u00eb krahasohemi sadopak me ato, qoft\u00eb n\u00eb muzik\u00eb apo edhe n\u00eb look! Ne dihet se sa shqiptar\u00eb jemi t\u00eb gjith\u00eb dhe me \u00e7far\u00eb buxheti punojm\u00eb. Ata jan\u00eb \u2018peshq t\u00eb m\u00ebdhenj\u2019 p\u00ebr ne. Un\u00eb e kam th\u00ebn\u00eb gjithmon\u00eb, q\u00eb do t\u00eb mundohem deri diku sigurisht, t\u00eb krahasohem me k\u00ebng\u00ebtaret amerikane apo europiane, por asnj\u00ebher\u00eb me ato sllave.<\/p>\n<p><strong>Jonida Hitoveizi<\/strong> Gazeta Mapo<br \/>\n<!--YouTube Error: bad URL entered--><\/p>\n","protected":false},"excerpt":{"rendered":"<p>K\u00ebng\u00ebtarja e bukur kosovare Nora Istrefi, e cila \u00ebsht\u00eb shum\u00eb e njohur p\u00ebr publikun vjen n\u00eb k\u00ebt\u00eb intervist\u00eb duke na rr\u00ebfyer m\u00eb shum\u00eb p\u00ebr k\u00ebng\u00ebn e saj m\u00eb t\u00eb re, por edhe p\u00ebr Robertin dhe planet p\u00ebr t\u00eb ardhmen. Nora tregon p\u00ebr problemet n\u00eb muzik\u00eb, por nj\u00ebkoh\u00ebsisht u p\u00ebrgjigjet edhe thashethemeve sipas t\u00eb cilave shpesh [&hellip;]<\/p>\n","protected":false},"author":1,"featured_media":0,"comment_status":"open","ping_status":"closed","sticky":false,"template":"","format":"standard","meta":{"spay_email":"","jetpack_publicize_message":"","jetpack_is_tweetstorm":false,"jetpack_publicize_feature_enabled":true},"categories":[1],"tags":[19677,19806,16036,8966,19514,19511,4939,19459,4684,19460],"jetpack_publicize_connections":[],"yoast_head":"<!-- This site is optimized with the Yoast SEO plugin v19.1 - https:\/\/yoast.com\/wordpress\/plugins\/seo\/ -->\n<title>Nora Istrefi: Fam\u00ebn ia dedikoj babait tim - Lajme nga Ulqini<\/title>\n<meta name=\"description\" content=\"K\u00ebng\u00ebtarja e bukur kosovare Nora Istrefi, e cila \u00ebsht\u00eb shum\u00eb e njohur p\u00ebr publikun vjen n\u00eb k\u00ebt\u00eb intervist\u00eb duke na rr\u00ebfyer m\u00eb shum\u00eb p\u00ebr k\u00ebng\u00ebn e saj m\u00eb t\u00eb\" \/>\n<meta name=\"robots\" content=\"index, follow, max-snippet:-1, max-image-preview:large, max-video-preview:-1\" \/>\n<link rel=\"canonical\" href=\"https:\/\/www.visit-ulcinj.com\/blog\/2012\/02\/27\/nora-istrefi-famen-ia-dedikoj-babait-tim\/\" \/>\n<meta property=\"og:locale\" content=\"en_US\" \/>\n<meta property=\"og:type\" content=\"article\" \/>\n<meta property=\"og:title\" content=\"Nora Istrefi: Fam\u00ebn ia dedikoj babait tim - Lajme nga Ulqini\" \/>\n<meta property=\"og:description\" content=\"K\u00ebng\u00ebtarja e bukur kosovare Nora Istrefi, e cila \u00ebsht\u00eb shum\u00eb e njohur p\u00ebr publikun vjen n\u00eb k\u00ebt\u00eb intervist\u00eb duke na rr\u00ebfyer m\u00eb shum\u00eb p\u00ebr k\u00ebng\u00ebn e saj m\u00eb t\u00eb\" \/>\n<meta property=\"og:url\" content=\"https:\/\/www.visit-ulcinj.com\/blog\/2012\/02\/27\/nora-istrefi-famen-ia-dedikoj-babait-tim\/\" \/>\n<meta property=\"og:site_name\" content=\"Lajme nga Ulqini\" \/>\n<meta property=\"article:published_time\" content=\"2012-02-27T21:12:01+00:00\" \/>\n<meta property=\"og:image\" content=\"http:\/\/www.visit-ulcinj.com\/blog\/wp-content\/uploads\/2012\/02\/Nora-Istrefi.3.jpg\" \/>\n<meta name=\"twitter:label1\" content=\"Written by\" \/>\n\t<meta name=\"twitter:data1\" content=\"ulqini\" \/>\n\t<meta name=\"twitter:label2\" content=\"Est. reading time\" \/>\n\t<meta name=\"twitter:data2\" content=\"6 minutes\" \/>\n<script type=\"application\/ld+json\" class=\"yoast-schema-graph\">{\"@context\":\"https:\/\/schema.org\",\"@graph\":[{\"@type\":\"WebSite\",\"@id\":\"https:\/\/www.visit-ulcinj.com\/blog\/#website\",\"url\":\"https:\/\/www.visit-ulcinj.com\/blog\/\",\"name\":\"Lajme nga Ulqini\",\"description\":\"Lajme,Vijesti,Ulqini,Ulqin,Crna Gora,Mali i Zi\",\"potentialAction\":[{\"@type\":\"SearchAction\",\"target\":{\"@type\":\"EntryPoint\",\"urlTemplate\":\"https:\/\/www.visit-ulcinj.com\/blog\/?s={search_term_string}\"},\"query-input\":\"required name=search_term_string\"}],\"inLanguage\":\"en-US\"},{\"@type\":\"ImageObject\",\"inLanguage\":\"en-US\",\"@id\":\"https:\/\/www.visit-ulcinj.com\/blog\/2012\/02\/27\/nora-istrefi-famen-ia-dedikoj-babait-tim\/#primaryimage\",\"url\":\"http:\/\/www.visit-ulcinj.com\/blog\/wp-content\/uploads\/2012\/02\/Nora-Istrefi.3.jpg\",\"contentUrl\":\"http:\/\/www.visit-ulcinj.com\/blog\/wp-content\/uploads\/2012\/02\/Nora-Istrefi.3.jpg\"},{\"@type\":\"WebPage\",\"@id\":\"https:\/\/www.visit-ulcinj.com\/blog\/2012\/02\/27\/nora-istrefi-famen-ia-dedikoj-babait-tim\/#webpage\",\"url\":\"https:\/\/www.visit-ulcinj.com\/blog\/2012\/02\/27\/nora-istrefi-famen-ia-dedikoj-babait-tim\/\",\"name\":\"Nora Istrefi: Fam\u00ebn ia dedikoj babait tim - Lajme nga Ulqini\",\"isPartOf\":{\"@id\":\"https:\/\/www.visit-ulcinj.com\/blog\/#website\"},\"primaryImageOfPage\":{\"@id\":\"https:\/\/www.visit-ulcinj.com\/blog\/2012\/02\/27\/nora-istrefi-famen-ia-dedikoj-babait-tim\/#primaryimage\"},\"datePublished\":\"2012-02-27T21:12:01+00:00\",\"dateModified\":\"2012-02-27T21:12:01+00:00\",\"author\":{\"@id\":\"https:\/\/www.visit-ulcinj.com\/blog\/#\/schema\/person\/dcab619c614d3038751c63bc2aadc06d\"},\"description\":\"K\u00ebng\u00ebtarja e bukur kosovare Nora Istrefi, e cila \u00ebsht\u00eb shum\u00eb e njohur p\u00ebr publikun vjen n\u00eb k\u00ebt\u00eb intervist\u00eb duke na rr\u00ebfyer m\u00eb shum\u00eb p\u00ebr k\u00ebng\u00ebn e saj m\u00eb t\u00eb\",\"breadcrumb\":{\"@id\":\"https:\/\/www.visit-ulcinj.com\/blog\/2012\/02\/27\/nora-istrefi-famen-ia-dedikoj-babait-tim\/#breadcrumb\"},\"inLanguage\":\"en-US\",\"potentialAction\":[{\"@type\":\"ReadAction\",\"target\":[\"https:\/\/www.visit-ulcinj.com\/blog\/2012\/02\/27\/nora-istrefi-famen-ia-dedikoj-babait-tim\/\"]}]},{\"@type\":\"BreadcrumbList\",\"@id\":\"https:\/\/www.visit-ulcinj.com\/blog\/2012\/02\/27\/nora-istrefi-famen-ia-dedikoj-babait-tim\/#breadcrumb\",\"itemListElement\":[{\"@type\":\"ListItem\",\"position\":1,\"name\":\"Nora Istrefi: Fam\u00ebn ia dedikoj babait tim\"}]},{\"@type\":\"Person\",\"@id\":\"https:\/\/www.visit-ulcinj.com\/blog\/#\/schema\/person\/dcab619c614d3038751c63bc2aadc06d\",\"name\":\"ulqini\",\"sameAs\":[\"http:\/\/www.visit-ulcinj.com\"],\"url\":\"https:\/\/www.visit-ulcinj.com\/blog\/author\/admin\/\"}]}<\/script>\n<!-- \/ Yoast SEO plugin. -->","yoast_head_json":{"title":"Nora Istrefi: Fam\u00ebn ia dedikoj babait tim - Lajme nga Ulqini","description":"K\u00ebng\u00ebtarja e bukur kosovare Nora Istrefi, e cila \u00ebsht\u00eb shum\u00eb e njohur p\u00ebr publikun vjen n\u00eb k\u00ebt\u00eb intervist\u00eb duke na rr\u00ebfyer m\u00eb shum\u00eb p\u00ebr k\u00ebng\u00ebn e saj m\u00eb t\u00eb","robots":{"index":"index","follow":"follow","max-snippet":"max-snippet:-1","max-image-preview":"max-image-preview:large","max-video-preview":"max-video-preview:-1"},"canonical":"https:\/\/www.visit-ulcinj.com\/blog\/2012\/02\/27\/nora-istrefi-famen-ia-dedikoj-babait-tim\/","og_locale":"en_US","og_type":"article","og_title":"Nora Istrefi: Fam\u00ebn ia dedikoj babait tim - Lajme nga Ulqini","og_description":"K\u00ebng\u00ebtarja e bukur kosovare Nora Istrefi, e cila \u00ebsht\u00eb shum\u00eb e njohur p\u00ebr publikun vjen n\u00eb k\u00ebt\u00eb intervist\u00eb duke na rr\u00ebfyer m\u00eb shum\u00eb p\u00ebr k\u00ebng\u00ebn e saj m\u00eb t\u00eb","og_url":"https:\/\/www.visit-ulcinj.com\/blog\/2012\/02\/27\/nora-istrefi-famen-ia-dedikoj-babait-tim\/","og_site_name":"Lajme nga Ulqini","article_published_time":"2012-02-27T21:12:01+00:00","og_image":[{"url":"http:\/\/www.visit-ulcinj.com\/blog\/wp-content\/uploads\/2012\/02\/Nora-Istrefi.3.jpg"}],"twitter_misc":{"Written by":"ulqini","Est. reading time":"6 minutes"},"schema":{"@context":"https:\/\/schema.org","@graph":[{"@type":"WebSite","@id":"https:\/\/www.visit-ulcinj.com\/blog\/#website","url":"https:\/\/www.visit-ulcinj.com\/blog\/","name":"Lajme nga Ulqini","description":"Lajme,Vijesti,Ulqini,Ulqin,Crna Gora,Mali i Zi","potentialAction":[{"@type":"SearchAction","target":{"@type":"EntryPoint","urlTemplate":"https:\/\/www.visit-ulcinj.com\/blog\/?s={search_term_string}"},"query-input":"required name=search_term_string"}],"inLanguage":"en-US"},{"@type":"ImageObject","inLanguage":"en-US","@id":"https:\/\/www.visit-ulcinj.com\/blog\/2012\/02\/27\/nora-istrefi-famen-ia-dedikoj-babait-tim\/#primaryimage","url":"http:\/\/www.visit-ulcinj.com\/blog\/wp-content\/uploads\/2012\/02\/Nora-Istrefi.3.jpg","contentUrl":"http:\/\/www.visit-ulcinj.com\/blog\/wp-content\/uploads\/2012\/02\/Nora-Istrefi.3.jpg"},{"@type":"WebPage","@id":"https:\/\/www.visit-ulcinj.com\/blog\/2012\/02\/27\/nora-istrefi-famen-ia-dedikoj-babait-tim\/#webpage","url":"https:\/\/www.visit-ulcinj.com\/blog\/2012\/02\/27\/nora-istrefi-famen-ia-dedikoj-babait-tim\/","name":"Nora Istrefi: Fam\u00ebn ia dedikoj babait tim - Lajme nga Ulqini","isPartOf":{"@id":"https:\/\/www.visit-ulcinj.com\/blog\/#website"},"primaryImageOfPage":{"@id":"https:\/\/www.visit-ulcinj.com\/blog\/2012\/02\/27\/nora-istrefi-famen-ia-dedikoj-babait-tim\/#primaryimage"},"datePublished":"2012-02-27T21:12:01+00:00","dateModified":"2012-02-27T21:12:01+00:00","author":{"@id":"https:\/\/www.visit-ulcinj.com\/blog\/#\/schema\/person\/dcab619c614d3038751c63bc2aadc06d"},"description":"K\u00ebng\u00ebtarja e bukur kosovare Nora Istrefi, e cila \u00ebsht\u00eb shum\u00eb e njohur p\u00ebr publikun vjen n\u00eb k\u00ebt\u00eb intervist\u00eb duke na rr\u00ebfyer m\u00eb shum\u00eb p\u00ebr k\u00ebng\u00ebn e saj m\u00eb t\u00eb","breadcrumb":{"@id":"https:\/\/www.visit-ulcinj.com\/blog\/2012\/02\/27\/nora-istrefi-famen-ia-dedikoj-babait-tim\/#breadcrumb"},"inLanguage":"en-US","potentialAction":[{"@type":"ReadAction","target":["https:\/\/www.visit-ulcinj.com\/blog\/2012\/02\/27\/nora-istrefi-famen-ia-dedikoj-babait-tim\/"]}]},{"@type":"BreadcrumbList","@id":"https:\/\/www.visit-ulcinj.com\/blog\/2012\/02\/27\/nora-istrefi-famen-ia-dedikoj-babait-tim\/#breadcrumb","itemListElement":[{"@type":"ListItem","position":1,"name":"Nora Istrefi: Fam\u00ebn ia dedikoj babait tim"}]},{"@type":"Person","@id":"https:\/\/www.visit-ulcinj.com\/blog\/#\/schema\/person\/dcab619c614d3038751c63bc2aadc06d","name":"ulqini","sameAs":["http:\/\/www.visit-ulcinj.com"],"url":"https:\/\/www.visit-ulcinj.com\/blog\/author\/admin\/"}]}},"jetpack_featured_media_url":"","jetpack_sharing_enabled":true,"jetpack_shortlink":"https:\/\/wp.me\/pe6lTn-f1V","_links":{"self":[{"href":"https:\/\/www.visit-ulcinj.com\/blog\/wp-json\/wp\/v2\/posts\/57779"}],"collection":[{"href":"https:\/\/www.visit-ulcinj.com\/blog\/wp-json\/wp\/v2\/posts"}],"about":[{"href":"https:\/\/www.visit-ulcinj.com\/blog\/wp-json\/wp\/v2\/types\/post"}],"author":[{"embeddable":true,"href":"https:\/\/www.visit-ulcinj.com\/blog\/wp-json\/wp\/v2\/users\/1"}],"replies":[{"embeddable":true,"href":"https:\/\/www.visit-ulcinj.com\/blog\/wp-json\/wp\/v2\/comments?post=57779"}],"version-history":[{"count":1,"href":"https:\/\/www.visit-ulcinj.com\/blog\/wp-json\/wp\/v2\/posts\/57779\/revisions"}],"predecessor-version":[{"id":57784,"href":"https:\/\/www.visit-ulcinj.com\/blog\/wp-json\/wp\/v2\/posts\/57779\/revisions\/57784"}],"wp:attachment":[{"href":"https:\/\/www.visit-ulcinj.com\/blog\/wp-json\/wp\/v2\/media?parent=57779"}],"wp:term":[{"taxonomy":"category","embeddable":true,"href":"https:\/\/www.visit-ulcinj.com\/blog\/wp-json\/wp\/v2\/categories?post=57779"},{"taxonomy":"post_tag","embeddable":true,"href":"https:\/\/www.visit-ulcinj.com\/blog\/wp-json\/wp\/v2\/tags?post=57779"}],"curies":[{"name":"wp","href":"https:\/\/api.w.org\/{rel}","templated":true}]}}