{"id":57785,"date":"2012-02-27T22:31:14","date_gmt":"2012-02-27T21:31:14","guid":{"rendered":"http:\/\/www.visit-ulcinj.com\/blog\/?p=57785"},"modified":"2012-03-01T08:54:06","modified_gmt":"2012-03-01T07:54:06","slug":"blero-xhelozia-nuk-ekziston-ne-lidhjen-time-me-teuten","status":"publish","type":"post","link":"https:\/\/www.visit-ulcinj.com\/blog\/2012\/02\/27\/blero-xhelozia-nuk-ekziston-ne-lidhjen-time-me-teuten\/","title":{"rendered":"Blero: Xhelozia nuk ekziston n\u00eb lidhjen time me Teut\u00ebn"},"content":{"rendered":"<p><a href=\"http:\/\/www.visit-ulcinj.com\/blog\/wp-content\/uploads\/2012\/02\/blero-teuta_krasniqi.jpg\"><img loading=\"lazy\" class=\"alignleft  wp-image-57786\" title=\"blero - teuta_krasniqi\" src=\"http:\/\/www.visit-ulcinj.com\/blog\/wp-content\/uploads\/2012\/02\/blero-teuta_krasniqi.jpg\" alt=\"\" width=\"508\" height=\"380\" \/><\/a>Blero \u00ebsht\u00eb p\u00ebrfolur s\u00eb fundi p\u00ebr faktin se n\u00eb klipin e fundit jan\u00eb p\u00ebrdorur disa miliona para false dhe t\u00eb nj\u00ebjtat jan\u00eb konfiskuar nga ana e policis\u00eb, madje dhe klipi i \u00ebsht\u00eb censuruar p\u00ebr arsye se mund t\u00eb josh\u00eb publikun me k\u00ebto imazhe! K\u00ebto fjal\u00eb ai i hedh posht\u00eb n\u00eb k\u00ebt\u00eb intervist\u00eb, duke treguar se televizionet duhet t\u00eb censurojn\u00eb disa gj\u00ebra t\u00eb tjera e jo muzik\u00ebn. Nj\u00ebkoh\u00ebsisht, ai rr\u00ebfen se nuk do t\u00eb ket\u00eb duet me Dafin\u00ebn dhe se kur \u201cta ket\u00eb shkruar\u201d Zoti, do t\u00eb b\u00ebhet baba p\u00ebr her\u00eb t\u00eb dyt\u00eb!<\/p>\n<p><strong>Flitet me t\u00eb madhe rreth klipit t\u00eb fundit p\u00ebr probleme me policin\u00eb, mund t\u00eb na sqarosh se \u00e7far\u00eb ka ndodhur?<\/strong><\/p>\n<p>Flitet dhe shkruhet m\u00eb shum\u00eb n\u00eb mediat elektronike q\u00eb nuk kan\u00eb asnj\u00eb informacion p\u00ebr k\u00ebt\u00eb rast dhe vet\u00ebm duan t\u00eb shkruajn\u00eb ndonj\u00eb gj\u00eb, ndoshta p\u00ebr profil t\u00eb vetin, \u00ebsht\u00eb me t\u00eb v\u00ebrtet\u00eb p\u00ebr t\u00eb ardhur keq!<\/p>\n<p><strong>Parat\u00eb kan\u00eb qen\u00eb v\u00ebrtet false, apo jo?<\/strong><\/p>\n<p>Si mendoni ju, jan\u00eb apo nuk jan\u00eb\u2026?<\/p>\n<p><strong>P\u00ebrve\u00e7se jan\u00eb konfiskuar, t\u00eb kan\u00eb thirrur n\u00eb polici p\u00ebr ndonj\u00eb deklarat\u00eb?<\/strong><\/p>\n<p>Ask\u00ebnd nuk ka thirrur policia, dhe \u00ebsht\u00eb nj\u00eb shkrim q\u00eb ka dezinformuar e gazetar\u00ebt vazhdojn\u00eb t\u00eb b\u00ebjn\u00eb pyetje t\u00eb nj\u00ebjta.<\/p>\n<p><strong>Kunati juaj q\u00eb \u00ebsht\u00eb minist\u00ebr, nuk ka mundur t\u2019ju ndihmoj\u00eb n\u00eb k\u00ebt\u00eb rast?<\/strong><\/p>\n<p>Mendoj q\u00eb nuk ka nevoj\u00eb p\u00ebr k\u00ebto lloj pyetjesh.<\/p>\n<p><strong>Klipi \u00ebsht\u00eb p\u00eblqyer shum\u00eb, por flitet se po censurohet nga disa televizione\u2026<\/strong><\/p>\n<p>Televizionet jan\u00eb t\u00eb varura nga shikuesit dhe p\u00ebrderisa shikuesit e k\u00ebrkojn\u00eb, mendoj q\u00eb ata nuk kan\u00eb llogari q\u00eb mos t\u00eb transmetojn\u00eb! Dhe kjo fjala \u2018censurim\u2019 \u00ebsht\u00eb interesante tek ne. Censurimi duhet t\u00eb b\u00ebhet n\u00eb gj\u00ebra t\u00eb tjera dhe jo n\u00eb muzik\u00eb.<\/p>\n<p><a href=\"http:\/\/www.visit-ulcinj.com\/blog\/wp-content\/uploads\/2012\/02\/blero-teuta_krasniqi.11.jpg\"><img loading=\"lazy\" class=\"alignleft  wp-image-57788\" title=\"blero - teuta_krasniqi.1\" src=\"http:\/\/www.visit-ulcinj.com\/blog\/wp-content\/uploads\/2012\/02\/blero-teuta_krasniqi.11.jpg\" alt=\"\" width=\"508\" height=\"300\" \/><\/a><\/p>\n<p><strong>Blero, k\u00ebng\u00ebt e tua jan\u00eb d\u00ebgjuar nj\u00eb periudh\u00eb n\u00eb Turqi dhe Gjermani, pse nuk ke vendosur p\u00ebr nj\u00eb karrier\u00eb m\u00eb t\u00eb gjer\u00eb?<\/strong><\/p>\n<p>Koha dhe p\u00ebrkushtimi jan\u00eb n\u00eb trojet shqiptare, por ende nuk \u00ebsht\u00eb von\u00eb.<\/p>\n<p><strong>\u00c7far\u00eb je duke punuar p\u00ebr momentin?<\/strong><\/p>\n<p>Kam disa projekte t\u00eb reja p\u00ebr t\u00eb cilat po punoj.<\/p>\n<p><strong>Do ket\u00eb ndonj\u00eb bashk\u00ebpunim me Dafin\u00ebn, pasi ajo \u00ebsht\u00eb kthyer n\u00eb produksionin t\u00ebnd?<\/strong><\/p>\n<p>Jo!<\/p>\n<p><strong>Si po ec\u00ebn jeta bashk\u00ebshortore, \u00ebsht\u00eb v\u00ebrtet xheloze Teuta si\u00e7 po flitet?<\/strong><\/p>\n<p>Askush nuk e di se si \u00ebsht\u00eb Teuta. S\u00ebmundja e xhelozis\u00eb nuk ekziston n\u00eb lidhjen ton\u00eb. Do t\u2019u lutesha q\u00eb n\u00eb shkrimet e ardhshme t\u00eb gjith\u00eb gazetar\u00ebt t\u00eb takojn\u00eb fillimisht personat q\u00eb duan t\u2019i intervistojn\u00eb dhe t\u00eb marrin m\u00eb shum\u00eb informacion mbi jet\u00ebn e tyre.<br \/>\n<a href=\"http:\/\/www.visit-ulcinj.com\/blog\/wp-content\/uploads\/2012\/02\/teuta-blero.jpg\"><img loading=\"lazy\" class=\"alignleft  wp-image-57854\" title=\"teuta-blero\" src=\"http:\/\/www.visit-ulcinj.com\/blog\/wp-content\/uploads\/2012\/02\/teuta-blero.jpg\" alt=\"\" width=\"508\" height=\"300\" \/><\/a><\/p>\n<p><strong>Tara tashm\u00eb \u00ebsht\u00eb rritur, mendoni p\u00ebr nj\u00eb f\u00ebmij\u00eb tjet\u00ebr?<\/strong><\/p>\n<p>Kur t\u00eb doj\u00eb i madhi Zot at\u00ebher\u00eb do t\u00eb ndodh\u00eb!<\/p>\n<p>Gazeta Mapo<\/p>\n<!--YouTube Error: bad URL entered-->\n","protected":false},"excerpt":{"rendered":"<p>Blero \u00ebsht\u00eb p\u00ebrfolur s\u00eb fundi p\u00ebr faktin se n\u00eb klipin e fundit jan\u00eb p\u00ebrdorur disa miliona para false dhe t\u00eb nj\u00ebjtat jan\u00eb konfiskuar nga ana e policis\u00eb, madje dhe klipi i \u00ebsht\u00eb censuruar p\u00ebr arsye se mund t\u00eb josh\u00eb publikun me k\u00ebto imazhe! K\u00ebto fjal\u00eb ai i hedh posht\u00eb n\u00eb k\u00ebt\u00eb intervist\u00eb, duke treguar se [&hellip;]<\/p>\n","protected":false},"author":1,"featured_media":0,"comment_status":"open","ping_status":"closed","sticky":false,"template":"","format":"standard","meta":{"spay_email":"","jetpack_publicize_message":"","jetpack_is_tweetstorm":false,"jetpack_publicize_feature_enabled":true},"categories":[1],"tags":[3978,19677,19806,16036,8966,19514,19511,19459,4684,19460],"jetpack_publicize_connections":[],"yoast_head":"<!-- This site is optimized with the Yoast SEO plugin v19.1 - https:\/\/yoast.com\/wordpress\/plugins\/seo\/ -->\n<title>Blero: Xhelozia nuk ekziston n\u00eb lidhjen time me Teut\u00ebn - Lajme nga Ulqini<\/title>\n<meta name=\"description\" content=\"Blero \u00ebsht\u00eb p\u00ebrfolur s\u00eb fundi p\u00ebr faktin se n\u00eb klipin e fundit jan\u00eb p\u00ebrdorur disa miliona para false dhe t\u00eb nj\u00ebjtat jan\u00eb konfiskuar nga ana e policis\u00eb,\" \/>\n<meta name=\"robots\" content=\"index, follow, max-snippet:-1, max-image-preview:large, max-video-preview:-1\" \/>\n<link rel=\"canonical\" href=\"https:\/\/www.visit-ulcinj.com\/blog\/2012\/02\/27\/blero-xhelozia-nuk-ekziston-ne-lidhjen-time-me-teuten\/\" \/>\n<meta property=\"og:locale\" content=\"en_US\" \/>\n<meta property=\"og:type\" content=\"article\" \/>\n<meta property=\"og:title\" content=\"Blero: Xhelozia nuk ekziston n\u00eb lidhjen time me Teut\u00ebn - Lajme nga Ulqini\" \/>\n<meta property=\"og:description\" content=\"Blero \u00ebsht\u00eb p\u00ebrfolur s\u00eb fundi p\u00ebr faktin se n\u00eb klipin e fundit jan\u00eb p\u00ebrdorur disa miliona para false dhe t\u00eb nj\u00ebjtat jan\u00eb konfiskuar nga ana e policis\u00eb,\" \/>\n<meta property=\"og:url\" content=\"https:\/\/www.visit-ulcinj.com\/blog\/2012\/02\/27\/blero-xhelozia-nuk-ekziston-ne-lidhjen-time-me-teuten\/\" \/>\n<meta property=\"og:site_name\" content=\"Lajme nga Ulqini\" \/>\n<meta property=\"article:published_time\" content=\"2012-02-27T21:31:14+00:00\" \/>\n<meta property=\"article:modified_time\" content=\"2012-03-01T07:54:06+00:00\" \/>\n<meta property=\"og:image\" content=\"http:\/\/www.visit-ulcinj.com\/blog\/wp-content\/uploads\/2012\/02\/blero-teuta_krasniqi.jpg\" \/>\n<meta name=\"twitter:label1\" content=\"Written by\" \/>\n\t<meta name=\"twitter:data1\" content=\"ulqini\" \/>\n\t<meta name=\"twitter:label2\" content=\"Est. reading time\" \/>\n\t<meta name=\"twitter:data2\" content=\"2 minutes\" \/>\n<script type=\"application\/ld+json\" class=\"yoast-schema-graph\">{\"@context\":\"https:\/\/schema.org\",\"@graph\":[{\"@type\":\"WebSite\",\"@id\":\"https:\/\/www.visit-ulcinj.com\/blog\/#website\",\"url\":\"https:\/\/www.visit-ulcinj.com\/blog\/\",\"name\":\"Lajme nga Ulqini\",\"description\":\"Lajme,Vijesti,Ulqini,Ulqin,Crna Gora,Mali i Zi\",\"potentialAction\":[{\"@type\":\"SearchAction\",\"target\":{\"@type\":\"EntryPoint\",\"urlTemplate\":\"https:\/\/www.visit-ulcinj.com\/blog\/?s={search_term_string}\"},\"query-input\":\"required name=search_term_string\"}],\"inLanguage\":\"en-US\"},{\"@type\":\"ImageObject\",\"inLanguage\":\"en-US\",\"@id\":\"https:\/\/www.visit-ulcinj.com\/blog\/2012\/02\/27\/blero-xhelozia-nuk-ekziston-ne-lidhjen-time-me-teuten\/#primaryimage\",\"url\":\"http:\/\/www.visit-ulcinj.com\/blog\/wp-content\/uploads\/2012\/02\/blero-teuta_krasniqi.jpg\",\"contentUrl\":\"http:\/\/www.visit-ulcinj.com\/blog\/wp-content\/uploads\/2012\/02\/blero-teuta_krasniqi.jpg\"},{\"@type\":\"WebPage\",\"@id\":\"https:\/\/www.visit-ulcinj.com\/blog\/2012\/02\/27\/blero-xhelozia-nuk-ekziston-ne-lidhjen-time-me-teuten\/#webpage\",\"url\":\"https:\/\/www.visit-ulcinj.com\/blog\/2012\/02\/27\/blero-xhelozia-nuk-ekziston-ne-lidhjen-time-me-teuten\/\",\"name\":\"Blero: Xhelozia nuk ekziston n\u00eb lidhjen time me Teut\u00ebn - Lajme nga Ulqini\",\"isPartOf\":{\"@id\":\"https:\/\/www.visit-ulcinj.com\/blog\/#website\"},\"primaryImageOfPage\":{\"@id\":\"https:\/\/www.visit-ulcinj.com\/blog\/2012\/02\/27\/blero-xhelozia-nuk-ekziston-ne-lidhjen-time-me-teuten\/#primaryimage\"},\"datePublished\":\"2012-02-27T21:31:14+00:00\",\"dateModified\":\"2012-03-01T07:54:06+00:00\",\"author\":{\"@id\":\"https:\/\/www.visit-ulcinj.com\/blog\/#\/schema\/person\/dcab619c614d3038751c63bc2aadc06d\"},\"description\":\"Blero \u00ebsht\u00eb p\u00ebrfolur s\u00eb fundi p\u00ebr faktin se n\u00eb klipin e fundit jan\u00eb p\u00ebrdorur disa miliona para false dhe t\u00eb nj\u00ebjtat jan\u00eb konfiskuar nga ana e policis\u00eb,\",\"breadcrumb\":{\"@id\":\"https:\/\/www.visit-ulcinj.com\/blog\/2012\/02\/27\/blero-xhelozia-nuk-ekziston-ne-lidhjen-time-me-teuten\/#breadcrumb\"},\"inLanguage\":\"en-US\",\"potentialAction\":[{\"@type\":\"ReadAction\",\"target\":[\"https:\/\/www.visit-ulcinj.com\/blog\/2012\/02\/27\/blero-xhelozia-nuk-ekziston-ne-lidhjen-time-me-teuten\/\"]}]},{\"@type\":\"BreadcrumbList\",\"@id\":\"https:\/\/www.visit-ulcinj.com\/blog\/2012\/02\/27\/blero-xhelozia-nuk-ekziston-ne-lidhjen-time-me-teuten\/#breadcrumb\",\"itemListElement\":[{\"@type\":\"ListItem\",\"position\":1,\"name\":\"Blero: Xhelozia nuk ekziston n\u00eb lidhjen time me Teut\u00ebn\"}]},{\"@type\":\"Person\",\"@id\":\"https:\/\/www.visit-ulcinj.com\/blog\/#\/schema\/person\/dcab619c614d3038751c63bc2aadc06d\",\"name\":\"ulqini\",\"sameAs\":[\"http:\/\/www.visit-ulcinj.com\"],\"url\":\"https:\/\/www.visit-ulcinj.com\/blog\/author\/admin\/\"}]}<\/script>\n<!-- \/ Yoast SEO plugin. -->","yoast_head_json":{"title":"Blero: Xhelozia nuk ekziston n\u00eb lidhjen time me Teut\u00ebn - Lajme nga Ulqini","description":"Blero \u00ebsht\u00eb p\u00ebrfolur s\u00eb fundi p\u00ebr faktin se n\u00eb klipin e fundit jan\u00eb p\u00ebrdorur disa miliona para false dhe t\u00eb nj\u00ebjtat jan\u00eb konfiskuar nga ana e policis\u00eb,","robots":{"index":"index","follow":"follow","max-snippet":"max-snippet:-1","max-image-preview":"max-image-preview:large","max-video-preview":"max-video-preview:-1"},"canonical":"https:\/\/www.visit-ulcinj.com\/blog\/2012\/02\/27\/blero-xhelozia-nuk-ekziston-ne-lidhjen-time-me-teuten\/","og_locale":"en_US","og_type":"article","og_title":"Blero: Xhelozia nuk ekziston n\u00eb lidhjen time me Teut\u00ebn - Lajme nga Ulqini","og_description":"Blero \u00ebsht\u00eb p\u00ebrfolur s\u00eb fundi p\u00ebr faktin se n\u00eb klipin e fundit jan\u00eb p\u00ebrdorur disa miliona para false dhe t\u00eb nj\u00ebjtat jan\u00eb konfiskuar nga ana e policis\u00eb,","og_url":"https:\/\/www.visit-ulcinj.com\/blog\/2012\/02\/27\/blero-xhelozia-nuk-ekziston-ne-lidhjen-time-me-teuten\/","og_site_name":"Lajme nga Ulqini","article_published_time":"2012-02-27T21:31:14+00:00","article_modified_time":"2012-03-01T07:54:06+00:00","og_image":[{"url":"http:\/\/www.visit-ulcinj.com\/blog\/wp-content\/uploads\/2012\/02\/blero-teuta_krasniqi.jpg"}],"twitter_misc":{"Written by":"ulqini","Est. reading time":"2 minutes"},"schema":{"@context":"https:\/\/schema.org","@graph":[{"@type":"WebSite","@id":"https:\/\/www.visit-ulcinj.com\/blog\/#website","url":"https:\/\/www.visit-ulcinj.com\/blog\/","name":"Lajme nga Ulqini","description":"Lajme,Vijesti,Ulqini,Ulqin,Crna Gora,Mali i Zi","potentialAction":[{"@type":"SearchAction","target":{"@type":"EntryPoint","urlTemplate":"https:\/\/www.visit-ulcinj.com\/blog\/?s={search_term_string}"},"query-input":"required name=search_term_string"}],"inLanguage":"en-US"},{"@type":"ImageObject","inLanguage":"en-US","@id":"https:\/\/www.visit-ulcinj.com\/blog\/2012\/02\/27\/blero-xhelozia-nuk-ekziston-ne-lidhjen-time-me-teuten\/#primaryimage","url":"http:\/\/www.visit-ulcinj.com\/blog\/wp-content\/uploads\/2012\/02\/blero-teuta_krasniqi.jpg","contentUrl":"http:\/\/www.visit-ulcinj.com\/blog\/wp-content\/uploads\/2012\/02\/blero-teuta_krasniqi.jpg"},{"@type":"WebPage","@id":"https:\/\/www.visit-ulcinj.com\/blog\/2012\/02\/27\/blero-xhelozia-nuk-ekziston-ne-lidhjen-time-me-teuten\/#webpage","url":"https:\/\/www.visit-ulcinj.com\/blog\/2012\/02\/27\/blero-xhelozia-nuk-ekziston-ne-lidhjen-time-me-teuten\/","name":"Blero: Xhelozia nuk ekziston n\u00eb lidhjen time me Teut\u00ebn - Lajme nga Ulqini","isPartOf":{"@id":"https:\/\/www.visit-ulcinj.com\/blog\/#website"},"primaryImageOfPage":{"@id":"https:\/\/www.visit-ulcinj.com\/blog\/2012\/02\/27\/blero-xhelozia-nuk-ekziston-ne-lidhjen-time-me-teuten\/#primaryimage"},"datePublished":"2012-02-27T21:31:14+00:00","dateModified":"2012-03-01T07:54:06+00:00","author":{"@id":"https:\/\/www.visit-ulcinj.com\/blog\/#\/schema\/person\/dcab619c614d3038751c63bc2aadc06d"},"description":"Blero \u00ebsht\u00eb p\u00ebrfolur s\u00eb fundi p\u00ebr faktin se n\u00eb klipin e fundit jan\u00eb p\u00ebrdorur disa miliona para false dhe t\u00eb nj\u00ebjtat jan\u00eb konfiskuar nga ana e policis\u00eb,","breadcrumb":{"@id":"https:\/\/www.visit-ulcinj.com\/blog\/2012\/02\/27\/blero-xhelozia-nuk-ekziston-ne-lidhjen-time-me-teuten\/#breadcrumb"},"inLanguage":"en-US","potentialAction":[{"@type":"ReadAction","target":["https:\/\/www.visit-ulcinj.com\/blog\/2012\/02\/27\/blero-xhelozia-nuk-ekziston-ne-lidhjen-time-me-teuten\/"]}]},{"@type":"BreadcrumbList","@id":"https:\/\/www.visit-ulcinj.com\/blog\/2012\/02\/27\/blero-xhelozia-nuk-ekziston-ne-lidhjen-time-me-teuten\/#breadcrumb","itemListElement":[{"@type":"ListItem","position":1,"name":"Blero: Xhelozia nuk ekziston n\u00eb lidhjen time me Teut\u00ebn"}]},{"@type":"Person","@id":"https:\/\/www.visit-ulcinj.com\/blog\/#\/schema\/person\/dcab619c614d3038751c63bc2aadc06d","name":"ulqini","sameAs":["http:\/\/www.visit-ulcinj.com"],"url":"https:\/\/www.visit-ulcinj.com\/blog\/author\/admin\/"}]}},"jetpack_featured_media_url":"","jetpack_sharing_enabled":true,"jetpack_shortlink":"https:\/\/wp.me\/pe6lTn-f21","_links":{"self":[{"href":"https:\/\/www.visit-ulcinj.com\/blog\/wp-json\/wp\/v2\/posts\/57785"}],"collection":[{"href":"https:\/\/www.visit-ulcinj.com\/blog\/wp-json\/wp\/v2\/posts"}],"about":[{"href":"https:\/\/www.visit-ulcinj.com\/blog\/wp-json\/wp\/v2\/types\/post"}],"author":[{"embeddable":true,"href":"https:\/\/www.visit-ulcinj.com\/blog\/wp-json\/wp\/v2\/users\/1"}],"replies":[{"embeddable":true,"href":"https:\/\/www.visit-ulcinj.com\/blog\/wp-json\/wp\/v2\/comments?post=57785"}],"version-history":[{"count":3,"href":"https:\/\/www.visit-ulcinj.com\/blog\/wp-json\/wp\/v2\/posts\/57785\/revisions"}],"predecessor-version":[{"id":57855,"href":"https:\/\/www.visit-ulcinj.com\/blog\/wp-json\/wp\/v2\/posts\/57785\/revisions\/57855"}],"wp:attachment":[{"href":"https:\/\/www.visit-ulcinj.com\/blog\/wp-json\/wp\/v2\/media?parent=57785"}],"wp:term":[{"taxonomy":"category","embeddable":true,"href":"https:\/\/www.visit-ulcinj.com\/blog\/wp-json\/wp\/v2\/categories?post=57785"},{"taxonomy":"post_tag","embeddable":true,"href":"https:\/\/www.visit-ulcinj.com\/blog\/wp-json\/wp\/v2\/tags?post=57785"}],"curies":[{"name":"wp","href":"https:\/\/api.w.org\/{rel}","templated":true}]}}