{"id":57790,"date":"2012-02-27T22:45:00","date_gmt":"2012-02-27T21:45:00","guid":{"rendered":"http:\/\/www.visit-ulcinj.com\/blog\/?p=57790"},"modified":"2012-02-27T22:45:00","modified_gmt":"2012-02-27T21:45:00","slug":"rovena-stefa-flet-per-ligjin-e-shtypit-roze","status":"publish","type":"post","link":"https:\/\/www.visit-ulcinj.com\/blog\/2012\/02\/27\/rovena-stefa-flet-per-ligjin-e-shtypit-roze\/","title":{"rendered":"Rovena Stefa flet per ligjin e shtypit \u201croze\u201d"},"content":{"rendered":"<p><a href=\"http:\/\/www.visit-ulcinj.com\/blog\/wp-content\/uploads\/2012\/02\/Rovena-Stefa.jpg\"><img loading=\"lazy\" class=\"alignleft  wp-image-57791\" title=\"Rovena Stefa\" src=\"http:\/\/www.visit-ulcinj.com\/blog\/wp-content\/uploads\/2012\/02\/Rovena-Stefa.jpg\" alt=\"\" width=\"508\" height=\"380\" \/><\/a>Ajo \u00ebsht\u00eb nj\u00eb nga k\u00ebng\u00ebtaret m\u00eb \u201cIN\u201d kudo n\u00eb hap\u00ebsir\u00ebn shqiptare, madje edhe at\u00ebher\u00eb kur ajo nuk jep asnj\u00eb prononcim mediat duan t\u00eb shkruajn\u00eb p\u00ebr t\u00eb, duke e komentuar edhe folur sipas qefit pa e pyetur artisten.<\/p>\n<p>Kjo \u00ebsht\u00eb k\u00ebng\u00ebtarja Rovena Stefa e cila e pyetur nga gazeta jon\u00eb p\u00ebr nism\u00ebn mbi shtypin roz\u00eb, propozuar nga Kryeministri Sali Berisha, thot\u00eb se m\u00eb n\u00eb fund u ndez nj\u00eb drit\u00eb jeshile n\u00eb tunelin e err\u00ebsir\u00ebs s\u00eb padituris\u00eb n\u00eb shtypin \u201croz\u00eb\u201d. Sipas k\u00ebng\u00ebtares s\u00eb mir\u00ebnjohur me k\u00ebt\u00eb ndryshim n\u00eb ligj secili q\u00eb shkruan mbi jet\u00ebn private, apo profesionale t\u00eb p\u00ebrsonave publik\u00eb, kryesisht k\u00ebng\u00ebtar\u00ebve do t\u00eb mendohet shum\u00eb mir\u00eb t\u00eb mos tjet\u00ebrsoj\u00eb, shpif\u00eb apo komentoj\u00eb t\u00eb dh\u00ebnat q\u00eb zot\u00ebron, n\u00eb sh\u00ebrbim t\u00eb intersave t\u00eb tij personale apo t\u00eb medias.<\/p>\n<p>K\u00ebng\u00ebtarja ka treguar se n\u00eb k\u00ebt\u00eb m\u00ebnyr\u00eb do t\u00eb zhvillohet shtypi yn\u00eb n\u00eb form\u00eb demokratike, dhe duke e pasqyruar lajmin me foto konkrete t\u00eb personit publik n\u00eb koh\u00ebn dhe vendin ku ka ndodhur ky lajm.<\/p>\n<p><strong>Maksim Gjokaj<\/strong><br \/>\n<strong> Kosova Sot<br \/>\n<!--YouTube Error: bad URL entered--><br \/>\n<\/strong><\/p>\n","protected":false},"excerpt":{"rendered":"<p>Ajo \u00ebsht\u00eb nj\u00eb nga k\u00ebng\u00ebtaret m\u00eb \u201cIN\u201d kudo n\u00eb hap\u00ebsir\u00ebn shqiptare, madje edhe at\u00ebher\u00eb kur ajo nuk jep asnj\u00eb prononcim mediat duan t\u00eb shkruajn\u00eb p\u00ebr t\u00eb, duke e komentuar edhe folur sipas qefit pa e pyetur artisten. Kjo \u00ebsht\u00eb k\u00ebng\u00ebtarja Rovena Stefa e cila e pyetur nga gazeta jon\u00eb p\u00ebr nism\u00ebn mbi shtypin roz\u00eb, propozuar [&hellip;]<\/p>\n","protected":false},"author":1,"featured_media":0,"comment_status":"open","ping_status":"closed","sticky":false,"template":"","format":"standard","meta":{"spay_email":"","jetpack_publicize_message":"","jetpack_is_tweetstorm":false,"jetpack_publicize_feature_enabled":true},"categories":[1],"tags":[19677,19806,16036,19514,19511,4869,6693,4684],"jetpack_publicize_connections":[],"yoast_head":"<!-- This site is optimized with the Yoast SEO plugin v19.1 - https:\/\/yoast.com\/wordpress\/plugins\/seo\/ -->\n<title>Rovena Stefa flet per ligjin e shtypit \u201croze\u201d - Lajme nga Ulqini<\/title>\n<meta name=\"description\" content=\"Ajo \u00ebsht\u00eb nj\u00eb nga k\u00ebng\u00ebtaret m\u00eb \u201cIN\u201d kudo n\u00eb hap\u00ebsir\u00ebn shqiptare, madje edhe at\u00ebher\u00eb kur ajo nuk jep asnj\u00eb prononcim mediat duan t\u00eb shkruajn\u00eb p\u00ebr t\u00eb, duke\" \/>\n<meta name=\"robots\" content=\"index, follow, max-snippet:-1, max-image-preview:large, max-video-preview:-1\" \/>\n<link rel=\"canonical\" href=\"https:\/\/www.visit-ulcinj.com\/blog\/2012\/02\/27\/rovena-stefa-flet-per-ligjin-e-shtypit-roze\/\" \/>\n<meta property=\"og:locale\" content=\"en_US\" \/>\n<meta property=\"og:type\" content=\"article\" \/>\n<meta property=\"og:title\" content=\"Rovena Stefa flet per ligjin e shtypit \u201croze\u201d - Lajme nga Ulqini\" \/>\n<meta property=\"og:description\" content=\"Ajo \u00ebsht\u00eb nj\u00eb nga k\u00ebng\u00ebtaret m\u00eb \u201cIN\u201d kudo n\u00eb hap\u00ebsir\u00ebn shqiptare, madje edhe at\u00ebher\u00eb kur ajo nuk jep asnj\u00eb prononcim mediat duan t\u00eb shkruajn\u00eb p\u00ebr t\u00eb, duke\" \/>\n<meta property=\"og:url\" content=\"https:\/\/www.visit-ulcinj.com\/blog\/2012\/02\/27\/rovena-stefa-flet-per-ligjin-e-shtypit-roze\/\" \/>\n<meta property=\"og:site_name\" content=\"Lajme nga Ulqini\" \/>\n<meta property=\"article:published_time\" content=\"2012-02-27T21:45:00+00:00\" \/>\n<meta property=\"og:image\" content=\"http:\/\/www.visit-ulcinj.com\/blog\/wp-content\/uploads\/2012\/02\/Rovena-Stefa.jpg\" \/>\n<meta name=\"twitter:label1\" content=\"Written by\" \/>\n\t<meta name=\"twitter:data1\" content=\"ulqini\" \/>\n\t<meta name=\"twitter:label2\" content=\"Est. reading time\" \/>\n\t<meta name=\"twitter:data2\" content=\"1 minute\" \/>\n<script type=\"application\/ld+json\" class=\"yoast-schema-graph\">{\"@context\":\"https:\/\/schema.org\",\"@graph\":[{\"@type\":\"WebSite\",\"@id\":\"https:\/\/www.visit-ulcinj.com\/blog\/#website\",\"url\":\"https:\/\/www.visit-ulcinj.com\/blog\/\",\"name\":\"Lajme nga Ulqini\",\"description\":\"Lajme,Vijesti,Ulqini,Ulqin,Crna Gora,Mali i Zi\",\"potentialAction\":[{\"@type\":\"SearchAction\",\"target\":{\"@type\":\"EntryPoint\",\"urlTemplate\":\"https:\/\/www.visit-ulcinj.com\/blog\/?s={search_term_string}\"},\"query-input\":\"required name=search_term_string\"}],\"inLanguage\":\"en-US\"},{\"@type\":\"ImageObject\",\"inLanguage\":\"en-US\",\"@id\":\"https:\/\/www.visit-ulcinj.com\/blog\/2012\/02\/27\/rovena-stefa-flet-per-ligjin-e-shtypit-roze\/#primaryimage\",\"url\":\"http:\/\/www.visit-ulcinj.com\/blog\/wp-content\/uploads\/2012\/02\/Rovena-Stefa.jpg\",\"contentUrl\":\"http:\/\/www.visit-ulcinj.com\/blog\/wp-content\/uploads\/2012\/02\/Rovena-Stefa.jpg\"},{\"@type\":\"WebPage\",\"@id\":\"https:\/\/www.visit-ulcinj.com\/blog\/2012\/02\/27\/rovena-stefa-flet-per-ligjin-e-shtypit-roze\/#webpage\",\"url\":\"https:\/\/www.visit-ulcinj.com\/blog\/2012\/02\/27\/rovena-stefa-flet-per-ligjin-e-shtypit-roze\/\",\"name\":\"Rovena Stefa flet per ligjin e shtypit \u201croze\u201d - Lajme nga Ulqini\",\"isPartOf\":{\"@id\":\"https:\/\/www.visit-ulcinj.com\/blog\/#website\"},\"primaryImageOfPage\":{\"@id\":\"https:\/\/www.visit-ulcinj.com\/blog\/2012\/02\/27\/rovena-stefa-flet-per-ligjin-e-shtypit-roze\/#primaryimage\"},\"datePublished\":\"2012-02-27T21:45:00+00:00\",\"dateModified\":\"2012-02-27T21:45:00+00:00\",\"author\":{\"@id\":\"https:\/\/www.visit-ulcinj.com\/blog\/#\/schema\/person\/dcab619c614d3038751c63bc2aadc06d\"},\"description\":\"Ajo \u00ebsht\u00eb nj\u00eb nga k\u00ebng\u00ebtaret m\u00eb \u201cIN\u201d kudo n\u00eb hap\u00ebsir\u00ebn shqiptare, madje edhe at\u00ebher\u00eb kur ajo nuk jep asnj\u00eb prononcim mediat duan t\u00eb shkruajn\u00eb p\u00ebr t\u00eb, duke\",\"breadcrumb\":{\"@id\":\"https:\/\/www.visit-ulcinj.com\/blog\/2012\/02\/27\/rovena-stefa-flet-per-ligjin-e-shtypit-roze\/#breadcrumb\"},\"inLanguage\":\"en-US\",\"potentialAction\":[{\"@type\":\"ReadAction\",\"target\":[\"https:\/\/www.visit-ulcinj.com\/blog\/2012\/02\/27\/rovena-stefa-flet-per-ligjin-e-shtypit-roze\/\"]}]},{\"@type\":\"BreadcrumbList\",\"@id\":\"https:\/\/www.visit-ulcinj.com\/blog\/2012\/02\/27\/rovena-stefa-flet-per-ligjin-e-shtypit-roze\/#breadcrumb\",\"itemListElement\":[{\"@type\":\"ListItem\",\"position\":1,\"name\":\"Rovena Stefa flet per ligjin e shtypit \u201croze\u201d\"}]},{\"@type\":\"Person\",\"@id\":\"https:\/\/www.visit-ulcinj.com\/blog\/#\/schema\/person\/dcab619c614d3038751c63bc2aadc06d\",\"name\":\"ulqini\",\"sameAs\":[\"http:\/\/www.visit-ulcinj.com\"],\"url\":\"https:\/\/www.visit-ulcinj.com\/blog\/author\/admin\/\"}]}<\/script>\n<!-- \/ Yoast SEO plugin. -->","yoast_head_json":{"title":"Rovena Stefa flet per ligjin e shtypit \u201croze\u201d - Lajme nga Ulqini","description":"Ajo \u00ebsht\u00eb nj\u00eb nga k\u00ebng\u00ebtaret m\u00eb \u201cIN\u201d kudo n\u00eb hap\u00ebsir\u00ebn shqiptare, madje edhe at\u00ebher\u00eb kur ajo nuk jep asnj\u00eb prononcim mediat duan t\u00eb shkruajn\u00eb p\u00ebr t\u00eb, duke","robots":{"index":"index","follow":"follow","max-snippet":"max-snippet:-1","max-image-preview":"max-image-preview:large","max-video-preview":"max-video-preview:-1"},"canonical":"https:\/\/www.visit-ulcinj.com\/blog\/2012\/02\/27\/rovena-stefa-flet-per-ligjin-e-shtypit-roze\/","og_locale":"en_US","og_type":"article","og_title":"Rovena Stefa flet per ligjin e shtypit \u201croze\u201d - Lajme nga Ulqini","og_description":"Ajo \u00ebsht\u00eb nj\u00eb nga k\u00ebng\u00ebtaret m\u00eb \u201cIN\u201d kudo n\u00eb hap\u00ebsir\u00ebn shqiptare, madje edhe at\u00ebher\u00eb kur ajo nuk jep asnj\u00eb prononcim mediat duan t\u00eb shkruajn\u00eb p\u00ebr t\u00eb, duke","og_url":"https:\/\/www.visit-ulcinj.com\/blog\/2012\/02\/27\/rovena-stefa-flet-per-ligjin-e-shtypit-roze\/","og_site_name":"Lajme nga Ulqini","article_published_time":"2012-02-27T21:45:00+00:00","og_image":[{"url":"http:\/\/www.visit-ulcinj.com\/blog\/wp-content\/uploads\/2012\/02\/Rovena-Stefa.jpg"}],"twitter_misc":{"Written by":"ulqini","Est. reading time":"1 minute"},"schema":{"@context":"https:\/\/schema.org","@graph":[{"@type":"WebSite","@id":"https:\/\/www.visit-ulcinj.com\/blog\/#website","url":"https:\/\/www.visit-ulcinj.com\/blog\/","name":"Lajme nga Ulqini","description":"Lajme,Vijesti,Ulqini,Ulqin,Crna Gora,Mali i Zi","potentialAction":[{"@type":"SearchAction","target":{"@type":"EntryPoint","urlTemplate":"https:\/\/www.visit-ulcinj.com\/blog\/?s={search_term_string}"},"query-input":"required name=search_term_string"}],"inLanguage":"en-US"},{"@type":"ImageObject","inLanguage":"en-US","@id":"https:\/\/www.visit-ulcinj.com\/blog\/2012\/02\/27\/rovena-stefa-flet-per-ligjin-e-shtypit-roze\/#primaryimage","url":"http:\/\/www.visit-ulcinj.com\/blog\/wp-content\/uploads\/2012\/02\/Rovena-Stefa.jpg","contentUrl":"http:\/\/www.visit-ulcinj.com\/blog\/wp-content\/uploads\/2012\/02\/Rovena-Stefa.jpg"},{"@type":"WebPage","@id":"https:\/\/www.visit-ulcinj.com\/blog\/2012\/02\/27\/rovena-stefa-flet-per-ligjin-e-shtypit-roze\/#webpage","url":"https:\/\/www.visit-ulcinj.com\/blog\/2012\/02\/27\/rovena-stefa-flet-per-ligjin-e-shtypit-roze\/","name":"Rovena Stefa flet per ligjin e shtypit \u201croze\u201d - Lajme nga Ulqini","isPartOf":{"@id":"https:\/\/www.visit-ulcinj.com\/blog\/#website"},"primaryImageOfPage":{"@id":"https:\/\/www.visit-ulcinj.com\/blog\/2012\/02\/27\/rovena-stefa-flet-per-ligjin-e-shtypit-roze\/#primaryimage"},"datePublished":"2012-02-27T21:45:00+00:00","dateModified":"2012-02-27T21:45:00+00:00","author":{"@id":"https:\/\/www.visit-ulcinj.com\/blog\/#\/schema\/person\/dcab619c614d3038751c63bc2aadc06d"},"description":"Ajo \u00ebsht\u00eb nj\u00eb nga k\u00ebng\u00ebtaret m\u00eb \u201cIN\u201d kudo n\u00eb hap\u00ebsir\u00ebn shqiptare, madje edhe at\u00ebher\u00eb kur ajo nuk jep asnj\u00eb prononcim mediat duan t\u00eb shkruajn\u00eb p\u00ebr t\u00eb, duke","breadcrumb":{"@id":"https:\/\/www.visit-ulcinj.com\/blog\/2012\/02\/27\/rovena-stefa-flet-per-ligjin-e-shtypit-roze\/#breadcrumb"},"inLanguage":"en-US","potentialAction":[{"@type":"ReadAction","target":["https:\/\/www.visit-ulcinj.com\/blog\/2012\/02\/27\/rovena-stefa-flet-per-ligjin-e-shtypit-roze\/"]}]},{"@type":"BreadcrumbList","@id":"https:\/\/www.visit-ulcinj.com\/blog\/2012\/02\/27\/rovena-stefa-flet-per-ligjin-e-shtypit-roze\/#breadcrumb","itemListElement":[{"@type":"ListItem","position":1,"name":"Rovena Stefa flet per ligjin e shtypit \u201croze\u201d"}]},{"@type":"Person","@id":"https:\/\/www.visit-ulcinj.com\/blog\/#\/schema\/person\/dcab619c614d3038751c63bc2aadc06d","name":"ulqini","sameAs":["http:\/\/www.visit-ulcinj.com"],"url":"https:\/\/www.visit-ulcinj.com\/blog\/author\/admin\/"}]}},"jetpack_featured_media_url":"","jetpack_sharing_enabled":true,"jetpack_shortlink":"https:\/\/wp.me\/pe6lTn-f26","_links":{"self":[{"href":"https:\/\/www.visit-ulcinj.com\/blog\/wp-json\/wp\/v2\/posts\/57790"}],"collection":[{"href":"https:\/\/www.visit-ulcinj.com\/blog\/wp-json\/wp\/v2\/posts"}],"about":[{"href":"https:\/\/www.visit-ulcinj.com\/blog\/wp-json\/wp\/v2\/types\/post"}],"author":[{"embeddable":true,"href":"https:\/\/www.visit-ulcinj.com\/blog\/wp-json\/wp\/v2\/users\/1"}],"replies":[{"embeddable":true,"href":"https:\/\/www.visit-ulcinj.com\/blog\/wp-json\/wp\/v2\/comments?post=57790"}],"version-history":[{"count":2,"href":"https:\/\/www.visit-ulcinj.com\/blog\/wp-json\/wp\/v2\/posts\/57790\/revisions"}],"predecessor-version":[{"id":57793,"href":"https:\/\/www.visit-ulcinj.com\/blog\/wp-json\/wp\/v2\/posts\/57790\/revisions\/57793"}],"wp:attachment":[{"href":"https:\/\/www.visit-ulcinj.com\/blog\/wp-json\/wp\/v2\/media?parent=57790"}],"wp:term":[{"taxonomy":"category","embeddable":true,"href":"https:\/\/www.visit-ulcinj.com\/blog\/wp-json\/wp\/v2\/categories?post=57790"},{"taxonomy":"post_tag","embeddable":true,"href":"https:\/\/www.visit-ulcinj.com\/blog\/wp-json\/wp\/v2\/tags?post=57790"}],"curies":[{"name":"wp","href":"https:\/\/api.w.org\/{rel}","templated":true}]}}