{"id":57798,"date":"2012-02-27T23:08:55","date_gmt":"2012-02-27T22:08:55","guid":{"rendered":"http:\/\/www.visit-ulcinj.com\/blog\/?p=57798"},"modified":"2012-02-27T23:08:55","modified_gmt":"2012-02-27T22:08:55","slug":"rihanna-rrezikohet-nga-rita-ora","status":"publish","type":"post","link":"https:\/\/www.visit-ulcinj.com\/blog\/2012\/02\/27\/rihanna-rrezikohet-nga-rita-ora\/","title":{"rendered":"Rihanna \u2018rrezikohet\u2019 nga Rita Ora!"},"content":{"rendered":"<p><strong><a href=\"http:\/\/www.visit-ulcinj.com\/blog\/wp-content\/uploads\/2012\/02\/Rihanna-\u2018rrezikohet\u2019-nga-Rita-Ora.jpg\"><img loading=\"lazy\" class=\"alignleft size-full wp-image-57799\" title=\"Rihanna \u2018rrezikohet\u2019 nga Rita Ora!\" src=\"http:\/\/www.visit-ulcinj.com\/blog\/wp-content\/uploads\/2012\/02\/Rihanna-\u2018rrezikohet\u2019-nga-Rita-Ora.jpg\" alt=\"\" width=\"300\" height=\"277\" \/><\/a>K\u00ebng\u00ebtarja shqiptare e vendosur n\u00eb Amerik\u00eb, Rita Ora e cila \u00ebsht\u00eb duke b\u00ebr\u00eb muzik\u00eb n\u00ebn mark\u00ebn e e Jay-Z, duket se \u00e7do her\u00eb e m\u00eb shum\u00eb po i hy n\u00eb zem\u00ebr \u2018mbikqyr\u00ebsit\u2019 t\u00eb saj.<\/strong><\/p>\n<p>Nd\u00ebrsa , me Rihanna-n po ndodh e kund\u00ebrta, k\u00ebng\u00ebtarja me ngjyr\u00eb s\u00eb fundi ka nxehur shum\u00eb mentorin e saj.<\/p>\n<p>Jay-Z ka kritikuar Rihanna-n, sepse ajo d\u00ebshiron t\u00eb rikthehet tek ish i dashuri i saj Chris Brown, i cili \u00ebsht\u00eb akuzuar p\u00ebr dhun\u00eb fizike ndaj k\u00ebng\u00ebtares.<\/p>\n<p>\u201cNuk e kuptoj se si Chris e ka goditur at\u00eb dhe nuk dua m\u00eb t\u00eb kem t\u00eb b\u00ebj me nj\u00eb burr\u00eb t\u00eb till\u00eb. Por m\u00eb i nxehur jam me Rihanna-n. Nuk e di se \u00e7far\u00eb po mendon, ajo nuk duhet t\u00eb harroj\u00eb se \u00e7far\u00eb i ndodhi\u201d, theksoi bashk\u00ebshorti i Beyonce p\u00ebr \u2018Radar Online\u2019.<\/p>\n<p>Nd\u00ebrsa, nga kjo gjendje e tensionuar e t\u00eb dy artist\u00ebve amerikan\u00eb, ajo q\u00eb mund t\u00eb p\u00ebrfitoj \u00ebsht\u00eb Rita- e cila s\u00eb fundi ishte e ftuar n\u00eb nj\u00eb emision nga vet\u00eb Jay-Z.<\/p>\n<p>Mercedez Benz<\/p>\n<!--YouTube Error: bad URL entered-->\n","protected":false},"excerpt":{"rendered":"<p>K\u00ebng\u00ebtarja shqiptare e vendosur n\u00eb Amerik\u00eb, Rita Ora e cila \u00ebsht\u00eb duke b\u00ebr\u00eb muzik\u00eb n\u00ebn mark\u00ebn e e Jay-Z, duket se \u00e7do her\u00eb e m\u00eb shum\u00eb po i hy n\u00eb zem\u00ebr \u2018mbikqyr\u00ebsit\u2019 t\u00eb saj. Nd\u00ebrsa , me Rihanna-n po ndodh e kund\u00ebrta, k\u00ebng\u00ebtarja me ngjyr\u00eb s\u00eb fundi ka nxehur shum\u00eb mentorin e saj. Jay-Z ka [&hellip;]<\/p>\n","protected":false},"author":1,"featured_media":0,"comment_status":"open","ping_status":"closed","sticky":false,"template":"","format":"standard","meta":{"spay_email":"","jetpack_publicize_message":"","jetpack_is_tweetstorm":false,"jetpack_publicize_feature_enabled":true},"categories":[1],"tags":[19677,19806,16036,19514,19511,13349,19513,6693,19679,4684,19460],"jetpack_publicize_connections":[],"yoast_head":"<!-- This site is optimized with the Yoast SEO plugin v19.1 - https:\/\/yoast.com\/wordpress\/plugins\/seo\/ -->\n<title>Rihanna \u2018rrezikohet\u2019 nga Rita Ora! - Lajme nga Ulqini<\/title>\n<meta name=\"description\" content=\"K\u00ebng\u00ebtarja shqiptare e vendosur n\u00eb Amerik\u00eb, Rita Ora e cila \u00ebsht\u00eb duke b\u00ebr\u00eb muzik\u00eb n\u00ebn mark\u00ebn e e Jay-Z, duket se \u00e7do her\u00eb e m\u00eb shum\u00eb po i hy n\u00eb zem\u00ebr\" \/>\n<meta name=\"robots\" content=\"index, follow, max-snippet:-1, max-image-preview:large, max-video-preview:-1\" \/>\n<link rel=\"canonical\" href=\"https:\/\/www.visit-ulcinj.com\/blog\/2012\/02\/27\/rihanna-rrezikohet-nga-rita-ora\/\" \/>\n<meta property=\"og:locale\" content=\"en_US\" \/>\n<meta property=\"og:type\" content=\"article\" \/>\n<meta property=\"og:title\" content=\"Rihanna \u2018rrezikohet\u2019 nga Rita Ora! - Lajme nga Ulqini\" \/>\n<meta property=\"og:description\" content=\"K\u00ebng\u00ebtarja shqiptare e vendosur n\u00eb Amerik\u00eb, Rita Ora e cila \u00ebsht\u00eb duke b\u00ebr\u00eb muzik\u00eb n\u00ebn mark\u00ebn e e Jay-Z, duket se \u00e7do her\u00eb e m\u00eb shum\u00eb po i hy n\u00eb zem\u00ebr\" \/>\n<meta property=\"og:url\" content=\"https:\/\/www.visit-ulcinj.com\/blog\/2012\/02\/27\/rihanna-rrezikohet-nga-rita-ora\/\" \/>\n<meta property=\"og:site_name\" content=\"Lajme nga Ulqini\" \/>\n<meta property=\"article:published_time\" content=\"2012-02-27T22:08:55+00:00\" \/>\n<meta name=\"twitter:label1\" content=\"Written by\" \/>\n\t<meta name=\"twitter:data1\" content=\"ulqini\" \/>\n\t<meta name=\"twitter:label2\" content=\"Est. reading time\" \/>\n\t<meta name=\"twitter:data2\" content=\"1 minute\" \/>\n<script type=\"application\/ld+json\" class=\"yoast-schema-graph\">{\"@context\":\"https:\/\/schema.org\",\"@graph\":[{\"@type\":\"WebSite\",\"@id\":\"https:\/\/www.visit-ulcinj.com\/blog\/#website\",\"url\":\"https:\/\/www.visit-ulcinj.com\/blog\/\",\"name\":\"Lajme nga Ulqini\",\"description\":\"Lajme,Vijesti,Ulqini,Ulqin,Crna Gora,Mali i Zi\",\"potentialAction\":[{\"@type\":\"SearchAction\",\"target\":{\"@type\":\"EntryPoint\",\"urlTemplate\":\"https:\/\/www.visit-ulcinj.com\/blog\/?s={search_term_string}\"},\"query-input\":\"required name=search_term_string\"}],\"inLanguage\":\"en-US\"},{\"@type\":\"WebPage\",\"@id\":\"https:\/\/www.visit-ulcinj.com\/blog\/2012\/02\/27\/rihanna-rrezikohet-nga-rita-ora\/#webpage\",\"url\":\"https:\/\/www.visit-ulcinj.com\/blog\/2012\/02\/27\/rihanna-rrezikohet-nga-rita-ora\/\",\"name\":\"Rihanna \u2018rrezikohet\u2019 nga Rita Ora! - Lajme nga Ulqini\",\"isPartOf\":{\"@id\":\"https:\/\/www.visit-ulcinj.com\/blog\/#website\"},\"datePublished\":\"2012-02-27T22:08:55+00:00\",\"dateModified\":\"2012-02-27T22:08:55+00:00\",\"author\":{\"@id\":\"https:\/\/www.visit-ulcinj.com\/blog\/#\/schema\/person\/dcab619c614d3038751c63bc2aadc06d\"},\"description\":\"K\u00ebng\u00ebtarja shqiptare e vendosur n\u00eb Amerik\u00eb, Rita Ora e cila \u00ebsht\u00eb duke b\u00ebr\u00eb muzik\u00eb n\u00ebn mark\u00ebn e e Jay-Z, duket se \u00e7do her\u00eb e m\u00eb shum\u00eb po i hy n\u00eb zem\u00ebr\",\"breadcrumb\":{\"@id\":\"https:\/\/www.visit-ulcinj.com\/blog\/2012\/02\/27\/rihanna-rrezikohet-nga-rita-ora\/#breadcrumb\"},\"inLanguage\":\"en-US\",\"potentialAction\":[{\"@type\":\"ReadAction\",\"target\":[\"https:\/\/www.visit-ulcinj.com\/blog\/2012\/02\/27\/rihanna-rrezikohet-nga-rita-ora\/\"]}]},{\"@type\":\"BreadcrumbList\",\"@id\":\"https:\/\/www.visit-ulcinj.com\/blog\/2012\/02\/27\/rihanna-rrezikohet-nga-rita-ora\/#breadcrumb\",\"itemListElement\":[{\"@type\":\"ListItem\",\"position\":1,\"name\":\"Rihanna \u2018rrezikohet\u2019 nga Rita Ora!\"}]},{\"@type\":\"Person\",\"@id\":\"https:\/\/www.visit-ulcinj.com\/blog\/#\/schema\/person\/dcab619c614d3038751c63bc2aadc06d\",\"name\":\"ulqini\",\"sameAs\":[\"http:\/\/www.visit-ulcinj.com\"],\"url\":\"https:\/\/www.visit-ulcinj.com\/blog\/author\/admin\/\"}]}<\/script>\n<!-- \/ Yoast SEO plugin. -->","yoast_head_json":{"title":"Rihanna \u2018rrezikohet\u2019 nga Rita Ora! - Lajme nga Ulqini","description":"K\u00ebng\u00ebtarja shqiptare e vendosur n\u00eb Amerik\u00eb, Rita Ora e cila \u00ebsht\u00eb duke b\u00ebr\u00eb muzik\u00eb n\u00ebn mark\u00ebn e e Jay-Z, duket se \u00e7do her\u00eb e m\u00eb shum\u00eb po i hy n\u00eb zem\u00ebr","robots":{"index":"index","follow":"follow","max-snippet":"max-snippet:-1","max-image-preview":"max-image-preview:large","max-video-preview":"max-video-preview:-1"},"canonical":"https:\/\/www.visit-ulcinj.com\/blog\/2012\/02\/27\/rihanna-rrezikohet-nga-rita-ora\/","og_locale":"en_US","og_type":"article","og_title":"Rihanna \u2018rrezikohet\u2019 nga Rita Ora! - Lajme nga Ulqini","og_description":"K\u00ebng\u00ebtarja shqiptare e vendosur n\u00eb Amerik\u00eb, Rita Ora e cila \u00ebsht\u00eb duke b\u00ebr\u00eb muzik\u00eb n\u00ebn mark\u00ebn e e Jay-Z, duket se \u00e7do her\u00eb e m\u00eb shum\u00eb po i hy n\u00eb zem\u00ebr","og_url":"https:\/\/www.visit-ulcinj.com\/blog\/2012\/02\/27\/rihanna-rrezikohet-nga-rita-ora\/","og_site_name":"Lajme nga Ulqini","article_published_time":"2012-02-27T22:08:55+00:00","twitter_misc":{"Written by":"ulqini","Est. reading time":"1 minute"},"schema":{"@context":"https:\/\/schema.org","@graph":[{"@type":"WebSite","@id":"https:\/\/www.visit-ulcinj.com\/blog\/#website","url":"https:\/\/www.visit-ulcinj.com\/blog\/","name":"Lajme nga Ulqini","description":"Lajme,Vijesti,Ulqini,Ulqin,Crna Gora,Mali i Zi","potentialAction":[{"@type":"SearchAction","target":{"@type":"EntryPoint","urlTemplate":"https:\/\/www.visit-ulcinj.com\/blog\/?s={search_term_string}"},"query-input":"required name=search_term_string"}],"inLanguage":"en-US"},{"@type":"WebPage","@id":"https:\/\/www.visit-ulcinj.com\/blog\/2012\/02\/27\/rihanna-rrezikohet-nga-rita-ora\/#webpage","url":"https:\/\/www.visit-ulcinj.com\/blog\/2012\/02\/27\/rihanna-rrezikohet-nga-rita-ora\/","name":"Rihanna \u2018rrezikohet\u2019 nga Rita Ora! - Lajme nga Ulqini","isPartOf":{"@id":"https:\/\/www.visit-ulcinj.com\/blog\/#website"},"datePublished":"2012-02-27T22:08:55+00:00","dateModified":"2012-02-27T22:08:55+00:00","author":{"@id":"https:\/\/www.visit-ulcinj.com\/blog\/#\/schema\/person\/dcab619c614d3038751c63bc2aadc06d"},"description":"K\u00ebng\u00ebtarja shqiptare e vendosur n\u00eb Amerik\u00eb, Rita Ora e cila \u00ebsht\u00eb duke b\u00ebr\u00eb muzik\u00eb n\u00ebn mark\u00ebn e e Jay-Z, duket se \u00e7do her\u00eb e m\u00eb shum\u00eb po i hy n\u00eb zem\u00ebr","breadcrumb":{"@id":"https:\/\/www.visit-ulcinj.com\/blog\/2012\/02\/27\/rihanna-rrezikohet-nga-rita-ora\/#breadcrumb"},"inLanguage":"en-US","potentialAction":[{"@type":"ReadAction","target":["https:\/\/www.visit-ulcinj.com\/blog\/2012\/02\/27\/rihanna-rrezikohet-nga-rita-ora\/"]}]},{"@type":"BreadcrumbList","@id":"https:\/\/www.visit-ulcinj.com\/blog\/2012\/02\/27\/rihanna-rrezikohet-nga-rita-ora\/#breadcrumb","itemListElement":[{"@type":"ListItem","position":1,"name":"Rihanna \u2018rrezikohet\u2019 nga Rita Ora!"}]},{"@type":"Person","@id":"https:\/\/www.visit-ulcinj.com\/blog\/#\/schema\/person\/dcab619c614d3038751c63bc2aadc06d","name":"ulqini","sameAs":["http:\/\/www.visit-ulcinj.com"],"url":"https:\/\/www.visit-ulcinj.com\/blog\/author\/admin\/"}]}},"jetpack_featured_media_url":"","jetpack_sharing_enabled":true,"jetpack_shortlink":"https:\/\/wp.me\/pe6lTn-f2e","_links":{"self":[{"href":"https:\/\/www.visit-ulcinj.com\/blog\/wp-json\/wp\/v2\/posts\/57798"}],"collection":[{"href":"https:\/\/www.visit-ulcinj.com\/blog\/wp-json\/wp\/v2\/posts"}],"about":[{"href":"https:\/\/www.visit-ulcinj.com\/blog\/wp-json\/wp\/v2\/types\/post"}],"author":[{"embeddable":true,"href":"https:\/\/www.visit-ulcinj.com\/blog\/wp-json\/wp\/v2\/users\/1"}],"replies":[{"embeddable":true,"href":"https:\/\/www.visit-ulcinj.com\/blog\/wp-json\/wp\/v2\/comments?post=57798"}],"version-history":[{"count":1,"href":"https:\/\/www.visit-ulcinj.com\/blog\/wp-json\/wp\/v2\/posts\/57798\/revisions"}],"predecessor-version":[{"id":57800,"href":"https:\/\/www.visit-ulcinj.com\/blog\/wp-json\/wp\/v2\/posts\/57798\/revisions\/57800"}],"wp:attachment":[{"href":"https:\/\/www.visit-ulcinj.com\/blog\/wp-json\/wp\/v2\/media?parent=57798"}],"wp:term":[{"taxonomy":"category","embeddable":true,"href":"https:\/\/www.visit-ulcinj.com\/blog\/wp-json\/wp\/v2\/categories?post=57798"},{"taxonomy":"post_tag","embeddable":true,"href":"https:\/\/www.visit-ulcinj.com\/blog\/wp-json\/wp\/v2\/tags?post=57798"}],"curies":[{"name":"wp","href":"https:\/\/api.w.org\/{rel}","templated":true}]}}