{"id":578,"date":"2008-02-20T09:52:20","date_gmt":"2008-02-20T14:52:20","guid":{"rendered":"http:\/\/www.visit-ulcinj.com\/blog\/2008\/02\/20\/visite-de-travail-au-luxembourg-de-milan-rocen-ministre-des-affaires-etrangeres-du-montenegro\/"},"modified":"2008-07-02T13:14:11","modified_gmt":"2008-07-02T18:14:11","slug":"visite-de-travail-au-luxembourg-de-milan-rocen-ministre-des-affaires-etrangeres-du-montenegro","status":"publish","type":"post","link":"https:\/\/www.visit-ulcinj.com\/blog\/2008\/02\/20\/visite-de-travail-au-luxembourg-de-milan-rocen-ministre-des-affaires-etrangeres-du-montenegro\/","title":{"rendered":"Visite de travail au Luxembourg de Milan Rocen, ministre des Affaires \u00e9trang\u00e8res du Mont\u00e9n\u00e9gro"},"content":{"rendered":"<p><a title=\"Milan Rocen_Jean Asselborn\" rel=\"attachment wp-att-579\" href=\"http:\/\/www.visit-ulcinj.com\/blog\/2008\/02\/20\/visite-de-travail-au-luxembourg-de-milan-rocen-ministre-des-affaires-etrangeres-du-montenegro\/milan-rocen_jean-asselborn\/\"><img loading=\"lazy\" src=\"http:\/\/www.visit-ulcinj.com\/blog\/wp-content\/uploads\/2008\/02\/jean-asselborn_milan-rocen.jpg\" alt=\"Milan Rocen_Jean Asselborn\" width=\"220\" height=\"179\" align=\"left\" \/><\/a>Le 19 f\u00e9vrier 2008, le ministre des Affaires \u00e9trang\u00e8res du Mont\u00e9n\u00e9gro, Milan Rocen, a effectu\u00e9 une visite de travail au Luxembourg.<br \/>\nJean Asselborn et Milan Rocen, ministre des Affaires \u00e9trang\u00e8res du Mont\u00e9n\u00e9groMilan Rocen a \u00e9t\u00e9 accueilli par le Vice-Premier ministre, ministre des Affaires \u00e9trang\u00e8res et de l\u2019Immigration, Jean Asselborn, \u00e0 l\u2019H\u00f4tel Saint Maximin.<br \/>\nLes discussions ont essentiellement port\u00e9 sur les relations bilat\u00e9rales entre le Luxembourg et le Mont\u00e9n\u00e9gro, ainsi que sur les relations que la jeune R\u00e9publique entretient avec l\u2019UE et avec l\u2019OTAN. Les ministres ont \u00e9galement fait le point sur la situation dans les Balkans occidentaux apr\u00e8s la r\u00e9cente d\u00e9claration d\u2019ind\u00e9pendance du Kosovo.<br \/>\nEn ce qui concerne le Kosovo, les ministres ont soulign\u00e9 l\u2019importance que rev\u00eatait ce d\u00e9veloppement pour la r\u00e9gion. Le ministre Rocen a d\u00e9clar\u00e9 que son pays \u00e9tait attach\u00e9 \u00e0 maintenir de bonnes relations \u00e0 la fois avec Belgrade et avec Pristina. &#8220;Nous sommes une oasis multiethnique dans la r\u00e9gion&#8221;, a-t-il affirm\u00e9. Le ministre des Affaires \u00e9trang\u00e8res du Mont\u00e9n\u00e9gro a par ailleurs mis en \u00e9vidence le r\u00f4le essentiel qu\u2019a jou\u00e9 l\u2019Union europ\u00e9enne dans la pacification des Balkans. &#8220;Ce qui s\u2019est pass\u00e9 \u00e0 Pristina est le signe tangible que la d\u00e9mocratie progresse dans la r\u00e9gion&#8221;, a-t-il r\u00e9sum\u00e9, pr\u00e9cisant que son pays allait s\u2019aligner sur la position de l\u2019UE: &#8220;Le Mont\u00e9n\u00e9gro ne se pr\u00e9cipitera pas en ce qui concerne la reconnaissance du Kosovo, mais le Mont\u00e9n\u00e9gro ne sera pas non plus \u00e0 la tra\u00eene.&#8221;<\/p>\n<p>Le chef de la diplomatie luxembourgeoise, Jean Asselborn, a pour sa part r\u00e9affirm\u00e9 qu\u2019au vu de l\u2019impasse dans laquelle avaient abouti les n\u00e9gociations, l\u2019ind\u00e9pendance du Kosovo, sur base de la Proposition globale de r\u00e8glement de l\u2019Envoy\u00e9 sp\u00e9cial de l\u2019ONU, Martti Ahtisaari, constituait la seule solution viable. Il a indiqu\u00e9 que le Luxembourg allait formaliser la reconnaissance du Kosovo, le 21 f\u00e9vrier 2008.<br \/>\nLes ministres ont \u00e9galement abord\u00e9 le sujet du processus de stabilisation et d\u2019association (PSA). L\u2019accord de stabilisation et d\u2019association (ASA), actuellement en cours de ratification dans les Etats membres de l\u2019UE, a \u00e9t\u00e9 sign\u00e9 \u00e0 Luxembourg le 15 octobre 2007. Le ministre Jean Asselborn a assur\u00e9 son homologue mont\u00e9n\u00e9grin du soutien du Luxembourg en la mati\u00e8re, indiquant qu\u2019un avant-projet de loi en vue de la ratification au niveau national de l\u2019accord de stabilisation et d\u2019association, sera prochainement soumis au Conseil de gouvernement en vue du d\u00e9p\u00f4t du projet de loi \u00e0 la Chambre des d\u00e9put\u00e9s.<br \/>\nMilan Rocen a salu\u00e9 la coop\u00e9ration au d\u00e9veloppement luxembourgeoise au Mont\u00e9n\u00e9gro qui s\u2019est donn\u00e9e pour objectifs de contribuer \u00e0 la stabilit\u00e9 de la r\u00e9gion, de lutter contre la pauvret\u00e9 et de faciliter le retour des ressortissants mont\u00e9n\u00e9grins.<br \/>\nEnfin, les ministres ont sign\u00e9 une convention de s\u00e9curit\u00e9 sociale qui retient les principes d\u2019\u00e9galit\u00e9 de traitement entre les ressortissants des parties signataires, de la totalisation des p\u00e9riodes d\u2019assurance, ainsi que de l\u2019exportation des prestations de s\u00e9curit\u00e9 sociale. Cette convention couvre l\u2019assurance maladie, l\u2019assurance pension et l\u2019assurance accident.<br \/>\nEn marge de la r\u00e9union de travail, les ministres Milan Rocen et Jean Asselborn ont rencontr\u00e9 des repr\u00e9sentants de l\u2019association &#8220;Amiti\u00e9 Luxembourg-Mont\u00e9n\u00e9gro&#8221;.<\/p>\n","protected":false},"excerpt":{"rendered":"<p><img loading=\"lazy\" src=\"http:\/\/www.visit-ulcinj.com\/blog\/wp-content\/uploads\/2008\/02\/jean-asselborn_milan-rocen.jpg\" alt=\"Milan Rocen_Jean Asselborn\" align=\"left\" height=\"140\" width=\"140\" \/><\/p>\n","protected":false},"author":1,"featured_media":0,"comment_status":"open","ping_status":"closed","sticky":false,"template":"","format":"standard","meta":{"spay_email":"","jetpack_publicize_message":"","jetpack_is_tweetstorm":false,"jetpack_publicize_feature_enabled":true},"categories":[6],"tags":[1594,1680,1539,1324,1679,788,1678,1675,1685,1683,1677,1684,1681,1682,1676,1687,1686],"jetpack_publicize_connections":[],"yoast_head":"<!-- This site is optimized with the Yoast SEO plugin v19.1 - https:\/\/yoast.com\/wordpress\/plugins\/seo\/ -->\n<title>Visite de travail au Luxembourg de Milan Rocen, ministre des Affaires \u00e9trang\u00e8res du Mont\u00e9n\u00e9gro - Lajme nga Ulqini<\/title>\n<meta name=\"robots\" content=\"index, follow, max-snippet:-1, max-image-preview:large, max-video-preview:-1\" \/>\n<link rel=\"canonical\" href=\"https:\/\/www.visit-ulcinj.com\/blog\/2008\/02\/20\/visite-de-travail-au-luxembourg-de-milan-rocen-ministre-des-affaires-etrangeres-du-montenegro\/\" \/>\n<meta property=\"og:locale\" content=\"en_US\" \/>\n<meta property=\"og:type\" content=\"article\" \/>\n<meta property=\"og:title\" content=\"Visite de travail au Luxembourg de Milan Rocen, ministre des Affaires \u00e9trang\u00e8res du Mont\u00e9n\u00e9gro - Lajme nga Ulqini\" \/>\n<meta property=\"og:url\" content=\"https:\/\/www.visit-ulcinj.com\/blog\/2008\/02\/20\/visite-de-travail-au-luxembourg-de-milan-rocen-ministre-des-affaires-etrangeres-du-montenegro\/\" \/>\n<meta property=\"og:site_name\" content=\"Lajme nga Ulqini\" \/>\n<meta property=\"article:published_time\" content=\"2008-02-20T14:52:20+00:00\" \/>\n<meta property=\"article:modified_time\" content=\"2008-07-02T18:14:11+00:00\" \/>\n<meta property=\"og:image\" content=\"http:\/\/www.visit-ulcinj.com\/blog\/wp-content\/uploads\/2008\/02\/jean-asselborn_milan-rocen.jpg\" \/>\n<meta name=\"twitter:label1\" content=\"Written by\" \/>\n\t<meta name=\"twitter:data1\" content=\"ulqini\" \/>\n\t<meta name=\"twitter:label2\" content=\"Est. reading time\" \/>\n\t<meta name=\"twitter:data2\" content=\"3 minutes\" \/>\n<script type=\"application\/ld+json\" class=\"yoast-schema-graph\">{\"@context\":\"https:\/\/schema.org\",\"@graph\":[{\"@type\":\"WebSite\",\"@id\":\"https:\/\/www.visit-ulcinj.com\/blog\/#website\",\"url\":\"https:\/\/www.visit-ulcinj.com\/blog\/\",\"name\":\"Lajme nga Ulqini\",\"description\":\"Lajme,Vijesti,Ulqini,Ulqin,Crna Gora,Mali i Zi\",\"potentialAction\":[{\"@type\":\"SearchAction\",\"target\":{\"@type\":\"EntryPoint\",\"urlTemplate\":\"https:\/\/www.visit-ulcinj.com\/blog\/?s={search_term_string}\"},\"query-input\":\"required name=search_term_string\"}],\"inLanguage\":\"en-US\"},{\"@type\":\"ImageObject\",\"inLanguage\":\"en-US\",\"@id\":\"https:\/\/www.visit-ulcinj.com\/blog\/2008\/02\/20\/visite-de-travail-au-luxembourg-de-milan-rocen-ministre-des-affaires-etrangeres-du-montenegro\/#primaryimage\",\"url\":\"http:\/\/www.visit-ulcinj.com\/blog\/wp-content\/uploads\/2008\/02\/jean-asselborn_milan-rocen.jpg\",\"contentUrl\":\"http:\/\/www.visit-ulcinj.com\/blog\/wp-content\/uploads\/2008\/02\/jean-asselborn_milan-rocen.jpg\"},{\"@type\":\"WebPage\",\"@id\":\"https:\/\/www.visit-ulcinj.com\/blog\/2008\/02\/20\/visite-de-travail-au-luxembourg-de-milan-rocen-ministre-des-affaires-etrangeres-du-montenegro\/#webpage\",\"url\":\"https:\/\/www.visit-ulcinj.com\/blog\/2008\/02\/20\/visite-de-travail-au-luxembourg-de-milan-rocen-ministre-des-affaires-etrangeres-du-montenegro\/\",\"name\":\"Visite de travail au Luxembourg de Milan Rocen, ministre des Affaires \u00e9trang\u00e8res du Mont\u00e9n\u00e9gro - Lajme nga Ulqini\",\"isPartOf\":{\"@id\":\"https:\/\/www.visit-ulcinj.com\/blog\/#website\"},\"primaryImageOfPage\":{\"@id\":\"https:\/\/www.visit-ulcinj.com\/blog\/2008\/02\/20\/visite-de-travail-au-luxembourg-de-milan-rocen-ministre-des-affaires-etrangeres-du-montenegro\/#primaryimage\"},\"datePublished\":\"2008-02-20T14:52:20+00:00\",\"dateModified\":\"2008-07-02T18:14:11+00:00\",\"author\":{\"@id\":\"https:\/\/www.visit-ulcinj.com\/blog\/#\/schema\/person\/dcab619c614d3038751c63bc2aadc06d\"},\"breadcrumb\":{\"@id\":\"https:\/\/www.visit-ulcinj.com\/blog\/2008\/02\/20\/visite-de-travail-au-luxembourg-de-milan-rocen-ministre-des-affaires-etrangeres-du-montenegro\/#breadcrumb\"},\"inLanguage\":\"en-US\",\"potentialAction\":[{\"@type\":\"ReadAction\",\"target\":[\"https:\/\/www.visit-ulcinj.com\/blog\/2008\/02\/20\/visite-de-travail-au-luxembourg-de-milan-rocen-ministre-des-affaires-etrangeres-du-montenegro\/\"]}]},{\"@type\":\"BreadcrumbList\",\"@id\":\"https:\/\/www.visit-ulcinj.com\/blog\/2008\/02\/20\/visite-de-travail-au-luxembourg-de-milan-rocen-ministre-des-affaires-etrangeres-du-montenegro\/#breadcrumb\",\"itemListElement\":[{\"@type\":\"ListItem\",\"position\":1,\"name\":\"Visite de travail au Luxembourg de Milan Rocen, ministre des Affaires \u00e9trang\u00e8res du Mont\u00e9n\u00e9gro\"}]},{\"@type\":\"Person\",\"@id\":\"https:\/\/www.visit-ulcinj.com\/blog\/#\/schema\/person\/dcab619c614d3038751c63bc2aadc06d\",\"name\":\"ulqini\",\"sameAs\":[\"http:\/\/www.visit-ulcinj.com\"],\"url\":\"https:\/\/www.visit-ulcinj.com\/blog\/author\/admin\/\"}]}<\/script>\n<!-- \/ Yoast SEO plugin. -->","yoast_head_json":{"title":"Visite de travail au Luxembourg de Milan Rocen, ministre des Affaires \u00e9trang\u00e8res du Mont\u00e9n\u00e9gro - Lajme nga Ulqini","robots":{"index":"index","follow":"follow","max-snippet":"max-snippet:-1","max-image-preview":"max-image-preview:large","max-video-preview":"max-video-preview:-1"},"canonical":"https:\/\/www.visit-ulcinj.com\/blog\/2008\/02\/20\/visite-de-travail-au-luxembourg-de-milan-rocen-ministre-des-affaires-etrangeres-du-montenegro\/","og_locale":"en_US","og_type":"article","og_title":"Visite de travail au Luxembourg de Milan Rocen, ministre des Affaires \u00e9trang\u00e8res du Mont\u00e9n\u00e9gro - Lajme nga Ulqini","og_url":"https:\/\/www.visit-ulcinj.com\/blog\/2008\/02\/20\/visite-de-travail-au-luxembourg-de-milan-rocen-ministre-des-affaires-etrangeres-du-montenegro\/","og_site_name":"Lajme nga Ulqini","article_published_time":"2008-02-20T14:52:20+00:00","article_modified_time":"2008-07-02T18:14:11+00:00","og_image":[{"url":"http:\/\/www.visit-ulcinj.com\/blog\/wp-content\/uploads\/2008\/02\/jean-asselborn_milan-rocen.jpg"}],"twitter_misc":{"Written by":"ulqini","Est. reading time":"3 minutes"},"schema":{"@context":"https:\/\/schema.org","@graph":[{"@type":"WebSite","@id":"https:\/\/www.visit-ulcinj.com\/blog\/#website","url":"https:\/\/www.visit-ulcinj.com\/blog\/","name":"Lajme nga Ulqini","description":"Lajme,Vijesti,Ulqini,Ulqin,Crna Gora,Mali i Zi","potentialAction":[{"@type":"SearchAction","target":{"@type":"EntryPoint","urlTemplate":"https:\/\/www.visit-ulcinj.com\/blog\/?s={search_term_string}"},"query-input":"required name=search_term_string"}],"inLanguage":"en-US"},{"@type":"ImageObject","inLanguage":"en-US","@id":"https:\/\/www.visit-ulcinj.com\/blog\/2008\/02\/20\/visite-de-travail-au-luxembourg-de-milan-rocen-ministre-des-affaires-etrangeres-du-montenegro\/#primaryimage","url":"http:\/\/www.visit-ulcinj.com\/blog\/wp-content\/uploads\/2008\/02\/jean-asselborn_milan-rocen.jpg","contentUrl":"http:\/\/www.visit-ulcinj.com\/blog\/wp-content\/uploads\/2008\/02\/jean-asselborn_milan-rocen.jpg"},{"@type":"WebPage","@id":"https:\/\/www.visit-ulcinj.com\/blog\/2008\/02\/20\/visite-de-travail-au-luxembourg-de-milan-rocen-ministre-des-affaires-etrangeres-du-montenegro\/#webpage","url":"https:\/\/www.visit-ulcinj.com\/blog\/2008\/02\/20\/visite-de-travail-au-luxembourg-de-milan-rocen-ministre-des-affaires-etrangeres-du-montenegro\/","name":"Visite de travail au Luxembourg de Milan Rocen, ministre des Affaires \u00e9trang\u00e8res du Mont\u00e9n\u00e9gro - Lajme nga Ulqini","isPartOf":{"@id":"https:\/\/www.visit-ulcinj.com\/blog\/#website"},"primaryImageOfPage":{"@id":"https:\/\/www.visit-ulcinj.com\/blog\/2008\/02\/20\/visite-de-travail-au-luxembourg-de-milan-rocen-ministre-des-affaires-etrangeres-du-montenegro\/#primaryimage"},"datePublished":"2008-02-20T14:52:20+00:00","dateModified":"2008-07-02T18:14:11+00:00","author":{"@id":"https:\/\/www.visit-ulcinj.com\/blog\/#\/schema\/person\/dcab619c614d3038751c63bc2aadc06d"},"breadcrumb":{"@id":"https:\/\/www.visit-ulcinj.com\/blog\/2008\/02\/20\/visite-de-travail-au-luxembourg-de-milan-rocen-ministre-des-affaires-etrangeres-du-montenegro\/#breadcrumb"},"inLanguage":"en-US","potentialAction":[{"@type":"ReadAction","target":["https:\/\/www.visit-ulcinj.com\/blog\/2008\/02\/20\/visite-de-travail-au-luxembourg-de-milan-rocen-ministre-des-affaires-etrangeres-du-montenegro\/"]}]},{"@type":"BreadcrumbList","@id":"https:\/\/www.visit-ulcinj.com\/blog\/2008\/02\/20\/visite-de-travail-au-luxembourg-de-milan-rocen-ministre-des-affaires-etrangeres-du-montenegro\/#breadcrumb","itemListElement":[{"@type":"ListItem","position":1,"name":"Visite de travail au Luxembourg de Milan Rocen, ministre des Affaires \u00e9trang\u00e8res du Mont\u00e9n\u00e9gro"}]},{"@type":"Person","@id":"https:\/\/www.visit-ulcinj.com\/blog\/#\/schema\/person\/dcab619c614d3038751c63bc2aadc06d","name":"ulqini","sameAs":["http:\/\/www.visit-ulcinj.com"],"url":"https:\/\/www.visit-ulcinj.com\/blog\/author\/admin\/"}]}},"jetpack_featured_media_url":"","jetpack_sharing_enabled":true,"jetpack_shortlink":"https:\/\/wp.me\/pe6lTn-9k","_links":{"self":[{"href":"https:\/\/www.visit-ulcinj.com\/blog\/wp-json\/wp\/v2\/posts\/578"}],"collection":[{"href":"https:\/\/www.visit-ulcinj.com\/blog\/wp-json\/wp\/v2\/posts"}],"about":[{"href":"https:\/\/www.visit-ulcinj.com\/blog\/wp-json\/wp\/v2\/types\/post"}],"author":[{"embeddable":true,"href":"https:\/\/www.visit-ulcinj.com\/blog\/wp-json\/wp\/v2\/users\/1"}],"replies":[{"embeddable":true,"href":"https:\/\/www.visit-ulcinj.com\/blog\/wp-json\/wp\/v2\/comments?post=578"}],"version-history":[{"count":0,"href":"https:\/\/www.visit-ulcinj.com\/blog\/wp-json\/wp\/v2\/posts\/578\/revisions"}],"wp:attachment":[{"href":"https:\/\/www.visit-ulcinj.com\/blog\/wp-json\/wp\/v2\/media?parent=578"}],"wp:term":[{"taxonomy":"category","embeddable":true,"href":"https:\/\/www.visit-ulcinj.com\/blog\/wp-json\/wp\/v2\/categories?post=578"},{"taxonomy":"post_tag","embeddable":true,"href":"https:\/\/www.visit-ulcinj.com\/blog\/wp-json\/wp\/v2\/tags?post=578"}],"curies":[{"name":"wp","href":"https:\/\/api.w.org\/{rel}","templated":true}]}}