{"id":57807,"date":"2012-02-28T19:34:37","date_gmt":"2012-02-28T18:34:37","guid":{"rendered":"http:\/\/www.visit-ulcinj.com\/blog\/?p=57807"},"modified":"2012-02-28T19:34:37","modified_gmt":"2012-02-28T18:34:37","slug":"camaj-drzava-albancima-ne-izlazi-u-susret","status":"publish","type":"post","link":"https:\/\/www.visit-ulcinj.com\/blog\/2012\/02\/28\/camaj-drzava-albancima-ne-izlazi-u-susret\/","title":{"rendered":"Camaj: Dr\u017eava Albancima ne izlazi u susret"},"content":{"rendered":"<p><a href=\"http:\/\/www.visit-ulcinj.com\/blog\/wp-content\/uploads\/2012\/02\/Nikolla-Camaj_Bil-Klinton.jpg\"><img loading=\"lazy\" class=\"alignleft  wp-image-57809\" title=\"Nikolla Camaj_Bil Klinton\" src=\"http:\/\/www.visit-ulcinj.com\/blog\/wp-content\/uploads\/2012\/02\/Nikolla-Camaj_Bil-Klinton.jpg\" alt=\"\" width=\"508\" height=\"380\" \/><\/a>Dr\u017eava nije spremna da albanskom narodu u Crnoj Gori iza\u0111e u susret i pomogne u ostvarivanju prava koja mu pripadaju, ocijenio je ju\u010de funkcioner Demokratskog saveza u Crnoj Gori Nikola Camaj.<br \/>\nPredstavnik albanske koalicije Perspektiva Amir Holaj nedavno je kazao da \u0107e Albanci ste\u010dena prava tra\u017eiti pred Ustavnim sudom. Holaj je ju\u010de \u201eDanu\u201d kazao da je procedura predavanja \u017ealbe u toku, kao i da \u0107e javnost biti obavije\u0161tena kada se taj proces dovede do kraja.<br \/>\nNikola Camaj se nada da \u0107e Holaj pripremiti neophodne papire i pokrenuti sudski proces.<br \/>\n\u2013 Vjerujem da ne\u0107e izostati podr\u0161ka, prvenstveno poslanika albanskih partija. Ako inicijativa ne bude dovedena do kraja, o\u010dekujem od na\u0161ih parlamentaraca da preko poslani\u010dkog kluba upute zahtjev da se Albancima obezbijede prava koja im pripadaju Ustavom, a i ona koja Ustav ne defini\u0161e do kraja, a koja su im zagarantovana me\u0111unarodnim dokumentima \u2013 istakao je Camaj.<br \/>\n<a href=\"http:\/\/www.visit-ulcinj.com\/blog\/wp-content\/uploads\/2012\/02\/Amir-Hollaj.jpg\"><img loading=\"lazy\" class=\"alignleft size-medium wp-image-57810\" title=\"Amir Hollaj\" src=\"http:\/\/www.visit-ulcinj.com\/blog\/wp-content\/uploads\/2012\/02\/Amir-Hollaj-221x300.jpg\" alt=\"\" width=\"221\" height=\"300\" srcset=\"https:\/\/www.visit-ulcinj.com\/blog\/wp-content\/uploads\/2012\/02\/Amir-Hollaj-221x300.jpg 221w, https:\/\/www.visit-ulcinj.com\/blog\/wp-content\/uploads\/2012\/02\/Amir-Hollaj.jpg 531w\" sizes=\"(max-width: 221px) 100vw, 221px\" \/><\/a>Navodi da Holaj nije tra\u017eio konkretnu podr\u0161ku, ali da pozdravlja njegovu inicijativu.<br \/>\n\u2013 Ne o\u010dekujem povoljan rezultat, jer se zna na \u010dijoj su strani svi sudovi u Crnoj Gori, pa i Ustavni sud. Ali, da bi se na\u0161i predstavnici kvalitetno bavili pitanjem ste\u010denih prava pred me\u0111unarodnim organima potrebno je iscrpiti sve mehanizme ostvarivanja tih prava u Crnoj Gori \u2013 zaklju\u010dio je Camaj.<br \/>\nVlast, kako tvrde albanski opozicioni poslanici, nije pokazala dobru volju da po\u0161tuju zakone i Ustav kada se radi o autenti\u010dnoj zastupljenosti u Skup\u0161tini kao i o zastupljenosti u javnim slu\u017ebama, organima dr\u017eavne vlasti i lokalne samouprave. Javni dr\u017eavni servis, tvrde oni, emisiju na albanskom jeziku od jednog sata nedeljno, skratila je na 45 minuta da bi je nedavno svela na pola sata. Smatraju da su usvajanjem izbornog zakona Albancima oduzeta politi\u010dka ste\u010dena prava na pet poslani\u010dkih mjesta, a dono\u0161enjem zakona o teritorijalnoj organizaciji, prakti\u010dno je onemogu\u0107eno Malesiji\u2013Tuzi da dobije punopravnu op\u0161tinu.<br \/>\nMi. K. \u2013 Bo. M.<\/p>\n<p><strong><a href=\"http:\/\/www.dan.co.me\/?nivo=3&amp;rubrika=Politika&amp;clanak=321633&amp;datum=2012-02-28\" target=\"_blank\">Izvor: DAN<\/a><\/strong><\/p>\n","protected":false},"excerpt":{"rendered":"<p>Dr\u017eava nije spremna da albanskom narodu u Crnoj Gori iza\u0111e u susret i pomogne u ostvarivanju prava koja mu pripadaju, ocijenio je ju\u010de funkcioner Demokratskog saveza u Crnoj Gori Nikola Camaj. Predstavnik albanske koalicije Perspektiva Amir Holaj nedavno je kazao da \u0107e Albanci ste\u010dena prava tra\u017eiti pred Ustavnim sudom. Holaj je ju\u010de \u201eDanu\u201d kazao da [&hellip;]<\/p>\n","protected":false},"author":1,"featured_media":0,"comment_status":"open","ping_status":"closed","sticky":false,"template":"","format":"standard","meta":{"spay_email":"","jetpack_publicize_message":"","jetpack_is_tweetstorm":false,"jetpack_publicize_feature_enabled":true},"categories":[8337],"tags":[1520,1303,20,1940],"jetpack_publicize_connections":[],"yoast_head":"<!-- This site is optimized with the Yoast SEO plugin v19.1 - https:\/\/yoast.com\/wordpress\/plugins\/seo\/ -->\n<title>Camaj: Dr\u017eava Albancima ne izlazi u susret - Lajme nga Ulqini<\/title>\n<meta name=\"description\" content=\"Dr\u017eava nije spremna da albanskom narodu u Crnoj Gori iza\u0111e u susret i pomogne u ostvarivanju prava koja mu pripadaju, ocijenio je ju\u010de funkcioner\" \/>\n<meta name=\"robots\" content=\"index, follow, max-snippet:-1, max-image-preview:large, max-video-preview:-1\" \/>\n<link rel=\"canonical\" href=\"https:\/\/www.visit-ulcinj.com\/blog\/2012\/02\/28\/camaj-drzava-albancima-ne-izlazi-u-susret\/\" \/>\n<meta property=\"og:locale\" content=\"en_US\" \/>\n<meta property=\"og:type\" content=\"article\" \/>\n<meta property=\"og:title\" content=\"Camaj: Dr\u017eava Albancima ne izlazi u susret - Lajme nga Ulqini\" \/>\n<meta property=\"og:description\" content=\"Dr\u017eava nije spremna da albanskom narodu u Crnoj Gori iza\u0111e u susret i pomogne u ostvarivanju prava koja mu pripadaju, ocijenio je ju\u010de funkcioner\" \/>\n<meta property=\"og:url\" content=\"https:\/\/www.visit-ulcinj.com\/blog\/2012\/02\/28\/camaj-drzava-albancima-ne-izlazi-u-susret\/\" \/>\n<meta property=\"og:site_name\" content=\"Lajme nga Ulqini\" \/>\n<meta property=\"article:published_time\" content=\"2012-02-28T18:34:37+00:00\" \/>\n<meta property=\"og:image\" content=\"http:\/\/www.visit-ulcinj.com\/blog\/wp-content\/uploads\/2012\/02\/Nikolla-Camaj_Bil-Klinton.jpg\" \/>\n<meta name=\"twitter:label1\" content=\"Written by\" \/>\n\t<meta name=\"twitter:data1\" content=\"ulqini\" \/>\n\t<meta name=\"twitter:label2\" content=\"Est. reading time\" \/>\n\t<meta name=\"twitter:data2\" content=\"2 minutes\" \/>\n<script type=\"application\/ld+json\" class=\"yoast-schema-graph\">{\"@context\":\"https:\/\/schema.org\",\"@graph\":[{\"@type\":\"WebSite\",\"@id\":\"https:\/\/www.visit-ulcinj.com\/blog\/#website\",\"url\":\"https:\/\/www.visit-ulcinj.com\/blog\/\",\"name\":\"Lajme nga Ulqini\",\"description\":\"Lajme,Vijesti,Ulqini,Ulqin,Crna Gora,Mali i Zi\",\"potentialAction\":[{\"@type\":\"SearchAction\",\"target\":{\"@type\":\"EntryPoint\",\"urlTemplate\":\"https:\/\/www.visit-ulcinj.com\/blog\/?s={search_term_string}\"},\"query-input\":\"required name=search_term_string\"}],\"inLanguage\":\"en-US\"},{\"@type\":\"ImageObject\",\"inLanguage\":\"en-US\",\"@id\":\"https:\/\/www.visit-ulcinj.com\/blog\/2012\/02\/28\/camaj-drzava-albancima-ne-izlazi-u-susret\/#primaryimage\",\"url\":\"https:\/\/www.visit-ulcinj.com\/blog\/wp-content\/uploads\/2012\/02\/Nikolla-Camaj_Bil-Klinton.jpg\",\"contentUrl\":\"https:\/\/www.visit-ulcinj.com\/blog\/wp-content\/uploads\/2012\/02\/Nikolla-Camaj_Bil-Klinton.jpg\",\"width\":\"960\",\"height\":\"592\"},{\"@type\":\"WebPage\",\"@id\":\"https:\/\/www.visit-ulcinj.com\/blog\/2012\/02\/28\/camaj-drzava-albancima-ne-izlazi-u-susret\/#webpage\",\"url\":\"https:\/\/www.visit-ulcinj.com\/blog\/2012\/02\/28\/camaj-drzava-albancima-ne-izlazi-u-susret\/\",\"name\":\"Camaj: Dr\u017eava Albancima ne izlazi u susret - Lajme nga Ulqini\",\"isPartOf\":{\"@id\":\"https:\/\/www.visit-ulcinj.com\/blog\/#website\"},\"primaryImageOfPage\":{\"@id\":\"https:\/\/www.visit-ulcinj.com\/blog\/2012\/02\/28\/camaj-drzava-albancima-ne-izlazi-u-susret\/#primaryimage\"},\"datePublished\":\"2012-02-28T18:34:37+00:00\",\"dateModified\":\"2012-02-28T18:34:37+00:00\",\"author\":{\"@id\":\"https:\/\/www.visit-ulcinj.com\/blog\/#\/schema\/person\/dcab619c614d3038751c63bc2aadc06d\"},\"description\":\"Dr\u017eava nije spremna da albanskom narodu u Crnoj Gori iza\u0111e u susret i pomogne u ostvarivanju prava koja mu pripadaju, ocijenio je ju\u010de funkcioner\",\"breadcrumb\":{\"@id\":\"https:\/\/www.visit-ulcinj.com\/blog\/2012\/02\/28\/camaj-drzava-albancima-ne-izlazi-u-susret\/#breadcrumb\"},\"inLanguage\":\"en-US\",\"potentialAction\":[{\"@type\":\"ReadAction\",\"target\":[\"https:\/\/www.visit-ulcinj.com\/blog\/2012\/02\/28\/camaj-drzava-albancima-ne-izlazi-u-susret\/\"]}]},{\"@type\":\"BreadcrumbList\",\"@id\":\"https:\/\/www.visit-ulcinj.com\/blog\/2012\/02\/28\/camaj-drzava-albancima-ne-izlazi-u-susret\/#breadcrumb\",\"itemListElement\":[{\"@type\":\"ListItem\",\"position\":1,\"name\":\"Camaj: Dr\u017eava Albancima ne izlazi u susret\"}]},{\"@type\":\"Person\",\"@id\":\"https:\/\/www.visit-ulcinj.com\/blog\/#\/schema\/person\/dcab619c614d3038751c63bc2aadc06d\",\"name\":\"ulqini\",\"sameAs\":[\"http:\/\/www.visit-ulcinj.com\"],\"url\":\"https:\/\/www.visit-ulcinj.com\/blog\/author\/admin\/\"}]}<\/script>\n<!-- \/ Yoast SEO plugin. -->","yoast_head_json":{"title":"Camaj: Dr\u017eava Albancima ne izlazi u susret - Lajme nga Ulqini","description":"Dr\u017eava nije spremna da albanskom narodu u Crnoj Gori iza\u0111e u susret i pomogne u ostvarivanju prava koja mu pripadaju, ocijenio je ju\u010de funkcioner","robots":{"index":"index","follow":"follow","max-snippet":"max-snippet:-1","max-image-preview":"max-image-preview:large","max-video-preview":"max-video-preview:-1"},"canonical":"https:\/\/www.visit-ulcinj.com\/blog\/2012\/02\/28\/camaj-drzava-albancima-ne-izlazi-u-susret\/","og_locale":"en_US","og_type":"article","og_title":"Camaj: Dr\u017eava Albancima ne izlazi u susret - Lajme nga Ulqini","og_description":"Dr\u017eava nije spremna da albanskom narodu u Crnoj Gori iza\u0111e u susret i pomogne u ostvarivanju prava koja mu pripadaju, ocijenio je ju\u010de funkcioner","og_url":"https:\/\/www.visit-ulcinj.com\/blog\/2012\/02\/28\/camaj-drzava-albancima-ne-izlazi-u-susret\/","og_site_name":"Lajme nga Ulqini","article_published_time":"2012-02-28T18:34:37+00:00","og_image":[{"url":"http:\/\/www.visit-ulcinj.com\/blog\/wp-content\/uploads\/2012\/02\/Nikolla-Camaj_Bil-Klinton.jpg"}],"twitter_misc":{"Written by":"ulqini","Est. reading time":"2 minutes"},"schema":{"@context":"https:\/\/schema.org","@graph":[{"@type":"WebSite","@id":"https:\/\/www.visit-ulcinj.com\/blog\/#website","url":"https:\/\/www.visit-ulcinj.com\/blog\/","name":"Lajme nga Ulqini","description":"Lajme,Vijesti,Ulqini,Ulqin,Crna Gora,Mali i Zi","potentialAction":[{"@type":"SearchAction","target":{"@type":"EntryPoint","urlTemplate":"https:\/\/www.visit-ulcinj.com\/blog\/?s={search_term_string}"},"query-input":"required name=search_term_string"}],"inLanguage":"en-US"},{"@type":"ImageObject","inLanguage":"en-US","@id":"https:\/\/www.visit-ulcinj.com\/blog\/2012\/02\/28\/camaj-drzava-albancima-ne-izlazi-u-susret\/#primaryimage","url":"https:\/\/www.visit-ulcinj.com\/blog\/wp-content\/uploads\/2012\/02\/Nikolla-Camaj_Bil-Klinton.jpg","contentUrl":"https:\/\/www.visit-ulcinj.com\/blog\/wp-content\/uploads\/2012\/02\/Nikolla-Camaj_Bil-Klinton.jpg","width":"960","height":"592"},{"@type":"WebPage","@id":"https:\/\/www.visit-ulcinj.com\/blog\/2012\/02\/28\/camaj-drzava-albancima-ne-izlazi-u-susret\/#webpage","url":"https:\/\/www.visit-ulcinj.com\/blog\/2012\/02\/28\/camaj-drzava-albancima-ne-izlazi-u-susret\/","name":"Camaj: Dr\u017eava Albancima ne izlazi u susret - Lajme nga Ulqini","isPartOf":{"@id":"https:\/\/www.visit-ulcinj.com\/blog\/#website"},"primaryImageOfPage":{"@id":"https:\/\/www.visit-ulcinj.com\/blog\/2012\/02\/28\/camaj-drzava-albancima-ne-izlazi-u-susret\/#primaryimage"},"datePublished":"2012-02-28T18:34:37+00:00","dateModified":"2012-02-28T18:34:37+00:00","author":{"@id":"https:\/\/www.visit-ulcinj.com\/blog\/#\/schema\/person\/dcab619c614d3038751c63bc2aadc06d"},"description":"Dr\u017eava nije spremna da albanskom narodu u Crnoj Gori iza\u0111e u susret i pomogne u ostvarivanju prava koja mu pripadaju, ocijenio je ju\u010de funkcioner","breadcrumb":{"@id":"https:\/\/www.visit-ulcinj.com\/blog\/2012\/02\/28\/camaj-drzava-albancima-ne-izlazi-u-susret\/#breadcrumb"},"inLanguage":"en-US","potentialAction":[{"@type":"ReadAction","target":["https:\/\/www.visit-ulcinj.com\/blog\/2012\/02\/28\/camaj-drzava-albancima-ne-izlazi-u-susret\/"]}]},{"@type":"BreadcrumbList","@id":"https:\/\/www.visit-ulcinj.com\/blog\/2012\/02\/28\/camaj-drzava-albancima-ne-izlazi-u-susret\/#breadcrumb","itemListElement":[{"@type":"ListItem","position":1,"name":"Camaj: Dr\u017eava Albancima ne izlazi u susret"}]},{"@type":"Person","@id":"https:\/\/www.visit-ulcinj.com\/blog\/#\/schema\/person\/dcab619c614d3038751c63bc2aadc06d","name":"ulqini","sameAs":["http:\/\/www.visit-ulcinj.com"],"url":"https:\/\/www.visit-ulcinj.com\/blog\/author\/admin\/"}]}},"jetpack_featured_media_url":"","jetpack_sharing_enabled":true,"jetpack_shortlink":"https:\/\/wp.me\/pe6lTn-f2n","_links":{"self":[{"href":"https:\/\/www.visit-ulcinj.com\/blog\/wp-json\/wp\/v2\/posts\/57807"}],"collection":[{"href":"https:\/\/www.visit-ulcinj.com\/blog\/wp-json\/wp\/v2\/posts"}],"about":[{"href":"https:\/\/www.visit-ulcinj.com\/blog\/wp-json\/wp\/v2\/types\/post"}],"author":[{"embeddable":true,"href":"https:\/\/www.visit-ulcinj.com\/blog\/wp-json\/wp\/v2\/users\/1"}],"replies":[{"embeddable":true,"href":"https:\/\/www.visit-ulcinj.com\/blog\/wp-json\/wp\/v2\/comments?post=57807"}],"version-history":[{"count":1,"href":"https:\/\/www.visit-ulcinj.com\/blog\/wp-json\/wp\/v2\/posts\/57807\/revisions"}],"predecessor-version":[{"id":57811,"href":"https:\/\/www.visit-ulcinj.com\/blog\/wp-json\/wp\/v2\/posts\/57807\/revisions\/57811"}],"wp:attachment":[{"href":"https:\/\/www.visit-ulcinj.com\/blog\/wp-json\/wp\/v2\/media?parent=57807"}],"wp:term":[{"taxonomy":"category","embeddable":true,"href":"https:\/\/www.visit-ulcinj.com\/blog\/wp-json\/wp\/v2\/categories?post=57807"},{"taxonomy":"post_tag","embeddable":true,"href":"https:\/\/www.visit-ulcinj.com\/blog\/wp-json\/wp\/v2\/tags?post=57807"}],"curies":[{"name":"wp","href":"https:\/\/api.w.org\/{rel}","templated":true}]}}