{"id":5781,"date":"2008-11-10T15:02:10","date_gmt":"2008-11-10T20:02:10","guid":{"rendered":"http:\/\/www.visit-ulcinj.com\/blog\/?p=5781"},"modified":"2008-11-10T15:02:10","modified_gmt":"2008-11-10T20:02:10","slug":"crna-gora-11-decembra-podnosi-aplikaciju-za-clanstvo-u-eu","status":"publish","type":"post","link":"https:\/\/www.visit-ulcinj.com\/blog\/2008\/11\/10\/crna-gora-11-decembra-podnosi-aplikaciju-za-clanstvo-u-eu\/","title":{"rendered":"Crna Gora 11. decembra podnosi aplikaciju za ?lanstvo u EU?"},"content":{"rendered":"<p><a href=\"http:\/\/www.visit-ulcinj.com\/blog\/wp-content\/uploads\/2008\/02\/milo-djukanovic.jpg\"><img loading=\"lazy\" class=\"alignleft size-medium wp-image-422\" title=\"Milo Djukanovic1\" src=\"http:\/\/www.visit-ulcinj.com\/blog\/wp-content\/uploads\/2008\/02\/milo-djukanovic.jpg\" alt=\"\" width=\"299\" height=\"300\" \/><\/a>PODGORICA \u2013 Crnogorska Vlada ?e aplicirati za status kandidata za ?lanstvo u EU prije 18. decembra kada je predvi?ena sjednica klju?nog tijela briselske administracije \u2013Evropskog savjeta\u2013potvr?eno je Republici u dr\u017eavnom vrhu.<br \/>\nIzvor lista iz dr\u017eavnog vrha je saop\u0161tio da je najvjerovatniji datum podno\u0161enja zahtjeva za ?lanstvo 11. decembar, kada bi nakon sjednice Vlade trebalo da bude objelodanjeno pismo odnosno namjera o aplikaciji.<br \/>\n&#8211; Politi?ka odluka o aplikaciji je donijeta i mi ?emo to uraditi prije sjednice Evropskog savjeta 18. decembra na kome ?e biti samit svih evropskih lidera. Time bi najva\u017enijem tijelu EU ostavili rok od nekoliko dana da se upoznaju sa na\u0161im namjerama. Svjesni smo da postoje izvjesne rezerve i da preuzimamo politi?ki rizik da bi na\u0161a aplikacija jedno vrijeme mo\u017eda mogla biti nerazmatrana \u2013rekao je sagovornik lista iz dr\u017eavnog vrha.<br \/>\nEvropski savjet je najva\u017eniji politi?ki organ EU koje ?ine predsjednici dr\u017eava ili vlada dr\u017eava ?lanica EU, koje naj?e\u0161?e prate ministri spoljnih poslova kao i predsjednik Evropske komisije Jose Manuel Barroso. On je objasnio da bi uz aplikaciju, odnosno pismo o namjerama Crne Gore da postane ?lanica EU, i\u0161la i Rezolucija o ubrzanju evropskih i evroatlantskih integracija. Sagovornik lista je dodao da je potpredsjednica vlade za evropske integracije Gordana ?urovi? ve? napravila Prijedlog podno\u0161enja zahtjeva za ?lanstvo dr\u017eave u EU.<br \/>\n<strong>Izvor \/ Republika<\/strong><\/p>\n","protected":false},"excerpt":{"rendered":"<p>PODGORICA \u2013 Crnogorska Vlada ?e aplicirati za status kandidata za ?lanstvo u EU prije 18. decembra kada je predvi?ena sjednica klju?nog tijela briselske administracije \u2013Evropskog savjeta\u2013potvr?eno je Republici u dr\u017eavnom vrhu. Izvor lista iz dr\u017eavnog vrha je saop\u0161tio da je najvjerovatniji datum podno\u0161enja zahtjeva za ?lanstvo 11. decembar, kada bi nakon sjednice Vlade trebalo da [&hellip;]<\/p>\n","protected":false},"author":1,"featured_media":0,"comment_status":"open","ping_status":"closed","sticky":false,"template":"","format":"standard","meta":{"spay_email":"","jetpack_publicize_message":"","jetpack_is_tweetstorm":false,"jetpack_publicize_feature_enabled":true},"categories":[6],"tags":[2479,924],"jetpack_publicize_connections":[],"yoast_head":"<!-- This site is optimized with the Yoast SEO plugin v19.1 - https:\/\/yoast.com\/wordpress\/plugins\/seo\/ -->\n<title>Crna Gora 11. decembra podnosi aplikaciju za ?lanstvo u EU? - Lajme nga Ulqini<\/title>\n<meta name=\"description\" content=\"PODGORICA \u2013 Crnogorska Vlada ?e aplicirati za status kandidata za ?lanstvo u EU prije 18. decembra kada je predvi?ena sjednica klju?nog tijela briselske\" \/>\n<meta name=\"robots\" content=\"index, follow, max-snippet:-1, max-image-preview:large, max-video-preview:-1\" \/>\n<link rel=\"canonical\" href=\"https:\/\/www.visit-ulcinj.com\/blog\/2008\/11\/10\/crna-gora-11-decembra-podnosi-aplikaciju-za-clanstvo-u-eu\/\" \/>\n<meta property=\"og:locale\" content=\"en_US\" \/>\n<meta property=\"og:type\" content=\"article\" \/>\n<meta property=\"og:title\" content=\"Crna Gora 11. decembra podnosi aplikaciju za ?lanstvo u EU? - Lajme nga Ulqini\" \/>\n<meta property=\"og:description\" content=\"PODGORICA \u2013 Crnogorska Vlada ?e aplicirati za status kandidata za ?lanstvo u EU prije 18. decembra kada je predvi?ena sjednica klju?nog tijela briselske\" \/>\n<meta property=\"og:url\" content=\"https:\/\/www.visit-ulcinj.com\/blog\/2008\/11\/10\/crna-gora-11-decembra-podnosi-aplikaciju-za-clanstvo-u-eu\/\" \/>\n<meta property=\"og:site_name\" content=\"Lajme nga Ulqini\" \/>\n<meta property=\"article:published_time\" content=\"2008-11-10T20:02:10+00:00\" \/>\n<meta property=\"og:image\" content=\"http:\/\/www.visit-ulcinj.com\/blog\/wp-content\/uploads\/2008\/02\/milo-djukanovic.jpg\" \/>\n<meta name=\"twitter:label1\" content=\"Written by\" \/>\n\t<meta name=\"twitter:data1\" content=\"ulqini\" \/>\n\t<meta name=\"twitter:label2\" content=\"Est. reading time\" \/>\n\t<meta name=\"twitter:data2\" content=\"1 minute\" \/>\n<script type=\"application\/ld+json\" class=\"yoast-schema-graph\">{\"@context\":\"https:\/\/schema.org\",\"@graph\":[{\"@type\":\"WebSite\",\"@id\":\"https:\/\/www.visit-ulcinj.com\/blog\/#website\",\"url\":\"https:\/\/www.visit-ulcinj.com\/blog\/\",\"name\":\"Lajme nga Ulqini\",\"description\":\"Lajme,Vijesti,Ulqini,Ulqin,Crna Gora,Mali i Zi\",\"potentialAction\":[{\"@type\":\"SearchAction\",\"target\":{\"@type\":\"EntryPoint\",\"urlTemplate\":\"https:\/\/www.visit-ulcinj.com\/blog\/?s={search_term_string}\"},\"query-input\":\"required name=search_term_string\"}],\"inLanguage\":\"en-US\"},{\"@type\":\"ImageObject\",\"inLanguage\":\"en-US\",\"@id\":\"https:\/\/www.visit-ulcinj.com\/blog\/2008\/11\/10\/crna-gora-11-decembra-podnosi-aplikaciju-za-clanstvo-u-eu\/#primaryimage\",\"url\":\"http:\/\/www.visit-ulcinj.com\/blog\/wp-content\/uploads\/2008\/02\/milo-djukanovic.jpg\",\"contentUrl\":\"http:\/\/www.visit-ulcinj.com\/blog\/wp-content\/uploads\/2008\/02\/milo-djukanovic.jpg\"},{\"@type\":\"WebPage\",\"@id\":\"https:\/\/www.visit-ulcinj.com\/blog\/2008\/11\/10\/crna-gora-11-decembra-podnosi-aplikaciju-za-clanstvo-u-eu\/#webpage\",\"url\":\"https:\/\/www.visit-ulcinj.com\/blog\/2008\/11\/10\/crna-gora-11-decembra-podnosi-aplikaciju-za-clanstvo-u-eu\/\",\"name\":\"Crna Gora 11. decembra podnosi aplikaciju za ?lanstvo u EU? - Lajme nga Ulqini\",\"isPartOf\":{\"@id\":\"https:\/\/www.visit-ulcinj.com\/blog\/#website\"},\"primaryImageOfPage\":{\"@id\":\"https:\/\/www.visit-ulcinj.com\/blog\/2008\/11\/10\/crna-gora-11-decembra-podnosi-aplikaciju-za-clanstvo-u-eu\/#primaryimage\"},\"datePublished\":\"2008-11-10T20:02:10+00:00\",\"dateModified\":\"2008-11-10T20:02:10+00:00\",\"author\":{\"@id\":\"https:\/\/www.visit-ulcinj.com\/blog\/#\/schema\/person\/dcab619c614d3038751c63bc2aadc06d\"},\"description\":\"PODGORICA \u2013 Crnogorska Vlada ?e aplicirati za status kandidata za ?lanstvo u EU prije 18. decembra kada je predvi?ena sjednica klju?nog tijela briselske\",\"breadcrumb\":{\"@id\":\"https:\/\/www.visit-ulcinj.com\/blog\/2008\/11\/10\/crna-gora-11-decembra-podnosi-aplikaciju-za-clanstvo-u-eu\/#breadcrumb\"},\"inLanguage\":\"en-US\",\"potentialAction\":[{\"@type\":\"ReadAction\",\"target\":[\"https:\/\/www.visit-ulcinj.com\/blog\/2008\/11\/10\/crna-gora-11-decembra-podnosi-aplikaciju-za-clanstvo-u-eu\/\"]}]},{\"@type\":\"BreadcrumbList\",\"@id\":\"https:\/\/www.visit-ulcinj.com\/blog\/2008\/11\/10\/crna-gora-11-decembra-podnosi-aplikaciju-za-clanstvo-u-eu\/#breadcrumb\",\"itemListElement\":[{\"@type\":\"ListItem\",\"position\":1,\"name\":\"Crna Gora 11. decembra podnosi aplikaciju za ?lanstvo u EU?\"}]},{\"@type\":\"Person\",\"@id\":\"https:\/\/www.visit-ulcinj.com\/blog\/#\/schema\/person\/dcab619c614d3038751c63bc2aadc06d\",\"name\":\"ulqini\",\"sameAs\":[\"http:\/\/www.visit-ulcinj.com\"],\"url\":\"https:\/\/www.visit-ulcinj.com\/blog\/author\/admin\/\"}]}<\/script>\n<!-- \/ Yoast SEO plugin. -->","yoast_head_json":{"title":"Crna Gora 11. decembra podnosi aplikaciju za ?lanstvo u EU? - Lajme nga Ulqini","description":"PODGORICA \u2013 Crnogorska Vlada ?e aplicirati za status kandidata za ?lanstvo u EU prije 18. decembra kada je predvi?ena sjednica klju?nog tijela briselske","robots":{"index":"index","follow":"follow","max-snippet":"max-snippet:-1","max-image-preview":"max-image-preview:large","max-video-preview":"max-video-preview:-1"},"canonical":"https:\/\/www.visit-ulcinj.com\/blog\/2008\/11\/10\/crna-gora-11-decembra-podnosi-aplikaciju-za-clanstvo-u-eu\/","og_locale":"en_US","og_type":"article","og_title":"Crna Gora 11. decembra podnosi aplikaciju za ?lanstvo u EU? - Lajme nga Ulqini","og_description":"PODGORICA \u2013 Crnogorska Vlada ?e aplicirati za status kandidata za ?lanstvo u EU prije 18. decembra kada je predvi?ena sjednica klju?nog tijela briselske","og_url":"https:\/\/www.visit-ulcinj.com\/blog\/2008\/11\/10\/crna-gora-11-decembra-podnosi-aplikaciju-za-clanstvo-u-eu\/","og_site_name":"Lajme nga Ulqini","article_published_time":"2008-11-10T20:02:10+00:00","og_image":[{"url":"http:\/\/www.visit-ulcinj.com\/blog\/wp-content\/uploads\/2008\/02\/milo-djukanovic.jpg"}],"twitter_misc":{"Written by":"ulqini","Est. reading time":"1 minute"},"schema":{"@context":"https:\/\/schema.org","@graph":[{"@type":"WebSite","@id":"https:\/\/www.visit-ulcinj.com\/blog\/#website","url":"https:\/\/www.visit-ulcinj.com\/blog\/","name":"Lajme nga Ulqini","description":"Lajme,Vijesti,Ulqini,Ulqin,Crna Gora,Mali i Zi","potentialAction":[{"@type":"SearchAction","target":{"@type":"EntryPoint","urlTemplate":"https:\/\/www.visit-ulcinj.com\/blog\/?s={search_term_string}"},"query-input":"required name=search_term_string"}],"inLanguage":"en-US"},{"@type":"ImageObject","inLanguage":"en-US","@id":"https:\/\/www.visit-ulcinj.com\/blog\/2008\/11\/10\/crna-gora-11-decembra-podnosi-aplikaciju-za-clanstvo-u-eu\/#primaryimage","url":"http:\/\/www.visit-ulcinj.com\/blog\/wp-content\/uploads\/2008\/02\/milo-djukanovic.jpg","contentUrl":"http:\/\/www.visit-ulcinj.com\/blog\/wp-content\/uploads\/2008\/02\/milo-djukanovic.jpg"},{"@type":"WebPage","@id":"https:\/\/www.visit-ulcinj.com\/blog\/2008\/11\/10\/crna-gora-11-decembra-podnosi-aplikaciju-za-clanstvo-u-eu\/#webpage","url":"https:\/\/www.visit-ulcinj.com\/blog\/2008\/11\/10\/crna-gora-11-decembra-podnosi-aplikaciju-za-clanstvo-u-eu\/","name":"Crna Gora 11. decembra podnosi aplikaciju za ?lanstvo u EU? - Lajme nga Ulqini","isPartOf":{"@id":"https:\/\/www.visit-ulcinj.com\/blog\/#website"},"primaryImageOfPage":{"@id":"https:\/\/www.visit-ulcinj.com\/blog\/2008\/11\/10\/crna-gora-11-decembra-podnosi-aplikaciju-za-clanstvo-u-eu\/#primaryimage"},"datePublished":"2008-11-10T20:02:10+00:00","dateModified":"2008-11-10T20:02:10+00:00","author":{"@id":"https:\/\/www.visit-ulcinj.com\/blog\/#\/schema\/person\/dcab619c614d3038751c63bc2aadc06d"},"description":"PODGORICA \u2013 Crnogorska Vlada ?e aplicirati za status kandidata za ?lanstvo u EU prije 18. decembra kada je predvi?ena sjednica klju?nog tijela briselske","breadcrumb":{"@id":"https:\/\/www.visit-ulcinj.com\/blog\/2008\/11\/10\/crna-gora-11-decembra-podnosi-aplikaciju-za-clanstvo-u-eu\/#breadcrumb"},"inLanguage":"en-US","potentialAction":[{"@type":"ReadAction","target":["https:\/\/www.visit-ulcinj.com\/blog\/2008\/11\/10\/crna-gora-11-decembra-podnosi-aplikaciju-za-clanstvo-u-eu\/"]}]},{"@type":"BreadcrumbList","@id":"https:\/\/www.visit-ulcinj.com\/blog\/2008\/11\/10\/crna-gora-11-decembra-podnosi-aplikaciju-za-clanstvo-u-eu\/#breadcrumb","itemListElement":[{"@type":"ListItem","position":1,"name":"Crna Gora 11. decembra podnosi aplikaciju za ?lanstvo u EU?"}]},{"@type":"Person","@id":"https:\/\/www.visit-ulcinj.com\/blog\/#\/schema\/person\/dcab619c614d3038751c63bc2aadc06d","name":"ulqini","sameAs":["http:\/\/www.visit-ulcinj.com"],"url":"https:\/\/www.visit-ulcinj.com\/blog\/author\/admin\/"}]}},"jetpack_featured_media_url":"","jetpack_sharing_enabled":true,"jetpack_shortlink":"https:\/\/wp.me\/pe6lTn-1vf","_links":{"self":[{"href":"https:\/\/www.visit-ulcinj.com\/blog\/wp-json\/wp\/v2\/posts\/5781"}],"collection":[{"href":"https:\/\/www.visit-ulcinj.com\/blog\/wp-json\/wp\/v2\/posts"}],"about":[{"href":"https:\/\/www.visit-ulcinj.com\/blog\/wp-json\/wp\/v2\/types\/post"}],"author":[{"embeddable":true,"href":"https:\/\/www.visit-ulcinj.com\/blog\/wp-json\/wp\/v2\/users\/1"}],"replies":[{"embeddable":true,"href":"https:\/\/www.visit-ulcinj.com\/blog\/wp-json\/wp\/v2\/comments?post=5781"}],"version-history":[{"count":0,"href":"https:\/\/www.visit-ulcinj.com\/blog\/wp-json\/wp\/v2\/posts\/5781\/revisions"}],"wp:attachment":[{"href":"https:\/\/www.visit-ulcinj.com\/blog\/wp-json\/wp\/v2\/media?parent=5781"}],"wp:term":[{"taxonomy":"category","embeddable":true,"href":"https:\/\/www.visit-ulcinj.com\/blog\/wp-json\/wp\/v2\/categories?post=5781"},{"taxonomy":"post_tag","embeddable":true,"href":"https:\/\/www.visit-ulcinj.com\/blog\/wp-json\/wp\/v2\/tags?post=5781"}],"curies":[{"name":"wp","href":"https:\/\/api.w.org\/{rel}","templated":true}]}}