{"id":57814,"date":"2012-02-28T22:29:19","date_gmt":"2012-02-28T21:29:19","guid":{"rendered":"http:\/\/www.visit-ulcinj.com\/blog\/?p=57814"},"modified":"2012-02-29T10:01:02","modified_gmt":"2012-02-29T09:01:02","slug":"ana-zivanovic-govor-ulcinja-moj-grad","status":"publish","type":"post","link":"https:\/\/www.visit-ulcinj.com\/blog\/2012\/02\/28\/ana-zivanovic-govor-ulcinja-moj-grad\/","title":{"rendered":"Ana \u017divanovi\u0107: Govor Ulcinja &#8211; Moj Grad"},"content":{"rendered":"<p><strong><em>M<\/em><em>oj grad:<\/em><\/strong><\/p>\n<p align=\"center\"><strong>Govor Ulcinja<\/strong><\/p>\n<p><a href=\"http:\/\/www.visit-ulcinj.com\/blog\/wp-content\/uploads\/2012\/02\/Ana-Zivanovic_Govor-Ulcinja-Moj-Grad.jpg\"><img loading=\"lazy\" class=\"alignleft size-full wp-image-57815\" title=\"Ana Zivanovic_Govor Ulcinja - Moj Grad\" src=\"http:\/\/www.visit-ulcinj.com\/blog\/wp-content\/uploads\/2012\/02\/Ana-Zivanovic_Govor-Ulcinja-Moj-Grad.jpg\" alt=\"\" width=\"300\" height=\"438\" \/><\/a>Mnogo je vode Bojanom proteklo od moga postanka. \u017divim ve\u0107 25 vjekova. Moji su djedovi preci desetinama naroda. U mojoj du\u0161i u jedinstvu \u017eive Istok i Zapad, Evropa i Azija. Licem sam okrenut prema Otranskim vratima, a na le\u0111ima nosim brda i polja sa jezerima, maslinjacima, mo\u010dvarama i rijekom.<\/p>\n<p>Inspirisao sam mnoge pisce i pjesnike,\u00a0 boeme i pomodare.\u00a0 Zaveo sam mnogo putnika namjernika. Privio sam na svoje grudi sa istom naklono\u0161\u0107u i uboge izbjeglice i ljute gusare. Star sam, mnogo sam star.<\/p>\n<p>Mojim venama te\u010de Bojana. Nakitili ste je ku\u0107ama i zatrovali zarad svog \u0107efa. Pra\u0161tam vam, ali ni vi ne zamjerite kada se moja vena prolije.<\/p>\n<p>U mojim se vodama ljeti kupa \u010detrdeset nacija. Svi Vi rado pamtite turiste iz Njema\u010dke, a zaboravljate kako ste prije njihovog dolaska bolje obra\u0111ivali moja polja. Sada biste radije na tim mjestima gledali terene za golf od \u017eitnih polja.<\/p>\n<p>A, Vi, tamo neki bilo gdje da ste, otrovani predrasudama, \u0161to ne znate da za istim stolom mogu jesti i piti oni koji se krste sa onima \u0161to klanjaju, opra\u0161tam Vam ako na pomen moga imena prevrnete o\u010dima. Prevrnu ih \u010desto i ovi meni bli\u017ei. Opra\u0161tam Vam svima neznanje.<\/p>\n<p>Opra\u0161tam i onima koji su se podsmjevali Ljepoti poroka na Adi Bojani, jer njihova djeca danas su nudisti.<\/p>\n<p>Mnogi su od mene dobro zaradili, a neki su se i stidjeli da ka\u017eu da su moji sinovi. Opra\u0161tam im svima.<\/p>\n<p>Kako god da se desi \u2013 ja postojim, bilo da sam lijep, suncem okupan, bilo da sam naru\u017een ili pak osaka\u0107en ru\u0161evinama. Postojim i moji bedemi stra\u0161ni prkose talasima kao bedemi ni jednog jedinog grada na Jadranu.<\/p>\n<p>&nbsp;<\/p>\n<p>&nbsp;<\/p>\n<p align=\"right\">Pi\u0161e: Ana \u017divanovi\u0107<\/p>\n<p align=\"right\">Objavljeno: \u201eDnevne novine\u201c<\/p>\n<p style=\"text-align: left;\" align=\"right\"><!--YouTube Error: bad URL entered--><\/p>\n","protected":false},"excerpt":{"rendered":"<p>Moj grad: Govor Ulcinja Mnogo je vode Bojanom proteklo od moga postanka. \u017divim ve\u0107 25 vjekova. Moji su djedovi preci desetinama naroda. U mojoj du\u0161i u jedinstvu \u017eive Istok i Zapad, Evropa i Azija. Licem sam okrenut prema Otranskim vratima, a na le\u0111ima nosim brda i polja sa jezerima, maslinjacima, mo\u010dvarama i rijekom. Inspirisao sam [&hellip;]<\/p>\n","protected":false},"author":1,"featured_media":0,"comment_status":"open","ping_status":"closed","sticky":false,"template":"","format":"standard","meta":{"spay_email":"","jetpack_publicize_message":"","jetpack_is_tweetstorm":false,"jetpack_publicize_feature_enabled":true},"categories":[8337],"tags":[138,19956,250,19,265],"jetpack_publicize_connections":[],"yoast_head":"<!-- This site is optimized with the Yoast SEO plugin v19.1 - https:\/\/yoast.com\/wordpress\/plugins\/seo\/ -->\n<title>Ana \u017divanovi\u0107: Govor Ulcinja - Moj Grad - Lajme nga Ulqini<\/title>\n<meta name=\"description\" content=\"Moj grad: Govor Ulcinja Mnogo je vode Bojanom proteklo od moga postanka. \u017divim ve\u0107 25 vjekova. Moji su djedovi preci desetinama naroda. U mojoj du\u0161i u\" \/>\n<meta name=\"robots\" content=\"index, follow, max-snippet:-1, max-image-preview:large, max-video-preview:-1\" \/>\n<link rel=\"canonical\" href=\"https:\/\/www.visit-ulcinj.com\/blog\/2012\/02\/28\/ana-zivanovic-govor-ulcinja-moj-grad\/\" \/>\n<meta property=\"og:locale\" content=\"en_US\" \/>\n<meta property=\"og:type\" content=\"article\" \/>\n<meta property=\"og:title\" content=\"Ana \u017divanovi\u0107: Govor Ulcinja - Moj Grad - Lajme nga Ulqini\" \/>\n<meta property=\"og:description\" content=\"Moj grad: Govor Ulcinja Mnogo je vode Bojanom proteklo od moga postanka. \u017divim ve\u0107 25 vjekova. Moji su djedovi preci desetinama naroda. U mojoj du\u0161i u\" \/>\n<meta property=\"og:url\" content=\"https:\/\/www.visit-ulcinj.com\/blog\/2012\/02\/28\/ana-zivanovic-govor-ulcinja-moj-grad\/\" \/>\n<meta property=\"og:site_name\" content=\"Lajme nga Ulqini\" \/>\n<meta property=\"article:published_time\" content=\"2012-02-28T21:29:19+00:00\" \/>\n<meta property=\"article:modified_time\" content=\"2012-02-29T09:01:02+00:00\" \/>\n<meta property=\"og:image\" content=\"http:\/\/www.visit-ulcinj.com\/blog\/wp-content\/uploads\/2012\/02\/Ana-Zivanovic_Govor-Ulcinja-Moj-Grad.jpg\" \/>\n<meta name=\"twitter:label1\" content=\"Written by\" \/>\n\t<meta name=\"twitter:data1\" content=\"ulqini\" \/>\n\t<meta name=\"twitter:label2\" content=\"Est. reading time\" \/>\n\t<meta name=\"twitter:data2\" content=\"2 minutes\" \/>\n<script type=\"application\/ld+json\" class=\"yoast-schema-graph\">{\"@context\":\"https:\/\/schema.org\",\"@graph\":[{\"@type\":\"WebSite\",\"@id\":\"https:\/\/www.visit-ulcinj.com\/blog\/#website\",\"url\":\"https:\/\/www.visit-ulcinj.com\/blog\/\",\"name\":\"Lajme nga Ulqini\",\"description\":\"Lajme,Vijesti,Ulqini,Ulqin,Crna Gora,Mali i Zi\",\"potentialAction\":[{\"@type\":\"SearchAction\",\"target\":{\"@type\":\"EntryPoint\",\"urlTemplate\":\"https:\/\/www.visit-ulcinj.com\/blog\/?s={search_term_string}\"},\"query-input\":\"required name=search_term_string\"}],\"inLanguage\":\"en-US\"},{\"@type\":\"ImageObject\",\"inLanguage\":\"en-US\",\"@id\":\"https:\/\/www.visit-ulcinj.com\/blog\/2012\/02\/28\/ana-zivanovic-govor-ulcinja-moj-grad\/#primaryimage\",\"url\":\"http:\/\/www.visit-ulcinj.com\/blog\/wp-content\/uploads\/2012\/02\/Ana-Zivanovic_Govor-Ulcinja-Moj-Grad.jpg\",\"contentUrl\":\"http:\/\/www.visit-ulcinj.com\/blog\/wp-content\/uploads\/2012\/02\/Ana-Zivanovic_Govor-Ulcinja-Moj-Grad.jpg\"},{\"@type\":\"WebPage\",\"@id\":\"https:\/\/www.visit-ulcinj.com\/blog\/2012\/02\/28\/ana-zivanovic-govor-ulcinja-moj-grad\/#webpage\",\"url\":\"https:\/\/www.visit-ulcinj.com\/blog\/2012\/02\/28\/ana-zivanovic-govor-ulcinja-moj-grad\/\",\"name\":\"Ana \u017divanovi\u0107: Govor Ulcinja - Moj Grad - Lajme nga Ulqini\",\"isPartOf\":{\"@id\":\"https:\/\/www.visit-ulcinj.com\/blog\/#website\"},\"primaryImageOfPage\":{\"@id\":\"https:\/\/www.visit-ulcinj.com\/blog\/2012\/02\/28\/ana-zivanovic-govor-ulcinja-moj-grad\/#primaryimage\"},\"datePublished\":\"2012-02-28T21:29:19+00:00\",\"dateModified\":\"2012-02-29T09:01:02+00:00\",\"author\":{\"@id\":\"https:\/\/www.visit-ulcinj.com\/blog\/#\/schema\/person\/dcab619c614d3038751c63bc2aadc06d\"},\"description\":\"Moj grad: Govor Ulcinja Mnogo je vode Bojanom proteklo od moga postanka. \u017divim ve\u0107 25 vjekova. Moji su djedovi preci desetinama naroda. U mojoj du\u0161i u\",\"breadcrumb\":{\"@id\":\"https:\/\/www.visit-ulcinj.com\/blog\/2012\/02\/28\/ana-zivanovic-govor-ulcinja-moj-grad\/#breadcrumb\"},\"inLanguage\":\"en-US\",\"potentialAction\":[{\"@type\":\"ReadAction\",\"target\":[\"https:\/\/www.visit-ulcinj.com\/blog\/2012\/02\/28\/ana-zivanovic-govor-ulcinja-moj-grad\/\"]}]},{\"@type\":\"BreadcrumbList\",\"@id\":\"https:\/\/www.visit-ulcinj.com\/blog\/2012\/02\/28\/ana-zivanovic-govor-ulcinja-moj-grad\/#breadcrumb\",\"itemListElement\":[{\"@type\":\"ListItem\",\"position\":1,\"name\":\"Ana \u017divanovi\u0107: Govor Ulcinja &#8211; Moj Grad\"}]},{\"@type\":\"Person\",\"@id\":\"https:\/\/www.visit-ulcinj.com\/blog\/#\/schema\/person\/dcab619c614d3038751c63bc2aadc06d\",\"name\":\"ulqini\",\"sameAs\":[\"http:\/\/www.visit-ulcinj.com\"],\"url\":\"https:\/\/www.visit-ulcinj.com\/blog\/author\/admin\/\"}]}<\/script>\n<!-- \/ Yoast SEO plugin. -->","yoast_head_json":{"title":"Ana \u017divanovi\u0107: Govor Ulcinja - Moj Grad - Lajme nga Ulqini","description":"Moj grad: Govor Ulcinja Mnogo je vode Bojanom proteklo od moga postanka. \u017divim ve\u0107 25 vjekova. Moji su djedovi preci desetinama naroda. U mojoj du\u0161i u","robots":{"index":"index","follow":"follow","max-snippet":"max-snippet:-1","max-image-preview":"max-image-preview:large","max-video-preview":"max-video-preview:-1"},"canonical":"https:\/\/www.visit-ulcinj.com\/blog\/2012\/02\/28\/ana-zivanovic-govor-ulcinja-moj-grad\/","og_locale":"en_US","og_type":"article","og_title":"Ana \u017divanovi\u0107: Govor Ulcinja - Moj Grad - Lajme nga Ulqini","og_description":"Moj grad: Govor Ulcinja Mnogo je vode Bojanom proteklo od moga postanka. \u017divim ve\u0107 25 vjekova. Moji su djedovi preci desetinama naroda. U mojoj du\u0161i u","og_url":"https:\/\/www.visit-ulcinj.com\/blog\/2012\/02\/28\/ana-zivanovic-govor-ulcinja-moj-grad\/","og_site_name":"Lajme nga Ulqini","article_published_time":"2012-02-28T21:29:19+00:00","article_modified_time":"2012-02-29T09:01:02+00:00","og_image":[{"url":"http:\/\/www.visit-ulcinj.com\/blog\/wp-content\/uploads\/2012\/02\/Ana-Zivanovic_Govor-Ulcinja-Moj-Grad.jpg"}],"twitter_misc":{"Written by":"ulqini","Est. reading time":"2 minutes"},"schema":{"@context":"https:\/\/schema.org","@graph":[{"@type":"WebSite","@id":"https:\/\/www.visit-ulcinj.com\/blog\/#website","url":"https:\/\/www.visit-ulcinj.com\/blog\/","name":"Lajme nga Ulqini","description":"Lajme,Vijesti,Ulqini,Ulqin,Crna Gora,Mali i Zi","potentialAction":[{"@type":"SearchAction","target":{"@type":"EntryPoint","urlTemplate":"https:\/\/www.visit-ulcinj.com\/blog\/?s={search_term_string}"},"query-input":"required name=search_term_string"}],"inLanguage":"en-US"},{"@type":"ImageObject","inLanguage":"en-US","@id":"https:\/\/www.visit-ulcinj.com\/blog\/2012\/02\/28\/ana-zivanovic-govor-ulcinja-moj-grad\/#primaryimage","url":"http:\/\/www.visit-ulcinj.com\/blog\/wp-content\/uploads\/2012\/02\/Ana-Zivanovic_Govor-Ulcinja-Moj-Grad.jpg","contentUrl":"http:\/\/www.visit-ulcinj.com\/blog\/wp-content\/uploads\/2012\/02\/Ana-Zivanovic_Govor-Ulcinja-Moj-Grad.jpg"},{"@type":"WebPage","@id":"https:\/\/www.visit-ulcinj.com\/blog\/2012\/02\/28\/ana-zivanovic-govor-ulcinja-moj-grad\/#webpage","url":"https:\/\/www.visit-ulcinj.com\/blog\/2012\/02\/28\/ana-zivanovic-govor-ulcinja-moj-grad\/","name":"Ana \u017divanovi\u0107: Govor Ulcinja - Moj Grad - Lajme nga Ulqini","isPartOf":{"@id":"https:\/\/www.visit-ulcinj.com\/blog\/#website"},"primaryImageOfPage":{"@id":"https:\/\/www.visit-ulcinj.com\/blog\/2012\/02\/28\/ana-zivanovic-govor-ulcinja-moj-grad\/#primaryimage"},"datePublished":"2012-02-28T21:29:19+00:00","dateModified":"2012-02-29T09:01:02+00:00","author":{"@id":"https:\/\/www.visit-ulcinj.com\/blog\/#\/schema\/person\/dcab619c614d3038751c63bc2aadc06d"},"description":"Moj grad: Govor Ulcinja Mnogo je vode Bojanom proteklo od moga postanka. \u017divim ve\u0107 25 vjekova. Moji su djedovi preci desetinama naroda. U mojoj du\u0161i u","breadcrumb":{"@id":"https:\/\/www.visit-ulcinj.com\/blog\/2012\/02\/28\/ana-zivanovic-govor-ulcinja-moj-grad\/#breadcrumb"},"inLanguage":"en-US","potentialAction":[{"@type":"ReadAction","target":["https:\/\/www.visit-ulcinj.com\/blog\/2012\/02\/28\/ana-zivanovic-govor-ulcinja-moj-grad\/"]}]},{"@type":"BreadcrumbList","@id":"https:\/\/www.visit-ulcinj.com\/blog\/2012\/02\/28\/ana-zivanovic-govor-ulcinja-moj-grad\/#breadcrumb","itemListElement":[{"@type":"ListItem","position":1,"name":"Ana \u017divanovi\u0107: Govor Ulcinja &#8211; Moj Grad"}]},{"@type":"Person","@id":"https:\/\/www.visit-ulcinj.com\/blog\/#\/schema\/person\/dcab619c614d3038751c63bc2aadc06d","name":"ulqini","sameAs":["http:\/\/www.visit-ulcinj.com"],"url":"https:\/\/www.visit-ulcinj.com\/blog\/author\/admin\/"}]}},"jetpack_featured_media_url":"","jetpack_sharing_enabled":true,"jetpack_shortlink":"https:\/\/wp.me\/pe6lTn-f2u","_links":{"self":[{"href":"https:\/\/www.visit-ulcinj.com\/blog\/wp-json\/wp\/v2\/posts\/57814"}],"collection":[{"href":"https:\/\/www.visit-ulcinj.com\/blog\/wp-json\/wp\/v2\/posts"}],"about":[{"href":"https:\/\/www.visit-ulcinj.com\/blog\/wp-json\/wp\/v2\/types\/post"}],"author":[{"embeddable":true,"href":"https:\/\/www.visit-ulcinj.com\/blog\/wp-json\/wp\/v2\/users\/1"}],"replies":[{"embeddable":true,"href":"https:\/\/www.visit-ulcinj.com\/blog\/wp-json\/wp\/v2\/comments?post=57814"}],"version-history":[{"count":6,"href":"https:\/\/www.visit-ulcinj.com\/blog\/wp-json\/wp\/v2\/posts\/57814\/revisions"}],"predecessor-version":[{"id":57822,"href":"https:\/\/www.visit-ulcinj.com\/blog\/wp-json\/wp\/v2\/posts\/57814\/revisions\/57822"}],"wp:attachment":[{"href":"https:\/\/www.visit-ulcinj.com\/blog\/wp-json\/wp\/v2\/media?parent=57814"}],"wp:term":[{"taxonomy":"category","embeddable":true,"href":"https:\/\/www.visit-ulcinj.com\/blog\/wp-json\/wp\/v2\/categories?post=57814"},{"taxonomy":"post_tag","embeddable":true,"href":"https:\/\/www.visit-ulcinj.com\/blog\/wp-json\/wp\/v2\/tags?post=57814"}],"curies":[{"name":"wp","href":"https:\/\/api.w.org\/{rel}","templated":true}]}}