{"id":57832,"date":"2012-02-29T17:28:55","date_gmt":"2012-02-29T16:28:55","guid":{"rendered":"http:\/\/www.visit-ulcinj.com\/blog\/?p=57832"},"modified":"2012-03-11T12:49:11","modified_gmt":"2012-03-11T11:49:11","slug":"ne-ulqin-vazhdon-masakra-ne-kanalin-e-bratices","status":"publish","type":"post","link":"https:\/\/www.visit-ulcinj.com\/blog\/2012\/02\/29\/ne-ulqin-vazhdon-masakra-ne-kanalin-e-bratices\/","title":{"rendered":"N\u00eb Ulqin vazhdon masakra n\u00eb kanalin e Bratic\u00ebs &#8211; Video"},"content":{"rendered":"<p><a href=\"http:\/\/www.visit-ulcinj.com\/blog\/wp-content\/uploads\/2012\/02\/N\u00eb-Ulqin-vazhdon-masakra-n\u00eb-kanalit-t\u00eb-Bratic\u00ebs.3.jpg\"><img loading=\"lazy\" class=\"alignleft  wp-image-57834\" title=\"N\u00eb Ulqin vazhdon masakra n\u00eb kanalit t\u00eb Bratic\u00ebs.3\" src=\"http:\/\/www.visit-ulcinj.com\/blog\/wp-content\/uploads\/2012\/02\/N\u00eb-Ulqin-vazhdon-masakra-n\u00eb-kanalit-t\u00eb-Bratic\u00ebs.3.jpg\" alt=\"\" width=\"508\" height=\"380\" srcset=\"https:\/\/www.visit-ulcinj.com\/blog\/wp-content\/uploads\/2012\/02\/N\u00eb-Ulqin-vazhdon-masakra-n\u00eb-kanalit-t\u00eb-Bratic\u00ebs.3.jpg 960w, https:\/\/www.visit-ulcinj.com\/blog\/wp-content\/uploads\/2012\/02\/N\u00eb-Ulqin-vazhdon-masakra-n\u00eb-kanalit-t\u00eb-Bratic\u00ebs.3-300x225.jpg 300w\" sizes=\"(max-width: 508px) 100vw, 508px\" \/><\/a>Inertet e hedhura nd\u00ebr vite n\u00eb shtratin e kanalit t\u00eb Bratic\u00ebs kan\u00eb b\u00ebr\u00eb q\u00eb rrjedha e tij\u00eb t\u00eb marr\u00eb drejtime t\u00eb ndryshme.Kanali q\u00eb p\u00ebrshkon periferin\u00eb e qytetit t\u00eb Ulqinit rrezikon qindra sht\u00ebpi dhe disa hekter tok\u00eb gjat p\u00ebrmbytjeve.<br \/>\nBanor\u00ebt e zones pran kanalit t\u00eb Bratic\u00ebs kan\u00eb nisur t\u00eb rrethojn\u00eb me gur\u00eb n\u00eb form\u00eb parcelash zon\u00ebn ku jan\u00eb hedhur inertet p\u00ebr ta shitur si tok\u00eb trualli p\u00ebr nd\u00ebrtime.<br \/>\nSipas banor\u00ebve, vet\u00ebm n\u00eb dhjet\u00eb vitet e fundit, p\u00ebr shkak t\u00eb rrjedh\u00ebs s\u00eb kanalit,prej fshatit Bratic\u00eb deri n\u00eb fundin e rjedh\u00ebs s\u00eb saj n\u00eb Port Milen\u00eb jan\u00eb marr\u00eb kat\u00ebr hektar\u00eb tok\u00eb. Ata thon\u00eb se jan\u00eb rreth 200 banor\u00eb q\u00eb rrezikojn\u00eb p\u00ebrmbytjen n\u00ebse nuk nd\u00ebrtohet argjinatura mbrojt\u00ebse n\u00eb gjtha an\u00ebt e kanalit Bratica.<br \/>\nBanor\u00ebt e shqetsuar shprehen qe prej shum\u00eb vitesh,persona t\u00eb ndrysh\u00ebm t\u00eb pashqet\u00ebsuar nga askush,hedhin \u00a0mbetje inertesh n\u00eb shtratin e kanalit Bratic\u00eb.Kjo ka b\u00ebr\u00eb q\u00eb k\u00ebtu t\u00eb krijohet nj\u00eb sip\u00ebrfaqe prej m\u00eb shum\u00eb se nj\u00eb mij\u00eb metra kub materiale mbi shtratin e kanalit. P\u00ebr pasoj\u00eb, kanali gjat\u00eb p\u00ebrmbytjeve n\u00eb Ulqin shpesh ka ndryshuar rrjedh\u00ebn natyrale t\u00eb tij n\u00eb drejtim t\u00eb sht\u00ebpive q\u00eb gjenden gjat kanalit.<\/p>\n<p>Banor\u00ebt e k\u00ebtyre zonave k\u00ebrkojn\u00eb nga qeveria vendore q\u00eb t\u00eb marrin masa,dhe gjithashtu k\u00ebrkohet nga ana e inspektoratit t\u00eb mjedisit q\u00eb t\u00eb marr\u00eb masa q\u00eb t\u00eb mos lejojn\u00eb q\u00eb t\u00eb hidhen m\u00eb inerte n\u00eb n\u00eb kanalet e p\u00ebrmendura,sidomos n\u00eb periudh\u00ebn e tanishme ku ka reshje t\u00eb shumta shiu.Kanali i Bratic\u00ebs njihet si nj\u00eb kanal tep\u00ebr i rreziksh\u00ebm p\u00ebr shkak t\u00eb prurjeve t\u00eb shumta dhe rrjedh\u00ebs s\u00eb rr\u00ebmbyeshme. Kjo e b\u00ebn akoma m\u00eb k\u00ebrc\u00ebnuese situat\u00ebn e banor\u00ebve t\u00eb k\u00ebsaj zone,ku p\u00ebrmbytjet jan t\u00eb pa evitueshme p\u00ebr \u00e7do vit\u00eb.<br \/>\n<!--YouTube Error: bad URL entered--><\/p>\n<p><strong>Foto nga XH.L. Facebook<\/strong><br \/>\n\n\t\t<style type=\"text\/css\">\n\t\t\t#gallery-1 {\n\t\t\t\tmargin: auto;\n\t\t\t}\n\t\t\t#gallery-1 .gallery-item {\n\t\t\t\tfloat: left;\n\t\t\t\tmargin-top: 10px;\n\t\t\t\ttext-align: center;\n\t\t\t\twidth: 50%;\n\t\t\t}\n\t\t\t#gallery-1 img {\n\t\t\t\tborder: 2px solid #cfcfcf;\n\t\t\t}\n\t\t\t#gallery-1 .gallery-caption {\n\t\t\t\tmargin-left: 0;\n\t\t\t}\n\t\t\t\/* see gallery_shortcode() in wp-includes\/media.php *\/\n\t\t<\/style>\n\t\t<div id='gallery-1' class='gallery galleryid-57832 gallery-columns-2 gallery-size-thumbnail'><dl class='gallery-item'>\n\t\t\t<dt class='gallery-icon landscape'>\n\t\t\t\t<a href='https:\/\/www.visit-ulcinj.com\/blog\/wp-content\/uploads\/2012\/02\/N\u00eb-Ulqin-vazhdon-masakra-n\u00eb-kanalit-t\u00eb-Bratic\u00ebs.3.jpg'><img width=\"150\" height=\"150\" src=\"https:\/\/www.visit-ulcinj.com\/blog\/wp-content\/uploads\/2012\/02\/N\u00eb-Ulqin-vazhdon-masakra-n\u00eb-kanalit-t\u00eb-Bratic\u00ebs.3-150x150.jpg\" class=\"attachment-thumbnail size-thumbnail\" alt=\"\" loading=\"lazy\" \/><\/a>\n\t\t\t<\/dt><\/dl><dl class='gallery-item'>\n\t\t\t<dt class='gallery-icon landscape'>\n\t\t\t\t<a href='https:\/\/www.visit-ulcinj.com\/blog\/wp-content\/uploads\/2012\/02\/N\u00eb-Ulqin-vazhdon-masakra-n\u00eb-kanalit-t\u00eb-Bratic\u00ebs.jpg'><img width=\"150\" height=\"150\" src=\"https:\/\/www.visit-ulcinj.com\/blog\/wp-content\/uploads\/2012\/02\/N\u00eb-Ulqin-vazhdon-masakra-n\u00eb-kanalit-t\u00eb-Bratic\u00ebs-150x150.jpg\" class=\"attachment-thumbnail size-thumbnail\" alt=\"\" loading=\"lazy\" \/><\/a>\n\t\t\t<\/dt><\/dl><br style=\"clear: both\" \/><dl class='gallery-item'>\n\t\t\t<dt class='gallery-icon landscape'>\n\t\t\t\t<a href='https:\/\/www.visit-ulcinj.com\/blog\/wp-content\/uploads\/2012\/02\/N\u00eb-Ulqin-vazhdon-masakra-n\u00eb-kanalit-t\u00eb-Bratic\u00ebs.2.jpg'><img width=\"150\" height=\"150\" src=\"https:\/\/www.visit-ulcinj.com\/blog\/wp-content\/uploads\/2012\/02\/N\u00eb-Ulqin-vazhdon-masakra-n\u00eb-kanalit-t\u00eb-Bratic\u00ebs.2-150x150.jpg\" class=\"attachment-thumbnail size-thumbnail\" alt=\"\" loading=\"lazy\" \/><\/a>\n\t\t\t<\/dt><\/dl><dl class='gallery-item'>\n\t\t\t<dt class='gallery-icon landscape'>\n\t\t\t\t<a href='https:\/\/www.visit-ulcinj.com\/blog\/wp-content\/uploads\/2012\/02\/N\u00eb-Ulqin-vazhdon-masakra-n\u00eb-kanalit-t\u00eb-Bratic\u00ebs.1.jpg'><img width=\"150\" height=\"150\" src=\"https:\/\/www.visit-ulcinj.com\/blog\/wp-content\/uploads\/2012\/02\/N\u00eb-Ulqin-vazhdon-masakra-n\u00eb-kanalit-t\u00eb-Bratic\u00ebs.1-150x150.jpg\" class=\"attachment-thumbnail size-thumbnail\" alt=\"\" loading=\"lazy\" \/><\/a>\n\t\t\t<\/dt><\/dl><br style=\"clear: both\" \/>\n\t\t<\/div>\n<\/p>\n","protected":false},"excerpt":{"rendered":"<p>Inertet e hedhura nd\u00ebr vite n\u00eb shtratin e kanalit t\u00eb Bratic\u00ebs kan\u00eb b\u00ebr\u00eb q\u00eb rrjedha e tij\u00eb t\u00eb marr\u00eb drejtime t\u00eb ndryshme.Kanali q\u00eb p\u00ebrshkon periferin\u00eb e qytetit t\u00eb Ulqinit rrezikon qindra sht\u00ebpi dhe disa hekter tok\u00eb gjat p\u00ebrmbytjeve. Banor\u00ebt e zones pran kanalit t\u00eb Bratic\u00ebs kan\u00eb nisur t\u00eb rrethojn\u00eb me gur\u00eb n\u00eb form\u00eb parcelash zon\u00ebn [&hellip;]<\/p>\n","protected":false},"author":1,"featured_media":0,"comment_status":"open","ping_status":"closed","sticky":false,"template":"","format":"standard","meta":{"spay_email":"","jetpack_publicize_message":"","jetpack_is_tweetstorm":false,"jetpack_publicize_feature_enabled":true},"categories":[14249],"tags":[9037,714,20089,3965,20087,20088,20086,295,200,18],"jetpack_publicize_connections":[],"yoast_head":"<!-- This site is optimized with the Yoast SEO plugin v19.1 - https:\/\/yoast.com\/wordpress\/plugins\/seo\/ -->\n<title>N\u00eb Ulqin vazhdon masakra n\u00eb kanalin e Bratic\u00ebs - Video - Lajme nga Ulqini<\/title>\n<meta name=\"description\" content=\"Inertet e hedhura nd\u00ebr vite n\u00eb shtratin e kanalit t\u00eb Bratic\u00ebs kan\u00eb b\u00ebr\u00eb q\u00eb rrjedha e tij\u00eb t\u00eb marr\u00eb drejtime t\u00eb ndryshme.Kanali q\u00eb p\u00ebrshkon periferin\u00eb e\" \/>\n<meta name=\"robots\" content=\"index, follow, max-snippet:-1, max-image-preview:large, max-video-preview:-1\" \/>\n<link rel=\"canonical\" href=\"https:\/\/www.visit-ulcinj.com\/blog\/2012\/02\/29\/ne-ulqin-vazhdon-masakra-ne-kanalin-e-bratices\/\" \/>\n<meta property=\"og:locale\" content=\"en_US\" \/>\n<meta property=\"og:type\" content=\"article\" \/>\n<meta property=\"og:title\" content=\"N\u00eb Ulqin vazhdon masakra n\u00eb kanalin e Bratic\u00ebs - Video - Lajme nga Ulqini\" \/>\n<meta property=\"og:description\" content=\"Inertet e hedhura nd\u00ebr vite n\u00eb shtratin e kanalit t\u00eb Bratic\u00ebs kan\u00eb b\u00ebr\u00eb q\u00eb rrjedha e tij\u00eb t\u00eb marr\u00eb drejtime t\u00eb ndryshme.Kanali q\u00eb p\u00ebrshkon periferin\u00eb e\" \/>\n<meta property=\"og:url\" content=\"https:\/\/www.visit-ulcinj.com\/blog\/2012\/02\/29\/ne-ulqin-vazhdon-masakra-ne-kanalin-e-bratices\/\" \/>\n<meta property=\"og:site_name\" content=\"Lajme nga Ulqini\" \/>\n<meta property=\"article:published_time\" content=\"2012-02-29T16:28:55+00:00\" \/>\n<meta property=\"article:modified_time\" content=\"2012-03-11T11:49:11+00:00\" \/>\n<meta property=\"og:image\" content=\"https:\/\/www.visit-ulcinj.com\/blog\/wp-content\/uploads\/2012\/02\/N\u00eb-Ulqin-vazhdon-masakra-n\u00eb-kanalit-t\u00eb-Bratic\u00ebs.3-150x150.jpg\" \/>\n<meta name=\"twitter:label1\" content=\"Written by\" \/>\n\t<meta name=\"twitter:data1\" content=\"ulqini\" \/>\n\t<meta name=\"twitter:label2\" content=\"Est. reading time\" \/>\n\t<meta name=\"twitter:data2\" content=\"2 minutes\" \/>\n<script type=\"application\/ld+json\" class=\"yoast-schema-graph\">{\"@context\":\"https:\/\/schema.org\",\"@graph\":[{\"@type\":\"WebSite\",\"@id\":\"https:\/\/www.visit-ulcinj.com\/blog\/#website\",\"url\":\"https:\/\/www.visit-ulcinj.com\/blog\/\",\"name\":\"Lajme nga Ulqini\",\"description\":\"Lajme,Vijesti,Ulqini,Ulqin,Crna Gora,Mali i Zi\",\"potentialAction\":[{\"@type\":\"SearchAction\",\"target\":{\"@type\":\"EntryPoint\",\"urlTemplate\":\"https:\/\/www.visit-ulcinj.com\/blog\/?s={search_term_string}\"},\"query-input\":\"required name=search_term_string\"}],\"inLanguage\":\"en-US\"},{\"@type\":\"WebPage\",\"@id\":\"https:\/\/www.visit-ulcinj.com\/blog\/2012\/02\/29\/ne-ulqin-vazhdon-masakra-ne-kanalin-e-bratices\/#webpage\",\"url\":\"https:\/\/www.visit-ulcinj.com\/blog\/2012\/02\/29\/ne-ulqin-vazhdon-masakra-ne-kanalin-e-bratices\/\",\"name\":\"N\u00eb Ulqin vazhdon masakra n\u00eb kanalin e Bratic\u00ebs - Video - Lajme nga Ulqini\",\"isPartOf\":{\"@id\":\"https:\/\/www.visit-ulcinj.com\/blog\/#website\"},\"datePublished\":\"2012-02-29T16:28:55+00:00\",\"dateModified\":\"2012-03-11T11:49:11+00:00\",\"author\":{\"@id\":\"https:\/\/www.visit-ulcinj.com\/blog\/#\/schema\/person\/dcab619c614d3038751c63bc2aadc06d\"},\"description\":\"Inertet e hedhura nd\u00ebr vite n\u00eb shtratin e kanalit t\u00eb Bratic\u00ebs kan\u00eb b\u00ebr\u00eb q\u00eb rrjedha e tij\u00eb t\u00eb marr\u00eb drejtime t\u00eb ndryshme.Kanali q\u00eb p\u00ebrshkon periferin\u00eb e\",\"breadcrumb\":{\"@id\":\"https:\/\/www.visit-ulcinj.com\/blog\/2012\/02\/29\/ne-ulqin-vazhdon-masakra-ne-kanalin-e-bratices\/#breadcrumb\"},\"inLanguage\":\"en-US\",\"potentialAction\":[{\"@type\":\"ReadAction\",\"target\":[\"https:\/\/www.visit-ulcinj.com\/blog\/2012\/02\/29\/ne-ulqin-vazhdon-masakra-ne-kanalin-e-bratices\/\"]}]},{\"@type\":\"BreadcrumbList\",\"@id\":\"https:\/\/www.visit-ulcinj.com\/blog\/2012\/02\/29\/ne-ulqin-vazhdon-masakra-ne-kanalin-e-bratices\/#breadcrumb\",\"itemListElement\":[{\"@type\":\"ListItem\",\"position\":1,\"name\":\"N\u00eb Ulqin vazhdon masakra n\u00eb kanalin e Bratic\u00ebs &#8211; Video\"}]},{\"@type\":\"Person\",\"@id\":\"https:\/\/www.visit-ulcinj.com\/blog\/#\/schema\/person\/dcab619c614d3038751c63bc2aadc06d\",\"name\":\"ulqini\",\"sameAs\":[\"http:\/\/www.visit-ulcinj.com\"],\"url\":\"https:\/\/www.visit-ulcinj.com\/blog\/author\/admin\/\"}]}<\/script>\n<!-- \/ Yoast SEO plugin. -->","yoast_head_json":{"title":"N\u00eb Ulqin vazhdon masakra n\u00eb kanalin e Bratic\u00ebs - Video - Lajme nga Ulqini","description":"Inertet e hedhura nd\u00ebr vite n\u00eb shtratin e kanalit t\u00eb Bratic\u00ebs kan\u00eb b\u00ebr\u00eb q\u00eb rrjedha e tij\u00eb t\u00eb marr\u00eb drejtime t\u00eb ndryshme.Kanali q\u00eb p\u00ebrshkon periferin\u00eb e","robots":{"index":"index","follow":"follow","max-snippet":"max-snippet:-1","max-image-preview":"max-image-preview:large","max-video-preview":"max-video-preview:-1"},"canonical":"https:\/\/www.visit-ulcinj.com\/blog\/2012\/02\/29\/ne-ulqin-vazhdon-masakra-ne-kanalin-e-bratices\/","og_locale":"en_US","og_type":"article","og_title":"N\u00eb Ulqin vazhdon masakra n\u00eb kanalin e Bratic\u00ebs - Video - Lajme nga Ulqini","og_description":"Inertet e hedhura nd\u00ebr vite n\u00eb shtratin e kanalit t\u00eb Bratic\u00ebs kan\u00eb b\u00ebr\u00eb q\u00eb rrjedha e tij\u00eb t\u00eb marr\u00eb drejtime t\u00eb ndryshme.Kanali q\u00eb p\u00ebrshkon periferin\u00eb e","og_url":"https:\/\/www.visit-ulcinj.com\/blog\/2012\/02\/29\/ne-ulqin-vazhdon-masakra-ne-kanalin-e-bratices\/","og_site_name":"Lajme nga Ulqini","article_published_time":"2012-02-29T16:28:55+00:00","article_modified_time":"2012-03-11T11:49:11+00:00","og_image":[{"url":"https:\/\/www.visit-ulcinj.com\/blog\/wp-content\/uploads\/2012\/02\/N\u00eb-Ulqin-vazhdon-masakra-n\u00eb-kanalit-t\u00eb-Bratic\u00ebs.3-150x150.jpg"}],"twitter_misc":{"Written by":"ulqini","Est. reading time":"2 minutes"},"schema":{"@context":"https:\/\/schema.org","@graph":[{"@type":"WebSite","@id":"https:\/\/www.visit-ulcinj.com\/blog\/#website","url":"https:\/\/www.visit-ulcinj.com\/blog\/","name":"Lajme nga Ulqini","description":"Lajme,Vijesti,Ulqini,Ulqin,Crna Gora,Mali i Zi","potentialAction":[{"@type":"SearchAction","target":{"@type":"EntryPoint","urlTemplate":"https:\/\/www.visit-ulcinj.com\/blog\/?s={search_term_string}"},"query-input":"required name=search_term_string"}],"inLanguage":"en-US"},{"@type":"WebPage","@id":"https:\/\/www.visit-ulcinj.com\/blog\/2012\/02\/29\/ne-ulqin-vazhdon-masakra-ne-kanalin-e-bratices\/#webpage","url":"https:\/\/www.visit-ulcinj.com\/blog\/2012\/02\/29\/ne-ulqin-vazhdon-masakra-ne-kanalin-e-bratices\/","name":"N\u00eb Ulqin vazhdon masakra n\u00eb kanalin e Bratic\u00ebs - Video - Lajme nga Ulqini","isPartOf":{"@id":"https:\/\/www.visit-ulcinj.com\/blog\/#website"},"datePublished":"2012-02-29T16:28:55+00:00","dateModified":"2012-03-11T11:49:11+00:00","author":{"@id":"https:\/\/www.visit-ulcinj.com\/blog\/#\/schema\/person\/dcab619c614d3038751c63bc2aadc06d"},"description":"Inertet e hedhura nd\u00ebr vite n\u00eb shtratin e kanalit t\u00eb Bratic\u00ebs kan\u00eb b\u00ebr\u00eb q\u00eb rrjedha e tij\u00eb t\u00eb marr\u00eb drejtime t\u00eb ndryshme.Kanali q\u00eb p\u00ebrshkon periferin\u00eb e","breadcrumb":{"@id":"https:\/\/www.visit-ulcinj.com\/blog\/2012\/02\/29\/ne-ulqin-vazhdon-masakra-ne-kanalin-e-bratices\/#breadcrumb"},"inLanguage":"en-US","potentialAction":[{"@type":"ReadAction","target":["https:\/\/www.visit-ulcinj.com\/blog\/2012\/02\/29\/ne-ulqin-vazhdon-masakra-ne-kanalin-e-bratices\/"]}]},{"@type":"BreadcrumbList","@id":"https:\/\/www.visit-ulcinj.com\/blog\/2012\/02\/29\/ne-ulqin-vazhdon-masakra-ne-kanalin-e-bratices\/#breadcrumb","itemListElement":[{"@type":"ListItem","position":1,"name":"N\u00eb Ulqin vazhdon masakra n\u00eb kanalin e Bratic\u00ebs &#8211; Video"}]},{"@type":"Person","@id":"https:\/\/www.visit-ulcinj.com\/blog\/#\/schema\/person\/dcab619c614d3038751c63bc2aadc06d","name":"ulqini","sameAs":["http:\/\/www.visit-ulcinj.com"],"url":"https:\/\/www.visit-ulcinj.com\/blog\/author\/admin\/"}]}},"jetpack_featured_media_url":"","jetpack_sharing_enabled":true,"jetpack_shortlink":"https:\/\/wp.me\/pe6lTn-f2M","_links":{"self":[{"href":"https:\/\/www.visit-ulcinj.com\/blog\/wp-json\/wp\/v2\/posts\/57832"}],"collection":[{"href":"https:\/\/www.visit-ulcinj.com\/blog\/wp-json\/wp\/v2\/posts"}],"about":[{"href":"https:\/\/www.visit-ulcinj.com\/blog\/wp-json\/wp\/v2\/types\/post"}],"author":[{"embeddable":true,"href":"https:\/\/www.visit-ulcinj.com\/blog\/wp-json\/wp\/v2\/users\/1"}],"replies":[{"embeddable":true,"href":"https:\/\/www.visit-ulcinj.com\/blog\/wp-json\/wp\/v2\/comments?post=57832"}],"version-history":[{"count":7,"href":"https:\/\/www.visit-ulcinj.com\/blog\/wp-json\/wp\/v2\/posts\/57832\/revisions"}],"predecessor-version":[{"id":58102,"href":"https:\/\/www.visit-ulcinj.com\/blog\/wp-json\/wp\/v2\/posts\/57832\/revisions\/58102"}],"wp:attachment":[{"href":"https:\/\/www.visit-ulcinj.com\/blog\/wp-json\/wp\/v2\/media?parent=57832"}],"wp:term":[{"taxonomy":"category","embeddable":true,"href":"https:\/\/www.visit-ulcinj.com\/blog\/wp-json\/wp\/v2\/categories?post=57832"},{"taxonomy":"post_tag","embeddable":true,"href":"https:\/\/www.visit-ulcinj.com\/blog\/wp-json\/wp\/v2\/tags?post=57832"}],"curies":[{"name":"wp","href":"https:\/\/api.w.org\/{rel}","templated":true}]}}