{"id":57861,"date":"2012-03-02T08:49:50","date_gmt":"2012-03-02T07:49:50","guid":{"rendered":"http:\/\/www.visit-ulcinj.com\/blog\/?p=57861"},"modified":"2012-03-04T11:35:51","modified_gmt":"2012-03-04T10:35:51","slug":"nvo-mogul-ulcinj-jeste-diskriminisan-od-morskog-dobra","status":"publish","type":"post","link":"https:\/\/www.visit-ulcinj.com\/blog\/2012\/03\/02\/nvo-mogul-ulcinj-jeste-diskriminisan-od-morskog-dobra\/","title":{"rendered":"NVO MogUl: Ulcinj jeste diskriminisan od Morskog dobra"},"content":{"rendered":"<p><a href=\"http:\/\/www.visit-ulcinj.com\/blog\/?attachment_id=57862\" rel=\"attachment wp-att-57862\"><img loading=\"lazy\" class=\"alignleft size-full wp-image-57862\" title=\"NVO-Mogul_JP-Morsko-Dobro_Ulcinj\" src=\"http:\/\/www.visit-ulcinj.com\/blog\/wp-content\/uploads\/2012\/03\/NVO-Mogul_JP-Morsko-Dobro_Ulcinj.jpg\" alt=\"\" width=\"321\" height=\"366\" srcset=\"https:\/\/www.visit-ulcinj.com\/blog\/wp-content\/uploads\/2012\/03\/NVO-Mogul_JP-Morsko-Dobro_Ulcinj.jpg 321w, https:\/\/www.visit-ulcinj.com\/blog\/wp-content\/uploads\/2012\/03\/NVO-Mogul_JP-Morsko-Dobro_Ulcinj-263x300.jpg 263w\" sizes=\"(max-width: 321px) 100vw, 321px\" \/><\/a>Povodom reagovanja JP Morsko dobro, koje se odnosilo na organizovanje, rad i diskusije koje su se \u010dule na okruglom stolu koje je NVO MogUl organizovala 22. februara u Ulcinju, oglasila se sao\u0161tenjem ova NVO.<\/p>\n<p>&#8220;Teza da Ulcinj nije diksriminisan od strane JP Morsko Dobro, odnosno da JP Morsko dobro nije diskriminatorska institucija prema Ulcinju, apsolutno ne stoji iz sljede\u0107ih razloga. JP Morsko dobro u Ulcinju obuhvata 13% ukupne teritorije, dok u drugim primorskim op\u0161tinama taj je procenat neuporedivo manji. U JP Morskom dobru svega je dvoje uposlenih iz Ulcinja, a niko od njih nije zaposlen u rukovodstvu, ili u sjedi\u0161tu organizacije u Budvi. Granica JP Morsko dobro samo u Ulcinju dopire skoro 2 km u dubinu, iako je to svojevrsni presedan koji je u suprotnosti sa Zakonom. U druge detalje ne\u0107emo ulaziti, a ukoliko JP Morsko Dobro za ovo ima adekvatniju rije\u010d od diskriminacije, molili bi ih da nam je saop\u0161te,\u00a0 kako bi je i mi ubudu\u0107e koristili&#8221;.<\/p>\n<p>U saop\u0161tenju se dalje navodi da &#8220;druga teza da je JP Morsko dobro za\u0161titnik dr\u017eavne imovine u smislu, da sve \u0161to nije bilo u njihovoj nadle\u017enosti je devalvirano kao prostor, tako\u0111e je pogre\u0161na i neta\u010dna. Rijeka Bojana gdje se ekspanzija divlje gradnje desila posljednjih 10 godina, a koja jeste u ingerenciji JP Morsko dobro najve\u0107i je dokaz koji govori u prilog odbacivanja takve teze. Ako ovome dodamo i Port Milenu kao ekolo\u0161ku bombu, devastaciju maslinjaka u Valdanosu, onda sve postaje kristalno jasno. \u0160to se ti\u010de za\u0161tite dr\u017eavne imovine, potsjeti\u0107emo gospodu iz JP Morsko Dobro da se dr\u017eava mora starati o cjeloj svojoj teritoriji, pa i o onoj kojom upravlja Op\u0161tina, i da ukoliko neko nije obavljao posao kako treba bilo je va\u017eno ukazati na to i reagovati na vrijeme, a ne kao \u0161to to sada \u010dini JP Morsko Dobro, iskazivanjem naknadne pameti. I da ih podsjetimo da su nas godinama obasipali parolama da imaju izvanrednu saradnju sa lokalnom samoupravom&#8221;.<\/p>\n<p>Iz NVO MogUl isti\u010du da teza da JP Morsko dobro, odvaja \u201ene mala\u201c sredstva za \u010di\u0161\u0107enje Velike Pla\u017ee i ostalih djelova obale na teritoriji Ulcinj, je ta\u010dna, ali i nepotpuna informacija. &#8220;To nijesu Va\u0161a sredstva, niti ih bilo ko od Vas izdvaja iz d\u017eepa u vidu donacije ili pomo\u0107i. To je samo mali dio sredstava koje vi vra\u0107ate gra\u0111anima i turistima Ulcinja nakon \u0161to predhodno \u201eusisate\u201c mnogo ve\u0107e koli\u010dine novca, od \u010dijih se cifara \u010desto \u201ezavrti u glavi\u201c.<\/p>\n<p>Dodaje se da je &#8220;krajnje neprimjereno da se stavovi koji nijesu kompatibilni predstavljaju kao \u201esakupljanje jeftinih politi\u010dkih poena\u201c jer ako je jedna stvar bila o\u010digledna sa orkuglog stola to je da su svi prisutni bili saglasni da JP Morsko dobro u Ulcinju ne radi dobar posao i da se neke sistemske gre\u0161ke trebaju mjenjati \u0161to prije kao i novi predlog Zakona. To zna\u010di da bi pravednije bilo da ste rekli da su svi htjeli da \u201eprofitiraju\u201c od va\u0161ih gre\u0161aka, a ne samo pojedinci&#8221;.<\/p>\n<p>&#8220;Na okruglom stolu smo Vas pohvalili kao najboljeg saradnika na Projektu, sa visokim procentom odgovora na zahtjeve za slobodan pristup informacijama, na \u010demu se i zasnovala su\u0161tina diskusije na okruglom stolu. Monitoring group Ulcinj se nada da \u0107e se takva saradnja nastaviti, na principima ravnopravnosti, nezavisnosti na\u0161e NVO, transparentnosti, a sve u korist javnog interesa, to jest javnog dobra, \u0161to je prizna\u0107ete i Va\u0161a misija&#8221;, ka\u017ee se na kraju saop\u0161tenja NVO MogUl.<\/p>\n<p><strong>Analitika &#8211; Informativni Portal<\/strong><\/p>\n<p>[flv]http:\/\/www.velikaplaza.info\/gallery\/video\/stream.php?f=Velika_Plaza_movie_Jan_2009.flv[\/flv]<\/p>\n","protected":false},"excerpt":{"rendered":"<p>Povodom reagovanja JP Morsko dobro, koje se odnosilo na organizovanje, rad i diskusije koje su se \u010dule na okruglom stolu koje je NVO MogUl organizovala 22. februara u Ulcinju, oglasila se sao\u0161tenjem ova NVO. &#8220;Teza da Ulcinj nije diksriminisan od strane JP Morsko Dobro, odnosno da JP Morsko dobro nije diskriminatorska institucija prema Ulcinju, apsolutno [&hellip;]<\/p>\n","protected":false},"author":1,"featured_media":0,"comment_status":"open","ping_status":"closed","sticky":false,"template":"","format":"standard","meta":{"spay_email":"","jetpack_publicize_message":"","jetpack_is_tweetstorm":false,"jetpack_publicize_feature_enabled":true},"categories":[6950],"tags":[2725,17345,19],"jetpack_publicize_connections":[],"yoast_head":"<!-- This site is optimized with the Yoast SEO plugin v19.1 - https:\/\/yoast.com\/wordpress\/plugins\/seo\/ -->\n<title>NVO MogUl: Ulcinj jeste diskriminisan od Morskog dobra - Lajme nga Ulqini<\/title>\n<meta name=\"description\" content=\"Povodom reagovanja JP Morsko dobro, koje se odnosilo na organizovanje, rad i diskusije koje su se \u010dule na okruglom stolu koje je NVO MogUl organizovala\" \/>\n<meta name=\"robots\" content=\"index, follow, max-snippet:-1, max-image-preview:large, max-video-preview:-1\" \/>\n<link rel=\"canonical\" href=\"https:\/\/www.visit-ulcinj.com\/blog\/2012\/03\/02\/nvo-mogul-ulcinj-jeste-diskriminisan-od-morskog-dobra\/\" \/>\n<meta property=\"og:locale\" content=\"en_US\" \/>\n<meta property=\"og:type\" content=\"article\" \/>\n<meta property=\"og:title\" content=\"NVO MogUl: Ulcinj jeste diskriminisan od Morskog dobra - Lajme nga Ulqini\" \/>\n<meta property=\"og:description\" content=\"Povodom reagovanja JP Morsko dobro, koje se odnosilo na organizovanje, rad i diskusije koje su se \u010dule na okruglom stolu koje je NVO MogUl organizovala\" \/>\n<meta property=\"og:url\" content=\"https:\/\/www.visit-ulcinj.com\/blog\/2012\/03\/02\/nvo-mogul-ulcinj-jeste-diskriminisan-od-morskog-dobra\/\" \/>\n<meta property=\"og:site_name\" content=\"Lajme nga Ulqini\" \/>\n<meta property=\"article:published_time\" content=\"2012-03-02T07:49:50+00:00\" \/>\n<meta property=\"article:modified_time\" content=\"2012-03-04T10:35:51+00:00\" \/>\n<meta property=\"og:image\" content=\"http:\/\/www.visit-ulcinj.com\/blog\/wp-content\/uploads\/2012\/03\/NVO-Mogul_JP-Morsko-Dobro_Ulcinj.jpg\" \/>\n<meta name=\"twitter:label1\" content=\"Written by\" \/>\n\t<meta name=\"twitter:data1\" content=\"ulqini\" \/>\n\t<meta name=\"twitter:label2\" content=\"Est. reading time\" \/>\n\t<meta name=\"twitter:data2\" content=\"3 minutes\" \/>\n<script type=\"application\/ld+json\" class=\"yoast-schema-graph\">{\"@context\":\"https:\/\/schema.org\",\"@graph\":[{\"@type\":\"WebSite\",\"@id\":\"https:\/\/www.visit-ulcinj.com\/blog\/#website\",\"url\":\"https:\/\/www.visit-ulcinj.com\/blog\/\",\"name\":\"Lajme nga Ulqini\",\"description\":\"Lajme,Vijesti,Ulqini,Ulqin,Crna Gora,Mali i Zi\",\"potentialAction\":[{\"@type\":\"SearchAction\",\"target\":{\"@type\":\"EntryPoint\",\"urlTemplate\":\"https:\/\/www.visit-ulcinj.com\/blog\/?s={search_term_string}\"},\"query-input\":\"required name=search_term_string\"}],\"inLanguage\":\"en-US\"},{\"@type\":\"ImageObject\",\"inLanguage\":\"en-US\",\"@id\":\"https:\/\/www.visit-ulcinj.com\/blog\/2012\/03\/02\/nvo-mogul-ulcinj-jeste-diskriminisan-od-morskog-dobra\/#primaryimage\",\"url\":\"https:\/\/www.visit-ulcinj.com\/blog\/wp-content\/uploads\/2012\/03\/NVO-Mogul_JP-Morsko-Dobro_Ulcinj.jpg\",\"contentUrl\":\"https:\/\/www.visit-ulcinj.com\/blog\/wp-content\/uploads\/2012\/03\/NVO-Mogul_JP-Morsko-Dobro_Ulcinj.jpg\",\"width\":\"321\",\"height\":\"366\"},{\"@type\":\"WebPage\",\"@id\":\"https:\/\/www.visit-ulcinj.com\/blog\/2012\/03\/02\/nvo-mogul-ulcinj-jeste-diskriminisan-od-morskog-dobra\/#webpage\",\"url\":\"https:\/\/www.visit-ulcinj.com\/blog\/2012\/03\/02\/nvo-mogul-ulcinj-jeste-diskriminisan-od-morskog-dobra\/\",\"name\":\"NVO MogUl: Ulcinj jeste diskriminisan od Morskog dobra - Lajme nga Ulqini\",\"isPartOf\":{\"@id\":\"https:\/\/www.visit-ulcinj.com\/blog\/#website\"},\"primaryImageOfPage\":{\"@id\":\"https:\/\/www.visit-ulcinj.com\/blog\/2012\/03\/02\/nvo-mogul-ulcinj-jeste-diskriminisan-od-morskog-dobra\/#primaryimage\"},\"datePublished\":\"2012-03-02T07:49:50+00:00\",\"dateModified\":\"2012-03-04T10:35:51+00:00\",\"author\":{\"@id\":\"https:\/\/www.visit-ulcinj.com\/blog\/#\/schema\/person\/dcab619c614d3038751c63bc2aadc06d\"},\"description\":\"Povodom reagovanja JP Morsko dobro, koje se odnosilo na organizovanje, rad i diskusije koje su se \u010dule na okruglom stolu koje je NVO MogUl organizovala\",\"breadcrumb\":{\"@id\":\"https:\/\/www.visit-ulcinj.com\/blog\/2012\/03\/02\/nvo-mogul-ulcinj-jeste-diskriminisan-od-morskog-dobra\/#breadcrumb\"},\"inLanguage\":\"en-US\",\"potentialAction\":[{\"@type\":\"ReadAction\",\"target\":[\"https:\/\/www.visit-ulcinj.com\/blog\/2012\/03\/02\/nvo-mogul-ulcinj-jeste-diskriminisan-od-morskog-dobra\/\"]}]},{\"@type\":\"BreadcrumbList\",\"@id\":\"https:\/\/www.visit-ulcinj.com\/blog\/2012\/03\/02\/nvo-mogul-ulcinj-jeste-diskriminisan-od-morskog-dobra\/#breadcrumb\",\"itemListElement\":[{\"@type\":\"ListItem\",\"position\":1,\"name\":\"NVO MogUl: Ulcinj jeste diskriminisan od Morskog dobra\"}]},{\"@type\":\"Person\",\"@id\":\"https:\/\/www.visit-ulcinj.com\/blog\/#\/schema\/person\/dcab619c614d3038751c63bc2aadc06d\",\"name\":\"ulqini\",\"sameAs\":[\"http:\/\/www.visit-ulcinj.com\"],\"url\":\"https:\/\/www.visit-ulcinj.com\/blog\/author\/admin\/\"}]}<\/script>\n<!-- \/ Yoast SEO plugin. -->","yoast_head_json":{"title":"NVO MogUl: Ulcinj jeste diskriminisan od Morskog dobra - Lajme nga Ulqini","description":"Povodom reagovanja JP Morsko dobro, koje se odnosilo na organizovanje, rad i diskusije koje su se \u010dule na okruglom stolu koje je NVO MogUl organizovala","robots":{"index":"index","follow":"follow","max-snippet":"max-snippet:-1","max-image-preview":"max-image-preview:large","max-video-preview":"max-video-preview:-1"},"canonical":"https:\/\/www.visit-ulcinj.com\/blog\/2012\/03\/02\/nvo-mogul-ulcinj-jeste-diskriminisan-od-morskog-dobra\/","og_locale":"en_US","og_type":"article","og_title":"NVO MogUl: Ulcinj jeste diskriminisan od Morskog dobra - Lajme nga Ulqini","og_description":"Povodom reagovanja JP Morsko dobro, koje se odnosilo na organizovanje, rad i diskusije koje su se \u010dule na okruglom stolu koje je NVO MogUl organizovala","og_url":"https:\/\/www.visit-ulcinj.com\/blog\/2012\/03\/02\/nvo-mogul-ulcinj-jeste-diskriminisan-od-morskog-dobra\/","og_site_name":"Lajme nga Ulqini","article_published_time":"2012-03-02T07:49:50+00:00","article_modified_time":"2012-03-04T10:35:51+00:00","og_image":[{"url":"http:\/\/www.visit-ulcinj.com\/blog\/wp-content\/uploads\/2012\/03\/NVO-Mogul_JP-Morsko-Dobro_Ulcinj.jpg"}],"twitter_misc":{"Written by":"ulqini","Est. reading time":"3 minutes"},"schema":{"@context":"https:\/\/schema.org","@graph":[{"@type":"WebSite","@id":"https:\/\/www.visit-ulcinj.com\/blog\/#website","url":"https:\/\/www.visit-ulcinj.com\/blog\/","name":"Lajme nga Ulqini","description":"Lajme,Vijesti,Ulqini,Ulqin,Crna Gora,Mali i Zi","potentialAction":[{"@type":"SearchAction","target":{"@type":"EntryPoint","urlTemplate":"https:\/\/www.visit-ulcinj.com\/blog\/?s={search_term_string}"},"query-input":"required name=search_term_string"}],"inLanguage":"en-US"},{"@type":"ImageObject","inLanguage":"en-US","@id":"https:\/\/www.visit-ulcinj.com\/blog\/2012\/03\/02\/nvo-mogul-ulcinj-jeste-diskriminisan-od-morskog-dobra\/#primaryimage","url":"https:\/\/www.visit-ulcinj.com\/blog\/wp-content\/uploads\/2012\/03\/NVO-Mogul_JP-Morsko-Dobro_Ulcinj.jpg","contentUrl":"https:\/\/www.visit-ulcinj.com\/blog\/wp-content\/uploads\/2012\/03\/NVO-Mogul_JP-Morsko-Dobro_Ulcinj.jpg","width":"321","height":"366"},{"@type":"WebPage","@id":"https:\/\/www.visit-ulcinj.com\/blog\/2012\/03\/02\/nvo-mogul-ulcinj-jeste-diskriminisan-od-morskog-dobra\/#webpage","url":"https:\/\/www.visit-ulcinj.com\/blog\/2012\/03\/02\/nvo-mogul-ulcinj-jeste-diskriminisan-od-morskog-dobra\/","name":"NVO MogUl: Ulcinj jeste diskriminisan od Morskog dobra - Lajme nga Ulqini","isPartOf":{"@id":"https:\/\/www.visit-ulcinj.com\/blog\/#website"},"primaryImageOfPage":{"@id":"https:\/\/www.visit-ulcinj.com\/blog\/2012\/03\/02\/nvo-mogul-ulcinj-jeste-diskriminisan-od-morskog-dobra\/#primaryimage"},"datePublished":"2012-03-02T07:49:50+00:00","dateModified":"2012-03-04T10:35:51+00:00","author":{"@id":"https:\/\/www.visit-ulcinj.com\/blog\/#\/schema\/person\/dcab619c614d3038751c63bc2aadc06d"},"description":"Povodom reagovanja JP Morsko dobro, koje se odnosilo na organizovanje, rad i diskusije koje su se \u010dule na okruglom stolu koje je NVO MogUl organizovala","breadcrumb":{"@id":"https:\/\/www.visit-ulcinj.com\/blog\/2012\/03\/02\/nvo-mogul-ulcinj-jeste-diskriminisan-od-morskog-dobra\/#breadcrumb"},"inLanguage":"en-US","potentialAction":[{"@type":"ReadAction","target":["https:\/\/www.visit-ulcinj.com\/blog\/2012\/03\/02\/nvo-mogul-ulcinj-jeste-diskriminisan-od-morskog-dobra\/"]}]},{"@type":"BreadcrumbList","@id":"https:\/\/www.visit-ulcinj.com\/blog\/2012\/03\/02\/nvo-mogul-ulcinj-jeste-diskriminisan-od-morskog-dobra\/#breadcrumb","itemListElement":[{"@type":"ListItem","position":1,"name":"NVO MogUl: Ulcinj jeste diskriminisan od Morskog dobra"}]},{"@type":"Person","@id":"https:\/\/www.visit-ulcinj.com\/blog\/#\/schema\/person\/dcab619c614d3038751c63bc2aadc06d","name":"ulqini","sameAs":["http:\/\/www.visit-ulcinj.com"],"url":"https:\/\/www.visit-ulcinj.com\/blog\/author\/admin\/"}]}},"jetpack_featured_media_url":"","jetpack_sharing_enabled":true,"jetpack_shortlink":"https:\/\/wp.me\/pe6lTn-f3f","_links":{"self":[{"href":"https:\/\/www.visit-ulcinj.com\/blog\/wp-json\/wp\/v2\/posts\/57861"}],"collection":[{"href":"https:\/\/www.visit-ulcinj.com\/blog\/wp-json\/wp\/v2\/posts"}],"about":[{"href":"https:\/\/www.visit-ulcinj.com\/blog\/wp-json\/wp\/v2\/types\/post"}],"author":[{"embeddable":true,"href":"https:\/\/www.visit-ulcinj.com\/blog\/wp-json\/wp\/v2\/users\/1"}],"replies":[{"embeddable":true,"href":"https:\/\/www.visit-ulcinj.com\/blog\/wp-json\/wp\/v2\/comments?post=57861"}],"version-history":[{"count":2,"href":"https:\/\/www.visit-ulcinj.com\/blog\/wp-json\/wp\/v2\/posts\/57861\/revisions"}],"predecessor-version":[{"id":57936,"href":"https:\/\/www.visit-ulcinj.com\/blog\/wp-json\/wp\/v2\/posts\/57861\/revisions\/57936"}],"wp:attachment":[{"href":"https:\/\/www.visit-ulcinj.com\/blog\/wp-json\/wp\/v2\/media?parent=57861"}],"wp:term":[{"taxonomy":"category","embeddable":true,"href":"https:\/\/www.visit-ulcinj.com\/blog\/wp-json\/wp\/v2\/categories?post=57861"},{"taxonomy":"post_tag","embeddable":true,"href":"https:\/\/www.visit-ulcinj.com\/blog\/wp-json\/wp\/v2\/tags?post=57861"}],"curies":[{"name":"wp","href":"https:\/\/api.w.org\/{rel}","templated":true}]}}