{"id":57873,"date":"2012-03-03T08:35:23","date_gmt":"2012-03-03T07:35:23","guid":{"rendered":"http:\/\/www.visit-ulcinj.com\/blog\/?p=57873"},"modified":"2012-03-03T08:35:23","modified_gmt":"2012-03-03T07:35:23","slug":"bardhi-i-sinistaj-medojevic-nema-prava-da-trazi-objasnjenja","status":"publish","type":"post","link":"https:\/\/www.visit-ulcinj.com\/blog\/2012\/03\/03\/bardhi-i-sinistaj-medojevic-nema-prava-da-trazi-objasnjenja\/","title":{"rendered":"Bardhi i Sini\u0161taj: Medojevi\u0107 nema prava da tra\u017ei obja\u0161njenja"},"content":{"rendered":"<p><a href=\"http:\/\/www.visit-ulcinj.com\/blog\/wp-content\/uploads\/2012\/03\/SINISHTAJ_BARDHI.jpg\"><img loading=\"lazy\" class=\"alignleft size-full wp-image-57874\" title=\"SINISHTAJ_BARDHI\" src=\"http:\/\/www.visit-ulcinj.com\/blog\/wp-content\/uploads\/2012\/03\/SINISHTAJ_BARDHI.jpg\" alt=\"\" width=\"490\" height=\"321\" srcset=\"https:\/\/www.visit-ulcinj.com\/blog\/wp-content\/uploads\/2012\/03\/SINISHTAJ_BARDHI.jpg 490w, https:\/\/www.visit-ulcinj.com\/blog\/wp-content\/uploads\/2012\/03\/SINISHTAJ_BARDHI-300x196.jpg 300w\" sizes=\"(max-width: 490px) 100vw, 490px\" \/><\/a>Pokret za promjene zatra\u017eio je od poslanika manjinskih stranaka, ta\u010dnije od\u00a0 Mehmeda Bardhija, Gencija Nimenbegua i Vaselja Sini\u0161taja da saop\u0161te sadr\u017eaj politi\u010dkog dogovora koji je, kako smatraju, prethodio njihovoj odluci da omogu\u0107e imenovanje Bora Vu\u010dini\u0107a za direktora Agencije za nacionalnu bezbjednost.<\/p>\n<p>Iz te partije navode da je demokratsko pravo Bardhija, Nimanbegua i Sini\u0161taja da izglasaju Vu\u010dini\u0107a za \u0161efa Udbe, ali da vjeruju da se u pozadini tog glasanja nalazi \u201cneki krupan politi\u010dki dogovor \u010diji je sadr\u017eaj nepoznat crnogorskoj javnosti\u201d.<\/p>\n<p>Poslanik Mehmet Bardhi u izjavi za radio Antena M je kazao da su on i njegove kolege iz manjinskih stranaka za Bora Vu\u010dini\u0107a glasali po sopstvenom naho\u0111enju, i dodaje da Neboj\u0161a Medojevi\u0107 nema prava da njihove odluke dovodi u pitanje<\/p>\n<p>\u2018\u2019Ne mo\u017ee nama sada neko da soli pamet. Mene, recimo, nije zabrinjavalo dio protestnih skupova sa opozicijom. To je njihovo opredjeljenje. U ovom slu\u010daju to je na\u0161 stav. Mislim da je \u010dak neukusno da nekome imputirate tako ne\u0161to.\u2019\u2019<\/p>\n<p>Vaselj Sini\u0161taj ka\u017ee da nije korektno da se sumnja u odluke manjinskih partija svaki put kada to nekome ne odgovara.<\/p>\n<p>\u2018\u2019Opozicija ne mo\u017ee da vodi takvu politiku kakvu Medojevi\u0107 ili neko drugi ho\u0107e. Danas je obla\u010dno, dobro nam je. Sjutra je sun\u010dano, nije nam dobro. Prethodnog dana je sve u redu kada se ne glasa za zakon o policiji, sljede\u0107eg dana kada mi dajemo neko pozitivno mi\u0161ljenje, nije u redu. Oni dobro znaju kako su glasali oko izbornog zakona, I mi smo stav o gospodinu Vu\u010dini\u0107u bazirali na osnovu \u010dinjenice da ga znamo toliko godina. Niti ja tra\u017eim od Medojevi\u0107a obja\u0161njenje o tome za\u0161to se dru\u017ei sa pojedinima, za\u0161to ne priznaje samostalnost Kosova i sli\u010dno.\u2019\u2019<\/p>\n<p><strong>Analitika &#8211; Informativni Portal<\/strong><\/p>\n","protected":false},"excerpt":{"rendered":"<p>Pokret za promjene zatra\u017eio je od poslanika manjinskih stranaka, ta\u010dnije od\u00a0 Mehmeda Bardhija, Gencija Nimenbegua i Vaselja Sini\u0161taja da saop\u0161te sadr\u017eaj politi\u010dkog dogovora koji je, kako smatraju, prethodio njihovoj odluci da omogu\u0107e imenovanje Bora Vu\u010dini\u0107a za direktora Agencije za nacionalnu bezbjednost. Iz te partije navode da je demokratsko pravo Bardhija, Nimanbegua i Sini\u0161taja da izglasaju [&hellip;]<\/p>\n","protected":false},"author":1,"featured_media":0,"comment_status":"open","ping_status":"closed","sticky":false,"template":"","format":"standard","meta":{"spay_email":"","jetpack_publicize_message":"","jetpack_is_tweetstorm":false,"jetpack_publicize_feature_enabled":true},"categories":[8337],"tags":[347,4512],"jetpack_publicize_connections":[],"yoast_head":"<!-- This site is optimized with the Yoast SEO plugin v19.1 - https:\/\/yoast.com\/wordpress\/plugins\/seo\/ -->\n<title>Bardhi i Sini\u0161taj: Medojevi\u0107 nema prava da tra\u017ei obja\u0161njenja - Lajme nga Ulqini<\/title>\n<meta name=\"description\" content=\"Pokret za promjene zatra\u017eio je od poslanika manjinskih stranaka, ta\u010dnije od\u00a0 Mehmeda Bardhija, Gencija Nimenbegua i Vaselja Sini\u0161taja da saop\u0161te sadr\u017eaj\" \/>\n<meta name=\"robots\" content=\"index, follow, max-snippet:-1, max-image-preview:large, max-video-preview:-1\" \/>\n<link rel=\"canonical\" href=\"https:\/\/www.visit-ulcinj.com\/blog\/2012\/03\/03\/bardhi-i-sinistaj-medojevic-nema-prava-da-trazi-objasnjenja\/\" \/>\n<meta property=\"og:locale\" content=\"en_US\" \/>\n<meta property=\"og:type\" content=\"article\" \/>\n<meta property=\"og:title\" content=\"Bardhi i Sini\u0161taj: Medojevi\u0107 nema prava da tra\u017ei obja\u0161njenja - Lajme nga Ulqini\" \/>\n<meta property=\"og:description\" content=\"Pokret za promjene zatra\u017eio je od poslanika manjinskih stranaka, ta\u010dnije od\u00a0 Mehmeda Bardhija, Gencija Nimenbegua i Vaselja Sini\u0161taja da saop\u0161te sadr\u017eaj\" \/>\n<meta property=\"og:url\" content=\"https:\/\/www.visit-ulcinj.com\/blog\/2012\/03\/03\/bardhi-i-sinistaj-medojevic-nema-prava-da-trazi-objasnjenja\/\" \/>\n<meta property=\"og:site_name\" content=\"Lajme nga Ulqini\" \/>\n<meta property=\"article:published_time\" content=\"2012-03-03T07:35:23+00:00\" \/>\n<meta property=\"og:image\" content=\"http:\/\/www.visit-ulcinj.com\/blog\/wp-content\/uploads\/2012\/03\/SINISHTAJ_BARDHI.jpg\" \/>\n<meta name=\"twitter:label1\" content=\"Written by\" \/>\n\t<meta name=\"twitter:data1\" content=\"ulqini\" \/>\n\t<meta name=\"twitter:label2\" content=\"Est. reading time\" \/>\n\t<meta name=\"twitter:data2\" content=\"2 minutes\" \/>\n<script type=\"application\/ld+json\" class=\"yoast-schema-graph\">{\"@context\":\"https:\/\/schema.org\",\"@graph\":[{\"@type\":\"WebSite\",\"@id\":\"https:\/\/www.visit-ulcinj.com\/blog\/#website\",\"url\":\"https:\/\/www.visit-ulcinj.com\/blog\/\",\"name\":\"Lajme nga Ulqini\",\"description\":\"Lajme,Vijesti,Ulqini,Ulqin,Crna Gora,Mali i Zi\",\"potentialAction\":[{\"@type\":\"SearchAction\",\"target\":{\"@type\":\"EntryPoint\",\"urlTemplate\":\"https:\/\/www.visit-ulcinj.com\/blog\/?s={search_term_string}\"},\"query-input\":\"required name=search_term_string\"}],\"inLanguage\":\"en-US\"},{\"@type\":\"ImageObject\",\"inLanguage\":\"en-US\",\"@id\":\"https:\/\/www.visit-ulcinj.com\/blog\/2012\/03\/03\/bardhi-i-sinistaj-medojevic-nema-prava-da-trazi-objasnjenja\/#primaryimage\",\"url\":\"https:\/\/www.visit-ulcinj.com\/blog\/wp-content\/uploads\/2012\/03\/SINISHTAJ_BARDHI.jpg\",\"contentUrl\":\"https:\/\/www.visit-ulcinj.com\/blog\/wp-content\/uploads\/2012\/03\/SINISHTAJ_BARDHI.jpg\",\"width\":\"490\",\"height\":\"321\"},{\"@type\":\"WebPage\",\"@id\":\"https:\/\/www.visit-ulcinj.com\/blog\/2012\/03\/03\/bardhi-i-sinistaj-medojevic-nema-prava-da-trazi-objasnjenja\/#webpage\",\"url\":\"https:\/\/www.visit-ulcinj.com\/blog\/2012\/03\/03\/bardhi-i-sinistaj-medojevic-nema-prava-da-trazi-objasnjenja\/\",\"name\":\"Bardhi i Sini\u0161taj: Medojevi\u0107 nema prava da tra\u017ei obja\u0161njenja - Lajme nga Ulqini\",\"isPartOf\":{\"@id\":\"https:\/\/www.visit-ulcinj.com\/blog\/#website\"},\"primaryImageOfPage\":{\"@id\":\"https:\/\/www.visit-ulcinj.com\/blog\/2012\/03\/03\/bardhi-i-sinistaj-medojevic-nema-prava-da-trazi-objasnjenja\/#primaryimage\"},\"datePublished\":\"2012-03-03T07:35:23+00:00\",\"dateModified\":\"2012-03-03T07:35:23+00:00\",\"author\":{\"@id\":\"https:\/\/www.visit-ulcinj.com\/blog\/#\/schema\/person\/dcab619c614d3038751c63bc2aadc06d\"},\"description\":\"Pokret za promjene zatra\u017eio je od poslanika manjinskih stranaka, ta\u010dnije od\u00a0 Mehmeda Bardhija, Gencija Nimenbegua i Vaselja Sini\u0161taja da saop\u0161te sadr\u017eaj\",\"breadcrumb\":{\"@id\":\"https:\/\/www.visit-ulcinj.com\/blog\/2012\/03\/03\/bardhi-i-sinistaj-medojevic-nema-prava-da-trazi-objasnjenja\/#breadcrumb\"},\"inLanguage\":\"en-US\",\"potentialAction\":[{\"@type\":\"ReadAction\",\"target\":[\"https:\/\/www.visit-ulcinj.com\/blog\/2012\/03\/03\/bardhi-i-sinistaj-medojevic-nema-prava-da-trazi-objasnjenja\/\"]}]},{\"@type\":\"BreadcrumbList\",\"@id\":\"https:\/\/www.visit-ulcinj.com\/blog\/2012\/03\/03\/bardhi-i-sinistaj-medojevic-nema-prava-da-trazi-objasnjenja\/#breadcrumb\",\"itemListElement\":[{\"@type\":\"ListItem\",\"position\":1,\"name\":\"Bardhi i Sini\u0161taj: Medojevi\u0107 nema prava da tra\u017ei obja\u0161njenja\"}]},{\"@type\":\"Person\",\"@id\":\"https:\/\/www.visit-ulcinj.com\/blog\/#\/schema\/person\/dcab619c614d3038751c63bc2aadc06d\",\"name\":\"ulqini\",\"sameAs\":[\"http:\/\/www.visit-ulcinj.com\"],\"url\":\"https:\/\/www.visit-ulcinj.com\/blog\/author\/admin\/\"}]}<\/script>\n<!-- \/ Yoast SEO plugin. -->","yoast_head_json":{"title":"Bardhi i Sini\u0161taj: Medojevi\u0107 nema prava da tra\u017ei obja\u0161njenja - Lajme nga Ulqini","description":"Pokret za promjene zatra\u017eio je od poslanika manjinskih stranaka, ta\u010dnije od\u00a0 Mehmeda Bardhija, Gencija Nimenbegua i Vaselja Sini\u0161taja da saop\u0161te sadr\u017eaj","robots":{"index":"index","follow":"follow","max-snippet":"max-snippet:-1","max-image-preview":"max-image-preview:large","max-video-preview":"max-video-preview:-1"},"canonical":"https:\/\/www.visit-ulcinj.com\/blog\/2012\/03\/03\/bardhi-i-sinistaj-medojevic-nema-prava-da-trazi-objasnjenja\/","og_locale":"en_US","og_type":"article","og_title":"Bardhi i Sini\u0161taj: Medojevi\u0107 nema prava da tra\u017ei obja\u0161njenja - Lajme nga Ulqini","og_description":"Pokret za promjene zatra\u017eio je od poslanika manjinskih stranaka, ta\u010dnije od\u00a0 Mehmeda Bardhija, Gencija Nimenbegua i Vaselja Sini\u0161taja da saop\u0161te sadr\u017eaj","og_url":"https:\/\/www.visit-ulcinj.com\/blog\/2012\/03\/03\/bardhi-i-sinistaj-medojevic-nema-prava-da-trazi-objasnjenja\/","og_site_name":"Lajme nga Ulqini","article_published_time":"2012-03-03T07:35:23+00:00","og_image":[{"url":"http:\/\/www.visit-ulcinj.com\/blog\/wp-content\/uploads\/2012\/03\/SINISHTAJ_BARDHI.jpg"}],"twitter_misc":{"Written by":"ulqini","Est. reading time":"2 minutes"},"schema":{"@context":"https:\/\/schema.org","@graph":[{"@type":"WebSite","@id":"https:\/\/www.visit-ulcinj.com\/blog\/#website","url":"https:\/\/www.visit-ulcinj.com\/blog\/","name":"Lajme nga Ulqini","description":"Lajme,Vijesti,Ulqini,Ulqin,Crna Gora,Mali i Zi","potentialAction":[{"@type":"SearchAction","target":{"@type":"EntryPoint","urlTemplate":"https:\/\/www.visit-ulcinj.com\/blog\/?s={search_term_string}"},"query-input":"required name=search_term_string"}],"inLanguage":"en-US"},{"@type":"ImageObject","inLanguage":"en-US","@id":"https:\/\/www.visit-ulcinj.com\/blog\/2012\/03\/03\/bardhi-i-sinistaj-medojevic-nema-prava-da-trazi-objasnjenja\/#primaryimage","url":"https:\/\/www.visit-ulcinj.com\/blog\/wp-content\/uploads\/2012\/03\/SINISHTAJ_BARDHI.jpg","contentUrl":"https:\/\/www.visit-ulcinj.com\/blog\/wp-content\/uploads\/2012\/03\/SINISHTAJ_BARDHI.jpg","width":"490","height":"321"},{"@type":"WebPage","@id":"https:\/\/www.visit-ulcinj.com\/blog\/2012\/03\/03\/bardhi-i-sinistaj-medojevic-nema-prava-da-trazi-objasnjenja\/#webpage","url":"https:\/\/www.visit-ulcinj.com\/blog\/2012\/03\/03\/bardhi-i-sinistaj-medojevic-nema-prava-da-trazi-objasnjenja\/","name":"Bardhi i Sini\u0161taj: Medojevi\u0107 nema prava da tra\u017ei obja\u0161njenja - Lajme nga Ulqini","isPartOf":{"@id":"https:\/\/www.visit-ulcinj.com\/blog\/#website"},"primaryImageOfPage":{"@id":"https:\/\/www.visit-ulcinj.com\/blog\/2012\/03\/03\/bardhi-i-sinistaj-medojevic-nema-prava-da-trazi-objasnjenja\/#primaryimage"},"datePublished":"2012-03-03T07:35:23+00:00","dateModified":"2012-03-03T07:35:23+00:00","author":{"@id":"https:\/\/www.visit-ulcinj.com\/blog\/#\/schema\/person\/dcab619c614d3038751c63bc2aadc06d"},"description":"Pokret za promjene zatra\u017eio je od poslanika manjinskih stranaka, ta\u010dnije od\u00a0 Mehmeda Bardhija, Gencija Nimenbegua i Vaselja Sini\u0161taja da saop\u0161te sadr\u017eaj","breadcrumb":{"@id":"https:\/\/www.visit-ulcinj.com\/blog\/2012\/03\/03\/bardhi-i-sinistaj-medojevic-nema-prava-da-trazi-objasnjenja\/#breadcrumb"},"inLanguage":"en-US","potentialAction":[{"@type":"ReadAction","target":["https:\/\/www.visit-ulcinj.com\/blog\/2012\/03\/03\/bardhi-i-sinistaj-medojevic-nema-prava-da-trazi-objasnjenja\/"]}]},{"@type":"BreadcrumbList","@id":"https:\/\/www.visit-ulcinj.com\/blog\/2012\/03\/03\/bardhi-i-sinistaj-medojevic-nema-prava-da-trazi-objasnjenja\/#breadcrumb","itemListElement":[{"@type":"ListItem","position":1,"name":"Bardhi i Sini\u0161taj: Medojevi\u0107 nema prava da tra\u017ei obja\u0161njenja"}]},{"@type":"Person","@id":"https:\/\/www.visit-ulcinj.com\/blog\/#\/schema\/person\/dcab619c614d3038751c63bc2aadc06d","name":"ulqini","sameAs":["http:\/\/www.visit-ulcinj.com"],"url":"https:\/\/www.visit-ulcinj.com\/blog\/author\/admin\/"}]}},"jetpack_featured_media_url":"","jetpack_sharing_enabled":true,"jetpack_shortlink":"https:\/\/wp.me\/pe6lTn-f3r","_links":{"self":[{"href":"https:\/\/www.visit-ulcinj.com\/blog\/wp-json\/wp\/v2\/posts\/57873"}],"collection":[{"href":"https:\/\/www.visit-ulcinj.com\/blog\/wp-json\/wp\/v2\/posts"}],"about":[{"href":"https:\/\/www.visit-ulcinj.com\/blog\/wp-json\/wp\/v2\/types\/post"}],"author":[{"embeddable":true,"href":"https:\/\/www.visit-ulcinj.com\/blog\/wp-json\/wp\/v2\/users\/1"}],"replies":[{"embeddable":true,"href":"https:\/\/www.visit-ulcinj.com\/blog\/wp-json\/wp\/v2\/comments?post=57873"}],"version-history":[{"count":1,"href":"https:\/\/www.visit-ulcinj.com\/blog\/wp-json\/wp\/v2\/posts\/57873\/revisions"}],"predecessor-version":[{"id":57875,"href":"https:\/\/www.visit-ulcinj.com\/blog\/wp-json\/wp\/v2\/posts\/57873\/revisions\/57875"}],"wp:attachment":[{"href":"https:\/\/www.visit-ulcinj.com\/blog\/wp-json\/wp\/v2\/media?parent=57873"}],"wp:term":[{"taxonomy":"category","embeddable":true,"href":"https:\/\/www.visit-ulcinj.com\/blog\/wp-json\/wp\/v2\/categories?post=57873"},{"taxonomy":"post_tag","embeddable":true,"href":"https:\/\/www.visit-ulcinj.com\/blog\/wp-json\/wp\/v2\/tags?post=57873"}],"curies":[{"name":"wp","href":"https:\/\/api.w.org\/{rel}","templated":true}]}}